{"id":5227,"date":"2021-09-03T10:48:53","date_gmt":"2021-09-03T08:48:53","guid":{"rendered":"https:\/\/www.emplea-te.com\/noticias-oposiciones\/?p=5227"},"modified":"2021-09-03T10:48:53","modified_gmt":"2021-09-03T08:48:53","slug":"cuerpo-de-ayudante-de-instituciones-penitenciarias-publicada-fecha-realizacion-primer-ejercicio-por-el-turno-de-promocion-interna","status":"publish","type":"post","link":"https:\/\/www.emplea-te.com\/noticias-oposiciones\/cuerpo-de-ayudante-de-instituciones-penitenciarias-publicada-fecha-realizacion-primer-ejercicio-por-el-turno-de-promocion-interna\/","title":{"rendered":"Cuerpo de Ayudante de Instituciones Penitenciarias. Publicada fecha realizaci\u00f3n primer ejercicio por el turno de promoci\u00f3n interna."},"content":{"rendered":"<p><strong>Cuerpo de Ayudante de Instituciones Penitenciarias.<\/strong><\/p>\n<p>Publicada en el BOE de hoy, d\u00eda 3 de septiembre de 2021, la Resoluci\u00f3n con la lista provisional de aspirantes admitidos y excluidos y la fecha realizaci\u00f3n primer ejercicio por el turno de promoci\u00f3n interna.<\/p>\n<p><a href=\"https:\/\/www.boe.es\/boe\/dias\/2021\/09\/03\/pdfs\/BOE-A-2021-14470.pdf\" target=\"_blank\" rel=\"noopener noreferrer\">Enlace a Resoluci\u00f2n publicada en el BOE<\/a><\/p>\n<p>Todos los opositores excluidos, as\u00ed como los omitidos por no figurar en la lista publicada disponen de un <strong>plazo de diez d\u00edas h\u00e1biles<\/strong>, contados a partir del siguiente al de la publicaci\u00f3n de esta Resoluci\u00f3n en el \u00abBolet\u00edn Oficial del Estado\u00bb, para s<strong>ubsanar los defectos que hayan motivado su exclusi\u00f3n u omisi\u00f3n.<\/strong><\/p>\n<p><strong>Se convoca a todos los aspirantes admitidos<\/strong> para la realizaci\u00f3n del primer ejercicio de la fase de oposici\u00f3n del Cuerpo Especial de Instituciones Penitenciarias Promoci\u00f3n Interna, que se celebrar\u00e1 <strong>el d\u00eda 7 de noviembre de 2021, a las 10:00 horas, en la Facultad de Inform\u00e1tica de la Universidad Complutense, sita en la C\/ Profesor Jos\u00e9 Garc\u00eda Santesmases, 9 \u2013 28040 Madrid.<\/strong><br \/>\nCon la posterior publicaci\u00f3n de los listados definitivos de aspirantes admitidos y excluidos, se concretar\u00e1 la distribuci\u00f3n por Aulas de los aspirantes.<br \/>\nLos <strong>aspirantes concurrir\u00e1n<\/strong> a la prueba <strong>provistos del Documento Nacional de <\/strong><strong>Identidad o Pasaporte y deber\u00e1n ir provistos de bol\u00edgrafo azul o negro.<\/strong><\/p>\n<p>\u00a1\u00a1Suerte a tod@s!!<\/p>\n<p>&nbsp;<\/p>\n<p>&nbsp;<\/p>\n","protected":false},"excerpt":{"rendered":"<p>Cuerpo de Ayudante de Instituciones Penitenciarias. Publicada en el BOE de hoy, d\u00eda 3 de septiembre de 2021, la Resoluci\u00f3n con la lista provisional de aspirantes admitidos y excluidos y la fecha realizaci\u00f3n primer ejercicio por el turno de promoci\u00f3n interna. Enlace a Resoluci\u00f2n publicada en el BOE Todos los opositores excluidos, as\u00ed como los &hellip; <a href=\"https:\/\/www.emplea-te.com\/noticias-oposiciones\/cuerpo-de-ayudante-de-instituciones-penitenciarias-publicada-fecha-realizacion-primer-ejercicio-por-el-turno-de-promocion-interna\/\" class=\"more-link\">Continuar leyendo<span class=\"screen-reader-text\"> \u00abCuerpo de Ayudante de Instituciones Penitenciarias. Publicada fecha realizaci\u00f3n primer ejercicio por el turno de promoci\u00f3n interna.\u00bb<\/span><\/a><\/p>\n","protected":false},"author":1,"featured_media":0,"comment_status":"closed","ping_status":"closed","sticky":false,"template":"","format":"standard","meta":{"footnotes":""},"categories":[47,13],"tags":[49,71],"class_list":["post-5227","post","type-post","status-publish","format-standard","hentry","category-administracion-general-del-estado","category-ayudantes-de-instituciones-penitenciarias-c1-acceso-libre","tag-convocatorias-de-oposiciones","tag-fecha-examenes"],"yoast_head":"<!-- This site is optimized with the Yoast SEO plugin v27.3 - https:\/\/yoast.com\/product\/yoast-seo-wordpress\/ -->\n<title>Cuerpo de Ayudante de Instituciones Penitenciaras. la lista provisional de aspirantes admitidos y excluidos y la fecha realizaci\u00f3n primer ejercicio por el turno de promoci\u00f3n interna.<\/title>\n<meta name=\"description\" content=\"Cuerpo de Ayudante de Instituciones Penitenciaras. la lista provisional de aspirantes admitidos y excluidos y la fecha realizaci\u00f3n primer ejercicio por el turno de promoci\u00f3n interna.\" \/>\n<meta name=\"robots\" content=\"index, follow, max-snippet:-1, max-image-preview:large, max-video-preview:-1\" \/>\n<link rel=\"canonical\" href=\"https:\/\/www.emplea-te.com\/noticias-oposiciones\/cuerpo-de-ayudante-de-instituciones-penitenciarias-publicada-fecha-realizacion-primer-ejercicio-por-el-turno-de-promocion-interna\/\" \/>\n<meta property=\"og:locale\" content=\"es_ES\" \/>\n<meta property=\"og:type\" content=\"article\" \/>\n<meta property=\"og:title\" content=\"Cuerpo de Ayudante de Instituciones Penitenciaras. la lista provisional de aspirantes admitidos y excluidos y la fecha realizaci\u00f3n primer ejercicio por el turno de promoci\u00f3n interna.\" \/>\n<meta property=\"og:description\" content=\"Cuerpo de Ayudante de Instituciones Penitenciaras. la lista provisional de aspirantes admitidos y excluidos y la fecha realizaci\u00f3n primer ejercicio por el turno de promoci\u00f3n interna.\" \/>\n<meta property=\"og:url\" content=\"https:\/\/www.emplea-te.com\/noticias-oposiciones\/cuerpo-de-ayudante-de-instituciones-penitenciarias-publicada-fecha-realizacion-primer-ejercicio-por-el-turno-de-promocion-interna\/\" \/>\n<meta property=\"og:site_name\" content=\"Noticas de oposiciones por Academia Emplea-te\" \/>\n<meta property=\"article:publisher\" content=\"https:\/\/www.facebook.com\/AcademiaEmpleate\/\" \/>\n<meta property=\"article:published_time\" content=\"2021-09-03T08:48:53+00:00\" \/>\n<meta name=\"author\" content=\"Empleate\" \/>\n<meta name=\"twitter:card\" content=\"summary_large_image\" \/>\n<meta name=\"twitter:creator\" content=\"@Emplea_Te\" \/>\n<meta name=\"twitter:site\" content=\"@Emplea_Te\" \/>\n<meta name=\"twitter:label1\" content=\"Escrito por\" \/>\n\t<meta name=\"twitter:data1\" content=\"Empleate\" \/>\n\t<meta name=\"twitter:label2\" content=\"Tiempo de lectura\" \/>\n\t<meta name=\"twitter:data2\" content=\"1 minuto\" \/>\n<script type=\"application\/ld+json\" class=\"yoast-schema-graph\">{\"@context\":\"https:\\\/\\\/schema.org\",\"@graph\":[{\"@type\":\"Article\",\"@id\":\"https:\\\/\\\/www.emplea-te.com\\\/noticias-oposiciones\\\/cuerpo-de-ayudante-de-instituciones-penitenciarias-publicada-fecha-realizacion-primer-ejercicio-por-el-turno-de-promocion-interna\\\/#article\",\"isPartOf\":{\"@id\":\"https:\\\/\\\/www.emplea-te.com\\\/noticias-oposiciones\\\/cuerpo-de-ayudante-de-instituciones-penitenciarias-publicada-fecha-realizacion-primer-ejercicio-por-el-turno-de-promocion-interna\\\/\"},\"author\":{\"name\":\"Empleate\",\"@id\":\"https:\\\/\\\/www.emplea-te.com\\\/noticias-oposiciones\\\/#\\\/schema\\\/person\\\/d1bc587e1af2b95e9c32aba1795509a6\"},\"headline\":\"Cuerpo de Ayudante de Instituciones Penitenciarias. Publicada fecha realizaci\u00f3n primer ejercicio por el turno de promoci\u00f3n interna.\",\"datePublished\":\"2021-09-03T08:48:53+00:00\",\"mainEntityOfPage\":{\"@id\":\"https:\\\/\\\/www.emplea-te.com\\\/noticias-oposiciones\\\/cuerpo-de-ayudante-de-instituciones-penitenciarias-publicada-fecha-realizacion-primer-ejercicio-por-el-turno-de-promocion-interna\\\/\"},\"wordCount\":246,\"publisher\":{\"@id\":\"https:\\\/\\\/www.emplea-te.com\\\/noticias-oposiciones\\\/#organization\"},\"keywords\":[\"Convocatoria\",\"Fecha ex\u00e1menes\"],\"articleSection\":[\"Administraci\u00f3n General del Estado.\",\"Oposiciones Ayudantes de Instituciones Penitenciarias C1\"],\"inLanguage\":\"es\"},{\"@type\":\"WebPage\",\"@id\":\"https:\\\/\\\/www.emplea-te.com\\\/noticias-oposiciones\\\/cuerpo-de-ayudante-de-instituciones-penitenciarias-publicada-fecha-realizacion-primer-ejercicio-por-el-turno-de-promocion-interna\\\/\",\"url\":\"https:\\\/\\\/www.emplea-te.com\\\/noticias-oposiciones\\\/cuerpo-de-ayudante-de-instituciones-penitenciarias-publicada-fecha-realizacion-primer-ejercicio-por-el-turno-de-promocion-interna\\\/\",\"name\":\"Cuerpo de Ayudante de Instituciones Penitenciaras. la lista provisional de aspirantes admitidos y excluidos y la fecha realizaci\u00f3n primer ejercicio por el turno de promoci\u00f3n interna.\",\"isPartOf\":{\"@id\":\"https:\\\/\\\/www.emplea-te.com\\\/noticias-oposiciones\\\/#website\"},\"datePublished\":\"2021-09-03T08:48:53+00:00\",\"description\":\"Cuerpo de Ayudante de Instituciones Penitenciaras. la lista provisional de aspirantes admitidos y excluidos y la fecha realizaci\u00f3n primer ejercicio por el turno de promoci\u00f3n interna.\",\"breadcrumb\":{\"@id\":\"https:\\\/\\\/www.emplea-te.com\\\/noticias-oposiciones\\\/cuerpo-de-ayudante-de-instituciones-penitenciarias-publicada-fecha-realizacion-primer-ejercicio-por-el-turno-de-promocion-interna\\\/#breadcrumb\"},\"inLanguage\":\"es\",\"potentialAction\":[{\"@type\":\"ReadAction\",\"target\":[\"https:\\\/\\\/www.emplea-te.com\\\/noticias-oposiciones\\\/cuerpo-de-ayudante-de-instituciones-penitenciarias-publicada-fecha-realizacion-primer-ejercicio-por-el-turno-de-promocion-interna\\\/\"]}]},{\"@type\":\"BreadcrumbList\",\"@id\":\"https:\\\/\\\/www.emplea-te.com\\\/noticias-oposiciones\\\/cuerpo-de-ayudante-de-instituciones-penitenciarias-publicada-fecha-realizacion-primer-ejercicio-por-el-turno-de-promocion-interna\\\/#breadcrumb\",\"itemListElement\":[{\"@type\":\"ListItem\",\"position\":1,\"name\":\"Noticias Oposiciones\",\"item\":\"https:\\\/\\\/www.emplea-te.com\\\/noticias-oposiciones\\\/\"},{\"@type\":\"ListItem\",\"position\":2,\"name\":\"Administraci\u00f3n General del Estado.\",\"item\":\"https:\\\/\\\/www.emplea-te.com\\\/noticias-oposiciones\\\/categoria\\\/administracion-general-del-estado\\\/\"},{\"@type\":\"ListItem\",\"position\":3,\"name\":\"Cuerpo de Ayudante de Instituciones Penitenciarias. Publicada fecha realizaci\u00f3n primer ejercicio por el turno de promoci\u00f3n interna.\"}]},{\"@type\":\"WebSite\",\"@id\":\"https:\\\/\\\/www.emplea-te.com\\\/noticias-oposiciones\\\/#website\",\"url\":\"https:\\\/\\\/www.emplea-te.com\\\/noticias-oposiciones\\\/\",\"name\":\"Noticas de oposiciones por Academia Emplea-te\",\"description\":\"Toda la actualidad de las ofertas y convocatorias.\",\"publisher\":{\"@id\":\"https:\\\/\\\/www.emplea-te.com\\\/noticias-oposiciones\\\/#organization\"},\"potentialAction\":[{\"@type\":\"SearchAction\",\"target\":{\"@type\":\"EntryPoint\",\"urlTemplate\":\"https:\\\/\\\/www.emplea-te.com\\\/noticias-oposiciones\\\/?s={search_term_string}\"},\"query-input\":{\"@type\":\"PropertyValueSpecification\",\"valueRequired\":true,\"valueName\":\"search_term_string\"}}],\"inLanguage\":\"es\"},{\"@type\":\"Organization\",\"@id\":\"https:\\\/\\\/www.emplea-te.com\\\/noticias-oposiciones\\\/#organization\",\"name\":\"Academia de oposiciones Empl\u00e9ate\",\"url\":\"https:\\\/\\\/www.emplea-te.com\\\/noticias-oposiciones\\\/\",\"logo\":{\"@type\":\"ImageObject\",\"inLanguage\":\"es\",\"@id\":\"https:\\\/\\\/www.emplea-te.com\\\/noticias-oposiciones\\\/#\\\/schema\\\/logo\\\/image\\\/\",\"url\":\"https:\\\/\\\/www.emplea-te.com\\\/noticias-oposiciones\\\/wp-content\\\/uploads\\\/2019\\\/04\\\/empleate.jpg\",\"contentUrl\":\"https:\\\/\\\/www.emplea-te.com\\\/noticias-oposiciones\\\/wp-content\\\/uploads\\\/2019\\\/04\\\/empleate.jpg\",\"width\":250,\"height\":150,\"caption\":\"Academia de oposiciones Empl\u00e9ate\"},\"image\":{\"@id\":\"https:\\\/\\\/www.emplea-te.com\\\/noticias-oposiciones\\\/#\\\/schema\\\/logo\\\/image\\\/\"},\"sameAs\":[\"https:\\\/\\\/www.facebook.com\\\/AcademiaEmpleate\\\/\",\"https:\\\/\\\/x.com\\\/Emplea_Te\",\"https:\\\/\\\/www.instagram.com\\\/academia_empleate\\\/\"]},{\"@type\":\"Person\",\"@id\":\"https:\\\/\\\/www.emplea-te.com\\\/noticias-oposiciones\\\/#\\\/schema\\\/person\\\/d1bc587e1af2b95e9c32aba1795509a6\",\"name\":\"Empleate\"}]}<\/script>\n<!-- \/ Yoast SEO plugin. -->","yoast_head_json":{"title":"Cuerpo de Ayudante de Instituciones Penitenciaras. la lista provisional de aspirantes admitidos y excluidos y la fecha realizaci\u00f3n primer ejercicio por el turno de promoci\u00f3n interna.","description":"Cuerpo de Ayudante de Instituciones Penitenciaras. la lista provisional de aspirantes admitidos y excluidos y la fecha realizaci\u00f3n primer ejercicio por el turno de promoci\u00f3n interna.","robots":{"index":"index","follow":"follow","max-snippet":"max-snippet:-1","max-image-preview":"max-image-preview:large","max-video-preview":"max-video-preview:-1"},"canonical":"https:\/\/www.emplea-te.com\/noticias-oposiciones\/cuerpo-de-ayudante-de-instituciones-penitenciarias-publicada-fecha-realizacion-primer-ejercicio-por-el-turno-de-promocion-interna\/","og_locale":"es_ES","og_type":"article","og_title":"Cuerpo de Ayudante de Instituciones Penitenciaras. la lista provisional de aspirantes admitidos y excluidos y la fecha realizaci\u00f3n primer ejercicio por el turno de promoci\u00f3n interna.","og_description":"Cuerpo de Ayudante de Instituciones Penitenciaras. la lista provisional de aspirantes admitidos y excluidos y la fecha realizaci\u00f3n primer ejercicio por el turno de promoci\u00f3n interna.","og_url":"https:\/\/www.emplea-te.com\/noticias-oposiciones\/cuerpo-de-ayudante-de-instituciones-penitenciarias-publicada-fecha-realizacion-primer-ejercicio-por-el-turno-de-promocion-interna\/","og_site_name":"Noticas de oposiciones por Academia Emplea-te","article_publisher":"https:\/\/www.facebook.com\/AcademiaEmpleate\/","article_published_time":"2021-09-03T08:48:53+00:00","author":"Empleate","twitter_card":"summary_large_image","twitter_creator":"@Emplea_Te","twitter_site":"@Emplea_Te","twitter_misc":{"Escrito por":"Empleate","Tiempo de lectura":"1 minuto"},"schema":{"@context":"https:\/\/schema.org","@graph":[{"@type":"Article","@id":"https:\/\/www.emplea-te.com\/noticias-oposiciones\/cuerpo-de-ayudante-de-instituciones-penitenciarias-publicada-fecha-realizacion-primer-ejercicio-por-el-turno-de-promocion-interna\/#article","isPartOf":{"@id":"https:\/\/www.emplea-te.com\/noticias-oposiciones\/cuerpo-de-ayudante-de-instituciones-penitenciarias-publicada-fecha-realizacion-primer-ejercicio-por-el-turno-de-promocion-interna\/"},"author":{"name":"Empleate","@id":"https:\/\/www.emplea-te.com\/noticias-oposiciones\/#\/schema\/person\/d1bc587e1af2b95e9c32aba1795509a6"},"headline":"Cuerpo de Ayudante de Instituciones Penitenciarias. Publicada fecha realizaci\u00f3n primer ejercicio por el turno de promoci\u00f3n interna.","datePublished":"2021-09-03T08:48:53+00:00","mainEntityOfPage":{"@id":"https:\/\/www.emplea-te.com\/noticias-oposiciones\/cuerpo-de-ayudante-de-instituciones-penitenciarias-publicada-fecha-realizacion-primer-ejercicio-por-el-turno-de-promocion-interna\/"},"wordCount":246,"publisher":{"@id":"https:\/\/www.emplea-te.com\/noticias-oposiciones\/#organization"},"keywords":["Convocatoria","Fecha ex\u00e1menes"],"articleSection":["Administraci\u00f3n General del Estado.","Oposiciones Ayudantes de Instituciones Penitenciarias C1"],"inLanguage":"es"},{"@type":"WebPage","@id":"https:\/\/www.emplea-te.com\/noticias-oposiciones\/cuerpo-de-ayudante-de-instituciones-penitenciarias-publicada-fecha-realizacion-primer-ejercicio-por-el-turno-de-promocion-interna\/","url":"https:\/\/www.emplea-te.com\/noticias-oposiciones\/cuerpo-de-ayudante-de-instituciones-penitenciarias-publicada-fecha-realizacion-primer-ejercicio-por-el-turno-de-promocion-interna\/","name":"Cuerpo de Ayudante de Instituciones Penitenciaras. la lista provisional de aspirantes admitidos y excluidos y la fecha realizaci\u00f3n primer ejercicio por el turno de promoci\u00f3n interna.","isPartOf":{"@id":"https:\/\/www.emplea-te.com\/noticias-oposiciones\/#website"},"datePublished":"2021-09-03T08:48:53+00:00","description":"Cuerpo de Ayudante de Instituciones Penitenciaras. la lista provisional de aspirantes admitidos y excluidos y la fecha realizaci\u00f3n primer ejercicio por el turno de promoci\u00f3n interna.","breadcrumb":{"@id":"https:\/\/www.emplea-te.com\/noticias-oposiciones\/cuerpo-de-ayudante-de-instituciones-penitenciarias-publicada-fecha-realizacion-primer-ejercicio-por-el-turno-de-promocion-interna\/#breadcrumb"},"inLanguage":"es","potentialAction":[{"@type":"ReadAction","target":["https:\/\/www.emplea-te.com\/noticias-oposiciones\/cuerpo-de-ayudante-de-instituciones-penitenciarias-publicada-fecha-realizacion-primer-ejercicio-por-el-turno-de-promocion-interna\/"]}]},{"@type":"BreadcrumbList","@id":"https:\/\/www.emplea-te.com\/noticias-oposiciones\/cuerpo-de-ayudante-de-instituciones-penitenciarias-publicada-fecha-realizacion-primer-ejercicio-por-el-turno-de-promocion-interna\/#breadcrumb","itemListElement":[{"@type":"ListItem","position":1,"name":"Noticias Oposiciones","item":"https:\/\/www.emplea-te.com\/noticias-oposiciones\/"},{"@type":"ListItem","position":2,"name":"Administraci\u00f3n General del Estado.","item":"https:\/\/www.emplea-te.com\/noticias-oposiciones\/categoria\/administracion-general-del-estado\/"},{"@type":"ListItem","position":3,"name":"Cuerpo de Ayudante de Instituciones Penitenciarias. Publicada fecha realizaci\u00f3n primer ejercicio por el turno de promoci\u00f3n interna."}]},{"@type":"WebSite","@id":"https:\/\/www.emplea-te.com\/noticias-oposiciones\/#website","url":"https:\/\/www.emplea-te.com\/noticias-oposiciones\/","name":"Noticas de oposiciones por Academia Emplea-te","description":"Toda la actualidad de las ofertas y convocatorias.","publisher":{"@id":"https:\/\/www.emplea-te.com\/noticias-oposiciones\/#organization"},"potentialAction":[{"@type":"SearchAction","target":{"@type":"EntryPoint","urlTemplate":"https:\/\/www.emplea-te.com\/noticias-oposiciones\/?s={search_term_string}"},"query-input":{"@type":"PropertyValueSpecification","valueRequired":true,"valueName":"search_term_string"}}],"inLanguage":"es"},{"@type":"Organization","@id":"https:\/\/www.emplea-te.com\/noticias-oposiciones\/#organization","name":"Academia de oposiciones Empl\u00e9ate","url":"https:\/\/www.emplea-te.com\/noticias-oposiciones\/","logo":{"@type":"ImageObject","inLanguage":"es","@id":"https:\/\/www.emplea-te.com\/noticias-oposiciones\/#\/schema\/logo\/image\/","url":"https:\/\/www.emplea-te.com\/noticias-oposiciones\/wp-content\/uploads\/2019\/04\/empleate.jpg","contentUrl":"https:\/\/www.emplea-te.com\/noticias-oposiciones\/wp-content\/uploads\/2019\/04\/empleate.jpg","width":250,"height":150,"caption":"Academia de oposiciones Empl\u00e9ate"},"image":{"@id":"https:\/\/www.emplea-te.com\/noticias-oposiciones\/#\/schema\/logo\/image\/"},"sameAs":["https:\/\/www.facebook.com\/AcademiaEmpleate\/","https:\/\/x.com\/Emplea_Te","https:\/\/www.instagram.com\/academia_empleate\/"]},{"@type":"Person","@id":"https:\/\/www.emplea-te.com\/noticias-oposiciones\/#\/schema\/person\/d1bc587e1af2b95e9c32aba1795509a6","name":"Empleate"}]}},"_links":{"self":[{"href":"https:\/\/www.emplea-te.com\/noticias-oposiciones\/wp-json\/wp\/v2\/posts\/5227","targetHints":{"allow":["GET"]}}],"collection":[{"href":"https:\/\/www.emplea-te.com\/noticias-oposiciones\/wp-json\/wp\/v2\/posts"}],"about":[{"href":"https:\/\/www.emplea-te.com\/noticias-oposiciones\/wp-json\/wp\/v2\/types\/post"}],"author":[{"embeddable":true,"href":"https:\/\/www.emplea-te.com\/noticias-oposiciones\/wp-json\/wp\/v2\/users\/1"}],"replies":[{"embeddable":true,"href":"https:\/\/www.emplea-te.com\/noticias-oposiciones\/wp-json\/wp\/v2\/comments?post=5227"}],"version-history":[{"count":1,"href":"https:\/\/www.emplea-te.com\/noticias-oposiciones\/wp-json\/wp\/v2\/posts\/5227\/revisions"}],"predecessor-version":[{"id":5228,"href":"https:\/\/www.emplea-te.com\/noticias-oposiciones\/wp-json\/wp\/v2\/posts\/5227\/revisions\/5228"}],"wp:attachment":[{"href":"https:\/\/www.emplea-te.com\/noticias-oposiciones\/wp-json\/wp\/v2\/media?parent=5227"}],"wp:term":[{"taxonomy":"category","embeddable":true,"href":"https:\/\/www.emplea-te.com\/noticias-oposiciones\/wp-json\/wp\/v2\/categories?post=5227"},{"taxonomy":"post_tag","embeddable":true,"href":"https:\/\/www.emplea-te.com\/noticias-oposiciones\/wp-json\/wp\/v2\/tags?post=5227"}],"curies":[{"name":"wp","href":"https:\/\/api.w.org\/{rel}","templated":true}]}}