{"id":5234,"date":"2021-09-06T10:58:24","date_gmt":"2021-09-06T08:58:24","guid":{"rendered":"https:\/\/www.emplea-te.com\/noticias-oposiciones\/?p=5234"},"modified":"2021-09-06T10:58:24","modified_gmt":"2021-09-06T08:58:24","slug":"ayuntamiento-de-monfero-anuncio-de-convocatoria-para-cubrir-una-plaza-de-conserje-a-p-por-oposicion-libre","status":"publish","type":"post","link":"https:\/\/www.emplea-te.com\/noticias-oposiciones\/ayuntamiento-de-monfero-anuncio-de-convocatoria-para-cubrir-una-plaza-de-conserje-a-p-por-oposicion-libre\/","title":{"rendered":"Ayuntamiento de Monfero. Anuncio de convocatoria para cubrir una plaza de Conserje A.P por oposici\u00f3n libre."},"content":{"rendered":"<p>Ayuntamiento de Monfero.<\/p>\n<p>Se publica en el DOG de hoy, d\u00eda 6 de septiembre de 2021, el Anuncio de la convocatoria\u00a0 para selecci\u00f3n de conserje, funcionario de carrera por concurso abierto (oferta p\u00fablica de empleo 2019).<\/p>\n<p class=\"dog-base-sangria\"><span>En el Bolet\u00edn Oficial de la provincia de A Coru\u00f1a no.\u00a0148, de 6 de agosto de 2021, se han publicado \u00edntegramente las bases que regulan la convocatoria para la selecci\u00f3n y provisi\u00f3n del cargo de conserje, funcionario de carrera perteneciente a otros grupos profesionales, enmarcado en la escala de Administraci\u00f3n General, subescala subordinada, incluida en la oferta p\u00fablica de empleo de 2019, a trav\u00e9s del sistema de libre oposici\u00f3n, y en el Bolet\u00edn Oficial de la provincia de A Coru\u00f1a no.\u00a0153, de fecha 13 de agosto de 2021, se public\u00f3 una correcci\u00f3n de errores.<\/span><\/p>\n<p class=\"dog-base-sangria\"><span>El <strong>plazo para la presentaci\u00f3n de solicitudes ser\u00e1 de veinte (20) d\u00edas naturales a partir del siguiente d\u00eda h\u00e1bil siguiente a la publicaci\u00f3n del aviso de convocatoria en el Bolet\u00edn Oficial del Estado.<\/strong><\/span><\/p>\n<p class=\"dog-base-sangria\"><span>Los anuncios posteriores relacionados con esta convocatoria, cuando se cumplan de acuerdo con las normas, se har\u00e1n p\u00fablicos en la forma prevista en la misma.<\/span><\/p>\n<p><a href=\"https:\/\/www.xunta.gal\/dog\/Publicados\/2021\/20210906\/AnuncioL150-130821-0001_gl.html\" target=\"_blank\" rel=\"noopener noreferrer\">Enlace a Anuncio de convocatoria<\/a><\/p>\n<p><a href=\"http:\/\/www.emplea-te.com\" target=\"_blank\" rel=\"noopener noreferrer\">Inf\u00f3rmate de como prepararte en nuestros grupos presenciales y on line.<\/a><\/p>\n<p>&nbsp;<\/p>\n","protected":false},"excerpt":{"rendered":"<p>Ayuntamiento de Monfero. Se publica en el DOG de hoy, d\u00eda 6 de septiembre de 2021, el Anuncio de la convocatoria\u00a0 para selecci\u00f3n de conserje, funcionario de carrera por concurso abierto (oferta p\u00fablica de empleo 2019). En el Bolet\u00edn Oficial de la provincia de A Coru\u00f1a no.\u00a0148, de 6 de agosto de 2021, se han &hellip; <a href=\"https:\/\/www.emplea-te.com\/noticias-oposiciones\/ayuntamiento-de-monfero-anuncio-de-convocatoria-para-cubrir-una-plaza-de-conserje-a-p-por-oposicion-libre\/\" class=\"more-link\">Continuar leyendo<span class=\"screen-reader-text\"> \u00abAyuntamiento de Monfero. Anuncio de convocatoria para cubrir una plaza de Conserje A.P por oposici\u00f3n libre.\u00bb<\/span><\/a><\/p>\n","protected":false},"author":1,"featured_media":0,"comment_status":"closed","ping_status":"closed","sticky":false,"template":"","format":"standard","meta":{"footnotes":""},"categories":[37,56],"tags":[49],"class_list":["post-5234","post","type-post","status-publish","format-standard","hentry","category-convocatorias-ayuntamientos","category-oposiciones-autonomicas-galicia","tag-convocatorias-de-oposiciones"],"yoast_head":"<!-- This site is optimized with the Yoast SEO plugin v27.3 - https:\/\/yoast.com\/product\/yoast-seo-wordpress\/ -->\n<title>Ayuntamiento de Monfero. Publicado Anuncio de convocatoria para cubrir una plaza de Conserje A.P<\/title>\n<meta name=\"description\" content=\"Ayuntamiento de Monfero. Publicado Anuncio de convocatoria para cubrir una plaza de Conserje A.P\" \/>\n<meta name=\"robots\" content=\"index, follow, max-snippet:-1, max-image-preview:large, max-video-preview:-1\" \/>\n<link rel=\"canonical\" href=\"https:\/\/www.emplea-te.com\/noticias-oposiciones\/ayuntamiento-de-monfero-anuncio-de-convocatoria-para-cubrir-una-plaza-de-conserje-a-p-por-oposicion-libre\/\" \/>\n<meta property=\"og:locale\" content=\"es_ES\" \/>\n<meta property=\"og:type\" content=\"article\" \/>\n<meta property=\"og:title\" content=\"Ayuntamiento de Monfero. Publicado Anuncio de convocatoria para cubrir una plaza de Conserje A.P\" \/>\n<meta property=\"og:description\" content=\"Ayuntamiento de Monfero. Publicado Anuncio de convocatoria para cubrir una plaza de Conserje A.P\" \/>\n<meta property=\"og:url\" content=\"https:\/\/www.emplea-te.com\/noticias-oposiciones\/ayuntamiento-de-monfero-anuncio-de-convocatoria-para-cubrir-una-plaza-de-conserje-a-p-por-oposicion-libre\/\" \/>\n<meta property=\"og:site_name\" content=\"Noticas de oposiciones por Academia Emplea-te\" \/>\n<meta property=\"article:publisher\" content=\"https:\/\/www.facebook.com\/AcademiaEmpleate\/\" \/>\n<meta property=\"article:published_time\" content=\"2021-09-06T08:58:24+00:00\" \/>\n<meta name=\"author\" content=\"Empleate\" \/>\n<meta name=\"twitter:card\" content=\"summary_large_image\" \/>\n<meta name=\"twitter:creator\" content=\"@Emplea_Te\" \/>\n<meta name=\"twitter:site\" content=\"@Emplea_Te\" \/>\n<meta name=\"twitter:label1\" content=\"Escrito por\" \/>\n\t<meta name=\"twitter:data1\" content=\"Empleate\" \/>\n\t<meta name=\"twitter:label2\" content=\"Tiempo de lectura\" \/>\n\t<meta name=\"twitter:data2\" content=\"1 minuto\" \/>\n<script type=\"application\/ld+json\" class=\"yoast-schema-graph\">{\"@context\":\"https:\\\/\\\/schema.org\",\"@graph\":[{\"@type\":\"Article\",\"@id\":\"https:\\\/\\\/www.emplea-te.com\\\/noticias-oposiciones\\\/ayuntamiento-de-monfero-anuncio-de-convocatoria-para-cubrir-una-plaza-de-conserje-a-p-por-oposicion-libre\\\/#article\",\"isPartOf\":{\"@id\":\"https:\\\/\\\/www.emplea-te.com\\\/noticias-oposiciones\\\/ayuntamiento-de-monfero-anuncio-de-convocatoria-para-cubrir-una-plaza-de-conserje-a-p-por-oposicion-libre\\\/\"},\"author\":{\"name\":\"Empleate\",\"@id\":\"https:\\\/\\\/www.emplea-te.com\\\/noticias-oposiciones\\\/#\\\/schema\\\/person\\\/d1bc587e1af2b95e9c32aba1795509a6\"},\"headline\":\"Ayuntamiento de Monfero. Anuncio de convocatoria para cubrir una plaza de Conserje A.P por oposici\u00f3n libre.\",\"datePublished\":\"2021-09-06T08:58:24+00:00\",\"mainEntityOfPage\":{\"@id\":\"https:\\\/\\\/www.emplea-te.com\\\/noticias-oposiciones\\\/ayuntamiento-de-monfero-anuncio-de-convocatoria-para-cubrir-una-plaza-de-conserje-a-p-por-oposicion-libre\\\/\"},\"wordCount\":237,\"publisher\":{\"@id\":\"https:\\\/\\\/www.emplea-te.com\\\/noticias-oposiciones\\\/#organization\"},\"keywords\":[\"Convocatoria\"],\"articleSection\":[\"Convocatorias Ayuntamientos\",\"Oposiciones Auton\u00f3micas Galicia\"],\"inLanguage\":\"es\"},{\"@type\":\"WebPage\",\"@id\":\"https:\\\/\\\/www.emplea-te.com\\\/noticias-oposiciones\\\/ayuntamiento-de-monfero-anuncio-de-convocatoria-para-cubrir-una-plaza-de-conserje-a-p-por-oposicion-libre\\\/\",\"url\":\"https:\\\/\\\/www.emplea-te.com\\\/noticias-oposiciones\\\/ayuntamiento-de-monfero-anuncio-de-convocatoria-para-cubrir-una-plaza-de-conserje-a-p-por-oposicion-libre\\\/\",\"name\":\"Ayuntamiento de Monfero. Publicado Anuncio de convocatoria para cubrir una plaza de Conserje A.P\",\"isPartOf\":{\"@id\":\"https:\\\/\\\/www.emplea-te.com\\\/noticias-oposiciones\\\/#website\"},\"datePublished\":\"2021-09-06T08:58:24+00:00\",\"description\":\"Ayuntamiento de Monfero. Publicado Anuncio de convocatoria para cubrir una plaza de Conserje A.P\",\"breadcrumb\":{\"@id\":\"https:\\\/\\\/www.emplea-te.com\\\/noticias-oposiciones\\\/ayuntamiento-de-monfero-anuncio-de-convocatoria-para-cubrir-una-plaza-de-conserje-a-p-por-oposicion-libre\\\/#breadcrumb\"},\"inLanguage\":\"es\",\"potentialAction\":[{\"@type\":\"ReadAction\",\"target\":[\"https:\\\/\\\/www.emplea-te.com\\\/noticias-oposiciones\\\/ayuntamiento-de-monfero-anuncio-de-convocatoria-para-cubrir-una-plaza-de-conserje-a-p-por-oposicion-libre\\\/\"]}]},{\"@type\":\"BreadcrumbList\",\"@id\":\"https:\\\/\\\/www.emplea-te.com\\\/noticias-oposiciones\\\/ayuntamiento-de-monfero-anuncio-de-convocatoria-para-cubrir-una-plaza-de-conserje-a-p-por-oposicion-libre\\\/#breadcrumb\",\"itemListElement\":[{\"@type\":\"ListItem\",\"position\":1,\"name\":\"Noticias Oposiciones\",\"item\":\"https:\\\/\\\/www.emplea-te.com\\\/noticias-oposiciones\\\/\"},{\"@type\":\"ListItem\",\"position\":2,\"name\":\"Oposiciones Auton\u00f3micas Galicia\",\"item\":\"https:\\\/\\\/www.emplea-te.com\\\/noticias-oposiciones\\\/categoria\\\/oposiciones-autonomicas-galicia\\\/\"},{\"@type\":\"ListItem\",\"position\":3,\"name\":\"Ayuntamiento de Monfero. Anuncio de convocatoria para cubrir una plaza de Conserje A.P por oposici\u00f3n libre.\"}]},{\"@type\":\"WebSite\",\"@id\":\"https:\\\/\\\/www.emplea-te.com\\\/noticias-oposiciones\\\/#website\",\"url\":\"https:\\\/\\\/www.emplea-te.com\\\/noticias-oposiciones\\\/\",\"name\":\"Noticas de oposiciones por Academia Emplea-te\",\"description\":\"Toda la actualidad de las ofertas y convocatorias.\",\"publisher\":{\"@id\":\"https:\\\/\\\/www.emplea-te.com\\\/noticias-oposiciones\\\/#organization\"},\"potentialAction\":[{\"@type\":\"SearchAction\",\"target\":{\"@type\":\"EntryPoint\",\"urlTemplate\":\"https:\\\/\\\/www.emplea-te.com\\\/noticias-oposiciones\\\/?s={search_term_string}\"},\"query-input\":{\"@type\":\"PropertyValueSpecification\",\"valueRequired\":true,\"valueName\":\"search_term_string\"}}],\"inLanguage\":\"es\"},{\"@type\":\"Organization\",\"@id\":\"https:\\\/\\\/www.emplea-te.com\\\/noticias-oposiciones\\\/#organization\",\"name\":\"Academia de oposiciones Empl\u00e9ate\",\"url\":\"https:\\\/\\\/www.emplea-te.com\\\/noticias-oposiciones\\\/\",\"logo\":{\"@type\":\"ImageObject\",\"inLanguage\":\"es\",\"@id\":\"https:\\\/\\\/www.emplea-te.com\\\/noticias-oposiciones\\\/#\\\/schema\\\/logo\\\/image\\\/\",\"url\":\"https:\\\/\\\/www.emplea-te.com\\\/noticias-oposiciones\\\/wp-content\\\/uploads\\\/2019\\\/04\\\/empleate.jpg\",\"contentUrl\":\"https:\\\/\\\/www.emplea-te.com\\\/noticias-oposiciones\\\/wp-content\\\/uploads\\\/2019\\\/04\\\/empleate.jpg\",\"width\":250,\"height\":150,\"caption\":\"Academia de oposiciones Empl\u00e9ate\"},\"image\":{\"@id\":\"https:\\\/\\\/www.emplea-te.com\\\/noticias-oposiciones\\\/#\\\/schema\\\/logo\\\/image\\\/\"},\"sameAs\":[\"https:\\\/\\\/www.facebook.com\\\/AcademiaEmpleate\\\/\",\"https:\\\/\\\/x.com\\\/Emplea_Te\",\"https:\\\/\\\/www.instagram.com\\\/academia_empleate\\\/\"]},{\"@type\":\"Person\",\"@id\":\"https:\\\/\\\/www.emplea-te.com\\\/noticias-oposiciones\\\/#\\\/schema\\\/person\\\/d1bc587e1af2b95e9c32aba1795509a6\",\"name\":\"Empleate\"}]}<\/script>\n<!-- \/ Yoast SEO plugin. -->","yoast_head_json":{"title":"Ayuntamiento de Monfero. Publicado Anuncio de convocatoria para cubrir una plaza de Conserje A.P","description":"Ayuntamiento de Monfero. Publicado Anuncio de convocatoria para cubrir una plaza de Conserje A.P","robots":{"index":"index","follow":"follow","max-snippet":"max-snippet:-1","max-image-preview":"max-image-preview:large","max-video-preview":"max-video-preview:-1"},"canonical":"https:\/\/www.emplea-te.com\/noticias-oposiciones\/ayuntamiento-de-monfero-anuncio-de-convocatoria-para-cubrir-una-plaza-de-conserje-a-p-por-oposicion-libre\/","og_locale":"es_ES","og_type":"article","og_title":"Ayuntamiento de Monfero. Publicado Anuncio de convocatoria para cubrir una plaza de Conserje A.P","og_description":"Ayuntamiento de Monfero. Publicado Anuncio de convocatoria para cubrir una plaza de Conserje A.P","og_url":"https:\/\/www.emplea-te.com\/noticias-oposiciones\/ayuntamiento-de-monfero-anuncio-de-convocatoria-para-cubrir-una-plaza-de-conserje-a-p-por-oposicion-libre\/","og_site_name":"Noticas de oposiciones por Academia Emplea-te","article_publisher":"https:\/\/www.facebook.com\/AcademiaEmpleate\/","article_published_time":"2021-09-06T08:58:24+00:00","author":"Empleate","twitter_card":"summary_large_image","twitter_creator":"@Emplea_Te","twitter_site":"@Emplea_Te","twitter_misc":{"Escrito por":"Empleate","Tiempo de lectura":"1 minuto"},"schema":{"@context":"https:\/\/schema.org","@graph":[{"@type":"Article","@id":"https:\/\/www.emplea-te.com\/noticias-oposiciones\/ayuntamiento-de-monfero-anuncio-de-convocatoria-para-cubrir-una-plaza-de-conserje-a-p-por-oposicion-libre\/#article","isPartOf":{"@id":"https:\/\/www.emplea-te.com\/noticias-oposiciones\/ayuntamiento-de-monfero-anuncio-de-convocatoria-para-cubrir-una-plaza-de-conserje-a-p-por-oposicion-libre\/"},"author":{"name":"Empleate","@id":"https:\/\/www.emplea-te.com\/noticias-oposiciones\/#\/schema\/person\/d1bc587e1af2b95e9c32aba1795509a6"},"headline":"Ayuntamiento de Monfero. Anuncio de convocatoria para cubrir una plaza de Conserje A.P por oposici\u00f3n libre.","datePublished":"2021-09-06T08:58:24+00:00","mainEntityOfPage":{"@id":"https:\/\/www.emplea-te.com\/noticias-oposiciones\/ayuntamiento-de-monfero-anuncio-de-convocatoria-para-cubrir-una-plaza-de-conserje-a-p-por-oposicion-libre\/"},"wordCount":237,"publisher":{"@id":"https:\/\/www.emplea-te.com\/noticias-oposiciones\/#organization"},"keywords":["Convocatoria"],"articleSection":["Convocatorias Ayuntamientos","Oposiciones Auton\u00f3micas Galicia"],"inLanguage":"es"},{"@type":"WebPage","@id":"https:\/\/www.emplea-te.com\/noticias-oposiciones\/ayuntamiento-de-monfero-anuncio-de-convocatoria-para-cubrir-una-plaza-de-conserje-a-p-por-oposicion-libre\/","url":"https:\/\/www.emplea-te.com\/noticias-oposiciones\/ayuntamiento-de-monfero-anuncio-de-convocatoria-para-cubrir-una-plaza-de-conserje-a-p-por-oposicion-libre\/","name":"Ayuntamiento de Monfero. Publicado Anuncio de convocatoria para cubrir una plaza de Conserje A.P","isPartOf":{"@id":"https:\/\/www.emplea-te.com\/noticias-oposiciones\/#website"},"datePublished":"2021-09-06T08:58:24+00:00","description":"Ayuntamiento de Monfero. Publicado Anuncio de convocatoria para cubrir una plaza de Conserje A.P","breadcrumb":{"@id":"https:\/\/www.emplea-te.com\/noticias-oposiciones\/ayuntamiento-de-monfero-anuncio-de-convocatoria-para-cubrir-una-plaza-de-conserje-a-p-por-oposicion-libre\/#breadcrumb"},"inLanguage":"es","potentialAction":[{"@type":"ReadAction","target":["https:\/\/www.emplea-te.com\/noticias-oposiciones\/ayuntamiento-de-monfero-anuncio-de-convocatoria-para-cubrir-una-plaza-de-conserje-a-p-por-oposicion-libre\/"]}]},{"@type":"BreadcrumbList","@id":"https:\/\/www.emplea-te.com\/noticias-oposiciones\/ayuntamiento-de-monfero-anuncio-de-convocatoria-para-cubrir-una-plaza-de-conserje-a-p-por-oposicion-libre\/#breadcrumb","itemListElement":[{"@type":"ListItem","position":1,"name":"Noticias Oposiciones","item":"https:\/\/www.emplea-te.com\/noticias-oposiciones\/"},{"@type":"ListItem","position":2,"name":"Oposiciones Auton\u00f3micas Galicia","item":"https:\/\/www.emplea-te.com\/noticias-oposiciones\/categoria\/oposiciones-autonomicas-galicia\/"},{"@type":"ListItem","position":3,"name":"Ayuntamiento de Monfero. Anuncio de convocatoria para cubrir una plaza de Conserje A.P por oposici\u00f3n libre."}]},{"@type":"WebSite","@id":"https:\/\/www.emplea-te.com\/noticias-oposiciones\/#website","url":"https:\/\/www.emplea-te.com\/noticias-oposiciones\/","name":"Noticas de oposiciones por Academia Emplea-te","description":"Toda la actualidad de las ofertas y convocatorias.","publisher":{"@id":"https:\/\/www.emplea-te.com\/noticias-oposiciones\/#organization"},"potentialAction":[{"@type":"SearchAction","target":{"@type":"EntryPoint","urlTemplate":"https:\/\/www.emplea-te.com\/noticias-oposiciones\/?s={search_term_string}"},"query-input":{"@type":"PropertyValueSpecification","valueRequired":true,"valueName":"search_term_string"}}],"inLanguage":"es"},{"@type":"Organization","@id":"https:\/\/www.emplea-te.com\/noticias-oposiciones\/#organization","name":"Academia de oposiciones Empl\u00e9ate","url":"https:\/\/www.emplea-te.com\/noticias-oposiciones\/","logo":{"@type":"ImageObject","inLanguage":"es","@id":"https:\/\/www.emplea-te.com\/noticias-oposiciones\/#\/schema\/logo\/image\/","url":"https:\/\/www.emplea-te.com\/noticias-oposiciones\/wp-content\/uploads\/2019\/04\/empleate.jpg","contentUrl":"https:\/\/www.emplea-te.com\/noticias-oposiciones\/wp-content\/uploads\/2019\/04\/empleate.jpg","width":250,"height":150,"caption":"Academia de oposiciones Empl\u00e9ate"},"image":{"@id":"https:\/\/www.emplea-te.com\/noticias-oposiciones\/#\/schema\/logo\/image\/"},"sameAs":["https:\/\/www.facebook.com\/AcademiaEmpleate\/","https:\/\/x.com\/Emplea_Te","https:\/\/www.instagram.com\/academia_empleate\/"]},{"@type":"Person","@id":"https:\/\/www.emplea-te.com\/noticias-oposiciones\/#\/schema\/person\/d1bc587e1af2b95e9c32aba1795509a6","name":"Empleate"}]}},"_links":{"self":[{"href":"https:\/\/www.emplea-te.com\/noticias-oposiciones\/wp-json\/wp\/v2\/posts\/5234","targetHints":{"allow":["GET"]}}],"collection":[{"href":"https:\/\/www.emplea-te.com\/noticias-oposiciones\/wp-json\/wp\/v2\/posts"}],"about":[{"href":"https:\/\/www.emplea-te.com\/noticias-oposiciones\/wp-json\/wp\/v2\/types\/post"}],"author":[{"embeddable":true,"href":"https:\/\/www.emplea-te.com\/noticias-oposiciones\/wp-json\/wp\/v2\/users\/1"}],"replies":[{"embeddable":true,"href":"https:\/\/www.emplea-te.com\/noticias-oposiciones\/wp-json\/wp\/v2\/comments?post=5234"}],"version-history":[{"count":1,"href":"https:\/\/www.emplea-te.com\/noticias-oposiciones\/wp-json\/wp\/v2\/posts\/5234\/revisions"}],"predecessor-version":[{"id":5235,"href":"https:\/\/www.emplea-te.com\/noticias-oposiciones\/wp-json\/wp\/v2\/posts\/5234\/revisions\/5235"}],"wp:attachment":[{"href":"https:\/\/www.emplea-te.com\/noticias-oposiciones\/wp-json\/wp\/v2\/media?parent=5234"}],"wp:term":[{"taxonomy":"category","embeddable":true,"href":"https:\/\/www.emplea-te.com\/noticias-oposiciones\/wp-json\/wp\/v2\/categories?post=5234"},{"taxonomy":"post_tag","embeddable":true,"href":"https:\/\/www.emplea-te.com\/noticias-oposiciones\/wp-json\/wp\/v2\/tags?post=5234"}],"curies":[{"name":"wp","href":"https:\/\/api.w.org\/{rel}","templated":true}]}}