{"id":5236,"date":"2021-09-06T11:08:05","date_gmt":"2021-09-06T09:08:05","guid":{"rendered":"https:\/\/www.emplea-te.com\/noticias-oposiciones\/?p=5236"},"modified":"2021-09-06T11:08:05","modified_gmt":"2021-09-06T09:08:05","slug":"ayuntamiento-de-ferrol-publicadas-bases-generales-que-regiran-proceso-selectivo-para-cubrir-una-plaza-de-auxiliar-de-bibliotecas-y-una-plaza-de-auxiliar-administrativo","status":"publish","type":"post","link":"https:\/\/www.emplea-te.com\/noticias-oposiciones\/ayuntamiento-de-ferrol-publicadas-bases-generales-que-regiran-proceso-selectivo-para-cubrir-una-plaza-de-auxiliar-de-bibliotecas-y-una-plaza-de-auxiliar-administrativo\/","title":{"rendered":"Ayuntamiento de Ferrol. Publicadas Bases Generales que regir\u00e1n proceso selectivo para cubrir una plaza de Auxiliar de Bibliotecas y una plaza de Auxiliar Administrativo."},"content":{"rendered":"<p>Se publica en el BOP de la provincia de A Coru\u00f1a de hoy, el Anuncio con las bases generales que regir\u00e1n el proceso selectivo para cubrir :<\/p>\n<p>Una plaza de Asistente de Biblioteca<br \/>\nUna plaza de Auxiliar Administrativo.<\/p>\n<p><strong>Plaza de Auxiliar de Biblioteca:<\/strong><\/p>\n<p class=\"P-rrafo-texto-negrita\"><strong>Objeto de la convocatoria<\/strong><\/p>\n<p class=\"P-rrafo-texto-normal\">1.1.- ES objeto de la presente <strong>convocatoria a provisi\u00f3n, mediante el sistema de oposici\u00f3n ,en turno libre,<\/strong> de una (1) plaza de Auxiliar de Biblioteca y Archivo vacante en el plantel del Ayuntamiento de Ferrol y que fue incluida en la OEP de 2019 (BOP n\u00ba 2 de 3\/01\/2020).<\/p>\n<p class=\"P-rrafo-texto-normal\">1.2.- Caracter\u00edsticas de la vacante convocada y funciones a desarrollar:<\/p>\n<p class=\"P-rrafo-texto-normal\">Denominaci\u00f3n:\u00a0<strong><span class=\"Negrita\">Auxiliar de Biblioteca y Archivo,<\/span>\u00a0encuadrada en la escala de Administraci\u00f3n Especial, Subescala T\u00e9cnica, clase Auxiliar, grupo de clasificaci\u00f3n C, subgrupo C1.<\/strong><\/p>\n<p class=\"P-rrafo-texto-normal\">Jornada de trabajo: Completa (Ma\u00f1ana\/Tarde).<\/p>\n<p class=\"P-rrafo-texto-normal\">Retribuciones: Las b\u00e1sicas corresponsales al grupo de clasificaci\u00f3n profesional y las complementarias fijadas en la RPT municipal (BOP n.\u00ba 14, de 22 de enero de 2015).<\/p>\n<p><strong>Plazo de presentaci\u00f3n de instancias<\/strong> ser\u00e1 :\u00a0 de veinte <strong>(20) d\u00edas naturales desde lo siguiente al de la publicaci\u00f3n del anuncio de la convocatoria en el Bolet\u00edn Oficial del Estado.<\/strong><\/p>\n<p><strong>Plaza de Auxiliar Administrativo:<br \/>\n<\/strong><br \/>\nES objeto de la presente convocatoria a provisi\u00f3n, <strong>mediante el sistema de oposici\u00f3n, en turno libre<\/strong>, de una (1) plaza de Auxiliar Administrativo\/la vacante en el plantel del Ayuntamiento de Ferrol y que fue incluida en la OEP de 2020 (BOP n\u00ba 223 del 29\/12\/2020).<\/p>\n<p class=\"P-rrafo-texto-normal\">1.2.- Caracter\u00edsticas de las vacantes convocadas y funciones a desarrollar:<\/p>\n<p class=\"P-rrafo-texto-normal\">Denominaci\u00f3n:\u00a0<span class=\"Negrita\">Auxiliar Administrativo\/la.<\/span><\/p>\n<p class=\"P-rrafo-texto-normal\">Clasificaci\u00f3n: <strong>Escala de Administraci\u00f3n General, Subescala Administrativa, Grupo de Clasificaci\u00f3n C, subgrupo C2.<\/strong><\/p>\n<p class=\"P-rrafo-texto-normal\">Jornada de trabajo: Completa<\/p>\n<p class=\"P-rrafo-texto-normal\">Retribuciones: Las b\u00e1sicas corresponsales al grupo de clasificaci\u00f3n profesional y las complementarias fijadas en la RPT municipal (BOP n.\u00ba 14, de 22 de enero de 2015).<\/p>\n<p><strong>Plazo para presentar instancias<\/strong> ser\u00e1:\u00a0 de <strong>veinte (20) d\u00edas naturales desde lo siguiente al de la publicaci\u00f3n del anuncio de la convocatoria en el Bolet\u00edn Oficial del Estado.<\/strong><\/p>\n<p><a href=\"https:\/\/traductor.dacoruna.gal\/fron-trad\/urlTranslate.php?direccion3=gl-es&amp;inurl=https:\/\/bop.dacoruna.gal\/bopportal\/publicado\/2021\/09\/06\/2021_0000006591.html\" target=\"_blank\" rel=\"noopener noreferrer\">Enlace a Bases convocatoria plaza Auxiliar de Biblioteca C1<\/a><\/p>\n<p><a href=\"https:\/\/traductor.dacoruna.gal\/fron-trad\/urlTranslate.php?direccion3=gl-es&amp;inurl=https:\/\/bop.dacoruna.gal\/bopportal\/publicado\/2021\/09\/06\/2021_0000006593.html\" target=\"_blank\" rel=\"noopener noreferrer\">Enlace a Bases convocatoria plaza de Auxiliar Administrativo C2<\/a><\/p>\n<p><a href=\"http:\/\/www.emplea-te.com\" target=\"_blank\" rel=\"noopener noreferrer\">Prep\u00e1rate en nuestros grupos presenciales y on line<\/a><\/p>\n","protected":false},"excerpt":{"rendered":"<p>Se publica en el BOP de la provincia de A Coru\u00f1a de hoy, el Anuncio con las bases generales que regir\u00e1n el proceso selectivo para cubrir : Una plaza de Asistente de Biblioteca Una plaza de Auxiliar Administrativo. Plaza de Auxiliar de Biblioteca: Objeto de la convocatoria 1.1.- ES objeto de la presente convocatoria a &hellip; <a href=\"https:\/\/www.emplea-te.com\/noticias-oposiciones\/ayuntamiento-de-ferrol-publicadas-bases-generales-que-regiran-proceso-selectivo-para-cubrir-una-plaza-de-auxiliar-de-bibliotecas-y-una-plaza-de-auxiliar-administrativo\/\" class=\"more-link\">Continuar leyendo<span class=\"screen-reader-text\"> \u00abAyuntamiento de Ferrol. Publicadas Bases Generales que regir\u00e1n proceso selectivo para cubrir una plaza de Auxiliar de Bibliotecas y una plaza de Auxiliar Administrativo.\u00bb<\/span><\/a><\/p>\n","protected":false},"author":1,"featured_media":0,"comment_status":"closed","ping_status":"closed","sticky":false,"template":"","format":"standard","meta":{"footnotes":""},"categories":[37,56],"tags":[49],"class_list":["post-5236","post","type-post","status-publish","format-standard","hentry","category-convocatorias-ayuntamientos","category-oposiciones-autonomicas-galicia","tag-convocatorias-de-oposiciones"],"yoast_head":"<!-- This site is optimized with the Yoast SEO plugin v27.3 - https:\/\/yoast.com\/product\/yoast-seo-wordpress\/ -->\n<title>Ayuntamiento de Ferrol. Publicadas Bases Generales que regir\u00e1n el proceso selectivo para cubrir una plaza de Auxiliar de Biblioteca y una plaza de Auxiliar Administrativo<\/title>\n<meta name=\"description\" content=\"Ayuntamiento de Ferrol. Publicadas Bases Generales que regir\u00e1n el proceso selectivo para cubrir una plaza de Auxiliar de Biblioteca y una plaza de Auxiliar Administrativo\" \/>\n<meta name=\"robots\" content=\"index, follow, max-snippet:-1, max-image-preview:large, max-video-preview:-1\" \/>\n<link rel=\"canonical\" href=\"https:\/\/www.emplea-te.com\/noticias-oposiciones\/ayuntamiento-de-ferrol-publicadas-bases-generales-que-regiran-proceso-selectivo-para-cubrir-una-plaza-de-auxiliar-de-bibliotecas-y-una-plaza-de-auxiliar-administrativo\/\" \/>\n<meta property=\"og:locale\" content=\"es_ES\" \/>\n<meta property=\"og:type\" content=\"article\" \/>\n<meta property=\"og:title\" content=\"Ayuntamiento de Ferrol. Publicadas Bases Generales que regir\u00e1n el proceso selectivo para cubrir una plaza de Auxiliar de Biblioteca y una plaza de Auxiliar Administrativo\" \/>\n<meta property=\"og:description\" content=\"Ayuntamiento de Ferrol. Publicadas Bases Generales que regir\u00e1n el proceso selectivo para cubrir una plaza de Auxiliar de Biblioteca y una plaza de Auxiliar Administrativo\" \/>\n<meta property=\"og:url\" content=\"https:\/\/www.emplea-te.com\/noticias-oposiciones\/ayuntamiento-de-ferrol-publicadas-bases-generales-que-regiran-proceso-selectivo-para-cubrir-una-plaza-de-auxiliar-de-bibliotecas-y-una-plaza-de-auxiliar-administrativo\/\" \/>\n<meta property=\"og:site_name\" content=\"Noticas de oposiciones por Academia Emplea-te\" \/>\n<meta property=\"article:publisher\" content=\"https:\/\/www.facebook.com\/AcademiaEmpleate\/\" \/>\n<meta property=\"article:published_time\" content=\"2021-09-06T09:08:05+00:00\" \/>\n<meta name=\"author\" content=\"Empleate\" \/>\n<meta name=\"twitter:card\" content=\"summary_large_image\" \/>\n<meta name=\"twitter:creator\" content=\"@Emplea_Te\" \/>\n<meta name=\"twitter:site\" content=\"@Emplea_Te\" \/>\n<meta name=\"twitter:label1\" content=\"Escrito por\" \/>\n\t<meta name=\"twitter:data1\" content=\"Empleate\" \/>\n\t<meta name=\"twitter:label2\" content=\"Tiempo de lectura\" \/>\n\t<meta name=\"twitter:data2\" content=\"2 minutos\" \/>\n<script type=\"application\/ld+json\" class=\"yoast-schema-graph\">{\"@context\":\"https:\\\/\\\/schema.org\",\"@graph\":[{\"@type\":\"Article\",\"@id\":\"https:\\\/\\\/www.emplea-te.com\\\/noticias-oposiciones\\\/ayuntamiento-de-ferrol-publicadas-bases-generales-que-regiran-proceso-selectivo-para-cubrir-una-plaza-de-auxiliar-de-bibliotecas-y-una-plaza-de-auxiliar-administrativo\\\/#article\",\"isPartOf\":{\"@id\":\"https:\\\/\\\/www.emplea-te.com\\\/noticias-oposiciones\\\/ayuntamiento-de-ferrol-publicadas-bases-generales-que-regiran-proceso-selectivo-para-cubrir-una-plaza-de-auxiliar-de-bibliotecas-y-una-plaza-de-auxiliar-administrativo\\\/\"},\"author\":{\"name\":\"Empleate\",\"@id\":\"https:\\\/\\\/www.emplea-te.com\\\/noticias-oposiciones\\\/#\\\/schema\\\/person\\\/d1bc587e1af2b95e9c32aba1795509a6\"},\"headline\":\"Ayuntamiento de Ferrol. Publicadas Bases Generales que regir\u00e1n proceso selectivo para cubrir una plaza de Auxiliar de Bibliotecas y una plaza de Auxiliar Administrativo.\",\"datePublished\":\"2021-09-06T09:08:05+00:00\",\"mainEntityOfPage\":{\"@id\":\"https:\\\/\\\/www.emplea-te.com\\\/noticias-oposiciones\\\/ayuntamiento-de-ferrol-publicadas-bases-generales-que-regiran-proceso-selectivo-para-cubrir-una-plaza-de-auxiliar-de-bibliotecas-y-una-plaza-de-auxiliar-administrativo\\\/\"},\"wordCount\":388,\"publisher\":{\"@id\":\"https:\\\/\\\/www.emplea-te.com\\\/noticias-oposiciones\\\/#organization\"},\"keywords\":[\"Convocatoria\"],\"articleSection\":[\"Convocatorias Ayuntamientos\",\"Oposiciones Auton\u00f3micas Galicia\"],\"inLanguage\":\"es\"},{\"@type\":\"WebPage\",\"@id\":\"https:\\\/\\\/www.emplea-te.com\\\/noticias-oposiciones\\\/ayuntamiento-de-ferrol-publicadas-bases-generales-que-regiran-proceso-selectivo-para-cubrir-una-plaza-de-auxiliar-de-bibliotecas-y-una-plaza-de-auxiliar-administrativo\\\/\",\"url\":\"https:\\\/\\\/www.emplea-te.com\\\/noticias-oposiciones\\\/ayuntamiento-de-ferrol-publicadas-bases-generales-que-regiran-proceso-selectivo-para-cubrir-una-plaza-de-auxiliar-de-bibliotecas-y-una-plaza-de-auxiliar-administrativo\\\/\",\"name\":\"Ayuntamiento de Ferrol. Publicadas Bases Generales que regir\u00e1n el proceso selectivo para cubrir una plaza de Auxiliar de Biblioteca y una plaza de Auxiliar Administrativo\",\"isPartOf\":{\"@id\":\"https:\\\/\\\/www.emplea-te.com\\\/noticias-oposiciones\\\/#website\"},\"datePublished\":\"2021-09-06T09:08:05+00:00\",\"description\":\"Ayuntamiento de Ferrol. Publicadas Bases Generales que regir\u00e1n el proceso selectivo para cubrir una plaza de Auxiliar de Biblioteca y una plaza de Auxiliar Administrativo\",\"breadcrumb\":{\"@id\":\"https:\\\/\\\/www.emplea-te.com\\\/noticias-oposiciones\\\/ayuntamiento-de-ferrol-publicadas-bases-generales-que-regiran-proceso-selectivo-para-cubrir-una-plaza-de-auxiliar-de-bibliotecas-y-una-plaza-de-auxiliar-administrativo\\\/#breadcrumb\"},\"inLanguage\":\"es\",\"potentialAction\":[{\"@type\":\"ReadAction\",\"target\":[\"https:\\\/\\\/www.emplea-te.com\\\/noticias-oposiciones\\\/ayuntamiento-de-ferrol-publicadas-bases-generales-que-regiran-proceso-selectivo-para-cubrir-una-plaza-de-auxiliar-de-bibliotecas-y-una-plaza-de-auxiliar-administrativo\\\/\"]}]},{\"@type\":\"BreadcrumbList\",\"@id\":\"https:\\\/\\\/www.emplea-te.com\\\/noticias-oposiciones\\\/ayuntamiento-de-ferrol-publicadas-bases-generales-que-regiran-proceso-selectivo-para-cubrir-una-plaza-de-auxiliar-de-bibliotecas-y-una-plaza-de-auxiliar-administrativo\\\/#breadcrumb\",\"itemListElement\":[{\"@type\":\"ListItem\",\"position\":1,\"name\":\"Noticias Oposiciones\",\"item\":\"https:\\\/\\\/www.emplea-te.com\\\/noticias-oposiciones\\\/\"},{\"@type\":\"ListItem\",\"position\":2,\"name\":\"Oposiciones Auton\u00f3micas Galicia\",\"item\":\"https:\\\/\\\/www.emplea-te.com\\\/noticias-oposiciones\\\/categoria\\\/oposiciones-autonomicas-galicia\\\/\"},{\"@type\":\"ListItem\",\"position\":3,\"name\":\"Ayuntamiento de Ferrol. Publicadas Bases Generales que regir\u00e1n proceso selectivo para cubrir una plaza de Auxiliar de Bibliotecas y una plaza de Auxiliar Administrativo.\"}]},{\"@type\":\"WebSite\",\"@id\":\"https:\\\/\\\/www.emplea-te.com\\\/noticias-oposiciones\\\/#website\",\"url\":\"https:\\\/\\\/www.emplea-te.com\\\/noticias-oposiciones\\\/\",\"name\":\"Noticas de oposiciones por Academia Emplea-te\",\"description\":\"Toda la actualidad de las ofertas y convocatorias.\",\"publisher\":{\"@id\":\"https:\\\/\\\/www.emplea-te.com\\\/noticias-oposiciones\\\/#organization\"},\"potentialAction\":[{\"@type\":\"SearchAction\",\"target\":{\"@type\":\"EntryPoint\",\"urlTemplate\":\"https:\\\/\\\/www.emplea-te.com\\\/noticias-oposiciones\\\/?s={search_term_string}\"},\"query-input\":{\"@type\":\"PropertyValueSpecification\",\"valueRequired\":true,\"valueName\":\"search_term_string\"}}],\"inLanguage\":\"es\"},{\"@type\":\"Organization\",\"@id\":\"https:\\\/\\\/www.emplea-te.com\\\/noticias-oposiciones\\\/#organization\",\"name\":\"Academia de oposiciones Empl\u00e9ate\",\"url\":\"https:\\\/\\\/www.emplea-te.com\\\/noticias-oposiciones\\\/\",\"logo\":{\"@type\":\"ImageObject\",\"inLanguage\":\"es\",\"@id\":\"https:\\\/\\\/www.emplea-te.com\\\/noticias-oposiciones\\\/#\\\/schema\\\/logo\\\/image\\\/\",\"url\":\"https:\\\/\\\/www.emplea-te.com\\\/noticias-oposiciones\\\/wp-content\\\/uploads\\\/2019\\\/04\\\/empleate.jpg\",\"contentUrl\":\"https:\\\/\\\/www.emplea-te.com\\\/noticias-oposiciones\\\/wp-content\\\/uploads\\\/2019\\\/04\\\/empleate.jpg\",\"width\":250,\"height\":150,\"caption\":\"Academia de oposiciones Empl\u00e9ate\"},\"image\":{\"@id\":\"https:\\\/\\\/www.emplea-te.com\\\/noticias-oposiciones\\\/#\\\/schema\\\/logo\\\/image\\\/\"},\"sameAs\":[\"https:\\\/\\\/www.facebook.com\\\/AcademiaEmpleate\\\/\",\"https:\\\/\\\/x.com\\\/Emplea_Te\",\"https:\\\/\\\/www.instagram.com\\\/academia_empleate\\\/\"]},{\"@type\":\"Person\",\"@id\":\"https:\\\/\\\/www.emplea-te.com\\\/noticias-oposiciones\\\/#\\\/schema\\\/person\\\/d1bc587e1af2b95e9c32aba1795509a6\",\"name\":\"Empleate\"}]}<\/script>\n<!-- \/ Yoast SEO plugin. -->","yoast_head_json":{"title":"Ayuntamiento de Ferrol. Publicadas Bases Generales que regir\u00e1n el proceso selectivo para cubrir una plaza de Auxiliar de Biblioteca y una plaza de Auxiliar Administrativo","description":"Ayuntamiento de Ferrol. Publicadas Bases Generales que regir\u00e1n el proceso selectivo para cubrir una plaza de Auxiliar de Biblioteca y una plaza de Auxiliar Administrativo","robots":{"index":"index","follow":"follow","max-snippet":"max-snippet:-1","max-image-preview":"max-image-preview:large","max-video-preview":"max-video-preview:-1"},"canonical":"https:\/\/www.emplea-te.com\/noticias-oposiciones\/ayuntamiento-de-ferrol-publicadas-bases-generales-que-regiran-proceso-selectivo-para-cubrir-una-plaza-de-auxiliar-de-bibliotecas-y-una-plaza-de-auxiliar-administrativo\/","og_locale":"es_ES","og_type":"article","og_title":"Ayuntamiento de Ferrol. Publicadas Bases Generales que regir\u00e1n el proceso selectivo para cubrir una plaza de Auxiliar de Biblioteca y una plaza de Auxiliar Administrativo","og_description":"Ayuntamiento de Ferrol. Publicadas Bases Generales que regir\u00e1n el proceso selectivo para cubrir una plaza de Auxiliar de Biblioteca y una plaza de Auxiliar Administrativo","og_url":"https:\/\/www.emplea-te.com\/noticias-oposiciones\/ayuntamiento-de-ferrol-publicadas-bases-generales-que-regiran-proceso-selectivo-para-cubrir-una-plaza-de-auxiliar-de-bibliotecas-y-una-plaza-de-auxiliar-administrativo\/","og_site_name":"Noticas de oposiciones por Academia Emplea-te","article_publisher":"https:\/\/www.facebook.com\/AcademiaEmpleate\/","article_published_time":"2021-09-06T09:08:05+00:00","author":"Empleate","twitter_card":"summary_large_image","twitter_creator":"@Emplea_Te","twitter_site":"@Emplea_Te","twitter_misc":{"Escrito por":"Empleate","Tiempo de lectura":"2 minutos"},"schema":{"@context":"https:\/\/schema.org","@graph":[{"@type":"Article","@id":"https:\/\/www.emplea-te.com\/noticias-oposiciones\/ayuntamiento-de-ferrol-publicadas-bases-generales-que-regiran-proceso-selectivo-para-cubrir-una-plaza-de-auxiliar-de-bibliotecas-y-una-plaza-de-auxiliar-administrativo\/#article","isPartOf":{"@id":"https:\/\/www.emplea-te.com\/noticias-oposiciones\/ayuntamiento-de-ferrol-publicadas-bases-generales-que-regiran-proceso-selectivo-para-cubrir-una-plaza-de-auxiliar-de-bibliotecas-y-una-plaza-de-auxiliar-administrativo\/"},"author":{"name":"Empleate","@id":"https:\/\/www.emplea-te.com\/noticias-oposiciones\/#\/schema\/person\/d1bc587e1af2b95e9c32aba1795509a6"},"headline":"Ayuntamiento de Ferrol. Publicadas Bases Generales que regir\u00e1n proceso selectivo para cubrir una plaza de Auxiliar de Bibliotecas y una plaza de Auxiliar Administrativo.","datePublished":"2021-09-06T09:08:05+00:00","mainEntityOfPage":{"@id":"https:\/\/www.emplea-te.com\/noticias-oposiciones\/ayuntamiento-de-ferrol-publicadas-bases-generales-que-regiran-proceso-selectivo-para-cubrir-una-plaza-de-auxiliar-de-bibliotecas-y-una-plaza-de-auxiliar-administrativo\/"},"wordCount":388,"publisher":{"@id":"https:\/\/www.emplea-te.com\/noticias-oposiciones\/#organization"},"keywords":["Convocatoria"],"articleSection":["Convocatorias Ayuntamientos","Oposiciones Auton\u00f3micas Galicia"],"inLanguage":"es"},{"@type":"WebPage","@id":"https:\/\/www.emplea-te.com\/noticias-oposiciones\/ayuntamiento-de-ferrol-publicadas-bases-generales-que-regiran-proceso-selectivo-para-cubrir-una-plaza-de-auxiliar-de-bibliotecas-y-una-plaza-de-auxiliar-administrativo\/","url":"https:\/\/www.emplea-te.com\/noticias-oposiciones\/ayuntamiento-de-ferrol-publicadas-bases-generales-que-regiran-proceso-selectivo-para-cubrir-una-plaza-de-auxiliar-de-bibliotecas-y-una-plaza-de-auxiliar-administrativo\/","name":"Ayuntamiento de Ferrol. Publicadas Bases Generales que regir\u00e1n el proceso selectivo para cubrir una plaza de Auxiliar de Biblioteca y una plaza de Auxiliar Administrativo","isPartOf":{"@id":"https:\/\/www.emplea-te.com\/noticias-oposiciones\/#website"},"datePublished":"2021-09-06T09:08:05+00:00","description":"Ayuntamiento de Ferrol. Publicadas Bases Generales que regir\u00e1n el proceso selectivo para cubrir una plaza de Auxiliar de Biblioteca y una plaza de Auxiliar Administrativo","breadcrumb":{"@id":"https:\/\/www.emplea-te.com\/noticias-oposiciones\/ayuntamiento-de-ferrol-publicadas-bases-generales-que-regiran-proceso-selectivo-para-cubrir-una-plaza-de-auxiliar-de-bibliotecas-y-una-plaza-de-auxiliar-administrativo\/#breadcrumb"},"inLanguage":"es","potentialAction":[{"@type":"ReadAction","target":["https:\/\/www.emplea-te.com\/noticias-oposiciones\/ayuntamiento-de-ferrol-publicadas-bases-generales-que-regiran-proceso-selectivo-para-cubrir-una-plaza-de-auxiliar-de-bibliotecas-y-una-plaza-de-auxiliar-administrativo\/"]}]},{"@type":"BreadcrumbList","@id":"https:\/\/www.emplea-te.com\/noticias-oposiciones\/ayuntamiento-de-ferrol-publicadas-bases-generales-que-regiran-proceso-selectivo-para-cubrir-una-plaza-de-auxiliar-de-bibliotecas-y-una-plaza-de-auxiliar-administrativo\/#breadcrumb","itemListElement":[{"@type":"ListItem","position":1,"name":"Noticias Oposiciones","item":"https:\/\/www.emplea-te.com\/noticias-oposiciones\/"},{"@type":"ListItem","position":2,"name":"Oposiciones Auton\u00f3micas Galicia","item":"https:\/\/www.emplea-te.com\/noticias-oposiciones\/categoria\/oposiciones-autonomicas-galicia\/"},{"@type":"ListItem","position":3,"name":"Ayuntamiento de Ferrol. Publicadas Bases Generales que regir\u00e1n proceso selectivo para cubrir una plaza de Auxiliar de Bibliotecas y una plaza de Auxiliar Administrativo."}]},{"@type":"WebSite","@id":"https:\/\/www.emplea-te.com\/noticias-oposiciones\/#website","url":"https:\/\/www.emplea-te.com\/noticias-oposiciones\/","name":"Noticas de oposiciones por Academia Emplea-te","description":"Toda la actualidad de las ofertas y convocatorias.","publisher":{"@id":"https:\/\/www.emplea-te.com\/noticias-oposiciones\/#organization"},"potentialAction":[{"@type":"SearchAction","target":{"@type":"EntryPoint","urlTemplate":"https:\/\/www.emplea-te.com\/noticias-oposiciones\/?s={search_term_string}"},"query-input":{"@type":"PropertyValueSpecification","valueRequired":true,"valueName":"search_term_string"}}],"inLanguage":"es"},{"@type":"Organization","@id":"https:\/\/www.emplea-te.com\/noticias-oposiciones\/#organization","name":"Academia de oposiciones Empl\u00e9ate","url":"https:\/\/www.emplea-te.com\/noticias-oposiciones\/","logo":{"@type":"ImageObject","inLanguage":"es","@id":"https:\/\/www.emplea-te.com\/noticias-oposiciones\/#\/schema\/logo\/image\/","url":"https:\/\/www.emplea-te.com\/noticias-oposiciones\/wp-content\/uploads\/2019\/04\/empleate.jpg","contentUrl":"https:\/\/www.emplea-te.com\/noticias-oposiciones\/wp-content\/uploads\/2019\/04\/empleate.jpg","width":250,"height":150,"caption":"Academia de oposiciones Empl\u00e9ate"},"image":{"@id":"https:\/\/www.emplea-te.com\/noticias-oposiciones\/#\/schema\/logo\/image\/"},"sameAs":["https:\/\/www.facebook.com\/AcademiaEmpleate\/","https:\/\/x.com\/Emplea_Te","https:\/\/www.instagram.com\/academia_empleate\/"]},{"@type":"Person","@id":"https:\/\/www.emplea-te.com\/noticias-oposiciones\/#\/schema\/person\/d1bc587e1af2b95e9c32aba1795509a6","name":"Empleate"}]}},"_links":{"self":[{"href":"https:\/\/www.emplea-te.com\/noticias-oposiciones\/wp-json\/wp\/v2\/posts\/5236","targetHints":{"allow":["GET"]}}],"collection":[{"href":"https:\/\/www.emplea-te.com\/noticias-oposiciones\/wp-json\/wp\/v2\/posts"}],"about":[{"href":"https:\/\/www.emplea-te.com\/noticias-oposiciones\/wp-json\/wp\/v2\/types\/post"}],"author":[{"embeddable":true,"href":"https:\/\/www.emplea-te.com\/noticias-oposiciones\/wp-json\/wp\/v2\/users\/1"}],"replies":[{"embeddable":true,"href":"https:\/\/www.emplea-te.com\/noticias-oposiciones\/wp-json\/wp\/v2\/comments?post=5236"}],"version-history":[{"count":1,"href":"https:\/\/www.emplea-te.com\/noticias-oposiciones\/wp-json\/wp\/v2\/posts\/5236\/revisions"}],"predecessor-version":[{"id":5237,"href":"https:\/\/www.emplea-te.com\/noticias-oposiciones\/wp-json\/wp\/v2\/posts\/5236\/revisions\/5237"}],"wp:attachment":[{"href":"https:\/\/www.emplea-te.com\/noticias-oposiciones\/wp-json\/wp\/v2\/media?parent=5236"}],"wp:term":[{"taxonomy":"category","embeddable":true,"href":"https:\/\/www.emplea-te.com\/noticias-oposiciones\/wp-json\/wp\/v2\/categories?post=5236"},{"taxonomy":"post_tag","embeddable":true,"href":"https:\/\/www.emplea-te.com\/noticias-oposiciones\/wp-json\/wp\/v2\/tags?post=5236"}],"curies":[{"name":"wp","href":"https:\/\/api.w.org\/{rel}","templated":true}]}}