{"id":5238,"date":"2021-09-07T09:34:42","date_gmt":"2021-09-07T07:34:42","guid":{"rendered":"https:\/\/www.emplea-te.com\/noticias-oposiciones\/?p=5238"},"modified":"2021-09-07T09:34:42","modified_gmt":"2021-09-07T07:34:42","slug":"xunta-de-galicia-fecha-realizacion-segundos-ejercicios-de-administrativo-c1-y-auxiliar-administrativo-c2-ambos-procesos-por-turno-libre","status":"publish","type":"post","link":"https:\/\/www.emplea-te.com\/noticias-oposiciones\/xunta-de-galicia-fecha-realizacion-segundos-ejercicios-de-administrativo-c1-y-auxiliar-administrativo-c2-ambos-procesos-por-turno-libre\/","title":{"rendered":"Xunta de Galicia. Fecha realizaci\u00f3n segundos ejercicios de Administrativo C1 y Auxiliar Administrativo C2 (ambos procesos por turno libre)"},"content":{"rendered":"<p>Se publican en el DOG de hoy, d\u00eda 7 de septiembre de 2021, las Resoluciones por las que se ampl\u00edan el \u00a0plazo para la realizaci\u00f3n del segundo ejercicio del proceso de selecci\u00f3n, para el turno de acceso abierto, para la admisi\u00f3n en el \u00f3rgano de Cuerpo General Administrativo C1 y Cuerpo Auxiliar Administrativo C2.<\/p>\n<p><strong>Las fechas fijadas para la realizaci\u00f3n de estos segundos ejercicios son :<\/strong><\/p>\n<p>Administrativo C1 : 27\/09\/2021<br \/>\nAuxiliar Administrativo C2 : 28\/09\/2021<\/p>\n<table class=\"table\">\n<tbody>\n<tr>\n<td>Cuerpo administrativo \u2013 C1<\/td>\n<td>Fecha 2\u00ba ejercicio:<\/p>\n<p>27\/09\/2021<\/td>\n<td>plazas<br \/>\n1.455<\/td>\n<td>91 (8 discapacidad y 83 acceso libre)<\/td>\n<td>16.30 h<\/td>\n<td>Pabell\u00f3n 1 (6 puertas)<\/td>\n<\/tr>\n<\/tbody>\n<\/table>\n<table class=\"table\">\n<tbody>\n<tr>\n<td>Cuerpo auxiliar \u2013 C2<\/td>\n<td>Fecha 2\u00ba ejercicio:<\/p>\n<p>28\/09\/2021<\/td>\n<td>plazas<br \/>\n2.903<\/td>\n<td>319 (27 discapacidad y 292 acceso libre)<\/td>\n<td>16.30 h<\/td>\n<td>Pabell\u00f3n 1 (6 puertas)<\/td>\n<\/tr>\n<\/tbody>\n<\/table>\n<p>Las personas aspirantes deber\u00e1n ir prove\u00eddas de DNI u otro documento fidedigno que a juicio del tribunal acredite su identidad. Asimismo, deber\u00e1n ir prove\u00eddas de l\u00e1piz del n\u00ba 2 y goma de borrar.<\/p>\n<div><\/div>\n<div>No se permitir\u00e1 el acceso a las aulas en que se realice el ejercicio con tel\u00e9fonos m\u00f3viles, agendas electr\u00f3nicas, relojes inteligentes o cualquier otro material o instrumento de que se pueda valer el\/la aspirante para auxiliarse en la realizaci\u00f3n del ejercicio. No se habilitar\u00e1 ning\u00fan servicio de recogida de m\u00f3viles.<\/div>\n<div><\/div>\n<div>Enlace a Resoluciones publicadas en el DOG<\/p>\n<p><a href=\"https:\/\/www.xunta.gal\/dog\/Publicados\/2021\/20210907\/AnuncioG0597-020921-0004_gl.html\" target=\"_blank\" rel=\"noopener noreferrer\">Resoluci\u00f3n Cuerpo Administrativo C1<\/a><br \/>\n<a href=\"https:\/\/www.xunta.gal\/dog\/Publicados\/2021\/20210907\/AnuncioG0597-020921-0010_gl.html\" target=\"_blank\" rel=\"noopener noreferrer\">Resoluci\u00f3n Cuerpo Auxiliar Administrativo C2<\/a><\/div>\n","protected":false},"excerpt":{"rendered":"<p>Se publican en el DOG de hoy, d\u00eda 7 de septiembre de 2021, las Resoluciones por las que se ampl\u00edan el \u00a0plazo para la realizaci\u00f3n del segundo ejercicio del proceso de selecci\u00f3n, para el turno de acceso abierto, para la admisi\u00f3n en el \u00f3rgano de Cuerpo General Administrativo C1 y Cuerpo Auxiliar Administrativo C2. Las &hellip; <a href=\"https:\/\/www.emplea-te.com\/noticias-oposiciones\/xunta-de-galicia-fecha-realizacion-segundos-ejercicios-de-administrativo-c1-y-auxiliar-administrativo-c2-ambos-procesos-por-turno-libre\/\" class=\"more-link\">Continuar leyendo<span class=\"screen-reader-text\"> \u00abXunta de Galicia. Fecha realizaci\u00f3n segundos ejercicios de Administrativo C1 y Auxiliar Administrativo C2 (ambos procesos por turno libre)\u00bb<\/span><\/a><\/p>\n","protected":false},"author":1,"featured_media":0,"comment_status":"closed","ping_status":"closed","sticky":false,"template":"","format":"standard","meta":{"footnotes":""},"categories":[60,57,4],"tags":[49,71],"class_list":["post-5238","post","type-post","status-publish","format-standard","hentry","category-administrativo-c1-xunta","category-auxiliar-administrativo-c2-xunta","category-oposiciones-xunta","tag-convocatorias-de-oposiciones","tag-fecha-examenes"],"yoast_head":"<!-- This site is optimized with the Yoast SEO plugin v27.3 - https:\/\/yoast.com\/product\/yoast-seo-wordpress\/ -->\n<title>Xunta de Galicia. Publicadas fechas realizaci\u00f3n Segundos ejercicios de Administrativo y Auxiliar Administrativo (turno libre)<\/title>\n<meta name=\"description\" content=\"Xunta de Galicia. Publicadas fechas realizaci\u00f3n Segundos ejercicios de Administrativo y Auxiliar Administrativo (turno libre)\" \/>\n<meta name=\"robots\" content=\"index, follow, max-snippet:-1, max-image-preview:large, max-video-preview:-1\" \/>\n<link rel=\"canonical\" href=\"https:\/\/www.emplea-te.com\/noticias-oposiciones\/xunta-de-galicia-fecha-realizacion-segundos-ejercicios-de-administrativo-c1-y-auxiliar-administrativo-c2-ambos-procesos-por-turno-libre\/\" \/>\n<meta property=\"og:locale\" content=\"es_ES\" \/>\n<meta property=\"og:type\" content=\"article\" \/>\n<meta property=\"og:title\" content=\"Xunta de Galicia. Publicadas fechas realizaci\u00f3n Segundos ejercicios de Administrativo y Auxiliar Administrativo (turno libre)\" \/>\n<meta property=\"og:description\" content=\"Xunta de Galicia. Publicadas fechas realizaci\u00f3n Segundos ejercicios de Administrativo y Auxiliar Administrativo (turno libre)\" \/>\n<meta property=\"og:url\" content=\"https:\/\/www.emplea-te.com\/noticias-oposiciones\/xunta-de-galicia-fecha-realizacion-segundos-ejercicios-de-administrativo-c1-y-auxiliar-administrativo-c2-ambos-procesos-por-turno-libre\/\" \/>\n<meta property=\"og:site_name\" content=\"Noticas de oposiciones por Academia Emplea-te\" \/>\n<meta property=\"article:publisher\" content=\"https:\/\/www.facebook.com\/AcademiaEmpleate\/\" \/>\n<meta property=\"article:published_time\" content=\"2021-09-07T07:34:42+00:00\" \/>\n<meta name=\"author\" content=\"Empleate\" \/>\n<meta name=\"twitter:card\" content=\"summary_large_image\" \/>\n<meta name=\"twitter:creator\" content=\"@Emplea_Te\" \/>\n<meta name=\"twitter:site\" content=\"@Emplea_Te\" \/>\n<meta name=\"twitter:label1\" content=\"Escrito por\" \/>\n\t<meta name=\"twitter:data1\" content=\"Empleate\" \/>\n\t<meta name=\"twitter:label2\" content=\"Tiempo de lectura\" \/>\n\t<meta name=\"twitter:data2\" content=\"1 minuto\" \/>\n<script type=\"application\/ld+json\" class=\"yoast-schema-graph\">{\"@context\":\"https:\\\/\\\/schema.org\",\"@graph\":[{\"@type\":\"Article\",\"@id\":\"https:\\\/\\\/www.emplea-te.com\\\/noticias-oposiciones\\\/xunta-de-galicia-fecha-realizacion-segundos-ejercicios-de-administrativo-c1-y-auxiliar-administrativo-c2-ambos-procesos-por-turno-libre\\\/#article\",\"isPartOf\":{\"@id\":\"https:\\\/\\\/www.emplea-te.com\\\/noticias-oposiciones\\\/xunta-de-galicia-fecha-realizacion-segundos-ejercicios-de-administrativo-c1-y-auxiliar-administrativo-c2-ambos-procesos-por-turno-libre\\\/\"},\"author\":{\"name\":\"Empleate\",\"@id\":\"https:\\\/\\\/www.emplea-te.com\\\/noticias-oposiciones\\\/#\\\/schema\\\/person\\\/d1bc587e1af2b95e9c32aba1795509a6\"},\"headline\":\"Xunta de Galicia. Fecha realizaci\u00f3n segundos ejercicios de Administrativo C1 y Auxiliar Administrativo C2 (ambos procesos por turno libre)\",\"datePublished\":\"2021-09-07T07:34:42+00:00\",\"mainEntityOfPage\":{\"@id\":\"https:\\\/\\\/www.emplea-te.com\\\/noticias-oposiciones\\\/xunta-de-galicia-fecha-realizacion-segundos-ejercicios-de-administrativo-c1-y-auxiliar-administrativo-c2-ambos-procesos-por-turno-libre\\\/\"},\"wordCount\":234,\"publisher\":{\"@id\":\"https:\\\/\\\/www.emplea-te.com\\\/noticias-oposiciones\\\/#organization\"},\"keywords\":[\"Convocatoria\",\"Fecha ex\u00e1menes\"],\"articleSection\":[\"Administrativo C1 Xunta\",\"Auxiliar Administrativo C2 Xunta\",\"Oposiciones Xunta\"],\"inLanguage\":\"es\"},{\"@type\":\"WebPage\",\"@id\":\"https:\\\/\\\/www.emplea-te.com\\\/noticias-oposiciones\\\/xunta-de-galicia-fecha-realizacion-segundos-ejercicios-de-administrativo-c1-y-auxiliar-administrativo-c2-ambos-procesos-por-turno-libre\\\/\",\"url\":\"https:\\\/\\\/www.emplea-te.com\\\/noticias-oposiciones\\\/xunta-de-galicia-fecha-realizacion-segundos-ejercicios-de-administrativo-c1-y-auxiliar-administrativo-c2-ambos-procesos-por-turno-libre\\\/\",\"name\":\"Xunta de Galicia. Publicadas fechas realizaci\u00f3n Segundos ejercicios de Administrativo y Auxiliar Administrativo (turno libre)\",\"isPartOf\":{\"@id\":\"https:\\\/\\\/www.emplea-te.com\\\/noticias-oposiciones\\\/#website\"},\"datePublished\":\"2021-09-07T07:34:42+00:00\",\"description\":\"Xunta de Galicia. Publicadas fechas realizaci\u00f3n Segundos ejercicios de Administrativo y Auxiliar Administrativo (turno libre)\",\"breadcrumb\":{\"@id\":\"https:\\\/\\\/www.emplea-te.com\\\/noticias-oposiciones\\\/xunta-de-galicia-fecha-realizacion-segundos-ejercicios-de-administrativo-c1-y-auxiliar-administrativo-c2-ambos-procesos-por-turno-libre\\\/#breadcrumb\"},\"inLanguage\":\"es\",\"potentialAction\":[{\"@type\":\"ReadAction\",\"target\":[\"https:\\\/\\\/www.emplea-te.com\\\/noticias-oposiciones\\\/xunta-de-galicia-fecha-realizacion-segundos-ejercicios-de-administrativo-c1-y-auxiliar-administrativo-c2-ambos-procesos-por-turno-libre\\\/\"]}]},{\"@type\":\"BreadcrumbList\",\"@id\":\"https:\\\/\\\/www.emplea-te.com\\\/noticias-oposiciones\\\/xunta-de-galicia-fecha-realizacion-segundos-ejercicios-de-administrativo-c1-y-auxiliar-administrativo-c2-ambos-procesos-por-turno-libre\\\/#breadcrumb\",\"itemListElement\":[{\"@type\":\"ListItem\",\"position\":1,\"name\":\"Noticias Oposiciones\",\"item\":\"https:\\\/\\\/www.emplea-te.com\\\/noticias-oposiciones\\\/\"},{\"@type\":\"ListItem\",\"position\":2,\"name\":\"Oposiciones Xunta\",\"item\":\"https:\\\/\\\/www.emplea-te.com\\\/noticias-oposiciones\\\/categoria\\\/oposiciones-xunta\\\/\"},{\"@type\":\"ListItem\",\"position\":3,\"name\":\"Xunta de Galicia. Fecha realizaci\u00f3n segundos ejercicios de Administrativo C1 y Auxiliar Administrativo C2 (ambos procesos por turno libre)\"}]},{\"@type\":\"WebSite\",\"@id\":\"https:\\\/\\\/www.emplea-te.com\\\/noticias-oposiciones\\\/#website\",\"url\":\"https:\\\/\\\/www.emplea-te.com\\\/noticias-oposiciones\\\/\",\"name\":\"Noticas de oposiciones por Academia Emplea-te\",\"description\":\"Toda la actualidad de las ofertas y convocatorias.\",\"publisher\":{\"@id\":\"https:\\\/\\\/www.emplea-te.com\\\/noticias-oposiciones\\\/#organization\"},\"potentialAction\":[{\"@type\":\"SearchAction\",\"target\":{\"@type\":\"EntryPoint\",\"urlTemplate\":\"https:\\\/\\\/www.emplea-te.com\\\/noticias-oposiciones\\\/?s={search_term_string}\"},\"query-input\":{\"@type\":\"PropertyValueSpecification\",\"valueRequired\":true,\"valueName\":\"search_term_string\"}}],\"inLanguage\":\"es\"},{\"@type\":\"Organization\",\"@id\":\"https:\\\/\\\/www.emplea-te.com\\\/noticias-oposiciones\\\/#organization\",\"name\":\"Academia de oposiciones Empl\u00e9ate\",\"url\":\"https:\\\/\\\/www.emplea-te.com\\\/noticias-oposiciones\\\/\",\"logo\":{\"@type\":\"ImageObject\",\"inLanguage\":\"es\",\"@id\":\"https:\\\/\\\/www.emplea-te.com\\\/noticias-oposiciones\\\/#\\\/schema\\\/logo\\\/image\\\/\",\"url\":\"https:\\\/\\\/www.emplea-te.com\\\/noticias-oposiciones\\\/wp-content\\\/uploads\\\/2019\\\/04\\\/empleate.jpg\",\"contentUrl\":\"https:\\\/\\\/www.emplea-te.com\\\/noticias-oposiciones\\\/wp-content\\\/uploads\\\/2019\\\/04\\\/empleate.jpg\",\"width\":250,\"height\":150,\"caption\":\"Academia de oposiciones Empl\u00e9ate\"},\"image\":{\"@id\":\"https:\\\/\\\/www.emplea-te.com\\\/noticias-oposiciones\\\/#\\\/schema\\\/logo\\\/image\\\/\"},\"sameAs\":[\"https:\\\/\\\/www.facebook.com\\\/AcademiaEmpleate\\\/\",\"https:\\\/\\\/x.com\\\/Emplea_Te\",\"https:\\\/\\\/www.instagram.com\\\/academia_empleate\\\/\"]},{\"@type\":\"Person\",\"@id\":\"https:\\\/\\\/www.emplea-te.com\\\/noticias-oposiciones\\\/#\\\/schema\\\/person\\\/d1bc587e1af2b95e9c32aba1795509a6\",\"name\":\"Empleate\"}]}<\/script>\n<!-- \/ Yoast SEO plugin. -->","yoast_head_json":{"title":"Xunta de Galicia. Publicadas fechas realizaci\u00f3n Segundos ejercicios de Administrativo y Auxiliar Administrativo (turno libre)","description":"Xunta de Galicia. Publicadas fechas realizaci\u00f3n Segundos ejercicios de Administrativo y Auxiliar Administrativo (turno libre)","robots":{"index":"index","follow":"follow","max-snippet":"max-snippet:-1","max-image-preview":"max-image-preview:large","max-video-preview":"max-video-preview:-1"},"canonical":"https:\/\/www.emplea-te.com\/noticias-oposiciones\/xunta-de-galicia-fecha-realizacion-segundos-ejercicios-de-administrativo-c1-y-auxiliar-administrativo-c2-ambos-procesos-por-turno-libre\/","og_locale":"es_ES","og_type":"article","og_title":"Xunta de Galicia. Publicadas fechas realizaci\u00f3n Segundos ejercicios de Administrativo y Auxiliar Administrativo (turno libre)","og_description":"Xunta de Galicia. Publicadas fechas realizaci\u00f3n Segundos ejercicios de Administrativo y Auxiliar Administrativo (turno libre)","og_url":"https:\/\/www.emplea-te.com\/noticias-oposiciones\/xunta-de-galicia-fecha-realizacion-segundos-ejercicios-de-administrativo-c1-y-auxiliar-administrativo-c2-ambos-procesos-por-turno-libre\/","og_site_name":"Noticas de oposiciones por Academia Emplea-te","article_publisher":"https:\/\/www.facebook.com\/AcademiaEmpleate\/","article_published_time":"2021-09-07T07:34:42+00:00","author":"Empleate","twitter_card":"summary_large_image","twitter_creator":"@Emplea_Te","twitter_site":"@Emplea_Te","twitter_misc":{"Escrito por":"Empleate","Tiempo de lectura":"1 minuto"},"schema":{"@context":"https:\/\/schema.org","@graph":[{"@type":"Article","@id":"https:\/\/www.emplea-te.com\/noticias-oposiciones\/xunta-de-galicia-fecha-realizacion-segundos-ejercicios-de-administrativo-c1-y-auxiliar-administrativo-c2-ambos-procesos-por-turno-libre\/#article","isPartOf":{"@id":"https:\/\/www.emplea-te.com\/noticias-oposiciones\/xunta-de-galicia-fecha-realizacion-segundos-ejercicios-de-administrativo-c1-y-auxiliar-administrativo-c2-ambos-procesos-por-turno-libre\/"},"author":{"name":"Empleate","@id":"https:\/\/www.emplea-te.com\/noticias-oposiciones\/#\/schema\/person\/d1bc587e1af2b95e9c32aba1795509a6"},"headline":"Xunta de Galicia. Fecha realizaci\u00f3n segundos ejercicios de Administrativo C1 y Auxiliar Administrativo C2 (ambos procesos por turno libre)","datePublished":"2021-09-07T07:34:42+00:00","mainEntityOfPage":{"@id":"https:\/\/www.emplea-te.com\/noticias-oposiciones\/xunta-de-galicia-fecha-realizacion-segundos-ejercicios-de-administrativo-c1-y-auxiliar-administrativo-c2-ambos-procesos-por-turno-libre\/"},"wordCount":234,"publisher":{"@id":"https:\/\/www.emplea-te.com\/noticias-oposiciones\/#organization"},"keywords":["Convocatoria","Fecha ex\u00e1menes"],"articleSection":["Administrativo C1 Xunta","Auxiliar Administrativo C2 Xunta","Oposiciones Xunta"],"inLanguage":"es"},{"@type":"WebPage","@id":"https:\/\/www.emplea-te.com\/noticias-oposiciones\/xunta-de-galicia-fecha-realizacion-segundos-ejercicios-de-administrativo-c1-y-auxiliar-administrativo-c2-ambos-procesos-por-turno-libre\/","url":"https:\/\/www.emplea-te.com\/noticias-oposiciones\/xunta-de-galicia-fecha-realizacion-segundos-ejercicios-de-administrativo-c1-y-auxiliar-administrativo-c2-ambos-procesos-por-turno-libre\/","name":"Xunta de Galicia. Publicadas fechas realizaci\u00f3n Segundos ejercicios de Administrativo y Auxiliar Administrativo (turno libre)","isPartOf":{"@id":"https:\/\/www.emplea-te.com\/noticias-oposiciones\/#website"},"datePublished":"2021-09-07T07:34:42+00:00","description":"Xunta de Galicia. Publicadas fechas realizaci\u00f3n Segundos ejercicios de Administrativo y Auxiliar Administrativo (turno libre)","breadcrumb":{"@id":"https:\/\/www.emplea-te.com\/noticias-oposiciones\/xunta-de-galicia-fecha-realizacion-segundos-ejercicios-de-administrativo-c1-y-auxiliar-administrativo-c2-ambos-procesos-por-turno-libre\/#breadcrumb"},"inLanguage":"es","potentialAction":[{"@type":"ReadAction","target":["https:\/\/www.emplea-te.com\/noticias-oposiciones\/xunta-de-galicia-fecha-realizacion-segundos-ejercicios-de-administrativo-c1-y-auxiliar-administrativo-c2-ambos-procesos-por-turno-libre\/"]}]},{"@type":"BreadcrumbList","@id":"https:\/\/www.emplea-te.com\/noticias-oposiciones\/xunta-de-galicia-fecha-realizacion-segundos-ejercicios-de-administrativo-c1-y-auxiliar-administrativo-c2-ambos-procesos-por-turno-libre\/#breadcrumb","itemListElement":[{"@type":"ListItem","position":1,"name":"Noticias Oposiciones","item":"https:\/\/www.emplea-te.com\/noticias-oposiciones\/"},{"@type":"ListItem","position":2,"name":"Oposiciones Xunta","item":"https:\/\/www.emplea-te.com\/noticias-oposiciones\/categoria\/oposiciones-xunta\/"},{"@type":"ListItem","position":3,"name":"Xunta de Galicia. Fecha realizaci\u00f3n segundos ejercicios de Administrativo C1 y Auxiliar Administrativo C2 (ambos procesos por turno libre)"}]},{"@type":"WebSite","@id":"https:\/\/www.emplea-te.com\/noticias-oposiciones\/#website","url":"https:\/\/www.emplea-te.com\/noticias-oposiciones\/","name":"Noticas de oposiciones por Academia Emplea-te","description":"Toda la actualidad de las ofertas y convocatorias.","publisher":{"@id":"https:\/\/www.emplea-te.com\/noticias-oposiciones\/#organization"},"potentialAction":[{"@type":"SearchAction","target":{"@type":"EntryPoint","urlTemplate":"https:\/\/www.emplea-te.com\/noticias-oposiciones\/?s={search_term_string}"},"query-input":{"@type":"PropertyValueSpecification","valueRequired":true,"valueName":"search_term_string"}}],"inLanguage":"es"},{"@type":"Organization","@id":"https:\/\/www.emplea-te.com\/noticias-oposiciones\/#organization","name":"Academia de oposiciones Empl\u00e9ate","url":"https:\/\/www.emplea-te.com\/noticias-oposiciones\/","logo":{"@type":"ImageObject","inLanguage":"es","@id":"https:\/\/www.emplea-te.com\/noticias-oposiciones\/#\/schema\/logo\/image\/","url":"https:\/\/www.emplea-te.com\/noticias-oposiciones\/wp-content\/uploads\/2019\/04\/empleate.jpg","contentUrl":"https:\/\/www.emplea-te.com\/noticias-oposiciones\/wp-content\/uploads\/2019\/04\/empleate.jpg","width":250,"height":150,"caption":"Academia de oposiciones Empl\u00e9ate"},"image":{"@id":"https:\/\/www.emplea-te.com\/noticias-oposiciones\/#\/schema\/logo\/image\/"},"sameAs":["https:\/\/www.facebook.com\/AcademiaEmpleate\/","https:\/\/x.com\/Emplea_Te","https:\/\/www.instagram.com\/academia_empleate\/"]},{"@type":"Person","@id":"https:\/\/www.emplea-te.com\/noticias-oposiciones\/#\/schema\/person\/d1bc587e1af2b95e9c32aba1795509a6","name":"Empleate"}]}},"_links":{"self":[{"href":"https:\/\/www.emplea-te.com\/noticias-oposiciones\/wp-json\/wp\/v2\/posts\/5238","targetHints":{"allow":["GET"]}}],"collection":[{"href":"https:\/\/www.emplea-te.com\/noticias-oposiciones\/wp-json\/wp\/v2\/posts"}],"about":[{"href":"https:\/\/www.emplea-te.com\/noticias-oposiciones\/wp-json\/wp\/v2\/types\/post"}],"author":[{"embeddable":true,"href":"https:\/\/www.emplea-te.com\/noticias-oposiciones\/wp-json\/wp\/v2\/users\/1"}],"replies":[{"embeddable":true,"href":"https:\/\/www.emplea-te.com\/noticias-oposiciones\/wp-json\/wp\/v2\/comments?post=5238"}],"version-history":[{"count":1,"href":"https:\/\/www.emplea-te.com\/noticias-oposiciones\/wp-json\/wp\/v2\/posts\/5238\/revisions"}],"predecessor-version":[{"id":5239,"href":"https:\/\/www.emplea-te.com\/noticias-oposiciones\/wp-json\/wp\/v2\/posts\/5238\/revisions\/5239"}],"wp:attachment":[{"href":"https:\/\/www.emplea-te.com\/noticias-oposiciones\/wp-json\/wp\/v2\/media?parent=5238"}],"wp:term":[{"taxonomy":"category","embeddable":true,"href":"https:\/\/www.emplea-te.com\/noticias-oposiciones\/wp-json\/wp\/v2\/categories?post=5238"},{"taxonomy":"post_tag","embeddable":true,"href":"https:\/\/www.emplea-te.com\/noticias-oposiciones\/wp-json\/wp\/v2\/tags?post=5238"}],"curies":[{"name":"wp","href":"https:\/\/api.w.org\/{rel}","templated":true}]}}