{"id":5240,"date":"2021-09-07T09:41:52","date_gmt":"2021-09-07T07:41:52","guid":{"rendered":"https:\/\/www.emplea-te.com\/noticias-oposiciones\/?p=5240"},"modified":"2021-09-07T09:41:52","modified_gmt":"2021-09-07T07:41:52","slug":"xunta-de-galicia-cuerpo-superior-administracion-a1-y-cuerpo-de-gestion-a2-fecha-realizacion-tercer-ejercicio","status":"publish","type":"post","link":"https:\/\/www.emplea-te.com\/noticias-oposiciones\/xunta-de-galicia-cuerpo-superior-administracion-a1-y-cuerpo-de-gestion-a2-fecha-realizacion-tercer-ejercicio\/","title":{"rendered":"Xunta de Galicia. Cuerpo Superior Administraci\u00f3n A1 y Cuerpo de Gesti\u00f3n A2 . Fecha realizaci\u00f3n tercer ejercicio."},"content":{"rendered":"<p>Se publican en el DOG de hoy, d\u00eda 7 de septiembre de 2021, las Resoluciones por la que se ampl\u00edan el plazo para la realizaci\u00f3n del tercer ejercicio del proceso de selecci\u00f3n, para el turno de acceso abierto, para la admisi\u00f3n al \u00f3rgano superior de la Administraci\u00f3n General de la Comunidad Aut\u00f3noma de Galicia, subgrupo A1 y Cuerpo de Gesti\u00f3n de la Administraci\u00f3n General subgrupo A2.<\/p>\n<p>La <strong>pr\u00f3rroga del plazo de realizaci\u00f3n del tercer ejercicio<\/strong> del proceso selectivo, por el turno de libre acceso, para el ingreso en el cuerpo superior de la <strong>Administraci\u00f3n general de la Comunidad Aut\u00f3noma de Galicia, subgrupo A1,\u00a0 y Cuerpo de Gesti\u00f3n de la Administraci\u00f3n subgrupo A2<\/strong> <strong>en veinte d\u00edas h\u00e1biles.<\/strong><\/p>\n<p><a href=\"https:\/\/www.xunta.gal\/dog\/Publicados\/2021\/20210907\/AnuncioG0597-020921-0001_gl.html\" target=\"_blank\" rel=\"noopener noreferrer\">Enlace a Resoluci\u00f3n Cuerpo Superior de la Administraci\u00f3n Subgrupo A1<\/a><\/p>\n<p><a href=\"https:\/\/www.xunta.gal\/dog\/Publicados\/2021\/20210907\/AnuncioG0597-020921-0002_gl.html\" target=\"_blank\" rel=\"noopener noreferrer\">Enlace a Resoluci\u00f3n Cuerpo de Gesti\u00f3n de la Administraci\u00f3n Subgrupo A2<\/a><\/p>\n","protected":false},"excerpt":{"rendered":"<p>Se publican en el DOG de hoy, d\u00eda 7 de septiembre de 2021, las Resoluciones por la que se ampl\u00edan el plazo para la realizaci\u00f3n del tercer ejercicio del proceso de selecci\u00f3n, para el turno de acceso abierto, para la admisi\u00f3n al \u00f3rgano superior de la Administraci\u00f3n General de la Comunidad Aut\u00f3noma de Galicia, subgrupo &hellip; <a href=\"https:\/\/www.emplea-te.com\/noticias-oposiciones\/xunta-de-galicia-cuerpo-superior-administracion-a1-y-cuerpo-de-gestion-a2-fecha-realizacion-tercer-ejercicio\/\" class=\"more-link\">Continuar leyendo<span class=\"screen-reader-text\"> \u00abXunta de Galicia. Cuerpo Superior Administraci\u00f3n A1 y Cuerpo de Gesti\u00f3n A2 . Fecha realizaci\u00f3n tercer ejercicio.\u00bb<\/span><\/a><\/p>\n","protected":false},"author":1,"featured_media":0,"comment_status":"closed","ping_status":"closed","sticky":false,"template":"","format":"standard","meta":{"footnotes":""},"categories":[50,58,59,4],"tags":[49,71],"class_list":["post-5240","post","type-post","status-publish","format-standard","hentry","category-administracion-general-subgrupo-a2","category-cuerpo-de-gestion-de-la-administracion-a2-xunta","category-cuerpo-superior-de-la-administracion-a1-xunta","category-oposiciones-xunta","tag-convocatorias-de-oposiciones","tag-fecha-examenes"],"yoast_head":"<!-- This site is optimized with the Yoast SEO plugin v27.5 - https:\/\/yoast.com\/product\/yoast-seo-wordpress\/ -->\n<title>Xunta de Galicia. Fecha Realizaci\u00f3n tercer ejercicio de Cuerpo Superior Administraci\u00f3n A1 y Cuerpo de Gesti\u00f3n Administraci\u00f3n A2<\/title>\n<meta name=\"description\" content=\"Xunta de Galicia. Fecha Realizaci\u00f3n tercer ejercicio de Cuerpo Superior Administraci\u00f3n A1 y Cuerpo de Gesti\u00f3n Administraci\u00f3n A2\" \/>\n<meta name=\"robots\" content=\"index, follow, max-snippet:-1, max-image-preview:large, max-video-preview:-1\" \/>\n<link rel=\"canonical\" href=\"https:\/\/www.emplea-te.com\/noticias-oposiciones\/xunta-de-galicia-cuerpo-superior-administracion-a1-y-cuerpo-de-gestion-a2-fecha-realizacion-tercer-ejercicio\/\" \/>\n<meta property=\"og:locale\" content=\"es_ES\" \/>\n<meta property=\"og:type\" content=\"article\" \/>\n<meta property=\"og:title\" content=\"Xunta de Galicia. Fecha Realizaci\u00f3n tercer ejercicio de Cuerpo Superior Administraci\u00f3n A1 y Cuerpo de Gesti\u00f3n Administraci\u00f3n A2\" \/>\n<meta property=\"og:description\" content=\"Xunta de Galicia. Fecha Realizaci\u00f3n tercer ejercicio de Cuerpo Superior Administraci\u00f3n A1 y Cuerpo de Gesti\u00f3n Administraci\u00f3n A2\" \/>\n<meta property=\"og:url\" content=\"https:\/\/www.emplea-te.com\/noticias-oposiciones\/xunta-de-galicia-cuerpo-superior-administracion-a1-y-cuerpo-de-gestion-a2-fecha-realizacion-tercer-ejercicio\/\" \/>\n<meta property=\"og:site_name\" content=\"Noticas de oposiciones por Academia Emplea-te\" \/>\n<meta property=\"article:publisher\" content=\"https:\/\/www.facebook.com\/AcademiaEmpleate\/\" \/>\n<meta property=\"article:published_time\" content=\"2021-09-07T07:41:52+00:00\" \/>\n<meta name=\"author\" content=\"Empleate\" \/>\n<meta name=\"twitter:card\" content=\"summary_large_image\" \/>\n<meta name=\"twitter:creator\" content=\"@Emplea_Te\" \/>\n<meta name=\"twitter:site\" content=\"@Emplea_Te\" \/>\n<meta name=\"twitter:label1\" content=\"Escrito por\" \/>\n\t<meta name=\"twitter:data1\" content=\"Empleate\" \/>\n\t<meta name=\"twitter:label2\" content=\"Tiempo de lectura\" \/>\n\t<meta name=\"twitter:data2\" content=\"1 minuto\" \/>\n<script type=\"application\/ld+json\" class=\"yoast-schema-graph\">{\"@context\":\"https:\\\/\\\/schema.org\",\"@graph\":[{\"@type\":\"Article\",\"@id\":\"https:\\\/\\\/www.emplea-te.com\\\/noticias-oposiciones\\\/xunta-de-galicia-cuerpo-superior-administracion-a1-y-cuerpo-de-gestion-a2-fecha-realizacion-tercer-ejercicio\\\/#article\",\"isPartOf\":{\"@id\":\"https:\\\/\\\/www.emplea-te.com\\\/noticias-oposiciones\\\/xunta-de-galicia-cuerpo-superior-administracion-a1-y-cuerpo-de-gestion-a2-fecha-realizacion-tercer-ejercicio\\\/\"},\"author\":{\"name\":\"Empleate\",\"@id\":\"https:\\\/\\\/www.emplea-te.com\\\/noticias-oposiciones\\\/#\\\/schema\\\/person\\\/d1bc587e1af2b95e9c32aba1795509a6\"},\"headline\":\"Xunta de Galicia. Cuerpo Superior Administraci\u00f3n A1 y Cuerpo de Gesti\u00f3n A2 . Fecha realizaci\u00f3n tercer ejercicio.\",\"datePublished\":\"2021-09-07T07:41:52+00:00\",\"mainEntityOfPage\":{\"@id\":\"https:\\\/\\\/www.emplea-te.com\\\/noticias-oposiciones\\\/xunta-de-galicia-cuerpo-superior-administracion-a1-y-cuerpo-de-gestion-a2-fecha-realizacion-tercer-ejercicio\\\/\"},\"wordCount\":176,\"publisher\":{\"@id\":\"https:\\\/\\\/www.emplea-te.com\\\/noticias-oposiciones\\\/#organization\"},\"keywords\":[\"Convocatoria\",\"Fecha ex\u00e1menes\"],\"articleSection\":[\"Administraci\u00f3n General Subgrupo A2\",\"Cuerpo de Gesti\u00f3n de la Administraci\u00f3n A2 Xunta\",\"Cuerpo Superior de la Administraci\u00f3n A1 Xunta\",\"Oposiciones Xunta\"],\"inLanguage\":\"es\"},{\"@type\":\"WebPage\",\"@id\":\"https:\\\/\\\/www.emplea-te.com\\\/noticias-oposiciones\\\/xunta-de-galicia-cuerpo-superior-administracion-a1-y-cuerpo-de-gestion-a2-fecha-realizacion-tercer-ejercicio\\\/\",\"url\":\"https:\\\/\\\/www.emplea-te.com\\\/noticias-oposiciones\\\/xunta-de-galicia-cuerpo-superior-administracion-a1-y-cuerpo-de-gestion-a2-fecha-realizacion-tercer-ejercicio\\\/\",\"name\":\"Xunta de Galicia. Fecha Realizaci\u00f3n tercer ejercicio de Cuerpo Superior Administraci\u00f3n A1 y Cuerpo de Gesti\u00f3n Administraci\u00f3n A2\",\"isPartOf\":{\"@id\":\"https:\\\/\\\/www.emplea-te.com\\\/noticias-oposiciones\\\/#website\"},\"datePublished\":\"2021-09-07T07:41:52+00:00\",\"description\":\"Xunta de Galicia. Fecha Realizaci\u00f3n tercer ejercicio de Cuerpo Superior Administraci\u00f3n A1 y Cuerpo de Gesti\u00f3n Administraci\u00f3n A2\",\"breadcrumb\":{\"@id\":\"https:\\\/\\\/www.emplea-te.com\\\/noticias-oposiciones\\\/xunta-de-galicia-cuerpo-superior-administracion-a1-y-cuerpo-de-gestion-a2-fecha-realizacion-tercer-ejercicio\\\/#breadcrumb\"},\"inLanguage\":\"es\",\"potentialAction\":[{\"@type\":\"ReadAction\",\"target\":[\"https:\\\/\\\/www.emplea-te.com\\\/noticias-oposiciones\\\/xunta-de-galicia-cuerpo-superior-administracion-a1-y-cuerpo-de-gestion-a2-fecha-realizacion-tercer-ejercicio\\\/\"]}]},{\"@type\":\"BreadcrumbList\",\"@id\":\"https:\\\/\\\/www.emplea-te.com\\\/noticias-oposiciones\\\/xunta-de-galicia-cuerpo-superior-administracion-a1-y-cuerpo-de-gestion-a2-fecha-realizacion-tercer-ejercicio\\\/#breadcrumb\",\"itemListElement\":[{\"@type\":\"ListItem\",\"position\":1,\"name\":\"Noticias Oposiciones\",\"item\":\"https:\\\/\\\/www.emplea-te.com\\\/noticias-oposiciones\\\/\"},{\"@type\":\"ListItem\",\"position\":2,\"name\":\"Oposiciones Xunta\",\"item\":\"https:\\\/\\\/www.emplea-te.com\\\/noticias-oposiciones\\\/categoria\\\/oposiciones-xunta\\\/\"},{\"@type\":\"ListItem\",\"position\":3,\"name\":\"Xunta de Galicia. Cuerpo Superior Administraci\u00f3n A1 y Cuerpo de Gesti\u00f3n A2 . Fecha realizaci\u00f3n tercer ejercicio.\"}]},{\"@type\":\"WebSite\",\"@id\":\"https:\\\/\\\/www.emplea-te.com\\\/noticias-oposiciones\\\/#website\",\"url\":\"https:\\\/\\\/www.emplea-te.com\\\/noticias-oposiciones\\\/\",\"name\":\"Noticas de oposiciones por Academia Emplea-te\",\"description\":\"Toda la actualidad de las ofertas y convocatorias.\",\"publisher\":{\"@id\":\"https:\\\/\\\/www.emplea-te.com\\\/noticias-oposiciones\\\/#organization\"},\"potentialAction\":[{\"@type\":\"SearchAction\",\"target\":{\"@type\":\"EntryPoint\",\"urlTemplate\":\"https:\\\/\\\/www.emplea-te.com\\\/noticias-oposiciones\\\/?s={search_term_string}\"},\"query-input\":{\"@type\":\"PropertyValueSpecification\",\"valueRequired\":true,\"valueName\":\"search_term_string\"}}],\"inLanguage\":\"es\"},{\"@type\":\"Organization\",\"@id\":\"https:\\\/\\\/www.emplea-te.com\\\/noticias-oposiciones\\\/#organization\",\"name\":\"Academia de oposiciones Empl\u00e9ate\",\"url\":\"https:\\\/\\\/www.emplea-te.com\\\/noticias-oposiciones\\\/\",\"logo\":{\"@type\":\"ImageObject\",\"inLanguage\":\"es\",\"@id\":\"https:\\\/\\\/www.emplea-te.com\\\/noticias-oposiciones\\\/#\\\/schema\\\/logo\\\/image\\\/\",\"url\":\"https:\\\/\\\/www.emplea-te.com\\\/noticias-oposiciones\\\/wp-content\\\/uploads\\\/2019\\\/04\\\/empleate.jpg\",\"contentUrl\":\"https:\\\/\\\/www.emplea-te.com\\\/noticias-oposiciones\\\/wp-content\\\/uploads\\\/2019\\\/04\\\/empleate.jpg\",\"width\":250,\"height\":150,\"caption\":\"Academia de oposiciones Empl\u00e9ate\"},\"image\":{\"@id\":\"https:\\\/\\\/www.emplea-te.com\\\/noticias-oposiciones\\\/#\\\/schema\\\/logo\\\/image\\\/\"},\"sameAs\":[\"https:\\\/\\\/www.facebook.com\\\/AcademiaEmpleate\\\/\",\"https:\\\/\\\/x.com\\\/Emplea_Te\",\"https:\\\/\\\/www.instagram.com\\\/academia_empleate\\\/\"]},{\"@type\":\"Person\",\"@id\":\"https:\\\/\\\/www.emplea-te.com\\\/noticias-oposiciones\\\/#\\\/schema\\\/person\\\/d1bc587e1af2b95e9c32aba1795509a6\",\"name\":\"Empleate\"}]}<\/script>\n<!-- \/ Yoast SEO plugin. -->","yoast_head_json":{"title":"Xunta de Galicia. Fecha Realizaci\u00f3n tercer ejercicio de Cuerpo Superior Administraci\u00f3n A1 y Cuerpo de Gesti\u00f3n Administraci\u00f3n A2","description":"Xunta de Galicia. Fecha Realizaci\u00f3n tercer ejercicio de Cuerpo Superior Administraci\u00f3n A1 y Cuerpo de Gesti\u00f3n Administraci\u00f3n A2","robots":{"index":"index","follow":"follow","max-snippet":"max-snippet:-1","max-image-preview":"max-image-preview:large","max-video-preview":"max-video-preview:-1"},"canonical":"https:\/\/www.emplea-te.com\/noticias-oposiciones\/xunta-de-galicia-cuerpo-superior-administracion-a1-y-cuerpo-de-gestion-a2-fecha-realizacion-tercer-ejercicio\/","og_locale":"es_ES","og_type":"article","og_title":"Xunta de Galicia. Fecha Realizaci\u00f3n tercer ejercicio de Cuerpo Superior Administraci\u00f3n A1 y Cuerpo de Gesti\u00f3n Administraci\u00f3n A2","og_description":"Xunta de Galicia. Fecha Realizaci\u00f3n tercer ejercicio de Cuerpo Superior Administraci\u00f3n A1 y Cuerpo de Gesti\u00f3n Administraci\u00f3n A2","og_url":"https:\/\/www.emplea-te.com\/noticias-oposiciones\/xunta-de-galicia-cuerpo-superior-administracion-a1-y-cuerpo-de-gestion-a2-fecha-realizacion-tercer-ejercicio\/","og_site_name":"Noticas de oposiciones por Academia Emplea-te","article_publisher":"https:\/\/www.facebook.com\/AcademiaEmpleate\/","article_published_time":"2021-09-07T07:41:52+00:00","author":"Empleate","twitter_card":"summary_large_image","twitter_creator":"@Emplea_Te","twitter_site":"@Emplea_Te","twitter_misc":{"Escrito por":"Empleate","Tiempo de lectura":"1 minuto"},"schema":{"@context":"https:\/\/schema.org","@graph":[{"@type":"Article","@id":"https:\/\/www.emplea-te.com\/noticias-oposiciones\/xunta-de-galicia-cuerpo-superior-administracion-a1-y-cuerpo-de-gestion-a2-fecha-realizacion-tercer-ejercicio\/#article","isPartOf":{"@id":"https:\/\/www.emplea-te.com\/noticias-oposiciones\/xunta-de-galicia-cuerpo-superior-administracion-a1-y-cuerpo-de-gestion-a2-fecha-realizacion-tercer-ejercicio\/"},"author":{"name":"Empleate","@id":"https:\/\/www.emplea-te.com\/noticias-oposiciones\/#\/schema\/person\/d1bc587e1af2b95e9c32aba1795509a6"},"headline":"Xunta de Galicia. Cuerpo Superior Administraci\u00f3n A1 y Cuerpo de Gesti\u00f3n A2 . Fecha realizaci\u00f3n tercer ejercicio.","datePublished":"2021-09-07T07:41:52+00:00","mainEntityOfPage":{"@id":"https:\/\/www.emplea-te.com\/noticias-oposiciones\/xunta-de-galicia-cuerpo-superior-administracion-a1-y-cuerpo-de-gestion-a2-fecha-realizacion-tercer-ejercicio\/"},"wordCount":176,"publisher":{"@id":"https:\/\/www.emplea-te.com\/noticias-oposiciones\/#organization"},"keywords":["Convocatoria","Fecha ex\u00e1menes"],"articleSection":["Administraci\u00f3n General Subgrupo A2","Cuerpo de Gesti\u00f3n de la Administraci\u00f3n A2 Xunta","Cuerpo Superior de la Administraci\u00f3n A1 Xunta","Oposiciones Xunta"],"inLanguage":"es"},{"@type":"WebPage","@id":"https:\/\/www.emplea-te.com\/noticias-oposiciones\/xunta-de-galicia-cuerpo-superior-administracion-a1-y-cuerpo-de-gestion-a2-fecha-realizacion-tercer-ejercicio\/","url":"https:\/\/www.emplea-te.com\/noticias-oposiciones\/xunta-de-galicia-cuerpo-superior-administracion-a1-y-cuerpo-de-gestion-a2-fecha-realizacion-tercer-ejercicio\/","name":"Xunta de Galicia. Fecha Realizaci\u00f3n tercer ejercicio de Cuerpo Superior Administraci\u00f3n A1 y Cuerpo de Gesti\u00f3n Administraci\u00f3n A2","isPartOf":{"@id":"https:\/\/www.emplea-te.com\/noticias-oposiciones\/#website"},"datePublished":"2021-09-07T07:41:52+00:00","description":"Xunta de Galicia. Fecha Realizaci\u00f3n tercer ejercicio de Cuerpo Superior Administraci\u00f3n A1 y Cuerpo de Gesti\u00f3n Administraci\u00f3n A2","breadcrumb":{"@id":"https:\/\/www.emplea-te.com\/noticias-oposiciones\/xunta-de-galicia-cuerpo-superior-administracion-a1-y-cuerpo-de-gestion-a2-fecha-realizacion-tercer-ejercicio\/#breadcrumb"},"inLanguage":"es","potentialAction":[{"@type":"ReadAction","target":["https:\/\/www.emplea-te.com\/noticias-oposiciones\/xunta-de-galicia-cuerpo-superior-administracion-a1-y-cuerpo-de-gestion-a2-fecha-realizacion-tercer-ejercicio\/"]}]},{"@type":"BreadcrumbList","@id":"https:\/\/www.emplea-te.com\/noticias-oposiciones\/xunta-de-galicia-cuerpo-superior-administracion-a1-y-cuerpo-de-gestion-a2-fecha-realizacion-tercer-ejercicio\/#breadcrumb","itemListElement":[{"@type":"ListItem","position":1,"name":"Noticias Oposiciones","item":"https:\/\/www.emplea-te.com\/noticias-oposiciones\/"},{"@type":"ListItem","position":2,"name":"Oposiciones Xunta","item":"https:\/\/www.emplea-te.com\/noticias-oposiciones\/categoria\/oposiciones-xunta\/"},{"@type":"ListItem","position":3,"name":"Xunta de Galicia. Cuerpo Superior Administraci\u00f3n A1 y Cuerpo de Gesti\u00f3n A2 . Fecha realizaci\u00f3n tercer ejercicio."}]},{"@type":"WebSite","@id":"https:\/\/www.emplea-te.com\/noticias-oposiciones\/#website","url":"https:\/\/www.emplea-te.com\/noticias-oposiciones\/","name":"Noticas de oposiciones por Academia Emplea-te","description":"Toda la actualidad de las ofertas y convocatorias.","publisher":{"@id":"https:\/\/www.emplea-te.com\/noticias-oposiciones\/#organization"},"potentialAction":[{"@type":"SearchAction","target":{"@type":"EntryPoint","urlTemplate":"https:\/\/www.emplea-te.com\/noticias-oposiciones\/?s={search_term_string}"},"query-input":{"@type":"PropertyValueSpecification","valueRequired":true,"valueName":"search_term_string"}}],"inLanguage":"es"},{"@type":"Organization","@id":"https:\/\/www.emplea-te.com\/noticias-oposiciones\/#organization","name":"Academia de oposiciones Empl\u00e9ate","url":"https:\/\/www.emplea-te.com\/noticias-oposiciones\/","logo":{"@type":"ImageObject","inLanguage":"es","@id":"https:\/\/www.emplea-te.com\/noticias-oposiciones\/#\/schema\/logo\/image\/","url":"https:\/\/www.emplea-te.com\/noticias-oposiciones\/wp-content\/uploads\/2019\/04\/empleate.jpg","contentUrl":"https:\/\/www.emplea-te.com\/noticias-oposiciones\/wp-content\/uploads\/2019\/04\/empleate.jpg","width":250,"height":150,"caption":"Academia de oposiciones Empl\u00e9ate"},"image":{"@id":"https:\/\/www.emplea-te.com\/noticias-oposiciones\/#\/schema\/logo\/image\/"},"sameAs":["https:\/\/www.facebook.com\/AcademiaEmpleate\/","https:\/\/x.com\/Emplea_Te","https:\/\/www.instagram.com\/academia_empleate\/"]},{"@type":"Person","@id":"https:\/\/www.emplea-te.com\/noticias-oposiciones\/#\/schema\/person\/d1bc587e1af2b95e9c32aba1795509a6","name":"Empleate"}]}},"_links":{"self":[{"href":"https:\/\/www.emplea-te.com\/noticias-oposiciones\/wp-json\/wp\/v2\/posts\/5240","targetHints":{"allow":["GET"]}}],"collection":[{"href":"https:\/\/www.emplea-te.com\/noticias-oposiciones\/wp-json\/wp\/v2\/posts"}],"about":[{"href":"https:\/\/www.emplea-te.com\/noticias-oposiciones\/wp-json\/wp\/v2\/types\/post"}],"author":[{"embeddable":true,"href":"https:\/\/www.emplea-te.com\/noticias-oposiciones\/wp-json\/wp\/v2\/users\/1"}],"replies":[{"embeddable":true,"href":"https:\/\/www.emplea-te.com\/noticias-oposiciones\/wp-json\/wp\/v2\/comments?post=5240"}],"version-history":[{"count":1,"href":"https:\/\/www.emplea-te.com\/noticias-oposiciones\/wp-json\/wp\/v2\/posts\/5240\/revisions"}],"predecessor-version":[{"id":5241,"href":"https:\/\/www.emplea-te.com\/noticias-oposiciones\/wp-json\/wp\/v2\/posts\/5240\/revisions\/5241"}],"wp:attachment":[{"href":"https:\/\/www.emplea-te.com\/noticias-oposiciones\/wp-json\/wp\/v2\/media?parent=5240"}],"wp:term":[{"taxonomy":"category","embeddable":true,"href":"https:\/\/www.emplea-te.com\/noticias-oposiciones\/wp-json\/wp\/v2\/categories?post=5240"},{"taxonomy":"post_tag","embeddable":true,"href":"https:\/\/www.emplea-te.com\/noticias-oposiciones\/wp-json\/wp\/v2\/tags?post=5240"}],"curies":[{"name":"wp","href":"https:\/\/api.w.org\/{rel}","templated":true}]}}