{"id":5277,"date":"2021-09-10T09:47:36","date_gmt":"2021-09-10T07:47:36","guid":{"rendered":"https:\/\/www.emplea-te.com\/noticias-oposiciones\/?p=5277"},"modified":"2021-09-10T09:50:12","modified_gmt":"2021-09-10T07:50:12","slug":"administracion-general-del-estado-se-modifica-la-resolucion-por-la-que-se-publica-la-relacion-provisional-de-aspirantes-admitidos-y-excluidos-en-el-proceso-selectivo-de-distintas-categorias","status":"publish","type":"post","link":"https:\/\/www.emplea-te.com\/noticias-oposiciones\/administracion-general-del-estado-se-modifica-la-resolucion-por-la-que-se-publica-la-relacion-provisional-de-aspirantes-admitidos-y-excluidos-en-el-proceso-selectivo-de-distintas-categorias\/","title":{"rendered":"Administraci\u00f3n General del Estado. Se modifica la Resoluci\u00f3n por la que se publica la relaci\u00f3n provisional de aspirantes admitidos y excluidos en el proceso selectivo de distintas categor\u00edas."},"content":{"rendered":"<p>Administraci\u00f3n General del Estado.<\/p>\n<p>Se publica en el BOE de hoy, d\u00eda 10 de septiembre de 2021, la modificaci\u00f3n de la Resoluci\u00f3n de 3 de septiembre por la que se\u00a0 anuncia la relaci\u00f3n provisional de aspirantes admitidos y excluidos y se anuncia la fecha y lugar de celebraci\u00f3n de procesos selectivos de distintas categor\u00edas.<\/p>\n<p>Destacamos las siguientes Categor\u00edas a las que se refiere esta Resoluci\u00f3n:<\/p>\n<p>Cuerpo Administrativo C1 : promoci\u00f3n interna<br \/>\nCuerpo de Gesti\u00f3n Civil de la Administraci\u00f3n: acceso libre y promoci\u00f3n interna.<\/p>\n<p><strong>La Modificaci\u00f3n Resoluci\u00f3n afecta a\u00a0 los siguientes puntos:<\/strong><\/p>\n<p>Advertidos errores en los listados de admitidos contenidos en la referida<br \/>\nResoluci\u00f3n de 3 de septiembre, he resuelto:<br \/>\nCorregir la relaci\u00f3n provisional de admitidos en la Escala de Gesti\u00f3n de Organismos Aut\u00f3nomos, que se encontrar\u00e1 expuesta en la sede electr\u00f3nica del Instituto Nacional de Administraci\u00f3n P\u00fablica (<a href=\"https:\/\/sede.inap.gob.es\/\" target=\"_blank\" rel=\"noopener noreferrer\">https:\/\/sede.inap.gob.es\/<\/a>), as\u00ed como en los restantes lugares<br \/>\nprevistos en la base espec\u00edfica 11.2.<\/p>\n<p><a href=\"https:\/\/www.boe.es\/boe\/dias\/2021\/09\/10\/pdfs\/BOE-A-2021-14770.pdf\" target=\"_blank\" rel=\"noopener noreferrer\">Desde este enlace puedes acceder a la Resoluci\u00f3n modificada publicada en el BOE de hoy.\u00a0<\/a><\/p>\n<p>La fecha prevista para la realizaci\u00f3n de estos ejercicios es el 6 de noviembre de 2021.<\/p>\n<p><a href=\"http:\/\/www.emplea-te.com\" target=\"_blank\" rel=\"noopener noreferrer\">Prep\u00e1rate en nuestros grupos presenciales y on line.\u00a0<\/a><\/p>\n","protected":false},"excerpt":{"rendered":"<p>Administraci\u00f3n General del Estado. Se publica en el BOE de hoy, d\u00eda 10 de septiembre de 2021, la modificaci\u00f3n de la Resoluci\u00f3n de 3 de septiembre por la que se\u00a0 anuncia la relaci\u00f3n provisional de aspirantes admitidos y excluidos y se anuncia la fecha y lugar de celebraci\u00f3n de procesos selectivos de distintas categor\u00edas. Destacamos &hellip; <a href=\"https:\/\/www.emplea-te.com\/noticias-oposiciones\/administracion-general-del-estado-se-modifica-la-resolucion-por-la-que-se-publica-la-relacion-provisional-de-aspirantes-admitidos-y-excluidos-en-el-proceso-selectivo-de-distintas-categorias\/\" class=\"more-link\">Continuar leyendo<span class=\"screen-reader-text\"> \u00abAdministraci\u00f3n General del Estado. Se modifica la Resoluci\u00f3n por la que se publica la relaci\u00f3n provisional de aspirantes admitidos y excluidos en el proceso selectivo de distintas categor\u00edas.\u00bb<\/span><\/a><\/p>\n","protected":false},"author":1,"featured_media":0,"comment_status":"closed","ping_status":"closed","sticky":false,"template":"","format":"standard","meta":{"footnotes":""},"categories":[47,7,12],"tags":[],"class_list":["post-5277","post","type-post","status-publish","format-standard","hentry","category-administracion-general-del-estado","category-oposiciones-administracion-general-del-estado","category-gestion-de-la-administracion-civil-a2"],"yoast_head":"<!-- This site is optimized with the Yoast SEO plugin v27.5 - https:\/\/yoast.com\/product\/yoast-seo-wordpress\/ -->\n<title>Resoluci\u00f3n Oposiciones Cuerpos Generales Administraci\u00f3n General del Estado.<\/title>\n<meta name=\"description\" content=\"Resoluci\u00f3n Oposiciones Cuerpos Generales Administraci\u00f3n General del Estado.\" \/>\n<meta name=\"robots\" content=\"index, follow, max-snippet:-1, max-image-preview:large, max-video-preview:-1\" \/>\n<link rel=\"canonical\" href=\"https:\/\/www.emplea-te.com\/noticias-oposiciones\/administracion-general-del-estado-se-modifica-la-resolucion-por-la-que-se-publica-la-relacion-provisional-de-aspirantes-admitidos-y-excluidos-en-el-proceso-selectivo-de-distintas-categorias\/\" \/>\n<meta property=\"og:locale\" content=\"es_ES\" \/>\n<meta property=\"og:type\" content=\"article\" \/>\n<meta property=\"og:title\" content=\"Resoluci\u00f3n Oposiciones Cuerpos Generales Administraci\u00f3n General del Estado.\" \/>\n<meta property=\"og:description\" content=\"Resoluci\u00f3n Oposiciones Cuerpos Generales Administraci\u00f3n General del Estado.\" \/>\n<meta property=\"og:url\" content=\"https:\/\/www.emplea-te.com\/noticias-oposiciones\/administracion-general-del-estado-se-modifica-la-resolucion-por-la-que-se-publica-la-relacion-provisional-de-aspirantes-admitidos-y-excluidos-en-el-proceso-selectivo-de-distintas-categorias\/\" \/>\n<meta property=\"og:site_name\" content=\"Noticas de oposiciones por Academia Emplea-te\" \/>\n<meta property=\"article:publisher\" content=\"https:\/\/www.facebook.com\/AcademiaEmpleate\/\" \/>\n<meta property=\"article:published_time\" content=\"2021-09-10T07:47:36+00:00\" \/>\n<meta property=\"article:modified_time\" content=\"2021-09-10T07:50:12+00:00\" \/>\n<meta name=\"author\" content=\"Empleate\" \/>\n<meta name=\"twitter:card\" content=\"summary_large_image\" \/>\n<meta name=\"twitter:creator\" content=\"@Emplea_Te\" \/>\n<meta name=\"twitter:site\" content=\"@Emplea_Te\" \/>\n<meta name=\"twitter:label1\" content=\"Escrito por\" \/>\n\t<meta name=\"twitter:data1\" content=\"Empleate\" \/>\n\t<meta name=\"twitter:label2\" content=\"Tiempo de lectura\" \/>\n\t<meta name=\"twitter:data2\" content=\"1 minuto\" \/>\n<script type=\"application\/ld+json\" class=\"yoast-schema-graph\">{\"@context\":\"https:\\\/\\\/schema.org\",\"@graph\":[{\"@type\":\"Article\",\"@id\":\"https:\\\/\\\/www.emplea-te.com\\\/noticias-oposiciones\\\/administracion-general-del-estado-se-modifica-la-resolucion-por-la-que-se-publica-la-relacion-provisional-de-aspirantes-admitidos-y-excluidos-en-el-proceso-selectivo-de-distintas-categorias\\\/#article\",\"isPartOf\":{\"@id\":\"https:\\\/\\\/www.emplea-te.com\\\/noticias-oposiciones\\\/administracion-general-del-estado-se-modifica-la-resolucion-por-la-que-se-publica-la-relacion-provisional-de-aspirantes-admitidos-y-excluidos-en-el-proceso-selectivo-de-distintas-categorias\\\/\"},\"author\":{\"name\":\"Empleate\",\"@id\":\"https:\\\/\\\/www.emplea-te.com\\\/noticias-oposiciones\\\/#\\\/schema\\\/person\\\/d1bc587e1af2b95e9c32aba1795509a6\"},\"headline\":\"Administraci\u00f3n General del Estado. Se modifica la Resoluci\u00f3n por la que se publica la relaci\u00f3n provisional de aspirantes admitidos y excluidos en el proceso selectivo de distintas categor\u00edas.\",\"datePublished\":\"2021-09-10T07:47:36+00:00\",\"dateModified\":\"2021-09-10T07:50:12+00:00\",\"mainEntityOfPage\":{\"@id\":\"https:\\\/\\\/www.emplea-te.com\\\/noticias-oposiciones\\\/administracion-general-del-estado-se-modifica-la-resolucion-por-la-que-se-publica-la-relacion-provisional-de-aspirantes-admitidos-y-excluidos-en-el-proceso-selectivo-de-distintas-categorias\\\/\"},\"wordCount\":243,\"publisher\":{\"@id\":\"https:\\\/\\\/www.emplea-te.com\\\/noticias-oposiciones\\\/#organization\"},\"articleSection\":[\"Administraci\u00f3n General del Estado.\",\"Oposiciones Administraci\u00f3n General del Estado\",\"Oposiciones Gesti\u00f3n de la Administraci\u00f3n Civil A2\"],\"inLanguage\":\"es\"},{\"@type\":\"WebPage\",\"@id\":\"https:\\\/\\\/www.emplea-te.com\\\/noticias-oposiciones\\\/administracion-general-del-estado-se-modifica-la-resolucion-por-la-que-se-publica-la-relacion-provisional-de-aspirantes-admitidos-y-excluidos-en-el-proceso-selectivo-de-distintas-categorias\\\/\",\"url\":\"https:\\\/\\\/www.emplea-te.com\\\/noticias-oposiciones\\\/administracion-general-del-estado-se-modifica-la-resolucion-por-la-que-se-publica-la-relacion-provisional-de-aspirantes-admitidos-y-excluidos-en-el-proceso-selectivo-de-distintas-categorias\\\/\",\"name\":\"Resoluci\u00f3n Oposiciones Cuerpos Generales Administraci\u00f3n General del Estado.\",\"isPartOf\":{\"@id\":\"https:\\\/\\\/www.emplea-te.com\\\/noticias-oposiciones\\\/#website\"},\"datePublished\":\"2021-09-10T07:47:36+00:00\",\"dateModified\":\"2021-09-10T07:50:12+00:00\",\"description\":\"Resoluci\u00f3n Oposiciones Cuerpos Generales Administraci\u00f3n General del Estado.\",\"breadcrumb\":{\"@id\":\"https:\\\/\\\/www.emplea-te.com\\\/noticias-oposiciones\\\/administracion-general-del-estado-se-modifica-la-resolucion-por-la-que-se-publica-la-relacion-provisional-de-aspirantes-admitidos-y-excluidos-en-el-proceso-selectivo-de-distintas-categorias\\\/#breadcrumb\"},\"inLanguage\":\"es\",\"potentialAction\":[{\"@type\":\"ReadAction\",\"target\":[\"https:\\\/\\\/www.emplea-te.com\\\/noticias-oposiciones\\\/administracion-general-del-estado-se-modifica-la-resolucion-por-la-que-se-publica-la-relacion-provisional-de-aspirantes-admitidos-y-excluidos-en-el-proceso-selectivo-de-distintas-categorias\\\/\"]}]},{\"@type\":\"BreadcrumbList\",\"@id\":\"https:\\\/\\\/www.emplea-te.com\\\/noticias-oposiciones\\\/administracion-general-del-estado-se-modifica-la-resolucion-por-la-que-se-publica-la-relacion-provisional-de-aspirantes-admitidos-y-excluidos-en-el-proceso-selectivo-de-distintas-categorias\\\/#breadcrumb\",\"itemListElement\":[{\"@type\":\"ListItem\",\"position\":1,\"name\":\"Noticias Oposiciones\",\"item\":\"https:\\\/\\\/www.emplea-te.com\\\/noticias-oposiciones\\\/\"},{\"@type\":\"ListItem\",\"position\":2,\"name\":\"Administraci\u00f3n General del Estado.\",\"item\":\"https:\\\/\\\/www.emplea-te.com\\\/noticias-oposiciones\\\/categoria\\\/administracion-general-del-estado\\\/\"},{\"@type\":\"ListItem\",\"position\":3,\"name\":\"Administraci\u00f3n General del Estado. Se modifica la Resoluci\u00f3n por la que se publica la relaci\u00f3n provisional de aspirantes admitidos y excluidos en el proceso selectivo de distintas categor\u00edas.\"}]},{\"@type\":\"WebSite\",\"@id\":\"https:\\\/\\\/www.emplea-te.com\\\/noticias-oposiciones\\\/#website\",\"url\":\"https:\\\/\\\/www.emplea-te.com\\\/noticias-oposiciones\\\/\",\"name\":\"Noticas de oposiciones por Academia Emplea-te\",\"description\":\"Toda la actualidad de las ofertas y convocatorias.\",\"publisher\":{\"@id\":\"https:\\\/\\\/www.emplea-te.com\\\/noticias-oposiciones\\\/#organization\"},\"potentialAction\":[{\"@type\":\"SearchAction\",\"target\":{\"@type\":\"EntryPoint\",\"urlTemplate\":\"https:\\\/\\\/www.emplea-te.com\\\/noticias-oposiciones\\\/?s={search_term_string}\"},\"query-input\":{\"@type\":\"PropertyValueSpecification\",\"valueRequired\":true,\"valueName\":\"search_term_string\"}}],\"inLanguage\":\"es\"},{\"@type\":\"Organization\",\"@id\":\"https:\\\/\\\/www.emplea-te.com\\\/noticias-oposiciones\\\/#organization\",\"name\":\"Academia de oposiciones Empl\u00e9ate\",\"url\":\"https:\\\/\\\/www.emplea-te.com\\\/noticias-oposiciones\\\/\",\"logo\":{\"@type\":\"ImageObject\",\"inLanguage\":\"es\",\"@id\":\"https:\\\/\\\/www.emplea-te.com\\\/noticias-oposiciones\\\/#\\\/schema\\\/logo\\\/image\\\/\",\"url\":\"https:\\\/\\\/www.emplea-te.com\\\/noticias-oposiciones\\\/wp-content\\\/uploads\\\/2019\\\/04\\\/empleate.jpg\",\"contentUrl\":\"https:\\\/\\\/www.emplea-te.com\\\/noticias-oposiciones\\\/wp-content\\\/uploads\\\/2019\\\/04\\\/empleate.jpg\",\"width\":250,\"height\":150,\"caption\":\"Academia de oposiciones Empl\u00e9ate\"},\"image\":{\"@id\":\"https:\\\/\\\/www.emplea-te.com\\\/noticias-oposiciones\\\/#\\\/schema\\\/logo\\\/image\\\/\"},\"sameAs\":[\"https:\\\/\\\/www.facebook.com\\\/AcademiaEmpleate\\\/\",\"https:\\\/\\\/x.com\\\/Emplea_Te\",\"https:\\\/\\\/www.instagram.com\\\/academia_empleate\\\/\"]},{\"@type\":\"Person\",\"@id\":\"https:\\\/\\\/www.emplea-te.com\\\/noticias-oposiciones\\\/#\\\/schema\\\/person\\\/d1bc587e1af2b95e9c32aba1795509a6\",\"name\":\"Empleate\"}]}<\/script>\n<!-- \/ Yoast SEO plugin. -->","yoast_head_json":{"title":"Resoluci\u00f3n Oposiciones Cuerpos Generales Administraci\u00f3n General del Estado.","description":"Resoluci\u00f3n Oposiciones Cuerpos Generales Administraci\u00f3n General del Estado.","robots":{"index":"index","follow":"follow","max-snippet":"max-snippet:-1","max-image-preview":"max-image-preview:large","max-video-preview":"max-video-preview:-1"},"canonical":"https:\/\/www.emplea-te.com\/noticias-oposiciones\/administracion-general-del-estado-se-modifica-la-resolucion-por-la-que-se-publica-la-relacion-provisional-de-aspirantes-admitidos-y-excluidos-en-el-proceso-selectivo-de-distintas-categorias\/","og_locale":"es_ES","og_type":"article","og_title":"Resoluci\u00f3n Oposiciones Cuerpos Generales Administraci\u00f3n General del Estado.","og_description":"Resoluci\u00f3n Oposiciones Cuerpos Generales Administraci\u00f3n General del Estado.","og_url":"https:\/\/www.emplea-te.com\/noticias-oposiciones\/administracion-general-del-estado-se-modifica-la-resolucion-por-la-que-se-publica-la-relacion-provisional-de-aspirantes-admitidos-y-excluidos-en-el-proceso-selectivo-de-distintas-categorias\/","og_site_name":"Noticas de oposiciones por Academia Emplea-te","article_publisher":"https:\/\/www.facebook.com\/AcademiaEmpleate\/","article_published_time":"2021-09-10T07:47:36+00:00","article_modified_time":"2021-09-10T07:50:12+00:00","author":"Empleate","twitter_card":"summary_large_image","twitter_creator":"@Emplea_Te","twitter_site":"@Emplea_Te","twitter_misc":{"Escrito por":"Empleate","Tiempo de lectura":"1 minuto"},"schema":{"@context":"https:\/\/schema.org","@graph":[{"@type":"Article","@id":"https:\/\/www.emplea-te.com\/noticias-oposiciones\/administracion-general-del-estado-se-modifica-la-resolucion-por-la-que-se-publica-la-relacion-provisional-de-aspirantes-admitidos-y-excluidos-en-el-proceso-selectivo-de-distintas-categorias\/#article","isPartOf":{"@id":"https:\/\/www.emplea-te.com\/noticias-oposiciones\/administracion-general-del-estado-se-modifica-la-resolucion-por-la-que-se-publica-la-relacion-provisional-de-aspirantes-admitidos-y-excluidos-en-el-proceso-selectivo-de-distintas-categorias\/"},"author":{"name":"Empleate","@id":"https:\/\/www.emplea-te.com\/noticias-oposiciones\/#\/schema\/person\/d1bc587e1af2b95e9c32aba1795509a6"},"headline":"Administraci\u00f3n General del Estado. Se modifica la Resoluci\u00f3n por la que se publica la relaci\u00f3n provisional de aspirantes admitidos y excluidos en el proceso selectivo de distintas categor\u00edas.","datePublished":"2021-09-10T07:47:36+00:00","dateModified":"2021-09-10T07:50:12+00:00","mainEntityOfPage":{"@id":"https:\/\/www.emplea-te.com\/noticias-oposiciones\/administracion-general-del-estado-se-modifica-la-resolucion-por-la-que-se-publica-la-relacion-provisional-de-aspirantes-admitidos-y-excluidos-en-el-proceso-selectivo-de-distintas-categorias\/"},"wordCount":243,"publisher":{"@id":"https:\/\/www.emplea-te.com\/noticias-oposiciones\/#organization"},"articleSection":["Administraci\u00f3n General del Estado.","Oposiciones Administraci\u00f3n General del Estado","Oposiciones Gesti\u00f3n de la Administraci\u00f3n Civil A2"],"inLanguage":"es"},{"@type":"WebPage","@id":"https:\/\/www.emplea-te.com\/noticias-oposiciones\/administracion-general-del-estado-se-modifica-la-resolucion-por-la-que-se-publica-la-relacion-provisional-de-aspirantes-admitidos-y-excluidos-en-el-proceso-selectivo-de-distintas-categorias\/","url":"https:\/\/www.emplea-te.com\/noticias-oposiciones\/administracion-general-del-estado-se-modifica-la-resolucion-por-la-que-se-publica-la-relacion-provisional-de-aspirantes-admitidos-y-excluidos-en-el-proceso-selectivo-de-distintas-categorias\/","name":"Resoluci\u00f3n Oposiciones Cuerpos Generales Administraci\u00f3n General del Estado.","isPartOf":{"@id":"https:\/\/www.emplea-te.com\/noticias-oposiciones\/#website"},"datePublished":"2021-09-10T07:47:36+00:00","dateModified":"2021-09-10T07:50:12+00:00","description":"Resoluci\u00f3n Oposiciones Cuerpos Generales Administraci\u00f3n General del Estado.","breadcrumb":{"@id":"https:\/\/www.emplea-te.com\/noticias-oposiciones\/administracion-general-del-estado-se-modifica-la-resolucion-por-la-que-se-publica-la-relacion-provisional-de-aspirantes-admitidos-y-excluidos-en-el-proceso-selectivo-de-distintas-categorias\/#breadcrumb"},"inLanguage":"es","potentialAction":[{"@type":"ReadAction","target":["https:\/\/www.emplea-te.com\/noticias-oposiciones\/administracion-general-del-estado-se-modifica-la-resolucion-por-la-que-se-publica-la-relacion-provisional-de-aspirantes-admitidos-y-excluidos-en-el-proceso-selectivo-de-distintas-categorias\/"]}]},{"@type":"BreadcrumbList","@id":"https:\/\/www.emplea-te.com\/noticias-oposiciones\/administracion-general-del-estado-se-modifica-la-resolucion-por-la-que-se-publica-la-relacion-provisional-de-aspirantes-admitidos-y-excluidos-en-el-proceso-selectivo-de-distintas-categorias\/#breadcrumb","itemListElement":[{"@type":"ListItem","position":1,"name":"Noticias Oposiciones","item":"https:\/\/www.emplea-te.com\/noticias-oposiciones\/"},{"@type":"ListItem","position":2,"name":"Administraci\u00f3n General del Estado.","item":"https:\/\/www.emplea-te.com\/noticias-oposiciones\/categoria\/administracion-general-del-estado\/"},{"@type":"ListItem","position":3,"name":"Administraci\u00f3n General del Estado. Se modifica la Resoluci\u00f3n por la que se publica la relaci\u00f3n provisional de aspirantes admitidos y excluidos en el proceso selectivo de distintas categor\u00edas."}]},{"@type":"WebSite","@id":"https:\/\/www.emplea-te.com\/noticias-oposiciones\/#website","url":"https:\/\/www.emplea-te.com\/noticias-oposiciones\/","name":"Noticas de oposiciones por Academia Emplea-te","description":"Toda la actualidad de las ofertas y convocatorias.","publisher":{"@id":"https:\/\/www.emplea-te.com\/noticias-oposiciones\/#organization"},"potentialAction":[{"@type":"SearchAction","target":{"@type":"EntryPoint","urlTemplate":"https:\/\/www.emplea-te.com\/noticias-oposiciones\/?s={search_term_string}"},"query-input":{"@type":"PropertyValueSpecification","valueRequired":true,"valueName":"search_term_string"}}],"inLanguage":"es"},{"@type":"Organization","@id":"https:\/\/www.emplea-te.com\/noticias-oposiciones\/#organization","name":"Academia de oposiciones Empl\u00e9ate","url":"https:\/\/www.emplea-te.com\/noticias-oposiciones\/","logo":{"@type":"ImageObject","inLanguage":"es","@id":"https:\/\/www.emplea-te.com\/noticias-oposiciones\/#\/schema\/logo\/image\/","url":"https:\/\/www.emplea-te.com\/noticias-oposiciones\/wp-content\/uploads\/2019\/04\/empleate.jpg","contentUrl":"https:\/\/www.emplea-te.com\/noticias-oposiciones\/wp-content\/uploads\/2019\/04\/empleate.jpg","width":250,"height":150,"caption":"Academia de oposiciones Empl\u00e9ate"},"image":{"@id":"https:\/\/www.emplea-te.com\/noticias-oposiciones\/#\/schema\/logo\/image\/"},"sameAs":["https:\/\/www.facebook.com\/AcademiaEmpleate\/","https:\/\/x.com\/Emplea_Te","https:\/\/www.instagram.com\/academia_empleate\/"]},{"@type":"Person","@id":"https:\/\/www.emplea-te.com\/noticias-oposiciones\/#\/schema\/person\/d1bc587e1af2b95e9c32aba1795509a6","name":"Empleate"}]}},"_links":{"self":[{"href":"https:\/\/www.emplea-te.com\/noticias-oposiciones\/wp-json\/wp\/v2\/posts\/5277","targetHints":{"allow":["GET"]}}],"collection":[{"href":"https:\/\/www.emplea-te.com\/noticias-oposiciones\/wp-json\/wp\/v2\/posts"}],"about":[{"href":"https:\/\/www.emplea-te.com\/noticias-oposiciones\/wp-json\/wp\/v2\/types\/post"}],"author":[{"embeddable":true,"href":"https:\/\/www.emplea-te.com\/noticias-oposiciones\/wp-json\/wp\/v2\/users\/1"}],"replies":[{"embeddable":true,"href":"https:\/\/www.emplea-te.com\/noticias-oposiciones\/wp-json\/wp\/v2\/comments?post=5277"}],"version-history":[{"count":1,"href":"https:\/\/www.emplea-te.com\/noticias-oposiciones\/wp-json\/wp\/v2\/posts\/5277\/revisions"}],"predecessor-version":[{"id":5278,"href":"https:\/\/www.emplea-te.com\/noticias-oposiciones\/wp-json\/wp\/v2\/posts\/5277\/revisions\/5278"}],"wp:attachment":[{"href":"https:\/\/www.emplea-te.com\/noticias-oposiciones\/wp-json\/wp\/v2\/media?parent=5277"}],"wp:term":[{"taxonomy":"category","embeddable":true,"href":"https:\/\/www.emplea-te.com\/noticias-oposiciones\/wp-json\/wp\/v2\/categories?post=5277"},{"taxonomy":"post_tag","embeddable":true,"href":"https:\/\/www.emplea-te.com\/noticias-oposiciones\/wp-json\/wp\/v2\/tags?post=5277"}],"curies":[{"name":"wp","href":"https:\/\/api.w.org\/{rel}","templated":true}]}}