{"id":5288,"date":"2021-09-13T13:08:33","date_gmt":"2021-09-13T11:08:33","guid":{"rendered":"https:\/\/www.emplea-te.com\/noticias-oposiciones\/?p=5288"},"modified":"2021-09-13T13:08:33","modified_gmt":"2021-09-13T11:08:33","slug":"xunta-de-galicia-fecha-para-la-realizacion-de-los-examenes-del-celga","status":"publish","type":"post","link":"https:\/\/www.emplea-te.com\/noticias-oposiciones\/xunta-de-galicia-fecha-para-la-realizacion-de-los-examenes-del-celga\/","title":{"rendered":"Xunta de Galicia. Fecha para la realizaci\u00f3n de los ex\u00e1menes del CELGA."},"content":{"rendered":"<p>Se publica en el DOG de hoy, d\u00eda 13 de Septiembre de 2021, la Resoluci\u00f3n con las fechas y sedes previstas para la realizaci\u00f3n de las pruebas de CELGA\u00a0 para la obtenci\u00f3n de los certificados acreditativos de los niveles de lengua gallega\u00a0 2, 3 y 4 en el a\u00f1o 2021, con c\u00f3digo de procedimiento administrativo PL500C.<\/p>\n<p class=\"dog-base-sangria\"><span><strong>Las pruebas de los diferentes niveles de Celga se realizar\u00e1n en los meses de noviembre y \/ o diciembre de 2021,<\/strong> siempre que la evoluci\u00f3n de la crisis sanitaria provocada por el COVID-19 lo permita.<br \/>\n<strong>Las fechas concretas se publicar\u00e1n debidamente en el Diario Oficial de Galicia,<\/strong> as\u00ed como en la p\u00e1gina web de la Secretar\u00eda General de Pol\u00edtica Ling\u00fc\u00edstica (<a href=\"http:\/\/www.lingua.gal\" target=\"_blank\" rel=\"noopener noreferrer\">http:\/\/www.lingua.gal<\/a>).<\/span><\/p>\n<p class=\"dog-base-sangria\">\n<p class=\"dog-base-sangria\"><strong>Las pruebas tendr\u00e1n lugar en Santiago de Compostela y Ponferrada.<\/strong><\/p>\n<table id=\"table-1\">\n<tbody>\n<tr>\n<td>\n<p class=\"basic-paragraph\"><span>Localidad<\/span><\/p>\n<\/td>\n<td colspan=\"3\">\n<p class=\"basic-paragraph\"><span>Nivel<\/span><\/p>\n<\/td>\n<\/tr>\n<tr>\n<td>\n<p class=\"basic-paragraph\"><span>Santiago de compostela<\/span><\/p>\n<\/td>\n<td>\n<p class=\"basic-paragraph\"><span>Celga 2<\/span><\/p>\n<\/td>\n<td>\n<p class=\"basic-paragraph\"><span>Celga 3<\/span><\/p>\n<\/td>\n<td>\n<p class=\"basic-paragraph\"><span>Celga 4<\/span><\/p>\n<\/td>\n<\/tr>\n<tr>\n<td>\n<p class=\"basic-paragraph\"><span>Ponferrada<\/span><\/p>\n<\/td>\n<td>\n<p class=\"basic-paragraph\"><span>Celga 2<\/span><\/p>\n<\/td>\n<td>\n<p class=\"basic-paragraph\"><span>Celga 3<\/span><\/p>\n<\/td>\n<td>\n<p class=\"basic-paragraph\"><span>Celga 4<\/span><\/p>\n<\/td>\n<\/tr>\n<\/tbody>\n<\/table>\n<p class=\"dog-base-sangria\"><strong>Los lugares y horarios de las pruebas se publicar\u00e1n en la p\u00e1gina web de la Secretar\u00eda General de Pol\u00edtica Ling\u00fc\u00edstica (<a href=\"http:\/\/www.lingua.gal\" target=\"_blank\" rel=\"noopener noreferrer\">http:\/\/www.lingua.gal<\/a>)<\/strong> junto con las listas definitivas de admitidos.<\/p>\n<p class=\"dog-base-sangria\"><span>Las personas que deseen inscribirse en las pruebas de Celga deber\u00e1n cumplimentar el formulario de solicitud, seg\u00fan modelo PL500C, que se encuentra publicado como Anexo I, y abonar la tasa correspondiente.<\/span><\/p>\n<p class=\"dog-base-sangria\"><span><strong>El formulario de solicitud<\/strong> estar\u00e1 disponible en la sede electr\u00f3nica de la Xunta de Galicia, en<strong> <a href=\"https:\/\/sede.xunta.gal\" target=\"_blank\" rel=\"noopener noreferrer\">https:\/\/sede.xunta.gal<\/a>.<\/strong>\u00a0Los interesados \u200b\u200bdeber\u00e1n indicar la prueba o pruebas a las que se postulan, as\u00ed como el lugar, y remitirlo a la Secretar\u00eda General de Pol\u00edtica Ling\u00fc\u00edstica.<\/span><\/p>\n<p class=\"dog-base-sangria\">\n<p>&nbsp;<\/p>\n","protected":false},"excerpt":{"rendered":"<p>Se publica en el DOG de hoy, d\u00eda 13 de Septiembre de 2021, la Resoluci\u00f3n con las fechas y sedes previstas para la realizaci\u00f3n de las pruebas de CELGA\u00a0 para la obtenci\u00f3n de los certificados acreditativos de los niveles de lengua gallega\u00a0 2, 3 y 4 en el a\u00f1o 2021, con c\u00f3digo de procedimiento administrativo &hellip; <a href=\"https:\/\/www.emplea-te.com\/noticias-oposiciones\/xunta-de-galicia-fecha-para-la-realizacion-de-los-examenes-del-celga\/\" class=\"more-link\">Continuar leyendo<span class=\"screen-reader-text\"> \u00abXunta de Galicia. Fecha para la realizaci\u00f3n de los ex\u00e1menes del CELGA.\u00bb<\/span><\/a><\/p>\n","protected":false},"author":1,"featured_media":0,"comment_status":"closed","ping_status":"closed","sticky":false,"template":"","format":"standard","meta":{"footnotes":""},"categories":[4],"tags":[49],"class_list":["post-5288","post","type-post","status-publish","format-standard","hentry","category-oposiciones-xunta","tag-convocatorias-de-oposiciones"],"yoast_head":"<!-- This site is optimized with the Yoast SEO plugin v27.3 - https:\/\/yoast.com\/product\/yoast-seo-wordpress\/ -->\n<title>Fechas y sedes realizaci\u00f3n ex\u00e1menes del Celga 2\/3\/4<\/title>\n<meta name=\"description\" content=\"Fechas y sedes realizaci\u00f3n ex\u00e1menes del Celga 2\/3\/4\" \/>\n<meta name=\"robots\" content=\"index, follow, max-snippet:-1, max-image-preview:large, max-video-preview:-1\" \/>\n<link rel=\"canonical\" href=\"https:\/\/www.emplea-te.com\/noticias-oposiciones\/xunta-de-galicia-fecha-para-la-realizacion-de-los-examenes-del-celga\/\" \/>\n<meta property=\"og:locale\" content=\"es_ES\" \/>\n<meta property=\"og:type\" content=\"article\" \/>\n<meta property=\"og:title\" content=\"Fechas y sedes realizaci\u00f3n ex\u00e1menes del Celga 2\/3\/4\" \/>\n<meta property=\"og:description\" content=\"Fechas y sedes realizaci\u00f3n ex\u00e1menes del Celga 2\/3\/4\" \/>\n<meta property=\"og:url\" content=\"https:\/\/www.emplea-te.com\/noticias-oposiciones\/xunta-de-galicia-fecha-para-la-realizacion-de-los-examenes-del-celga\/\" \/>\n<meta property=\"og:site_name\" content=\"Noticas de oposiciones por Academia Emplea-te\" \/>\n<meta property=\"article:publisher\" content=\"https:\/\/www.facebook.com\/AcademiaEmpleate\/\" \/>\n<meta property=\"article:published_time\" content=\"2021-09-13T11:08:33+00:00\" \/>\n<meta name=\"author\" content=\"Empleate\" \/>\n<meta name=\"twitter:card\" content=\"summary_large_image\" \/>\n<meta name=\"twitter:creator\" content=\"@Emplea_Te\" \/>\n<meta name=\"twitter:site\" content=\"@Emplea_Te\" \/>\n<meta name=\"twitter:label1\" content=\"Escrito por\" \/>\n\t<meta name=\"twitter:data1\" content=\"Empleate\" \/>\n\t<meta name=\"twitter:label2\" content=\"Tiempo de lectura\" \/>\n\t<meta name=\"twitter:data2\" content=\"2 minutos\" \/>\n<script type=\"application\/ld+json\" class=\"yoast-schema-graph\">{\"@context\":\"https:\\\/\\\/schema.org\",\"@graph\":[{\"@type\":\"Article\",\"@id\":\"https:\\\/\\\/www.emplea-te.com\\\/noticias-oposiciones\\\/xunta-de-galicia-fecha-para-la-realizacion-de-los-examenes-del-celga\\\/#article\",\"isPartOf\":{\"@id\":\"https:\\\/\\\/www.emplea-te.com\\\/noticias-oposiciones\\\/xunta-de-galicia-fecha-para-la-realizacion-de-los-examenes-del-celga\\\/\"},\"author\":{\"name\":\"Empleate\",\"@id\":\"https:\\\/\\\/www.emplea-te.com\\\/noticias-oposiciones\\\/#\\\/schema\\\/person\\\/d1bc587e1af2b95e9c32aba1795509a6\"},\"headline\":\"Xunta de Galicia. Fecha para la realizaci\u00f3n de los ex\u00e1menes del CELGA.\",\"datePublished\":\"2021-09-13T11:08:33+00:00\",\"mainEntityOfPage\":{\"@id\":\"https:\\\/\\\/www.emplea-te.com\\\/noticias-oposiciones\\\/xunta-de-galicia-fecha-para-la-realizacion-de-los-examenes-del-celga\\\/\"},\"wordCount\":285,\"publisher\":{\"@id\":\"https:\\\/\\\/www.emplea-te.com\\\/noticias-oposiciones\\\/#organization\"},\"keywords\":[\"Convocatoria\"],\"articleSection\":[\"Oposiciones Xunta\"],\"inLanguage\":\"es\"},{\"@type\":\"WebPage\",\"@id\":\"https:\\\/\\\/www.emplea-te.com\\\/noticias-oposiciones\\\/xunta-de-galicia-fecha-para-la-realizacion-de-los-examenes-del-celga\\\/\",\"url\":\"https:\\\/\\\/www.emplea-te.com\\\/noticias-oposiciones\\\/xunta-de-galicia-fecha-para-la-realizacion-de-los-examenes-del-celga\\\/\",\"name\":\"Fechas y sedes realizaci\u00f3n ex\u00e1menes del Celga 2\\\/3\\\/4\",\"isPartOf\":{\"@id\":\"https:\\\/\\\/www.emplea-te.com\\\/noticias-oposiciones\\\/#website\"},\"datePublished\":\"2021-09-13T11:08:33+00:00\",\"description\":\"Fechas y sedes realizaci\u00f3n ex\u00e1menes del Celga 2\\\/3\\\/4\",\"breadcrumb\":{\"@id\":\"https:\\\/\\\/www.emplea-te.com\\\/noticias-oposiciones\\\/xunta-de-galicia-fecha-para-la-realizacion-de-los-examenes-del-celga\\\/#breadcrumb\"},\"inLanguage\":\"es\",\"potentialAction\":[{\"@type\":\"ReadAction\",\"target\":[\"https:\\\/\\\/www.emplea-te.com\\\/noticias-oposiciones\\\/xunta-de-galicia-fecha-para-la-realizacion-de-los-examenes-del-celga\\\/\"]}]},{\"@type\":\"BreadcrumbList\",\"@id\":\"https:\\\/\\\/www.emplea-te.com\\\/noticias-oposiciones\\\/xunta-de-galicia-fecha-para-la-realizacion-de-los-examenes-del-celga\\\/#breadcrumb\",\"itemListElement\":[{\"@type\":\"ListItem\",\"position\":1,\"name\":\"Noticias Oposiciones\",\"item\":\"https:\\\/\\\/www.emplea-te.com\\\/noticias-oposiciones\\\/\"},{\"@type\":\"ListItem\",\"position\":2,\"name\":\"Oposiciones Xunta\",\"item\":\"https:\\\/\\\/www.emplea-te.com\\\/noticias-oposiciones\\\/categoria\\\/oposiciones-xunta\\\/\"},{\"@type\":\"ListItem\",\"position\":3,\"name\":\"Xunta de Galicia. Fecha para la realizaci\u00f3n de los ex\u00e1menes del CELGA.\"}]},{\"@type\":\"WebSite\",\"@id\":\"https:\\\/\\\/www.emplea-te.com\\\/noticias-oposiciones\\\/#website\",\"url\":\"https:\\\/\\\/www.emplea-te.com\\\/noticias-oposiciones\\\/\",\"name\":\"Noticas de oposiciones por Academia Emplea-te\",\"description\":\"Toda la actualidad de las ofertas y convocatorias.\",\"publisher\":{\"@id\":\"https:\\\/\\\/www.emplea-te.com\\\/noticias-oposiciones\\\/#organization\"},\"potentialAction\":[{\"@type\":\"SearchAction\",\"target\":{\"@type\":\"EntryPoint\",\"urlTemplate\":\"https:\\\/\\\/www.emplea-te.com\\\/noticias-oposiciones\\\/?s={search_term_string}\"},\"query-input\":{\"@type\":\"PropertyValueSpecification\",\"valueRequired\":true,\"valueName\":\"search_term_string\"}}],\"inLanguage\":\"es\"},{\"@type\":\"Organization\",\"@id\":\"https:\\\/\\\/www.emplea-te.com\\\/noticias-oposiciones\\\/#organization\",\"name\":\"Academia de oposiciones Empl\u00e9ate\",\"url\":\"https:\\\/\\\/www.emplea-te.com\\\/noticias-oposiciones\\\/\",\"logo\":{\"@type\":\"ImageObject\",\"inLanguage\":\"es\",\"@id\":\"https:\\\/\\\/www.emplea-te.com\\\/noticias-oposiciones\\\/#\\\/schema\\\/logo\\\/image\\\/\",\"url\":\"https:\\\/\\\/www.emplea-te.com\\\/noticias-oposiciones\\\/wp-content\\\/uploads\\\/2019\\\/04\\\/empleate.jpg\",\"contentUrl\":\"https:\\\/\\\/www.emplea-te.com\\\/noticias-oposiciones\\\/wp-content\\\/uploads\\\/2019\\\/04\\\/empleate.jpg\",\"width\":250,\"height\":150,\"caption\":\"Academia de oposiciones Empl\u00e9ate\"},\"image\":{\"@id\":\"https:\\\/\\\/www.emplea-te.com\\\/noticias-oposiciones\\\/#\\\/schema\\\/logo\\\/image\\\/\"},\"sameAs\":[\"https:\\\/\\\/www.facebook.com\\\/AcademiaEmpleate\\\/\",\"https:\\\/\\\/x.com\\\/Emplea_Te\",\"https:\\\/\\\/www.instagram.com\\\/academia_empleate\\\/\"]},{\"@type\":\"Person\",\"@id\":\"https:\\\/\\\/www.emplea-te.com\\\/noticias-oposiciones\\\/#\\\/schema\\\/person\\\/d1bc587e1af2b95e9c32aba1795509a6\",\"name\":\"Empleate\"}]}<\/script>\n<!-- \/ Yoast SEO plugin. -->","yoast_head_json":{"title":"Fechas y sedes realizaci\u00f3n ex\u00e1menes del Celga 2\/3\/4","description":"Fechas y sedes realizaci\u00f3n ex\u00e1menes del Celga 2\/3\/4","robots":{"index":"index","follow":"follow","max-snippet":"max-snippet:-1","max-image-preview":"max-image-preview:large","max-video-preview":"max-video-preview:-1"},"canonical":"https:\/\/www.emplea-te.com\/noticias-oposiciones\/xunta-de-galicia-fecha-para-la-realizacion-de-los-examenes-del-celga\/","og_locale":"es_ES","og_type":"article","og_title":"Fechas y sedes realizaci\u00f3n ex\u00e1menes del Celga 2\/3\/4","og_description":"Fechas y sedes realizaci\u00f3n ex\u00e1menes del Celga 2\/3\/4","og_url":"https:\/\/www.emplea-te.com\/noticias-oposiciones\/xunta-de-galicia-fecha-para-la-realizacion-de-los-examenes-del-celga\/","og_site_name":"Noticas de oposiciones por Academia Emplea-te","article_publisher":"https:\/\/www.facebook.com\/AcademiaEmpleate\/","article_published_time":"2021-09-13T11:08:33+00:00","author":"Empleate","twitter_card":"summary_large_image","twitter_creator":"@Emplea_Te","twitter_site":"@Emplea_Te","twitter_misc":{"Escrito por":"Empleate","Tiempo de lectura":"2 minutos"},"schema":{"@context":"https:\/\/schema.org","@graph":[{"@type":"Article","@id":"https:\/\/www.emplea-te.com\/noticias-oposiciones\/xunta-de-galicia-fecha-para-la-realizacion-de-los-examenes-del-celga\/#article","isPartOf":{"@id":"https:\/\/www.emplea-te.com\/noticias-oposiciones\/xunta-de-galicia-fecha-para-la-realizacion-de-los-examenes-del-celga\/"},"author":{"name":"Empleate","@id":"https:\/\/www.emplea-te.com\/noticias-oposiciones\/#\/schema\/person\/d1bc587e1af2b95e9c32aba1795509a6"},"headline":"Xunta de Galicia. Fecha para la realizaci\u00f3n de los ex\u00e1menes del CELGA.","datePublished":"2021-09-13T11:08:33+00:00","mainEntityOfPage":{"@id":"https:\/\/www.emplea-te.com\/noticias-oposiciones\/xunta-de-galicia-fecha-para-la-realizacion-de-los-examenes-del-celga\/"},"wordCount":285,"publisher":{"@id":"https:\/\/www.emplea-te.com\/noticias-oposiciones\/#organization"},"keywords":["Convocatoria"],"articleSection":["Oposiciones Xunta"],"inLanguage":"es"},{"@type":"WebPage","@id":"https:\/\/www.emplea-te.com\/noticias-oposiciones\/xunta-de-galicia-fecha-para-la-realizacion-de-los-examenes-del-celga\/","url":"https:\/\/www.emplea-te.com\/noticias-oposiciones\/xunta-de-galicia-fecha-para-la-realizacion-de-los-examenes-del-celga\/","name":"Fechas y sedes realizaci\u00f3n ex\u00e1menes del Celga 2\/3\/4","isPartOf":{"@id":"https:\/\/www.emplea-te.com\/noticias-oposiciones\/#website"},"datePublished":"2021-09-13T11:08:33+00:00","description":"Fechas y sedes realizaci\u00f3n ex\u00e1menes del Celga 2\/3\/4","breadcrumb":{"@id":"https:\/\/www.emplea-te.com\/noticias-oposiciones\/xunta-de-galicia-fecha-para-la-realizacion-de-los-examenes-del-celga\/#breadcrumb"},"inLanguage":"es","potentialAction":[{"@type":"ReadAction","target":["https:\/\/www.emplea-te.com\/noticias-oposiciones\/xunta-de-galicia-fecha-para-la-realizacion-de-los-examenes-del-celga\/"]}]},{"@type":"BreadcrumbList","@id":"https:\/\/www.emplea-te.com\/noticias-oposiciones\/xunta-de-galicia-fecha-para-la-realizacion-de-los-examenes-del-celga\/#breadcrumb","itemListElement":[{"@type":"ListItem","position":1,"name":"Noticias Oposiciones","item":"https:\/\/www.emplea-te.com\/noticias-oposiciones\/"},{"@type":"ListItem","position":2,"name":"Oposiciones Xunta","item":"https:\/\/www.emplea-te.com\/noticias-oposiciones\/categoria\/oposiciones-xunta\/"},{"@type":"ListItem","position":3,"name":"Xunta de Galicia. Fecha para la realizaci\u00f3n de los ex\u00e1menes del CELGA."}]},{"@type":"WebSite","@id":"https:\/\/www.emplea-te.com\/noticias-oposiciones\/#website","url":"https:\/\/www.emplea-te.com\/noticias-oposiciones\/","name":"Noticas de oposiciones por Academia Emplea-te","description":"Toda la actualidad de las ofertas y convocatorias.","publisher":{"@id":"https:\/\/www.emplea-te.com\/noticias-oposiciones\/#organization"},"potentialAction":[{"@type":"SearchAction","target":{"@type":"EntryPoint","urlTemplate":"https:\/\/www.emplea-te.com\/noticias-oposiciones\/?s={search_term_string}"},"query-input":{"@type":"PropertyValueSpecification","valueRequired":true,"valueName":"search_term_string"}}],"inLanguage":"es"},{"@type":"Organization","@id":"https:\/\/www.emplea-te.com\/noticias-oposiciones\/#organization","name":"Academia de oposiciones Empl\u00e9ate","url":"https:\/\/www.emplea-te.com\/noticias-oposiciones\/","logo":{"@type":"ImageObject","inLanguage":"es","@id":"https:\/\/www.emplea-te.com\/noticias-oposiciones\/#\/schema\/logo\/image\/","url":"https:\/\/www.emplea-te.com\/noticias-oposiciones\/wp-content\/uploads\/2019\/04\/empleate.jpg","contentUrl":"https:\/\/www.emplea-te.com\/noticias-oposiciones\/wp-content\/uploads\/2019\/04\/empleate.jpg","width":250,"height":150,"caption":"Academia de oposiciones Empl\u00e9ate"},"image":{"@id":"https:\/\/www.emplea-te.com\/noticias-oposiciones\/#\/schema\/logo\/image\/"},"sameAs":["https:\/\/www.facebook.com\/AcademiaEmpleate\/","https:\/\/x.com\/Emplea_Te","https:\/\/www.instagram.com\/academia_empleate\/"]},{"@type":"Person","@id":"https:\/\/www.emplea-te.com\/noticias-oposiciones\/#\/schema\/person\/d1bc587e1af2b95e9c32aba1795509a6","name":"Empleate"}]}},"_links":{"self":[{"href":"https:\/\/www.emplea-te.com\/noticias-oposiciones\/wp-json\/wp\/v2\/posts\/5288","targetHints":{"allow":["GET"]}}],"collection":[{"href":"https:\/\/www.emplea-te.com\/noticias-oposiciones\/wp-json\/wp\/v2\/posts"}],"about":[{"href":"https:\/\/www.emplea-te.com\/noticias-oposiciones\/wp-json\/wp\/v2\/types\/post"}],"author":[{"embeddable":true,"href":"https:\/\/www.emplea-te.com\/noticias-oposiciones\/wp-json\/wp\/v2\/users\/1"}],"replies":[{"embeddable":true,"href":"https:\/\/www.emplea-te.com\/noticias-oposiciones\/wp-json\/wp\/v2\/comments?post=5288"}],"version-history":[{"count":1,"href":"https:\/\/www.emplea-te.com\/noticias-oposiciones\/wp-json\/wp\/v2\/posts\/5288\/revisions"}],"predecessor-version":[{"id":5289,"href":"https:\/\/www.emplea-te.com\/noticias-oposiciones\/wp-json\/wp\/v2\/posts\/5288\/revisions\/5289"}],"wp:attachment":[{"href":"https:\/\/www.emplea-te.com\/noticias-oposiciones\/wp-json\/wp\/v2\/media?parent=5288"}],"wp:term":[{"taxonomy":"category","embeddable":true,"href":"https:\/\/www.emplea-te.com\/noticias-oposiciones\/wp-json\/wp\/v2\/categories?post=5288"},{"taxonomy":"post_tag","embeddable":true,"href":"https:\/\/www.emplea-te.com\/noticias-oposiciones\/wp-json\/wp\/v2\/tags?post=5288"}],"curies":[{"name":"wp","href":"https:\/\/api.w.org\/{rel}","templated":true}]}}