{"id":5290,"date":"2021-09-14T10:08:21","date_gmt":"2021-09-14T08:08:21","guid":{"rendered":"https:\/\/www.emplea-te.com\/noticias-oposiciones\/?p=5290"},"modified":"2021-09-14T10:08:21","modified_gmt":"2021-09-14T08:08:21","slug":"xunta-de-galicia-fecha-celebracion-ejercicios-distintas-categorias-de-personal-laboral-subgrupos-a1a2c1-y-c2","status":"publish","type":"post","link":"https:\/\/www.emplea-te.com\/noticias-oposiciones\/xunta-de-galicia-fecha-celebracion-ejercicios-distintas-categorias-de-personal-laboral-subgrupos-a1a2c1-y-c2\/","title":{"rendered":"Xunta de Galicia. Fecha celebraci\u00f3n ejercicios distintas categor\u00edas de personal laboral. Subgrupos A1,A2,C1 y C2."},"content":{"rendered":"<p>Se publican en el DOG de hoy, d\u00eda 14 de septiembre de 2021, distintos Acuerdos en los que se da a conocer la fecha de realizaci\u00f3n de los ejercicios de distintas categor\u00edas de Personal Laboral de la Xunta de Galicia.<\/p>\n<p>La fecha fijada para todas las categor\u00edas es el d\u00eda 2 de octubre de 2021.<br \/>\nEn cada uno de los Acuerdos se especifica hora y sede.<\/p>\n<p><a href=\"https:\/\/www.xunta.gal\/dog\/Publicados\/2021\/20210914\/AnuncioG0597-070921-0001_gl.html\" target=\"_blank\" rel=\"noopener noreferrer\">ACUERDO de 6 de septiembre de 2021 de la comisi\u00f3n designada para juzgar el proceso para la adquisici\u00f3n de la condici\u00f3n de funcionario de carrera del cuerpo superior de la Administraci\u00f3n General y cuerpo facultativo superior de la Administraci\u00f3n Especial de la Comunidad Aut\u00f3noma de Galicia, subgrupo A1<\/a><\/p>\n<p><a href=\"https:\/\/www.xunta.gal\/dog\/Publicados\/2021\/20210914\/AnuncioG0597-070921-0002_gl.html\" target=\"_blank\" rel=\"noopener noreferrer\">ACUERDO de 6 de septiembre de 2021, de la comisi\u00f3n designada para juzgar el proceso para la adquisici\u00f3n de la condici\u00f3n de funcionario de carrera del \u00f3rgano de direcci\u00f3n de la Administraci\u00f3n General y \u00f3rgano facultativo de grado medio de la Administraci\u00f3n especial de la Comunidad Aut\u00f3noma de Galicia, subgrupo A2, por personal fijo de diversas categor\u00edas y cargos pertenecientes al grupo II del V Convenio Colectivo de la plantilla de la Xunta de Galicia, mediante su cambio de v\u00ednculo legal, convocado por Resoluci\u00f3n de 26 de abril de 2021 (Bolet\u00edn Oficial de Galicia n\u00famero 81, de 30 de abril), por lo que se hacen p\u00fablicos la fecha, hora y lugar de la prueba tipo prueba.<\/a><\/p>\n<p><a href=\"https:\/\/www.xunta.gal\/dog\/Publicados\/2021\/20210914\/AnuncioG0597-070921-0006_gl.html\" target=\"_blank\" rel=\"noopener noreferrer\">ACUERDO de 6 de septiembre de 2021 de la comisi\u00f3n designada para juzgar el proceso de adquisici\u00f3n de la condici\u00f3n de funcionario de carrera del \u00f3rgano de administraci\u00f3n de la Administraci\u00f3n General, subgrupo C1, y del cuerpo de t\u00e9cnicos facultativos de la Administraci\u00f3n Especial, grupo B , por personal fijo de diversas categor\u00edas y cargos pertenecientes al grupo III del V Convenio Colectivo de la Xunta de Galicia, mediante su cambio de v\u00ednculo legal, convocado mediante Resoluci\u00f3n de 26 de abril de 2021 (Bolet\u00edn Oficial de Galicia n\u00famero 81, de 30 de abril), por lo que se hacen p\u00fablicos la fecha, hora y lugar de la prueba tipo test.<\/a><\/p>\n<p><a href=\"https:\/\/www.xunta.gal\/dog\/Publicados\/2021\/20210914\/AnuncioG0597-070921-0003_gl.html\" target=\"_blank\" rel=\"noopener noreferrer\">ACUERDO de 6 de septiembre de 2021, de la comisi\u00f3n designada para juzgar el proceso para la adquisici\u00f3n de la condici\u00f3n de funcionario de carrera del \u00f3rgano auxiliar de la Administraci\u00f3n General y cuerpo de auxiliares de car\u00e1cter t\u00e9cnico de la Administraci\u00f3n especial de la Comunidad Aut\u00f3noma de Galicia, subgrupo C2, por personal fijo de diversas categor\u00edas y cargos pertenecientes a los grupos IV y V del V Convenio Colectivo de la plantilla laboral de la Xunta de Galicia, mediante su cambio de v\u00ednculo legal, convocado por Resoluci\u00f3n de 12 de mayo de 2021 (Oficial Gaceta de Galicia n\u00famero 94, de 21 de mayo), dando a conocer la fecha, hora y lugar de la prueba tipo prueba.<\/a><\/p>\n<p>&nbsp;<\/p>\n","protected":false},"excerpt":{"rendered":"<p>Se publican en el DOG de hoy, d\u00eda 14 de septiembre de 2021, distintos Acuerdos en los que se da a conocer la fecha de realizaci\u00f3n de los ejercicios de distintas categor\u00edas de Personal Laboral de la Xunta de Galicia. La fecha fijada para todas las categor\u00edas es el d\u00eda 2 de octubre de 2021. &hellip; <a href=\"https:\/\/www.emplea-te.com\/noticias-oposiciones\/xunta-de-galicia-fecha-celebracion-ejercicios-distintas-categorias-de-personal-laboral-subgrupos-a1a2c1-y-c2\/\" class=\"more-link\">Continuar leyendo<span class=\"screen-reader-text\"> \u00abXunta de Galicia. Fecha celebraci\u00f3n ejercicios distintas categor\u00edas de personal laboral. Subgrupos A1,A2,C1 y C2.\u00bb<\/span><\/a><\/p>\n","protected":false},"author":1,"featured_media":0,"comment_status":"closed","ping_status":"closed","sticky":false,"template":"","format":"standard","meta":{"footnotes":""},"categories":[50,60,57,59,4],"tags":[71],"class_list":["post-5290","post","type-post","status-publish","format-standard","hentry","category-administracion-general-subgrupo-a2","category-administrativo-c1-xunta","category-auxiliar-administrativo-c2-xunta","category-cuerpo-superior-de-la-administracion-a1-xunta","category-oposiciones-xunta","tag-fecha-examenes"],"yoast_head":"<!-- This site is optimized with the Yoast SEO plugin v27.3 - https:\/\/yoast.com\/product\/yoast-seo-wordpress\/ -->\n<title>Xunta de Galicia. Fecha realizaci\u00f3n ejercicios de distintas categor\u00edas.<\/title>\n<meta name=\"description\" content=\"Xunta de Galicia. Fecha realizaci\u00f3n ejercicios de distintas categor\u00edas.\" \/>\n<meta name=\"robots\" content=\"index, follow, max-snippet:-1, max-image-preview:large, max-video-preview:-1\" \/>\n<link rel=\"canonical\" href=\"https:\/\/www.emplea-te.com\/noticias-oposiciones\/xunta-de-galicia-fecha-celebracion-ejercicios-distintas-categorias-de-personal-laboral-subgrupos-a1a2c1-y-c2\/\" \/>\n<meta property=\"og:locale\" content=\"es_ES\" \/>\n<meta property=\"og:type\" content=\"article\" \/>\n<meta property=\"og:title\" content=\"Xunta de Galicia. Fecha realizaci\u00f3n ejercicios de distintas categor\u00edas.\" \/>\n<meta property=\"og:description\" content=\"Xunta de Galicia. Fecha realizaci\u00f3n ejercicios de distintas categor\u00edas.\" \/>\n<meta property=\"og:url\" content=\"https:\/\/www.emplea-te.com\/noticias-oposiciones\/xunta-de-galicia-fecha-celebracion-ejercicios-distintas-categorias-de-personal-laboral-subgrupos-a1a2c1-y-c2\/\" \/>\n<meta property=\"og:site_name\" content=\"Noticas de oposiciones por Academia Emplea-te\" \/>\n<meta property=\"article:publisher\" content=\"https:\/\/www.facebook.com\/AcademiaEmpleate\/\" \/>\n<meta property=\"article:published_time\" content=\"2021-09-14T08:08:21+00:00\" \/>\n<meta name=\"author\" content=\"Empleate\" \/>\n<meta name=\"twitter:card\" content=\"summary_large_image\" \/>\n<meta name=\"twitter:creator\" content=\"@Emplea_Te\" \/>\n<meta name=\"twitter:site\" content=\"@Emplea_Te\" \/>\n<meta name=\"twitter:label1\" content=\"Escrito por\" \/>\n\t<meta name=\"twitter:data1\" content=\"Empleate\" \/>\n\t<meta name=\"twitter:label2\" content=\"Tiempo de lectura\" \/>\n\t<meta name=\"twitter:data2\" content=\"2 minutos\" \/>\n<script type=\"application\/ld+json\" class=\"yoast-schema-graph\">{\"@context\":\"https:\\\/\\\/schema.org\",\"@graph\":[{\"@type\":\"Article\",\"@id\":\"https:\\\/\\\/www.emplea-te.com\\\/noticias-oposiciones\\\/xunta-de-galicia-fecha-celebracion-ejercicios-distintas-categorias-de-personal-laboral-subgrupos-a1a2c1-y-c2\\\/#article\",\"isPartOf\":{\"@id\":\"https:\\\/\\\/www.emplea-te.com\\\/noticias-oposiciones\\\/xunta-de-galicia-fecha-celebracion-ejercicios-distintas-categorias-de-personal-laboral-subgrupos-a1a2c1-y-c2\\\/\"},\"author\":{\"name\":\"Empleate\",\"@id\":\"https:\\\/\\\/www.emplea-te.com\\\/noticias-oposiciones\\\/#\\\/schema\\\/person\\\/d1bc587e1af2b95e9c32aba1795509a6\"},\"headline\":\"Xunta de Galicia. Fecha celebraci\u00f3n ejercicios distintas categor\u00edas de personal laboral. Subgrupos A1,A2,C1 y C2.\",\"datePublished\":\"2021-09-14T08:08:21+00:00\",\"mainEntityOfPage\":{\"@id\":\"https:\\\/\\\/www.emplea-te.com\\\/noticias-oposiciones\\\/xunta-de-galicia-fecha-celebracion-ejercicios-distintas-categorias-de-personal-laboral-subgrupos-a1a2c1-y-c2\\\/\"},\"wordCount\":500,\"publisher\":{\"@id\":\"https:\\\/\\\/www.emplea-te.com\\\/noticias-oposiciones\\\/#organization\"},\"keywords\":[\"Fecha ex\u00e1menes\"],\"articleSection\":[\"Administraci\u00f3n General Subgrupo A2\",\"Administrativo C1 Xunta\",\"Auxiliar Administrativo C2 Xunta\",\"Cuerpo Superior de la Administraci\u00f3n A1 Xunta\",\"Oposiciones Xunta\"],\"inLanguage\":\"es\"},{\"@type\":\"WebPage\",\"@id\":\"https:\\\/\\\/www.emplea-te.com\\\/noticias-oposiciones\\\/xunta-de-galicia-fecha-celebracion-ejercicios-distintas-categorias-de-personal-laboral-subgrupos-a1a2c1-y-c2\\\/\",\"url\":\"https:\\\/\\\/www.emplea-te.com\\\/noticias-oposiciones\\\/xunta-de-galicia-fecha-celebracion-ejercicios-distintas-categorias-de-personal-laboral-subgrupos-a1a2c1-y-c2\\\/\",\"name\":\"Xunta de Galicia. Fecha realizaci\u00f3n ejercicios de distintas categor\u00edas.\",\"isPartOf\":{\"@id\":\"https:\\\/\\\/www.emplea-te.com\\\/noticias-oposiciones\\\/#website\"},\"datePublished\":\"2021-09-14T08:08:21+00:00\",\"description\":\"Xunta de Galicia. Fecha realizaci\u00f3n ejercicios de distintas categor\u00edas.\",\"breadcrumb\":{\"@id\":\"https:\\\/\\\/www.emplea-te.com\\\/noticias-oposiciones\\\/xunta-de-galicia-fecha-celebracion-ejercicios-distintas-categorias-de-personal-laboral-subgrupos-a1a2c1-y-c2\\\/#breadcrumb\"},\"inLanguage\":\"es\",\"potentialAction\":[{\"@type\":\"ReadAction\",\"target\":[\"https:\\\/\\\/www.emplea-te.com\\\/noticias-oposiciones\\\/xunta-de-galicia-fecha-celebracion-ejercicios-distintas-categorias-de-personal-laboral-subgrupos-a1a2c1-y-c2\\\/\"]}]},{\"@type\":\"BreadcrumbList\",\"@id\":\"https:\\\/\\\/www.emplea-te.com\\\/noticias-oposiciones\\\/xunta-de-galicia-fecha-celebracion-ejercicios-distintas-categorias-de-personal-laboral-subgrupos-a1a2c1-y-c2\\\/#breadcrumb\",\"itemListElement\":[{\"@type\":\"ListItem\",\"position\":1,\"name\":\"Noticias Oposiciones\",\"item\":\"https:\\\/\\\/www.emplea-te.com\\\/noticias-oposiciones\\\/\"},{\"@type\":\"ListItem\",\"position\":2,\"name\":\"Oposiciones Xunta\",\"item\":\"https:\\\/\\\/www.emplea-te.com\\\/noticias-oposiciones\\\/categoria\\\/oposiciones-xunta\\\/\"},{\"@type\":\"ListItem\",\"position\":3,\"name\":\"Xunta de Galicia. Fecha celebraci\u00f3n ejercicios distintas categor\u00edas de personal laboral. Subgrupos A1,A2,C1 y C2.\"}]},{\"@type\":\"WebSite\",\"@id\":\"https:\\\/\\\/www.emplea-te.com\\\/noticias-oposiciones\\\/#website\",\"url\":\"https:\\\/\\\/www.emplea-te.com\\\/noticias-oposiciones\\\/\",\"name\":\"Noticas de oposiciones por Academia Emplea-te\",\"description\":\"Toda la actualidad de las ofertas y convocatorias.\",\"publisher\":{\"@id\":\"https:\\\/\\\/www.emplea-te.com\\\/noticias-oposiciones\\\/#organization\"},\"potentialAction\":[{\"@type\":\"SearchAction\",\"target\":{\"@type\":\"EntryPoint\",\"urlTemplate\":\"https:\\\/\\\/www.emplea-te.com\\\/noticias-oposiciones\\\/?s={search_term_string}\"},\"query-input\":{\"@type\":\"PropertyValueSpecification\",\"valueRequired\":true,\"valueName\":\"search_term_string\"}}],\"inLanguage\":\"es\"},{\"@type\":\"Organization\",\"@id\":\"https:\\\/\\\/www.emplea-te.com\\\/noticias-oposiciones\\\/#organization\",\"name\":\"Academia de oposiciones Empl\u00e9ate\",\"url\":\"https:\\\/\\\/www.emplea-te.com\\\/noticias-oposiciones\\\/\",\"logo\":{\"@type\":\"ImageObject\",\"inLanguage\":\"es\",\"@id\":\"https:\\\/\\\/www.emplea-te.com\\\/noticias-oposiciones\\\/#\\\/schema\\\/logo\\\/image\\\/\",\"url\":\"https:\\\/\\\/www.emplea-te.com\\\/noticias-oposiciones\\\/wp-content\\\/uploads\\\/2019\\\/04\\\/empleate.jpg\",\"contentUrl\":\"https:\\\/\\\/www.emplea-te.com\\\/noticias-oposiciones\\\/wp-content\\\/uploads\\\/2019\\\/04\\\/empleate.jpg\",\"width\":250,\"height\":150,\"caption\":\"Academia de oposiciones Empl\u00e9ate\"},\"image\":{\"@id\":\"https:\\\/\\\/www.emplea-te.com\\\/noticias-oposiciones\\\/#\\\/schema\\\/logo\\\/image\\\/\"},\"sameAs\":[\"https:\\\/\\\/www.facebook.com\\\/AcademiaEmpleate\\\/\",\"https:\\\/\\\/x.com\\\/Emplea_Te\",\"https:\\\/\\\/www.instagram.com\\\/academia_empleate\\\/\"]},{\"@type\":\"Person\",\"@id\":\"https:\\\/\\\/www.emplea-te.com\\\/noticias-oposiciones\\\/#\\\/schema\\\/person\\\/d1bc587e1af2b95e9c32aba1795509a6\",\"name\":\"Empleate\"}]}<\/script>\n<!-- \/ Yoast SEO plugin. -->","yoast_head_json":{"title":"Xunta de Galicia. Fecha realizaci\u00f3n ejercicios de distintas categor\u00edas.","description":"Xunta de Galicia. Fecha realizaci\u00f3n ejercicios de distintas categor\u00edas.","robots":{"index":"index","follow":"follow","max-snippet":"max-snippet:-1","max-image-preview":"max-image-preview:large","max-video-preview":"max-video-preview:-1"},"canonical":"https:\/\/www.emplea-te.com\/noticias-oposiciones\/xunta-de-galicia-fecha-celebracion-ejercicios-distintas-categorias-de-personal-laboral-subgrupos-a1a2c1-y-c2\/","og_locale":"es_ES","og_type":"article","og_title":"Xunta de Galicia. Fecha realizaci\u00f3n ejercicios de distintas categor\u00edas.","og_description":"Xunta de Galicia. Fecha realizaci\u00f3n ejercicios de distintas categor\u00edas.","og_url":"https:\/\/www.emplea-te.com\/noticias-oposiciones\/xunta-de-galicia-fecha-celebracion-ejercicios-distintas-categorias-de-personal-laboral-subgrupos-a1a2c1-y-c2\/","og_site_name":"Noticas de oposiciones por Academia Emplea-te","article_publisher":"https:\/\/www.facebook.com\/AcademiaEmpleate\/","article_published_time":"2021-09-14T08:08:21+00:00","author":"Empleate","twitter_card":"summary_large_image","twitter_creator":"@Emplea_Te","twitter_site":"@Emplea_Te","twitter_misc":{"Escrito por":"Empleate","Tiempo de lectura":"2 minutos"},"schema":{"@context":"https:\/\/schema.org","@graph":[{"@type":"Article","@id":"https:\/\/www.emplea-te.com\/noticias-oposiciones\/xunta-de-galicia-fecha-celebracion-ejercicios-distintas-categorias-de-personal-laboral-subgrupos-a1a2c1-y-c2\/#article","isPartOf":{"@id":"https:\/\/www.emplea-te.com\/noticias-oposiciones\/xunta-de-galicia-fecha-celebracion-ejercicios-distintas-categorias-de-personal-laboral-subgrupos-a1a2c1-y-c2\/"},"author":{"name":"Empleate","@id":"https:\/\/www.emplea-te.com\/noticias-oposiciones\/#\/schema\/person\/d1bc587e1af2b95e9c32aba1795509a6"},"headline":"Xunta de Galicia. Fecha celebraci\u00f3n ejercicios distintas categor\u00edas de personal laboral. Subgrupos A1,A2,C1 y C2.","datePublished":"2021-09-14T08:08:21+00:00","mainEntityOfPage":{"@id":"https:\/\/www.emplea-te.com\/noticias-oposiciones\/xunta-de-galicia-fecha-celebracion-ejercicios-distintas-categorias-de-personal-laboral-subgrupos-a1a2c1-y-c2\/"},"wordCount":500,"publisher":{"@id":"https:\/\/www.emplea-te.com\/noticias-oposiciones\/#organization"},"keywords":["Fecha ex\u00e1menes"],"articleSection":["Administraci\u00f3n General Subgrupo A2","Administrativo C1 Xunta","Auxiliar Administrativo C2 Xunta","Cuerpo Superior de la Administraci\u00f3n A1 Xunta","Oposiciones Xunta"],"inLanguage":"es"},{"@type":"WebPage","@id":"https:\/\/www.emplea-te.com\/noticias-oposiciones\/xunta-de-galicia-fecha-celebracion-ejercicios-distintas-categorias-de-personal-laboral-subgrupos-a1a2c1-y-c2\/","url":"https:\/\/www.emplea-te.com\/noticias-oposiciones\/xunta-de-galicia-fecha-celebracion-ejercicios-distintas-categorias-de-personal-laboral-subgrupos-a1a2c1-y-c2\/","name":"Xunta de Galicia. Fecha realizaci\u00f3n ejercicios de distintas categor\u00edas.","isPartOf":{"@id":"https:\/\/www.emplea-te.com\/noticias-oposiciones\/#website"},"datePublished":"2021-09-14T08:08:21+00:00","description":"Xunta de Galicia. Fecha realizaci\u00f3n ejercicios de distintas categor\u00edas.","breadcrumb":{"@id":"https:\/\/www.emplea-te.com\/noticias-oposiciones\/xunta-de-galicia-fecha-celebracion-ejercicios-distintas-categorias-de-personal-laboral-subgrupos-a1a2c1-y-c2\/#breadcrumb"},"inLanguage":"es","potentialAction":[{"@type":"ReadAction","target":["https:\/\/www.emplea-te.com\/noticias-oposiciones\/xunta-de-galicia-fecha-celebracion-ejercicios-distintas-categorias-de-personal-laboral-subgrupos-a1a2c1-y-c2\/"]}]},{"@type":"BreadcrumbList","@id":"https:\/\/www.emplea-te.com\/noticias-oposiciones\/xunta-de-galicia-fecha-celebracion-ejercicios-distintas-categorias-de-personal-laboral-subgrupos-a1a2c1-y-c2\/#breadcrumb","itemListElement":[{"@type":"ListItem","position":1,"name":"Noticias Oposiciones","item":"https:\/\/www.emplea-te.com\/noticias-oposiciones\/"},{"@type":"ListItem","position":2,"name":"Oposiciones Xunta","item":"https:\/\/www.emplea-te.com\/noticias-oposiciones\/categoria\/oposiciones-xunta\/"},{"@type":"ListItem","position":3,"name":"Xunta de Galicia. Fecha celebraci\u00f3n ejercicios distintas categor\u00edas de personal laboral. Subgrupos A1,A2,C1 y C2."}]},{"@type":"WebSite","@id":"https:\/\/www.emplea-te.com\/noticias-oposiciones\/#website","url":"https:\/\/www.emplea-te.com\/noticias-oposiciones\/","name":"Noticas de oposiciones por Academia Emplea-te","description":"Toda la actualidad de las ofertas y convocatorias.","publisher":{"@id":"https:\/\/www.emplea-te.com\/noticias-oposiciones\/#organization"},"potentialAction":[{"@type":"SearchAction","target":{"@type":"EntryPoint","urlTemplate":"https:\/\/www.emplea-te.com\/noticias-oposiciones\/?s={search_term_string}"},"query-input":{"@type":"PropertyValueSpecification","valueRequired":true,"valueName":"search_term_string"}}],"inLanguage":"es"},{"@type":"Organization","@id":"https:\/\/www.emplea-te.com\/noticias-oposiciones\/#organization","name":"Academia de oposiciones Empl\u00e9ate","url":"https:\/\/www.emplea-te.com\/noticias-oposiciones\/","logo":{"@type":"ImageObject","inLanguage":"es","@id":"https:\/\/www.emplea-te.com\/noticias-oposiciones\/#\/schema\/logo\/image\/","url":"https:\/\/www.emplea-te.com\/noticias-oposiciones\/wp-content\/uploads\/2019\/04\/empleate.jpg","contentUrl":"https:\/\/www.emplea-te.com\/noticias-oposiciones\/wp-content\/uploads\/2019\/04\/empleate.jpg","width":250,"height":150,"caption":"Academia de oposiciones Empl\u00e9ate"},"image":{"@id":"https:\/\/www.emplea-te.com\/noticias-oposiciones\/#\/schema\/logo\/image\/"},"sameAs":["https:\/\/www.facebook.com\/AcademiaEmpleate\/","https:\/\/x.com\/Emplea_Te","https:\/\/www.instagram.com\/academia_empleate\/"]},{"@type":"Person","@id":"https:\/\/www.emplea-te.com\/noticias-oposiciones\/#\/schema\/person\/d1bc587e1af2b95e9c32aba1795509a6","name":"Empleate"}]}},"_links":{"self":[{"href":"https:\/\/www.emplea-te.com\/noticias-oposiciones\/wp-json\/wp\/v2\/posts\/5290","targetHints":{"allow":["GET"]}}],"collection":[{"href":"https:\/\/www.emplea-te.com\/noticias-oposiciones\/wp-json\/wp\/v2\/posts"}],"about":[{"href":"https:\/\/www.emplea-te.com\/noticias-oposiciones\/wp-json\/wp\/v2\/types\/post"}],"author":[{"embeddable":true,"href":"https:\/\/www.emplea-te.com\/noticias-oposiciones\/wp-json\/wp\/v2\/users\/1"}],"replies":[{"embeddable":true,"href":"https:\/\/www.emplea-te.com\/noticias-oposiciones\/wp-json\/wp\/v2\/comments?post=5290"}],"version-history":[{"count":1,"href":"https:\/\/www.emplea-te.com\/noticias-oposiciones\/wp-json\/wp\/v2\/posts\/5290\/revisions"}],"predecessor-version":[{"id":5291,"href":"https:\/\/www.emplea-te.com\/noticias-oposiciones\/wp-json\/wp\/v2\/posts\/5290\/revisions\/5291"}],"wp:attachment":[{"href":"https:\/\/www.emplea-te.com\/noticias-oposiciones\/wp-json\/wp\/v2\/media?parent=5290"}],"wp:term":[{"taxonomy":"category","embeddable":true,"href":"https:\/\/www.emplea-te.com\/noticias-oposiciones\/wp-json\/wp\/v2\/categories?post=5290"},{"taxonomy":"post_tag","embeddable":true,"href":"https:\/\/www.emplea-te.com\/noticias-oposiciones\/wp-json\/wp\/v2\/tags?post=5290"}],"curies":[{"name":"wp","href":"https:\/\/api.w.org\/{rel}","templated":true}]}}