{"id":5304,"date":"2021-09-18T11:19:17","date_gmt":"2021-09-18T09:19:17","guid":{"rendered":"https:\/\/www.emplea-te.com\/noticias-oposiciones\/?p=5304"},"modified":"2021-09-18T11:19:17","modified_gmt":"2021-09-18T09:19:17","slug":"xunta-de-galicia-puertas-de-llamamiento-horario-y-fecha-realizacion-segundos-ejercicios-de-administrativo-y-auxiliar-administrativo-procesos-por-acceso-libre","status":"publish","type":"post","link":"https:\/\/www.emplea-te.com\/noticias-oposiciones\/xunta-de-galicia-puertas-de-llamamiento-horario-y-fecha-realizacion-segundos-ejercicios-de-administrativo-y-auxiliar-administrativo-procesos-por-acceso-libre\/","title":{"rendered":"Xunta de Galicia. Puertas de llamamiento, horario y fecha realizaci\u00f3n segundos ejercicios de Administrativo y Auxiliar Administrativo. Procesos por acceso libre."},"content":{"rendered":"<p>Se publica en la Web de Funci\u00f3n P\u00fablica de la Xunta de Galicia la informaci\u00f3n relativa a las Puertas de llamamiento, Pabellones y Horario para la realizaci\u00f3n de los segundos ejercicios de Auxiliar Administrativo y Administrativo. Ambos procesos por acceso libre.<\/p>\n<p>El Segundo ejercicio de Administrativo C1 tendr\u00e1 lugar el d\u00eda 27\/09\/2021<\/p>\n<p><a href=\"http:\/\/www.xunta.es\/rcp\/listas\/rcp_opo\/opo_visor_novas.jsp?urlAcceso=83D121W116P126A109O117W115D114N122X54K109Y121H121S117I120O63Q52W52B124G124T124E51R125T122Y115R121F102S51W108H102Z113S52K105P125K107Q117D52H75K122Y115V104S110K116C115M102O119Y110D116K120E52H55I53S54N62K52A72H54T52D55M53M55D54H53G62D55I60H50P85Z116F119J121Z102W120Y100T72E54K51T117Q105B107X57C121Q109B107F123N110W110B110C105I90R&amp;controlAcceso=125K127R104H122I116K76Z114B119D122X61B54D61O53X62U55G53R55E54F127A108Z103W121A53R104N125Q125I118J95U\" target=\"_blank\" rel=\"noopener noreferrer\">Puertas de llamamiento y Pabellones realizaci\u00f3n Segundo Ejercicio de Administrativo C1<\/a><\/p>\n<p>El Segundo ejercicio de Auxiliar Administrativo C2 tendr\u00e1 lugar el d\u00eda 28\/09\/2021<\/p>\n<p><a href=\"http:\/\/www.xunta.es\/rcp\/listas\/rcp_opo\/opo_visor_novas.jsp?urlAcceso=122P108U57X105H126E87I114D112G105D110K109J121A121Z117V120K63O52O52O124T124Z124H51E125J122Y115T121G102B51W108Z102U113W52K105B125B107O117M52P75Y122P115M104W110J116G115M102Q119P110T116A120M52S55N53E54P62H52U72B55F52X55I53G55H54T53C62I55Z61F50X85H116J119H121I102P120U100S72K55E51S117Y105R107O126P115D118R106R125W104H116V125R84K61M&amp;controlAcceso=114N123C122B127O123E60Q73B106B112W127A54Q61Y53F62P55N53G55R54C120K54J116B109B112R78T120K125W123O123Y\" target=\"_blank\" rel=\"noopener noreferrer\">Puertas de llamamiento y Pabellones realizaci\u00f3n Segundo Ejercicio de Auxiliar Administrativo C2\u00a0<\/a><\/p>\n<p>\u00a1Mucha suerte!<\/p>\n<p>&nbsp;<\/p>\n<p>&nbsp;<\/p>\n","protected":false},"excerpt":{"rendered":"<p>Se publica en la Web de Funci\u00f3n P\u00fablica de la Xunta de Galicia la informaci\u00f3n relativa a las Puertas de llamamiento, Pabellones y Horario para la realizaci\u00f3n de los segundos ejercicios de Auxiliar Administrativo y Administrativo. Ambos procesos por acceso libre. El Segundo ejercicio de Administrativo C1 tendr\u00e1 lugar el d\u00eda 27\/09\/2021 Puertas de llamamiento &hellip; <a href=\"https:\/\/www.emplea-te.com\/noticias-oposiciones\/xunta-de-galicia-puertas-de-llamamiento-horario-y-fecha-realizacion-segundos-ejercicios-de-administrativo-y-auxiliar-administrativo-procesos-por-acceso-libre\/\" class=\"more-link\">Continuar leyendo<span class=\"screen-reader-text\"> \u00abXunta de Galicia. Puertas de llamamiento, horario y fecha realizaci\u00f3n segundos ejercicios de Administrativo y Auxiliar Administrativo. Procesos por acceso libre.\u00bb<\/span><\/a><\/p>\n","protected":false},"author":1,"featured_media":0,"comment_status":"closed","ping_status":"closed","sticky":false,"template":"","format":"standard","meta":{"footnotes":""},"categories":[60,57,4],"tags":[82,49,71],"class_list":["post-5304","post","type-post","status-publish","format-standard","hentry","category-administrativo-c1-xunta","category-auxiliar-administrativo-c2-xunta","category-oposiciones-xunta","tag-acceso-libre","tag-convocatorias-de-oposiciones","tag-fecha-examenes"],"yoast_head":"<!-- This site is optimized with the Yoast SEO plugin v27.3 - https:\/\/yoast.com\/product\/yoast-seo-wordpress\/ -->\n<title>Xunta de Galicia. Pabellones y Puertas de llamamiento para el segundo ejercicio de Administrativo y Auxiliar Administrativo acceso libre.<\/title>\n<meta name=\"description\" content=\"Xunta de Galicia. Pabellones y Puertas de llamamiento para el segundo ejercicio de Administrativo y Auxiliar Administrativo acceso libre.\" \/>\n<meta name=\"robots\" content=\"index, follow, max-snippet:-1, max-image-preview:large, max-video-preview:-1\" \/>\n<link rel=\"canonical\" href=\"https:\/\/www.emplea-te.com\/noticias-oposiciones\/xunta-de-galicia-puertas-de-llamamiento-horario-y-fecha-realizacion-segundos-ejercicios-de-administrativo-y-auxiliar-administrativo-procesos-por-acceso-libre\/\" \/>\n<meta property=\"og:locale\" content=\"es_ES\" \/>\n<meta property=\"og:type\" content=\"article\" \/>\n<meta property=\"og:title\" content=\"Xunta de Galicia. Pabellones y Puertas de llamamiento para el segundo ejercicio de Administrativo y Auxiliar Administrativo acceso libre.\" \/>\n<meta property=\"og:description\" content=\"Xunta de Galicia. Pabellones y Puertas de llamamiento para el segundo ejercicio de Administrativo y Auxiliar Administrativo acceso libre.\" \/>\n<meta property=\"og:url\" content=\"https:\/\/www.emplea-te.com\/noticias-oposiciones\/xunta-de-galicia-puertas-de-llamamiento-horario-y-fecha-realizacion-segundos-ejercicios-de-administrativo-y-auxiliar-administrativo-procesos-por-acceso-libre\/\" \/>\n<meta property=\"og:site_name\" content=\"Noticas de oposiciones por Academia Emplea-te\" \/>\n<meta property=\"article:publisher\" content=\"https:\/\/www.facebook.com\/AcademiaEmpleate\/\" \/>\n<meta property=\"article:published_time\" content=\"2021-09-18T09:19:17+00:00\" \/>\n<meta name=\"author\" content=\"Empleate\" \/>\n<meta name=\"twitter:card\" content=\"summary_large_image\" \/>\n<meta name=\"twitter:creator\" content=\"@Emplea_Te\" \/>\n<meta name=\"twitter:site\" content=\"@Emplea_Te\" \/>\n<meta name=\"twitter:label1\" content=\"Escrito por\" \/>\n\t<meta name=\"twitter:data1\" content=\"Empleate\" \/>\n\t<meta name=\"twitter:label2\" content=\"Tiempo de lectura\" \/>\n\t<meta name=\"twitter:data2\" content=\"1 minuto\" \/>\n<script type=\"application\/ld+json\" class=\"yoast-schema-graph\">{\"@context\":\"https:\\\/\\\/schema.org\",\"@graph\":[{\"@type\":\"Article\",\"@id\":\"https:\\\/\\\/www.emplea-te.com\\\/noticias-oposiciones\\\/xunta-de-galicia-puertas-de-llamamiento-horario-y-fecha-realizacion-segundos-ejercicios-de-administrativo-y-auxiliar-administrativo-procesos-por-acceso-libre\\\/#article\",\"isPartOf\":{\"@id\":\"https:\\\/\\\/www.emplea-te.com\\\/noticias-oposiciones\\\/xunta-de-galicia-puertas-de-llamamiento-horario-y-fecha-realizacion-segundos-ejercicios-de-administrativo-y-auxiliar-administrativo-procesos-por-acceso-libre\\\/\"},\"author\":{\"name\":\"Empleate\",\"@id\":\"https:\\\/\\\/www.emplea-te.com\\\/noticias-oposiciones\\\/#\\\/schema\\\/person\\\/d1bc587e1af2b95e9c32aba1795509a6\"},\"headline\":\"Xunta de Galicia. Puertas de llamamiento, horario y fecha realizaci\u00f3n segundos ejercicios de Administrativo y Auxiliar Administrativo. Procesos por acceso libre.\",\"datePublished\":\"2021-09-18T09:19:17+00:00\",\"mainEntityOfPage\":{\"@id\":\"https:\\\/\\\/www.emplea-te.com\\\/noticias-oposiciones\\\/xunta-de-galicia-puertas-de-llamamiento-horario-y-fecha-realizacion-segundos-ejercicios-de-administrativo-y-auxiliar-administrativo-procesos-por-acceso-libre\\\/\"},\"wordCount\":119,\"publisher\":{\"@id\":\"https:\\\/\\\/www.emplea-te.com\\\/noticias-oposiciones\\\/#organization\"},\"keywords\":[\"Acceso libre\",\"Convocatoria\",\"Fecha ex\u00e1menes\"],\"articleSection\":[\"Administrativo C1 Xunta\",\"Auxiliar Administrativo C2 Xunta\",\"Oposiciones Xunta\"],\"inLanguage\":\"es\"},{\"@type\":\"WebPage\",\"@id\":\"https:\\\/\\\/www.emplea-te.com\\\/noticias-oposiciones\\\/xunta-de-galicia-puertas-de-llamamiento-horario-y-fecha-realizacion-segundos-ejercicios-de-administrativo-y-auxiliar-administrativo-procesos-por-acceso-libre\\\/\",\"url\":\"https:\\\/\\\/www.emplea-te.com\\\/noticias-oposiciones\\\/xunta-de-galicia-puertas-de-llamamiento-horario-y-fecha-realizacion-segundos-ejercicios-de-administrativo-y-auxiliar-administrativo-procesos-por-acceso-libre\\\/\",\"name\":\"Xunta de Galicia. Pabellones y Puertas de llamamiento para el segundo ejercicio de Administrativo y Auxiliar Administrativo acceso libre.\",\"isPartOf\":{\"@id\":\"https:\\\/\\\/www.emplea-te.com\\\/noticias-oposiciones\\\/#website\"},\"datePublished\":\"2021-09-18T09:19:17+00:00\",\"description\":\"Xunta de Galicia. Pabellones y Puertas de llamamiento para el segundo ejercicio de Administrativo y Auxiliar Administrativo acceso libre.\",\"breadcrumb\":{\"@id\":\"https:\\\/\\\/www.emplea-te.com\\\/noticias-oposiciones\\\/xunta-de-galicia-puertas-de-llamamiento-horario-y-fecha-realizacion-segundos-ejercicios-de-administrativo-y-auxiliar-administrativo-procesos-por-acceso-libre\\\/#breadcrumb\"},\"inLanguage\":\"es\",\"potentialAction\":[{\"@type\":\"ReadAction\",\"target\":[\"https:\\\/\\\/www.emplea-te.com\\\/noticias-oposiciones\\\/xunta-de-galicia-puertas-de-llamamiento-horario-y-fecha-realizacion-segundos-ejercicios-de-administrativo-y-auxiliar-administrativo-procesos-por-acceso-libre\\\/\"]}]},{\"@type\":\"BreadcrumbList\",\"@id\":\"https:\\\/\\\/www.emplea-te.com\\\/noticias-oposiciones\\\/xunta-de-galicia-puertas-de-llamamiento-horario-y-fecha-realizacion-segundos-ejercicios-de-administrativo-y-auxiliar-administrativo-procesos-por-acceso-libre\\\/#breadcrumb\",\"itemListElement\":[{\"@type\":\"ListItem\",\"position\":1,\"name\":\"Noticias Oposiciones\",\"item\":\"https:\\\/\\\/www.emplea-te.com\\\/noticias-oposiciones\\\/\"},{\"@type\":\"ListItem\",\"position\":2,\"name\":\"Oposiciones Xunta\",\"item\":\"https:\\\/\\\/www.emplea-te.com\\\/noticias-oposiciones\\\/categoria\\\/oposiciones-xunta\\\/\"},{\"@type\":\"ListItem\",\"position\":3,\"name\":\"Xunta de Galicia. Puertas de llamamiento, horario y fecha realizaci\u00f3n segundos ejercicios de Administrativo y Auxiliar Administrativo. Procesos por acceso libre.\"}]},{\"@type\":\"WebSite\",\"@id\":\"https:\\\/\\\/www.emplea-te.com\\\/noticias-oposiciones\\\/#website\",\"url\":\"https:\\\/\\\/www.emplea-te.com\\\/noticias-oposiciones\\\/\",\"name\":\"Noticas de oposiciones por Academia Emplea-te\",\"description\":\"Toda la actualidad de las ofertas y convocatorias.\",\"publisher\":{\"@id\":\"https:\\\/\\\/www.emplea-te.com\\\/noticias-oposiciones\\\/#organization\"},\"potentialAction\":[{\"@type\":\"SearchAction\",\"target\":{\"@type\":\"EntryPoint\",\"urlTemplate\":\"https:\\\/\\\/www.emplea-te.com\\\/noticias-oposiciones\\\/?s={search_term_string}\"},\"query-input\":{\"@type\":\"PropertyValueSpecification\",\"valueRequired\":true,\"valueName\":\"search_term_string\"}}],\"inLanguage\":\"es\"},{\"@type\":\"Organization\",\"@id\":\"https:\\\/\\\/www.emplea-te.com\\\/noticias-oposiciones\\\/#organization\",\"name\":\"Academia de oposiciones Empl\u00e9ate\",\"url\":\"https:\\\/\\\/www.emplea-te.com\\\/noticias-oposiciones\\\/\",\"logo\":{\"@type\":\"ImageObject\",\"inLanguage\":\"es\",\"@id\":\"https:\\\/\\\/www.emplea-te.com\\\/noticias-oposiciones\\\/#\\\/schema\\\/logo\\\/image\\\/\",\"url\":\"https:\\\/\\\/www.emplea-te.com\\\/noticias-oposiciones\\\/wp-content\\\/uploads\\\/2019\\\/04\\\/empleate.jpg\",\"contentUrl\":\"https:\\\/\\\/www.emplea-te.com\\\/noticias-oposiciones\\\/wp-content\\\/uploads\\\/2019\\\/04\\\/empleate.jpg\",\"width\":250,\"height\":150,\"caption\":\"Academia de oposiciones Empl\u00e9ate\"},\"image\":{\"@id\":\"https:\\\/\\\/www.emplea-te.com\\\/noticias-oposiciones\\\/#\\\/schema\\\/logo\\\/image\\\/\"},\"sameAs\":[\"https:\\\/\\\/www.facebook.com\\\/AcademiaEmpleate\\\/\",\"https:\\\/\\\/x.com\\\/Emplea_Te\",\"https:\\\/\\\/www.instagram.com\\\/academia_empleate\\\/\"]},{\"@type\":\"Person\",\"@id\":\"https:\\\/\\\/www.emplea-te.com\\\/noticias-oposiciones\\\/#\\\/schema\\\/person\\\/d1bc587e1af2b95e9c32aba1795509a6\",\"name\":\"Empleate\"}]}<\/script>\n<!-- \/ Yoast SEO plugin. -->","yoast_head_json":{"title":"Xunta de Galicia. Pabellones y Puertas de llamamiento para el segundo ejercicio de Administrativo y Auxiliar Administrativo acceso libre.","description":"Xunta de Galicia. Pabellones y Puertas de llamamiento para el segundo ejercicio de Administrativo y Auxiliar Administrativo acceso libre.","robots":{"index":"index","follow":"follow","max-snippet":"max-snippet:-1","max-image-preview":"max-image-preview:large","max-video-preview":"max-video-preview:-1"},"canonical":"https:\/\/www.emplea-te.com\/noticias-oposiciones\/xunta-de-galicia-puertas-de-llamamiento-horario-y-fecha-realizacion-segundos-ejercicios-de-administrativo-y-auxiliar-administrativo-procesos-por-acceso-libre\/","og_locale":"es_ES","og_type":"article","og_title":"Xunta de Galicia. Pabellones y Puertas de llamamiento para el segundo ejercicio de Administrativo y Auxiliar Administrativo acceso libre.","og_description":"Xunta de Galicia. Pabellones y Puertas de llamamiento para el segundo ejercicio de Administrativo y Auxiliar Administrativo acceso libre.","og_url":"https:\/\/www.emplea-te.com\/noticias-oposiciones\/xunta-de-galicia-puertas-de-llamamiento-horario-y-fecha-realizacion-segundos-ejercicios-de-administrativo-y-auxiliar-administrativo-procesos-por-acceso-libre\/","og_site_name":"Noticas de oposiciones por Academia Emplea-te","article_publisher":"https:\/\/www.facebook.com\/AcademiaEmpleate\/","article_published_time":"2021-09-18T09:19:17+00:00","author":"Empleate","twitter_card":"summary_large_image","twitter_creator":"@Emplea_Te","twitter_site":"@Emplea_Te","twitter_misc":{"Escrito por":"Empleate","Tiempo de lectura":"1 minuto"},"schema":{"@context":"https:\/\/schema.org","@graph":[{"@type":"Article","@id":"https:\/\/www.emplea-te.com\/noticias-oposiciones\/xunta-de-galicia-puertas-de-llamamiento-horario-y-fecha-realizacion-segundos-ejercicios-de-administrativo-y-auxiliar-administrativo-procesos-por-acceso-libre\/#article","isPartOf":{"@id":"https:\/\/www.emplea-te.com\/noticias-oposiciones\/xunta-de-galicia-puertas-de-llamamiento-horario-y-fecha-realizacion-segundos-ejercicios-de-administrativo-y-auxiliar-administrativo-procesos-por-acceso-libre\/"},"author":{"name":"Empleate","@id":"https:\/\/www.emplea-te.com\/noticias-oposiciones\/#\/schema\/person\/d1bc587e1af2b95e9c32aba1795509a6"},"headline":"Xunta de Galicia. Puertas de llamamiento, horario y fecha realizaci\u00f3n segundos ejercicios de Administrativo y Auxiliar Administrativo. Procesos por acceso libre.","datePublished":"2021-09-18T09:19:17+00:00","mainEntityOfPage":{"@id":"https:\/\/www.emplea-te.com\/noticias-oposiciones\/xunta-de-galicia-puertas-de-llamamiento-horario-y-fecha-realizacion-segundos-ejercicios-de-administrativo-y-auxiliar-administrativo-procesos-por-acceso-libre\/"},"wordCount":119,"publisher":{"@id":"https:\/\/www.emplea-te.com\/noticias-oposiciones\/#organization"},"keywords":["Acceso libre","Convocatoria","Fecha ex\u00e1menes"],"articleSection":["Administrativo C1 Xunta","Auxiliar Administrativo C2 Xunta","Oposiciones Xunta"],"inLanguage":"es"},{"@type":"WebPage","@id":"https:\/\/www.emplea-te.com\/noticias-oposiciones\/xunta-de-galicia-puertas-de-llamamiento-horario-y-fecha-realizacion-segundos-ejercicios-de-administrativo-y-auxiliar-administrativo-procesos-por-acceso-libre\/","url":"https:\/\/www.emplea-te.com\/noticias-oposiciones\/xunta-de-galicia-puertas-de-llamamiento-horario-y-fecha-realizacion-segundos-ejercicios-de-administrativo-y-auxiliar-administrativo-procesos-por-acceso-libre\/","name":"Xunta de Galicia. Pabellones y Puertas de llamamiento para el segundo ejercicio de Administrativo y Auxiliar Administrativo acceso libre.","isPartOf":{"@id":"https:\/\/www.emplea-te.com\/noticias-oposiciones\/#website"},"datePublished":"2021-09-18T09:19:17+00:00","description":"Xunta de Galicia. Pabellones y Puertas de llamamiento para el segundo ejercicio de Administrativo y Auxiliar Administrativo acceso libre.","breadcrumb":{"@id":"https:\/\/www.emplea-te.com\/noticias-oposiciones\/xunta-de-galicia-puertas-de-llamamiento-horario-y-fecha-realizacion-segundos-ejercicios-de-administrativo-y-auxiliar-administrativo-procesos-por-acceso-libre\/#breadcrumb"},"inLanguage":"es","potentialAction":[{"@type":"ReadAction","target":["https:\/\/www.emplea-te.com\/noticias-oposiciones\/xunta-de-galicia-puertas-de-llamamiento-horario-y-fecha-realizacion-segundos-ejercicios-de-administrativo-y-auxiliar-administrativo-procesos-por-acceso-libre\/"]}]},{"@type":"BreadcrumbList","@id":"https:\/\/www.emplea-te.com\/noticias-oposiciones\/xunta-de-galicia-puertas-de-llamamiento-horario-y-fecha-realizacion-segundos-ejercicios-de-administrativo-y-auxiliar-administrativo-procesos-por-acceso-libre\/#breadcrumb","itemListElement":[{"@type":"ListItem","position":1,"name":"Noticias Oposiciones","item":"https:\/\/www.emplea-te.com\/noticias-oposiciones\/"},{"@type":"ListItem","position":2,"name":"Oposiciones Xunta","item":"https:\/\/www.emplea-te.com\/noticias-oposiciones\/categoria\/oposiciones-xunta\/"},{"@type":"ListItem","position":3,"name":"Xunta de Galicia. Puertas de llamamiento, horario y fecha realizaci\u00f3n segundos ejercicios de Administrativo y Auxiliar Administrativo. Procesos por acceso libre."}]},{"@type":"WebSite","@id":"https:\/\/www.emplea-te.com\/noticias-oposiciones\/#website","url":"https:\/\/www.emplea-te.com\/noticias-oposiciones\/","name":"Noticas de oposiciones por Academia Emplea-te","description":"Toda la actualidad de las ofertas y convocatorias.","publisher":{"@id":"https:\/\/www.emplea-te.com\/noticias-oposiciones\/#organization"},"potentialAction":[{"@type":"SearchAction","target":{"@type":"EntryPoint","urlTemplate":"https:\/\/www.emplea-te.com\/noticias-oposiciones\/?s={search_term_string}"},"query-input":{"@type":"PropertyValueSpecification","valueRequired":true,"valueName":"search_term_string"}}],"inLanguage":"es"},{"@type":"Organization","@id":"https:\/\/www.emplea-te.com\/noticias-oposiciones\/#organization","name":"Academia de oposiciones Empl\u00e9ate","url":"https:\/\/www.emplea-te.com\/noticias-oposiciones\/","logo":{"@type":"ImageObject","inLanguage":"es","@id":"https:\/\/www.emplea-te.com\/noticias-oposiciones\/#\/schema\/logo\/image\/","url":"https:\/\/www.emplea-te.com\/noticias-oposiciones\/wp-content\/uploads\/2019\/04\/empleate.jpg","contentUrl":"https:\/\/www.emplea-te.com\/noticias-oposiciones\/wp-content\/uploads\/2019\/04\/empleate.jpg","width":250,"height":150,"caption":"Academia de oposiciones Empl\u00e9ate"},"image":{"@id":"https:\/\/www.emplea-te.com\/noticias-oposiciones\/#\/schema\/logo\/image\/"},"sameAs":["https:\/\/www.facebook.com\/AcademiaEmpleate\/","https:\/\/x.com\/Emplea_Te","https:\/\/www.instagram.com\/academia_empleate\/"]},{"@type":"Person","@id":"https:\/\/www.emplea-te.com\/noticias-oposiciones\/#\/schema\/person\/d1bc587e1af2b95e9c32aba1795509a6","name":"Empleate"}]}},"_links":{"self":[{"href":"https:\/\/www.emplea-te.com\/noticias-oposiciones\/wp-json\/wp\/v2\/posts\/5304","targetHints":{"allow":["GET"]}}],"collection":[{"href":"https:\/\/www.emplea-te.com\/noticias-oposiciones\/wp-json\/wp\/v2\/posts"}],"about":[{"href":"https:\/\/www.emplea-te.com\/noticias-oposiciones\/wp-json\/wp\/v2\/types\/post"}],"author":[{"embeddable":true,"href":"https:\/\/www.emplea-te.com\/noticias-oposiciones\/wp-json\/wp\/v2\/users\/1"}],"replies":[{"embeddable":true,"href":"https:\/\/www.emplea-te.com\/noticias-oposiciones\/wp-json\/wp\/v2\/comments?post=5304"}],"version-history":[{"count":1,"href":"https:\/\/www.emplea-te.com\/noticias-oposiciones\/wp-json\/wp\/v2\/posts\/5304\/revisions"}],"predecessor-version":[{"id":5305,"href":"https:\/\/www.emplea-te.com\/noticias-oposiciones\/wp-json\/wp\/v2\/posts\/5304\/revisions\/5305"}],"wp:attachment":[{"href":"https:\/\/www.emplea-te.com\/noticias-oposiciones\/wp-json\/wp\/v2\/media?parent=5304"}],"wp:term":[{"taxonomy":"category","embeddable":true,"href":"https:\/\/www.emplea-te.com\/noticias-oposiciones\/wp-json\/wp\/v2\/categories?post=5304"},{"taxonomy":"post_tag","embeddable":true,"href":"https:\/\/www.emplea-te.com\/noticias-oposiciones\/wp-json\/wp\/v2\/tags?post=5304"}],"curies":[{"name":"wp","href":"https:\/\/api.w.org\/{rel}","templated":true}]}}