{"id":5331,"date":"2021-09-24T10:06:47","date_gmt":"2021-09-24T08:06:47","guid":{"rendered":"https:\/\/www.emplea-te.com\/noticias-oposiciones\/?p=5331"},"modified":"2021-09-24T10:06:47","modified_gmt":"2021-09-24T08:06:47","slug":"udc-escala-auxiliar-de-servicios-publicadas-las-puntuaciones-provisionales-del-primer-ejercicio-obtenidas-por-los-aspirantes-que-se-presentaron","status":"publish","type":"post","link":"https:\/\/www.emplea-te.com\/noticias-oposiciones\/udc-escala-auxiliar-de-servicios-publicadas-las-puntuaciones-provisionales-del-primer-ejercicio-obtenidas-por-los-aspirantes-que-se-presentaron\/","title":{"rendered":"UDC. Escala Auxiliar de Servicios. Publicadas las puntuaciones provisionales del primer ejercicio obtenidas por los aspirantes que se presentaron."},"content":{"rendered":"<p><strong>Calificaci\u00f3n provisional 1\u00ba ejercicio pruebas auxiliares de servicios<\/strong><\/p>\n<p>Se publica en la Sede electr\u00f3nica de la Web de la UDC en anuncio con :<\/p>\n<p>Calificaci\u00f3n provisional 1\u00ba ejercicio de las pruebas selectivas para la escala t\u00e9cnica auxiliar (subescala de auxiliar de servicios).<\/p>\n<p><a href=\"https:\/\/sede.udc.gal\/services\/electronic_board\/EXP2021\/008783\/document?logicalId=8086e4c3-2f7f-4916-9768-541fb14f29f9&amp;documentCsv=K62CJU1904UAI99SI2AMNNR4\" target=\"_blank\" rel=\"noopener noreferrer\">Desde este enlace puedes acceder al listado con las puntuaciones provisionales<\/a><\/p>\n<p>Seg\u00fan lo dispuesto en la convocatoria, los aspirantes tendr\u00e1n un plazo de 5 d\u00edas h\u00e1biles contados a partir del d\u00eda siguiente a esta publicaci\u00f3n para presentar alegaciones.<\/p>\n<p>&nbsp;<\/p>\n<p>&nbsp;<\/p>\n<p>&nbsp;<\/p>\n","protected":false},"excerpt":{"rendered":"<p>Calificaci\u00f3n provisional 1\u00ba ejercicio pruebas auxiliares de servicios Se publica en la Sede electr\u00f3nica de la Web de la UDC en anuncio con : Calificaci\u00f3n provisional 1\u00ba ejercicio de las pruebas selectivas para la escala t\u00e9cnica auxiliar (subescala de auxiliar de servicios). Desde este enlace puedes acceder al listado con las puntuaciones provisionales Seg\u00fan lo &hellip; <a href=\"https:\/\/www.emplea-te.com\/noticias-oposiciones\/udc-escala-auxiliar-de-servicios-publicadas-las-puntuaciones-provisionales-del-primer-ejercicio-obtenidas-por-los-aspirantes-que-se-presentaron\/\" class=\"more-link\">Continuar leyendo<span class=\"screen-reader-text\"> \u00abUDC. Escala Auxiliar de Servicios. Publicadas las puntuaciones provisionales del primer ejercicio obtenidas por los aspirantes que se presentaron.\u00bb<\/span><\/a><\/p>\n","protected":false},"author":1,"featured_media":0,"comment_status":"closed","ping_status":"closed","sticky":false,"template":"","format":"standard","meta":{"footnotes":""},"categories":[56,26],"tags":[49,72],"class_list":["post-5331","post","type-post","status-publish","format-standard","hentry","category-oposiciones-autonomicas-galicia","category-universidad-de-a-coruna","tag-convocatorias-de-oposiciones","tag-puntuaciones-y-notas-de-corte"],"yoast_head":"<!-- This site is optimized with the Yoast SEO plugin v27.3 - https:\/\/yoast.com\/product\/yoast-seo-wordpress\/ -->\n<title>UDC. Escala de Auxiliar de Servicios. Publicadas puntuaciones provisionales del primer ejercicio.<\/title>\n<meta name=\"description\" content=\"UDC. Escala de Auxiliar de Servicios. Publicadas puntuaciones provisionales del primer ejercicio.\" \/>\n<meta name=\"robots\" content=\"index, follow, max-snippet:-1, max-image-preview:large, max-video-preview:-1\" \/>\n<link rel=\"canonical\" href=\"https:\/\/www.emplea-te.com\/noticias-oposiciones\/udc-escala-auxiliar-de-servicios-publicadas-las-puntuaciones-provisionales-del-primer-ejercicio-obtenidas-por-los-aspirantes-que-se-presentaron\/\" \/>\n<meta property=\"og:locale\" content=\"es_ES\" \/>\n<meta property=\"og:type\" content=\"article\" \/>\n<meta property=\"og:title\" content=\"UDC. Escala de Auxiliar de Servicios. Publicadas puntuaciones provisionales del primer ejercicio.\" \/>\n<meta property=\"og:description\" content=\"UDC. Escala de Auxiliar de Servicios. Publicadas puntuaciones provisionales del primer ejercicio.\" \/>\n<meta property=\"og:url\" content=\"https:\/\/www.emplea-te.com\/noticias-oposiciones\/udc-escala-auxiliar-de-servicios-publicadas-las-puntuaciones-provisionales-del-primer-ejercicio-obtenidas-por-los-aspirantes-que-se-presentaron\/\" \/>\n<meta property=\"og:site_name\" content=\"Noticas de oposiciones por Academia Emplea-te\" \/>\n<meta property=\"article:publisher\" content=\"https:\/\/www.facebook.com\/AcademiaEmpleate\/\" \/>\n<meta property=\"article:published_time\" content=\"2021-09-24T08:06:47+00:00\" \/>\n<meta name=\"author\" content=\"Empleate\" \/>\n<meta name=\"twitter:card\" content=\"summary_large_image\" \/>\n<meta name=\"twitter:creator\" content=\"@Emplea_Te\" \/>\n<meta name=\"twitter:site\" content=\"@Emplea_Te\" \/>\n<meta name=\"twitter:label1\" content=\"Escrito por\" \/>\n\t<meta name=\"twitter:data1\" content=\"Empleate\" \/>\n\t<meta name=\"twitter:label2\" content=\"Tiempo de lectura\" \/>\n\t<meta name=\"twitter:data2\" content=\"1 minuto\" \/>\n<script type=\"application\/ld+json\" class=\"yoast-schema-graph\">{\"@context\":\"https:\\\/\\\/schema.org\",\"@graph\":[{\"@type\":\"Article\",\"@id\":\"https:\\\/\\\/www.emplea-te.com\\\/noticias-oposiciones\\\/udc-escala-auxiliar-de-servicios-publicadas-las-puntuaciones-provisionales-del-primer-ejercicio-obtenidas-por-los-aspirantes-que-se-presentaron\\\/#article\",\"isPartOf\":{\"@id\":\"https:\\\/\\\/www.emplea-te.com\\\/noticias-oposiciones\\\/udc-escala-auxiliar-de-servicios-publicadas-las-puntuaciones-provisionales-del-primer-ejercicio-obtenidas-por-los-aspirantes-que-se-presentaron\\\/\"},\"author\":{\"name\":\"Empleate\",\"@id\":\"https:\\\/\\\/www.emplea-te.com\\\/noticias-oposiciones\\\/#\\\/schema\\\/person\\\/d1bc587e1af2b95e9c32aba1795509a6\"},\"headline\":\"UDC. Escala Auxiliar de Servicios. Publicadas las puntuaciones provisionales del primer ejercicio obtenidas por los aspirantes que se presentaron.\",\"datePublished\":\"2021-09-24T08:06:47+00:00\",\"mainEntityOfPage\":{\"@id\":\"https:\\\/\\\/www.emplea-te.com\\\/noticias-oposiciones\\\/udc-escala-auxiliar-de-servicios-publicadas-las-puntuaciones-provisionales-del-primer-ejercicio-obtenidas-por-los-aspirantes-que-se-presentaron\\\/\"},\"wordCount\":108,\"publisher\":{\"@id\":\"https:\\\/\\\/www.emplea-te.com\\\/noticias-oposiciones\\\/#organization\"},\"keywords\":[\"Convocatoria\",\"Puntuaciones y notas de corte\"],\"articleSection\":[\"Oposiciones Auton\u00f3micas Galicia\",\"Universidad de A Coru\u00f1a\"],\"inLanguage\":\"es\"},{\"@type\":\"WebPage\",\"@id\":\"https:\\\/\\\/www.emplea-te.com\\\/noticias-oposiciones\\\/udc-escala-auxiliar-de-servicios-publicadas-las-puntuaciones-provisionales-del-primer-ejercicio-obtenidas-por-los-aspirantes-que-se-presentaron\\\/\",\"url\":\"https:\\\/\\\/www.emplea-te.com\\\/noticias-oposiciones\\\/udc-escala-auxiliar-de-servicios-publicadas-las-puntuaciones-provisionales-del-primer-ejercicio-obtenidas-por-los-aspirantes-que-se-presentaron\\\/\",\"name\":\"UDC. Escala de Auxiliar de Servicios. Publicadas puntuaciones provisionales del primer ejercicio.\",\"isPartOf\":{\"@id\":\"https:\\\/\\\/www.emplea-te.com\\\/noticias-oposiciones\\\/#website\"},\"datePublished\":\"2021-09-24T08:06:47+00:00\",\"description\":\"UDC. Escala de Auxiliar de Servicios. Publicadas puntuaciones provisionales del primer ejercicio.\",\"breadcrumb\":{\"@id\":\"https:\\\/\\\/www.emplea-te.com\\\/noticias-oposiciones\\\/udc-escala-auxiliar-de-servicios-publicadas-las-puntuaciones-provisionales-del-primer-ejercicio-obtenidas-por-los-aspirantes-que-se-presentaron\\\/#breadcrumb\"},\"inLanguage\":\"es\",\"potentialAction\":[{\"@type\":\"ReadAction\",\"target\":[\"https:\\\/\\\/www.emplea-te.com\\\/noticias-oposiciones\\\/udc-escala-auxiliar-de-servicios-publicadas-las-puntuaciones-provisionales-del-primer-ejercicio-obtenidas-por-los-aspirantes-que-se-presentaron\\\/\"]}]},{\"@type\":\"BreadcrumbList\",\"@id\":\"https:\\\/\\\/www.emplea-te.com\\\/noticias-oposiciones\\\/udc-escala-auxiliar-de-servicios-publicadas-las-puntuaciones-provisionales-del-primer-ejercicio-obtenidas-por-los-aspirantes-que-se-presentaron\\\/#breadcrumb\",\"itemListElement\":[{\"@type\":\"ListItem\",\"position\":1,\"name\":\"Noticias Oposiciones\",\"item\":\"https:\\\/\\\/www.emplea-te.com\\\/noticias-oposiciones\\\/\"},{\"@type\":\"ListItem\",\"position\":2,\"name\":\"Oposiciones Auton\u00f3micas Galicia\",\"item\":\"https:\\\/\\\/www.emplea-te.com\\\/noticias-oposiciones\\\/categoria\\\/oposiciones-autonomicas-galicia\\\/\"},{\"@type\":\"ListItem\",\"position\":3,\"name\":\"UDC. Escala Auxiliar de Servicios. Publicadas las puntuaciones provisionales del primer ejercicio obtenidas por los aspirantes que se presentaron.\"}]},{\"@type\":\"WebSite\",\"@id\":\"https:\\\/\\\/www.emplea-te.com\\\/noticias-oposiciones\\\/#website\",\"url\":\"https:\\\/\\\/www.emplea-te.com\\\/noticias-oposiciones\\\/\",\"name\":\"Noticas de oposiciones por Academia Emplea-te\",\"description\":\"Toda la actualidad de las ofertas y convocatorias.\",\"publisher\":{\"@id\":\"https:\\\/\\\/www.emplea-te.com\\\/noticias-oposiciones\\\/#organization\"},\"potentialAction\":[{\"@type\":\"SearchAction\",\"target\":{\"@type\":\"EntryPoint\",\"urlTemplate\":\"https:\\\/\\\/www.emplea-te.com\\\/noticias-oposiciones\\\/?s={search_term_string}\"},\"query-input\":{\"@type\":\"PropertyValueSpecification\",\"valueRequired\":true,\"valueName\":\"search_term_string\"}}],\"inLanguage\":\"es\"},{\"@type\":\"Organization\",\"@id\":\"https:\\\/\\\/www.emplea-te.com\\\/noticias-oposiciones\\\/#organization\",\"name\":\"Academia de oposiciones Empl\u00e9ate\",\"url\":\"https:\\\/\\\/www.emplea-te.com\\\/noticias-oposiciones\\\/\",\"logo\":{\"@type\":\"ImageObject\",\"inLanguage\":\"es\",\"@id\":\"https:\\\/\\\/www.emplea-te.com\\\/noticias-oposiciones\\\/#\\\/schema\\\/logo\\\/image\\\/\",\"url\":\"https:\\\/\\\/www.emplea-te.com\\\/noticias-oposiciones\\\/wp-content\\\/uploads\\\/2019\\\/04\\\/empleate.jpg\",\"contentUrl\":\"https:\\\/\\\/www.emplea-te.com\\\/noticias-oposiciones\\\/wp-content\\\/uploads\\\/2019\\\/04\\\/empleate.jpg\",\"width\":250,\"height\":150,\"caption\":\"Academia de oposiciones Empl\u00e9ate\"},\"image\":{\"@id\":\"https:\\\/\\\/www.emplea-te.com\\\/noticias-oposiciones\\\/#\\\/schema\\\/logo\\\/image\\\/\"},\"sameAs\":[\"https:\\\/\\\/www.facebook.com\\\/AcademiaEmpleate\\\/\",\"https:\\\/\\\/x.com\\\/Emplea_Te\",\"https:\\\/\\\/www.instagram.com\\\/academia_empleate\\\/\"]},{\"@type\":\"Person\",\"@id\":\"https:\\\/\\\/www.emplea-te.com\\\/noticias-oposiciones\\\/#\\\/schema\\\/person\\\/d1bc587e1af2b95e9c32aba1795509a6\",\"name\":\"Empleate\"}]}<\/script>\n<!-- \/ Yoast SEO plugin. -->","yoast_head_json":{"title":"UDC. Escala de Auxiliar de Servicios. Publicadas puntuaciones provisionales del primer ejercicio.","description":"UDC. Escala de Auxiliar de Servicios. Publicadas puntuaciones provisionales del primer ejercicio.","robots":{"index":"index","follow":"follow","max-snippet":"max-snippet:-1","max-image-preview":"max-image-preview:large","max-video-preview":"max-video-preview:-1"},"canonical":"https:\/\/www.emplea-te.com\/noticias-oposiciones\/udc-escala-auxiliar-de-servicios-publicadas-las-puntuaciones-provisionales-del-primer-ejercicio-obtenidas-por-los-aspirantes-que-se-presentaron\/","og_locale":"es_ES","og_type":"article","og_title":"UDC. Escala de Auxiliar de Servicios. Publicadas puntuaciones provisionales del primer ejercicio.","og_description":"UDC. Escala de Auxiliar de Servicios. Publicadas puntuaciones provisionales del primer ejercicio.","og_url":"https:\/\/www.emplea-te.com\/noticias-oposiciones\/udc-escala-auxiliar-de-servicios-publicadas-las-puntuaciones-provisionales-del-primer-ejercicio-obtenidas-por-los-aspirantes-que-se-presentaron\/","og_site_name":"Noticas de oposiciones por Academia Emplea-te","article_publisher":"https:\/\/www.facebook.com\/AcademiaEmpleate\/","article_published_time":"2021-09-24T08:06:47+00:00","author":"Empleate","twitter_card":"summary_large_image","twitter_creator":"@Emplea_Te","twitter_site":"@Emplea_Te","twitter_misc":{"Escrito por":"Empleate","Tiempo de lectura":"1 minuto"},"schema":{"@context":"https:\/\/schema.org","@graph":[{"@type":"Article","@id":"https:\/\/www.emplea-te.com\/noticias-oposiciones\/udc-escala-auxiliar-de-servicios-publicadas-las-puntuaciones-provisionales-del-primer-ejercicio-obtenidas-por-los-aspirantes-que-se-presentaron\/#article","isPartOf":{"@id":"https:\/\/www.emplea-te.com\/noticias-oposiciones\/udc-escala-auxiliar-de-servicios-publicadas-las-puntuaciones-provisionales-del-primer-ejercicio-obtenidas-por-los-aspirantes-que-se-presentaron\/"},"author":{"name":"Empleate","@id":"https:\/\/www.emplea-te.com\/noticias-oposiciones\/#\/schema\/person\/d1bc587e1af2b95e9c32aba1795509a6"},"headline":"UDC. Escala Auxiliar de Servicios. Publicadas las puntuaciones provisionales del primer ejercicio obtenidas por los aspirantes que se presentaron.","datePublished":"2021-09-24T08:06:47+00:00","mainEntityOfPage":{"@id":"https:\/\/www.emplea-te.com\/noticias-oposiciones\/udc-escala-auxiliar-de-servicios-publicadas-las-puntuaciones-provisionales-del-primer-ejercicio-obtenidas-por-los-aspirantes-que-se-presentaron\/"},"wordCount":108,"publisher":{"@id":"https:\/\/www.emplea-te.com\/noticias-oposiciones\/#organization"},"keywords":["Convocatoria","Puntuaciones y notas de corte"],"articleSection":["Oposiciones Auton\u00f3micas Galicia","Universidad de A Coru\u00f1a"],"inLanguage":"es"},{"@type":"WebPage","@id":"https:\/\/www.emplea-te.com\/noticias-oposiciones\/udc-escala-auxiliar-de-servicios-publicadas-las-puntuaciones-provisionales-del-primer-ejercicio-obtenidas-por-los-aspirantes-que-se-presentaron\/","url":"https:\/\/www.emplea-te.com\/noticias-oposiciones\/udc-escala-auxiliar-de-servicios-publicadas-las-puntuaciones-provisionales-del-primer-ejercicio-obtenidas-por-los-aspirantes-que-se-presentaron\/","name":"UDC. Escala de Auxiliar de Servicios. Publicadas puntuaciones provisionales del primer ejercicio.","isPartOf":{"@id":"https:\/\/www.emplea-te.com\/noticias-oposiciones\/#website"},"datePublished":"2021-09-24T08:06:47+00:00","description":"UDC. Escala de Auxiliar de Servicios. Publicadas puntuaciones provisionales del primer ejercicio.","breadcrumb":{"@id":"https:\/\/www.emplea-te.com\/noticias-oposiciones\/udc-escala-auxiliar-de-servicios-publicadas-las-puntuaciones-provisionales-del-primer-ejercicio-obtenidas-por-los-aspirantes-que-se-presentaron\/#breadcrumb"},"inLanguage":"es","potentialAction":[{"@type":"ReadAction","target":["https:\/\/www.emplea-te.com\/noticias-oposiciones\/udc-escala-auxiliar-de-servicios-publicadas-las-puntuaciones-provisionales-del-primer-ejercicio-obtenidas-por-los-aspirantes-que-se-presentaron\/"]}]},{"@type":"BreadcrumbList","@id":"https:\/\/www.emplea-te.com\/noticias-oposiciones\/udc-escala-auxiliar-de-servicios-publicadas-las-puntuaciones-provisionales-del-primer-ejercicio-obtenidas-por-los-aspirantes-que-se-presentaron\/#breadcrumb","itemListElement":[{"@type":"ListItem","position":1,"name":"Noticias Oposiciones","item":"https:\/\/www.emplea-te.com\/noticias-oposiciones\/"},{"@type":"ListItem","position":2,"name":"Oposiciones Auton\u00f3micas Galicia","item":"https:\/\/www.emplea-te.com\/noticias-oposiciones\/categoria\/oposiciones-autonomicas-galicia\/"},{"@type":"ListItem","position":3,"name":"UDC. Escala Auxiliar de Servicios. Publicadas las puntuaciones provisionales del primer ejercicio obtenidas por los aspirantes que se presentaron."}]},{"@type":"WebSite","@id":"https:\/\/www.emplea-te.com\/noticias-oposiciones\/#website","url":"https:\/\/www.emplea-te.com\/noticias-oposiciones\/","name":"Noticas de oposiciones por Academia Emplea-te","description":"Toda la actualidad de las ofertas y convocatorias.","publisher":{"@id":"https:\/\/www.emplea-te.com\/noticias-oposiciones\/#organization"},"potentialAction":[{"@type":"SearchAction","target":{"@type":"EntryPoint","urlTemplate":"https:\/\/www.emplea-te.com\/noticias-oposiciones\/?s={search_term_string}"},"query-input":{"@type":"PropertyValueSpecification","valueRequired":true,"valueName":"search_term_string"}}],"inLanguage":"es"},{"@type":"Organization","@id":"https:\/\/www.emplea-te.com\/noticias-oposiciones\/#organization","name":"Academia de oposiciones Empl\u00e9ate","url":"https:\/\/www.emplea-te.com\/noticias-oposiciones\/","logo":{"@type":"ImageObject","inLanguage":"es","@id":"https:\/\/www.emplea-te.com\/noticias-oposiciones\/#\/schema\/logo\/image\/","url":"https:\/\/www.emplea-te.com\/noticias-oposiciones\/wp-content\/uploads\/2019\/04\/empleate.jpg","contentUrl":"https:\/\/www.emplea-te.com\/noticias-oposiciones\/wp-content\/uploads\/2019\/04\/empleate.jpg","width":250,"height":150,"caption":"Academia de oposiciones Empl\u00e9ate"},"image":{"@id":"https:\/\/www.emplea-te.com\/noticias-oposiciones\/#\/schema\/logo\/image\/"},"sameAs":["https:\/\/www.facebook.com\/AcademiaEmpleate\/","https:\/\/x.com\/Emplea_Te","https:\/\/www.instagram.com\/academia_empleate\/"]},{"@type":"Person","@id":"https:\/\/www.emplea-te.com\/noticias-oposiciones\/#\/schema\/person\/d1bc587e1af2b95e9c32aba1795509a6","name":"Empleate"}]}},"_links":{"self":[{"href":"https:\/\/www.emplea-te.com\/noticias-oposiciones\/wp-json\/wp\/v2\/posts\/5331","targetHints":{"allow":["GET"]}}],"collection":[{"href":"https:\/\/www.emplea-te.com\/noticias-oposiciones\/wp-json\/wp\/v2\/posts"}],"about":[{"href":"https:\/\/www.emplea-te.com\/noticias-oposiciones\/wp-json\/wp\/v2\/types\/post"}],"author":[{"embeddable":true,"href":"https:\/\/www.emplea-te.com\/noticias-oposiciones\/wp-json\/wp\/v2\/users\/1"}],"replies":[{"embeddable":true,"href":"https:\/\/www.emplea-te.com\/noticias-oposiciones\/wp-json\/wp\/v2\/comments?post=5331"}],"version-history":[{"count":1,"href":"https:\/\/www.emplea-te.com\/noticias-oposiciones\/wp-json\/wp\/v2\/posts\/5331\/revisions"}],"predecessor-version":[{"id":5332,"href":"https:\/\/www.emplea-te.com\/noticias-oposiciones\/wp-json\/wp\/v2\/posts\/5331\/revisions\/5332"}],"wp:attachment":[{"href":"https:\/\/www.emplea-te.com\/noticias-oposiciones\/wp-json\/wp\/v2\/media?parent=5331"}],"wp:term":[{"taxonomy":"category","embeddable":true,"href":"https:\/\/www.emplea-te.com\/noticias-oposiciones\/wp-json\/wp\/v2\/categories?post=5331"},{"taxonomy":"post_tag","embeddable":true,"href":"https:\/\/www.emplea-te.com\/noticias-oposiciones\/wp-json\/wp\/v2\/tags?post=5331"}],"curies":[{"name":"wp","href":"https:\/\/api.w.org\/{rel}","templated":true}]}}