{"id":5336,"date":"2021-09-24T13:02:29","date_gmt":"2021-09-24T11:02:29","guid":{"rendered":"https:\/\/www.emplea-te.com\/noticias-oposiciones\/?p=5336"},"modified":"2021-09-24T13:02:29","modified_gmt":"2021-09-24T11:02:29","slug":"xunta-de-galicia-criterios-correccion-y-valoracion-segundo-ejercicio-administrativo-c1-acceso-libre","status":"publish","type":"post","link":"https:\/\/www.emplea-te.com\/noticias-oposiciones\/xunta-de-galicia-criterios-correccion-y-valoracion-segundo-ejercicio-administrativo-c1-acceso-libre\/","title":{"rendered":"Xunta de Galicia. Criterios correcci\u00f3n y valoraci\u00f3n segundo ejercicio Administrativo C1 acceso libre."},"content":{"rendered":"<p>Xunta de Galicia.<br \/>\nCriterios correcci\u00f3n y valoraci\u00f3n segundo ejercicio Administrativo C1 acceso libre.<\/p>\n<p><a href=\"http:\/\/www.xunta.es\/rcp\/listas\/rcp_opo\/opo_visor_novas.jsp?urlAcceso=55U126A125R102K111X121R86G109H111T102A109C121R121D117Y120X63P52G52E124Z124U124U51G125M122Z115W121S102F51D108K102H113E52E105C125U107T117K52M75N122Q115T104H110V116N115T102M119I110Q116F120M52T55O53P54A62E52G72Q54C52T72F119C110N121Q106I119Q110E116M120W100T74A125T55R51W117M105U107J60M111C118F123Q126O95D120D122T127F108Q&amp;controlAcceso=61R124U119O122J123R125V111U87K106G124G55S57C53S62C55W53I55X54R108Y107O119R54S105F127D88H125A108Y118Q\" target=\"_blank\" rel=\"noopener noreferrer\">Se publica en la Web de Funci\u00f3n P\u00fablica de la Xunta la nota informativa que pod\u00e9is leer desde este enlace.<\/a><\/p>\n<p>Os resumimos los puntos m\u00e1s importantes:<\/p>\n<p><strong>CUESTI\u00d3NS XERAIS ESTABLECIDAS NAS BASES DA CONVOCATORIA<\/strong><br \/>\nAs persoas aspirantes deber\u00e1n resolver por escrito <strong>dous supostos de car\u00e1cter pr\u00e1ctico sobre os temas do bloque II do programa indicados no anexo I, cun total de sesenta (60) preguntas tipo test, con trinta (30) preguntas cada cada un dos supostos.<\/strong><br \/>\nCada suposto do exercicio dispor\u00e1 de tres (3) preguntas de reserva.<br \/>\nAs preguntas ter\u00e1n catro (4) respostas alternativas propostas polo tribunal, das cales s\u00f3 unha delas ser\u00e1 a correcta.<br \/>\nAs preguntas adicionais de reserva ser\u00e1n valoradas s\u00f3 no caso de que se anule algunha das preguntas do exercicio.<br \/>\nO tempo m\u00e1ximo de <strong>duraci\u00f3n deste exercicio ser\u00e1 de cento vinte (120)<\/strong> <strong>minutos.<\/strong><br \/>\nO exercicio cualificarase de 0 a 30 puntos e para superalo ser\u00e1 necesario obter un m\u00ednimo de quince (15) puntos. Corresponderalle ao tribunal determinar o n\u00famero de respostas correctas esixido para acadar esta puntuaci\u00f3n m\u00ednima, para o cal ter\u00e1 en conta que cada resposta<br \/>\nincorrecta descontar\u00e1 un cuarto dunha pregunta correcta.<\/p>\n<p><strong>DETERMINACI\u00d3N DE SUPERACI\u00d3N DA PROBA E N\u00daMERO DE APROBADOS<\/strong><br \/>\nEn virtude desta facultade de determinaci\u00f3n do criterio de superaci\u00f3n do exercicio, o Tribunal acordou que superar\u00e1n o segundo exercicio as <strong>persoas aspirantes presentadas<\/strong> que acaden as mellores puntuaci\u00f3ns no conxunto de todas as quendas, <strong>ata completar<\/strong> o n\u00famero m\u00e1ximo de<strong> trescentas sesenta e cinco (365),<\/strong> sempre que respondesen correctamente como m\u00ednimo a vinte<br \/>\ne nove (29) das preguntas do suposto pr\u00e1ctico consideradas v\u00e1lidas (unha vez feitas as deduci\u00f3ns por respostas incorrectas).<br \/>\nAs preguntas non contestadas non penalizar\u00e1n nin recibir\u00e1n<br \/>\npuntuaci\u00f3n.<br \/>\nTodas as persoas aspirantes con id\u00e9ntica puntuaci\u00f3n a aquela persoa aprobada que marque o corte consideraranse igualmente aprobadas, a\u00ednda que se superase o n\u00famero de aspirantes antes indicado (365).<br \/>\nAsignarase a valoraci\u00f3n de 15 puntos \u00e1s persoas aspirantes que obte\u00f1an unha nota equivalente \u00e1 nota de corte fixada.<br \/>\nO resto das persoas declaradas aptas ter\u00e1n unha cualificaci\u00f3n distribu\u00edda entre os 15 e os 30 puntos, proporcional ao n\u00famero de respostas correctas.<br \/>\nDo mesmo xeito, asignarase a puntuaci\u00f3n proporcional que corresponda as persoas aspirantes declaradas non aptas.<\/p>\n","protected":false},"excerpt":{"rendered":"<p>Xunta de Galicia. Criterios correcci\u00f3n y valoraci\u00f3n segundo ejercicio Administrativo C1 acceso libre. Se publica en la Web de Funci\u00f3n P\u00fablica de la Xunta la nota informativa que pod\u00e9is leer desde este enlace. Os resumimos los puntos m\u00e1s importantes: CUESTI\u00d3NS XERAIS ESTABLECIDAS NAS BASES DA CONVOCATORIA As persoas aspirantes deber\u00e1n resolver por escrito dous supostos &hellip; <a href=\"https:\/\/www.emplea-te.com\/noticias-oposiciones\/xunta-de-galicia-criterios-correccion-y-valoracion-segundo-ejercicio-administrativo-c1-acceso-libre\/\" class=\"more-link\">Continuar leyendo<span class=\"screen-reader-text\"> \u00abXunta de Galicia. Criterios correcci\u00f3n y valoraci\u00f3n segundo ejercicio Administrativo C1 acceso libre.\u00bb<\/span><\/a><\/p>\n","protected":false},"author":1,"featured_media":0,"comment_status":"closed","ping_status":"closed","sticky":false,"template":"","format":"standard","meta":{"footnotes":""},"categories":[60,4],"tags":[82,49],"class_list":["post-5336","post","type-post","status-publish","format-standard","hentry","category-administrativo-c1-xunta","category-oposiciones-xunta","tag-acceso-libre","tag-convocatorias-de-oposiciones"],"yoast_head":"<!-- This site is optimized with the Yoast SEO plugin v27.3 - https:\/\/yoast.com\/product\/yoast-seo-wordpress\/ -->\n<title>Xunta de Galicia. Criterios correcci\u00f3n y valoraci\u00f3n segundo ejercicio de Administrativo C1 acceso libre.<\/title>\n<meta name=\"description\" content=\"Xunta de Galicia. Criterios correcci\u00f3n y valoraci\u00f3n segundo ejercicio de Administrativo C1 acceso libre.\" \/>\n<meta name=\"robots\" content=\"index, follow, max-snippet:-1, max-image-preview:large, max-video-preview:-1\" \/>\n<link rel=\"canonical\" href=\"https:\/\/www.emplea-te.com\/noticias-oposiciones\/xunta-de-galicia-criterios-correccion-y-valoracion-segundo-ejercicio-administrativo-c1-acceso-libre\/\" \/>\n<meta property=\"og:locale\" content=\"es_ES\" \/>\n<meta property=\"og:type\" content=\"article\" \/>\n<meta property=\"og:title\" content=\"Xunta de Galicia. Criterios correcci\u00f3n y valoraci\u00f3n segundo ejercicio de Administrativo C1 acceso libre.\" \/>\n<meta property=\"og:description\" content=\"Xunta de Galicia. Criterios correcci\u00f3n y valoraci\u00f3n segundo ejercicio de Administrativo C1 acceso libre.\" \/>\n<meta property=\"og:url\" content=\"https:\/\/www.emplea-te.com\/noticias-oposiciones\/xunta-de-galicia-criterios-correccion-y-valoracion-segundo-ejercicio-administrativo-c1-acceso-libre\/\" \/>\n<meta property=\"og:site_name\" content=\"Noticas de oposiciones por Academia Emplea-te\" \/>\n<meta property=\"article:publisher\" content=\"https:\/\/www.facebook.com\/AcademiaEmpleate\/\" \/>\n<meta property=\"article:published_time\" content=\"2021-09-24T11:02:29+00:00\" \/>\n<meta name=\"author\" content=\"Empleate\" \/>\n<meta name=\"twitter:card\" content=\"summary_large_image\" \/>\n<meta name=\"twitter:creator\" content=\"@Emplea_Te\" \/>\n<meta name=\"twitter:site\" content=\"@Emplea_Te\" \/>\n<meta name=\"twitter:label1\" content=\"Escrito por\" \/>\n\t<meta name=\"twitter:data1\" content=\"Empleate\" \/>\n\t<meta name=\"twitter:label2\" content=\"Tiempo de lectura\" \/>\n\t<meta name=\"twitter:data2\" content=\"2 minutos\" \/>\n<script type=\"application\/ld+json\" class=\"yoast-schema-graph\">{\"@context\":\"https:\\\/\\\/schema.org\",\"@graph\":[{\"@type\":\"Article\",\"@id\":\"https:\\\/\\\/www.emplea-te.com\\\/noticias-oposiciones\\\/xunta-de-galicia-criterios-correccion-y-valoracion-segundo-ejercicio-administrativo-c1-acceso-libre\\\/#article\",\"isPartOf\":{\"@id\":\"https:\\\/\\\/www.emplea-te.com\\\/noticias-oposiciones\\\/xunta-de-galicia-criterios-correccion-y-valoracion-segundo-ejercicio-administrativo-c1-acceso-libre\\\/\"},\"author\":{\"name\":\"Empleate\",\"@id\":\"https:\\\/\\\/www.emplea-te.com\\\/noticias-oposiciones\\\/#\\\/schema\\\/person\\\/d1bc587e1af2b95e9c32aba1795509a6\"},\"headline\":\"Xunta de Galicia. Criterios correcci\u00f3n y valoraci\u00f3n segundo ejercicio Administrativo C1 acceso libre.\",\"datePublished\":\"2021-09-24T11:02:29+00:00\",\"mainEntityOfPage\":{\"@id\":\"https:\\\/\\\/www.emplea-te.com\\\/noticias-oposiciones\\\/xunta-de-galicia-criterios-correccion-y-valoracion-segundo-ejercicio-administrativo-c1-acceso-libre\\\/\"},\"wordCount\":420,\"publisher\":{\"@id\":\"https:\\\/\\\/www.emplea-te.com\\\/noticias-oposiciones\\\/#organization\"},\"keywords\":[\"Acceso libre\",\"Convocatoria\"],\"articleSection\":[\"Administrativo C1 Xunta\",\"Oposiciones Xunta\"],\"inLanguage\":\"es\"},{\"@type\":\"WebPage\",\"@id\":\"https:\\\/\\\/www.emplea-te.com\\\/noticias-oposiciones\\\/xunta-de-galicia-criterios-correccion-y-valoracion-segundo-ejercicio-administrativo-c1-acceso-libre\\\/\",\"url\":\"https:\\\/\\\/www.emplea-te.com\\\/noticias-oposiciones\\\/xunta-de-galicia-criterios-correccion-y-valoracion-segundo-ejercicio-administrativo-c1-acceso-libre\\\/\",\"name\":\"Xunta de Galicia. Criterios correcci\u00f3n y valoraci\u00f3n segundo ejercicio de Administrativo C1 acceso libre.\",\"isPartOf\":{\"@id\":\"https:\\\/\\\/www.emplea-te.com\\\/noticias-oposiciones\\\/#website\"},\"datePublished\":\"2021-09-24T11:02:29+00:00\",\"description\":\"Xunta de Galicia. Criterios correcci\u00f3n y valoraci\u00f3n segundo ejercicio de Administrativo C1 acceso libre.\",\"breadcrumb\":{\"@id\":\"https:\\\/\\\/www.emplea-te.com\\\/noticias-oposiciones\\\/xunta-de-galicia-criterios-correccion-y-valoracion-segundo-ejercicio-administrativo-c1-acceso-libre\\\/#breadcrumb\"},\"inLanguage\":\"es\",\"potentialAction\":[{\"@type\":\"ReadAction\",\"target\":[\"https:\\\/\\\/www.emplea-te.com\\\/noticias-oposiciones\\\/xunta-de-galicia-criterios-correccion-y-valoracion-segundo-ejercicio-administrativo-c1-acceso-libre\\\/\"]}]},{\"@type\":\"BreadcrumbList\",\"@id\":\"https:\\\/\\\/www.emplea-te.com\\\/noticias-oposiciones\\\/xunta-de-galicia-criterios-correccion-y-valoracion-segundo-ejercicio-administrativo-c1-acceso-libre\\\/#breadcrumb\",\"itemListElement\":[{\"@type\":\"ListItem\",\"position\":1,\"name\":\"Noticias Oposiciones\",\"item\":\"https:\\\/\\\/www.emplea-te.com\\\/noticias-oposiciones\\\/\"},{\"@type\":\"ListItem\",\"position\":2,\"name\":\"Oposiciones Xunta\",\"item\":\"https:\\\/\\\/www.emplea-te.com\\\/noticias-oposiciones\\\/categoria\\\/oposiciones-xunta\\\/\"},{\"@type\":\"ListItem\",\"position\":3,\"name\":\"Xunta de Galicia. Criterios correcci\u00f3n y valoraci\u00f3n segundo ejercicio Administrativo C1 acceso libre.\"}]},{\"@type\":\"WebSite\",\"@id\":\"https:\\\/\\\/www.emplea-te.com\\\/noticias-oposiciones\\\/#website\",\"url\":\"https:\\\/\\\/www.emplea-te.com\\\/noticias-oposiciones\\\/\",\"name\":\"Noticas de oposiciones por Academia Emplea-te\",\"description\":\"Toda la actualidad de las ofertas y convocatorias.\",\"publisher\":{\"@id\":\"https:\\\/\\\/www.emplea-te.com\\\/noticias-oposiciones\\\/#organization\"},\"potentialAction\":[{\"@type\":\"SearchAction\",\"target\":{\"@type\":\"EntryPoint\",\"urlTemplate\":\"https:\\\/\\\/www.emplea-te.com\\\/noticias-oposiciones\\\/?s={search_term_string}\"},\"query-input\":{\"@type\":\"PropertyValueSpecification\",\"valueRequired\":true,\"valueName\":\"search_term_string\"}}],\"inLanguage\":\"es\"},{\"@type\":\"Organization\",\"@id\":\"https:\\\/\\\/www.emplea-te.com\\\/noticias-oposiciones\\\/#organization\",\"name\":\"Academia de oposiciones Empl\u00e9ate\",\"url\":\"https:\\\/\\\/www.emplea-te.com\\\/noticias-oposiciones\\\/\",\"logo\":{\"@type\":\"ImageObject\",\"inLanguage\":\"es\",\"@id\":\"https:\\\/\\\/www.emplea-te.com\\\/noticias-oposiciones\\\/#\\\/schema\\\/logo\\\/image\\\/\",\"url\":\"https:\\\/\\\/www.emplea-te.com\\\/noticias-oposiciones\\\/wp-content\\\/uploads\\\/2019\\\/04\\\/empleate.jpg\",\"contentUrl\":\"https:\\\/\\\/www.emplea-te.com\\\/noticias-oposiciones\\\/wp-content\\\/uploads\\\/2019\\\/04\\\/empleate.jpg\",\"width\":250,\"height\":150,\"caption\":\"Academia de oposiciones Empl\u00e9ate\"},\"image\":{\"@id\":\"https:\\\/\\\/www.emplea-te.com\\\/noticias-oposiciones\\\/#\\\/schema\\\/logo\\\/image\\\/\"},\"sameAs\":[\"https:\\\/\\\/www.facebook.com\\\/AcademiaEmpleate\\\/\",\"https:\\\/\\\/x.com\\\/Emplea_Te\",\"https:\\\/\\\/www.instagram.com\\\/academia_empleate\\\/\"]},{\"@type\":\"Person\",\"@id\":\"https:\\\/\\\/www.emplea-te.com\\\/noticias-oposiciones\\\/#\\\/schema\\\/person\\\/d1bc587e1af2b95e9c32aba1795509a6\",\"name\":\"Empleate\"}]}<\/script>\n<!-- \/ Yoast SEO plugin. -->","yoast_head_json":{"title":"Xunta de Galicia. Criterios correcci\u00f3n y valoraci\u00f3n segundo ejercicio de Administrativo C1 acceso libre.","description":"Xunta de Galicia. Criterios correcci\u00f3n y valoraci\u00f3n segundo ejercicio de Administrativo C1 acceso libre.","robots":{"index":"index","follow":"follow","max-snippet":"max-snippet:-1","max-image-preview":"max-image-preview:large","max-video-preview":"max-video-preview:-1"},"canonical":"https:\/\/www.emplea-te.com\/noticias-oposiciones\/xunta-de-galicia-criterios-correccion-y-valoracion-segundo-ejercicio-administrativo-c1-acceso-libre\/","og_locale":"es_ES","og_type":"article","og_title":"Xunta de Galicia. Criterios correcci\u00f3n y valoraci\u00f3n segundo ejercicio de Administrativo C1 acceso libre.","og_description":"Xunta de Galicia. Criterios correcci\u00f3n y valoraci\u00f3n segundo ejercicio de Administrativo C1 acceso libre.","og_url":"https:\/\/www.emplea-te.com\/noticias-oposiciones\/xunta-de-galicia-criterios-correccion-y-valoracion-segundo-ejercicio-administrativo-c1-acceso-libre\/","og_site_name":"Noticas de oposiciones por Academia Emplea-te","article_publisher":"https:\/\/www.facebook.com\/AcademiaEmpleate\/","article_published_time":"2021-09-24T11:02:29+00:00","author":"Empleate","twitter_card":"summary_large_image","twitter_creator":"@Emplea_Te","twitter_site":"@Emplea_Te","twitter_misc":{"Escrito por":"Empleate","Tiempo de lectura":"2 minutos"},"schema":{"@context":"https:\/\/schema.org","@graph":[{"@type":"Article","@id":"https:\/\/www.emplea-te.com\/noticias-oposiciones\/xunta-de-galicia-criterios-correccion-y-valoracion-segundo-ejercicio-administrativo-c1-acceso-libre\/#article","isPartOf":{"@id":"https:\/\/www.emplea-te.com\/noticias-oposiciones\/xunta-de-galicia-criterios-correccion-y-valoracion-segundo-ejercicio-administrativo-c1-acceso-libre\/"},"author":{"name":"Empleate","@id":"https:\/\/www.emplea-te.com\/noticias-oposiciones\/#\/schema\/person\/d1bc587e1af2b95e9c32aba1795509a6"},"headline":"Xunta de Galicia. Criterios correcci\u00f3n y valoraci\u00f3n segundo ejercicio Administrativo C1 acceso libre.","datePublished":"2021-09-24T11:02:29+00:00","mainEntityOfPage":{"@id":"https:\/\/www.emplea-te.com\/noticias-oposiciones\/xunta-de-galicia-criterios-correccion-y-valoracion-segundo-ejercicio-administrativo-c1-acceso-libre\/"},"wordCount":420,"publisher":{"@id":"https:\/\/www.emplea-te.com\/noticias-oposiciones\/#organization"},"keywords":["Acceso libre","Convocatoria"],"articleSection":["Administrativo C1 Xunta","Oposiciones Xunta"],"inLanguage":"es"},{"@type":"WebPage","@id":"https:\/\/www.emplea-te.com\/noticias-oposiciones\/xunta-de-galicia-criterios-correccion-y-valoracion-segundo-ejercicio-administrativo-c1-acceso-libre\/","url":"https:\/\/www.emplea-te.com\/noticias-oposiciones\/xunta-de-galicia-criterios-correccion-y-valoracion-segundo-ejercicio-administrativo-c1-acceso-libre\/","name":"Xunta de Galicia. Criterios correcci\u00f3n y valoraci\u00f3n segundo ejercicio de Administrativo C1 acceso libre.","isPartOf":{"@id":"https:\/\/www.emplea-te.com\/noticias-oposiciones\/#website"},"datePublished":"2021-09-24T11:02:29+00:00","description":"Xunta de Galicia. Criterios correcci\u00f3n y valoraci\u00f3n segundo ejercicio de Administrativo C1 acceso libre.","breadcrumb":{"@id":"https:\/\/www.emplea-te.com\/noticias-oposiciones\/xunta-de-galicia-criterios-correccion-y-valoracion-segundo-ejercicio-administrativo-c1-acceso-libre\/#breadcrumb"},"inLanguage":"es","potentialAction":[{"@type":"ReadAction","target":["https:\/\/www.emplea-te.com\/noticias-oposiciones\/xunta-de-galicia-criterios-correccion-y-valoracion-segundo-ejercicio-administrativo-c1-acceso-libre\/"]}]},{"@type":"BreadcrumbList","@id":"https:\/\/www.emplea-te.com\/noticias-oposiciones\/xunta-de-galicia-criterios-correccion-y-valoracion-segundo-ejercicio-administrativo-c1-acceso-libre\/#breadcrumb","itemListElement":[{"@type":"ListItem","position":1,"name":"Noticias Oposiciones","item":"https:\/\/www.emplea-te.com\/noticias-oposiciones\/"},{"@type":"ListItem","position":2,"name":"Oposiciones Xunta","item":"https:\/\/www.emplea-te.com\/noticias-oposiciones\/categoria\/oposiciones-xunta\/"},{"@type":"ListItem","position":3,"name":"Xunta de Galicia. Criterios correcci\u00f3n y valoraci\u00f3n segundo ejercicio Administrativo C1 acceso libre."}]},{"@type":"WebSite","@id":"https:\/\/www.emplea-te.com\/noticias-oposiciones\/#website","url":"https:\/\/www.emplea-te.com\/noticias-oposiciones\/","name":"Noticas de oposiciones por Academia Emplea-te","description":"Toda la actualidad de las ofertas y convocatorias.","publisher":{"@id":"https:\/\/www.emplea-te.com\/noticias-oposiciones\/#organization"},"potentialAction":[{"@type":"SearchAction","target":{"@type":"EntryPoint","urlTemplate":"https:\/\/www.emplea-te.com\/noticias-oposiciones\/?s={search_term_string}"},"query-input":{"@type":"PropertyValueSpecification","valueRequired":true,"valueName":"search_term_string"}}],"inLanguage":"es"},{"@type":"Organization","@id":"https:\/\/www.emplea-te.com\/noticias-oposiciones\/#organization","name":"Academia de oposiciones Empl\u00e9ate","url":"https:\/\/www.emplea-te.com\/noticias-oposiciones\/","logo":{"@type":"ImageObject","inLanguage":"es","@id":"https:\/\/www.emplea-te.com\/noticias-oposiciones\/#\/schema\/logo\/image\/","url":"https:\/\/www.emplea-te.com\/noticias-oposiciones\/wp-content\/uploads\/2019\/04\/empleate.jpg","contentUrl":"https:\/\/www.emplea-te.com\/noticias-oposiciones\/wp-content\/uploads\/2019\/04\/empleate.jpg","width":250,"height":150,"caption":"Academia de oposiciones Empl\u00e9ate"},"image":{"@id":"https:\/\/www.emplea-te.com\/noticias-oposiciones\/#\/schema\/logo\/image\/"},"sameAs":["https:\/\/www.facebook.com\/AcademiaEmpleate\/","https:\/\/x.com\/Emplea_Te","https:\/\/www.instagram.com\/academia_empleate\/"]},{"@type":"Person","@id":"https:\/\/www.emplea-te.com\/noticias-oposiciones\/#\/schema\/person\/d1bc587e1af2b95e9c32aba1795509a6","name":"Empleate"}]}},"_links":{"self":[{"href":"https:\/\/www.emplea-te.com\/noticias-oposiciones\/wp-json\/wp\/v2\/posts\/5336","targetHints":{"allow":["GET"]}}],"collection":[{"href":"https:\/\/www.emplea-te.com\/noticias-oposiciones\/wp-json\/wp\/v2\/posts"}],"about":[{"href":"https:\/\/www.emplea-te.com\/noticias-oposiciones\/wp-json\/wp\/v2\/types\/post"}],"author":[{"embeddable":true,"href":"https:\/\/www.emplea-te.com\/noticias-oposiciones\/wp-json\/wp\/v2\/users\/1"}],"replies":[{"embeddable":true,"href":"https:\/\/www.emplea-te.com\/noticias-oposiciones\/wp-json\/wp\/v2\/comments?post=5336"}],"version-history":[{"count":1,"href":"https:\/\/www.emplea-te.com\/noticias-oposiciones\/wp-json\/wp\/v2\/posts\/5336\/revisions"}],"predecessor-version":[{"id":5337,"href":"https:\/\/www.emplea-te.com\/noticias-oposiciones\/wp-json\/wp\/v2\/posts\/5336\/revisions\/5337"}],"wp:attachment":[{"href":"https:\/\/www.emplea-te.com\/noticias-oposiciones\/wp-json\/wp\/v2\/media?parent=5336"}],"wp:term":[{"taxonomy":"category","embeddable":true,"href":"https:\/\/www.emplea-te.com\/noticias-oposiciones\/wp-json\/wp\/v2\/categories?post=5336"},{"taxonomy":"post_tag","embeddable":true,"href":"https:\/\/www.emplea-te.com\/noticias-oposiciones\/wp-json\/wp\/v2\/tags?post=5336"}],"curies":[{"name":"wp","href":"https:\/\/api.w.org\/{rel}","templated":true}]}}