{"id":5340,"date":"2021-09-28T09:41:27","date_gmt":"2021-09-28T07:41:27","guid":{"rendered":"https:\/\/www.emplea-te.com\/noticias-oposiciones\/?p=5340"},"modified":"2021-09-28T09:41:27","modified_gmt":"2021-09-28T07:41:27","slug":"xunta-de-galicia-auxiliar-administrativo-c2-promocion-interna-acuerdos-sobre-el-primer-ejercicio","status":"publish","type":"post","link":"https:\/\/www.emplea-te.com\/noticias-oposiciones\/xunta-de-galicia-auxiliar-administrativo-c2-promocion-interna-acuerdos-sobre-el-primer-ejercicio\/","title":{"rendered":"Xunta de Galicia. Auxiliar Administrativo C2 promoci\u00f3n interna. Acuerdos sobre el primer ejercicio."},"content":{"rendered":"<p><strong>Primer ejercicio Auxiliar Administrativo Xunta de Galicia Promoci\u00f3n interna.<\/strong><\/p>\n<p>Se publica en el DOG de hoy, d\u00eda 28 de septiembre de 2021, El Acuerdo por el que se da publicidad a diversos convenios sobre el segundo ejercicio de Auxiliar Administrativo Promoci\u00f3n interna.<\/p>\n<p class=\"dog-anexo-encabezado\"><strong>ACUERDOS:\u00a0<\/strong><\/p>\n<p class=\"dog-base-sangria\"><span><strong>Primero.\u00a0<\/strong><br \/>\nEn cumplimiento de lo dispuesto en la base II.1.2.7 de la convocatoria y en relaci\u00f3n con el primer ejercicio del proceso de selecci\u00f3n que tuvo lugar el 3 de julio de 2021, se revisaron los alegatos presentados en las sesiones que tuvieron lugar los d\u00edas 15 y 9 de julio. .Septiembre de 2021:<\/span><\/p>\n<p class=\"dog-base-sangria\"><span>&#8211; Cancelar la pregunta 95 del cuestionario.\u00a0En consecuencia, se sustituye por la pregunta de reserva 106 del cuestionario.<\/span><\/p>\n<p class=\"dog-base-sangria\"><span>&#8211; Modificar la opci\u00f3n listada en el cuadro de respuesta como correcta correspondiente a la pregunta 99 del cuestionario, que debe ser la respuesta C) en lugar de la respuesta A).<\/span><\/p>\n<p class=\"dog-base-sangria\"><span>&#8211; Modificar la opci\u00f3n listada en el cuadro de respuesta como correcta correspondiente a la pregunta 106 del cuestionario, que debe ser la respuesta A) en lugar de la B).<\/span><\/p>\n<p class=\"dog-base-sangria\"><span><strong>Segundo.\u00a0<\/strong><br \/>\nDesestimar en su totalidad las dem\u00e1s reclamaciones y alegaciones presentadas.<\/span><\/p>\n<p class=\"dog-base-sangria\"><span><strong>Tercera.<\/strong><br \/>\nDe acuerdo con lo establecido en la base II.1.1.1 de la convocatoria, el ejercicio ser\u00e1 calificado de 0 a 60 puntos y para aprobar ser\u00e1 necesario obtener un m\u00ednimo de treinta (30) puntos.\u00a0A estos efectos, en los criterios de rectificaci\u00f3n, valoraci\u00f3n y finalizaci\u00f3n del primer a\u00f1o aprobados por el juzgado en la sesi\u00f3n del 28 de junio de 2021, en cumplimiento de la potestad para determinar los criterios de superaci\u00f3n del a\u00f1o, y publicados en el portal web. de la Xunta de Galicia funcionpublica.xunta.gal, se estableci\u00f3 que los candidatos presentados que obtuvieran un m\u00ednimo del cuarenta y cinco (45) por ciento de las respuestas correctas en cada una de las partes de la prueba pasar\u00edan el primer ejercicio, una vez que el se hab\u00edan realizado los correspondientes descuentos.\u00a0Tenga en cuenta que las preguntas sin respuesta no penalizar\u00e1n ni recibir\u00e1n ninguna calificaci\u00f3n.\u00a0A los solicitantes que obtengan una calificaci\u00f3n equivalente a la calificaci\u00f3n de corte establecida se les asignar\u00e1 una calificaci\u00f3n de treinta (30) puntos en el ejercicio.\u00a0El resto de personas declaradas aptas tendr\u00e1n una calificaci\u00f3n distribuida entre treinta (30) y sesenta (60) puntos, proporcional al n\u00famero de aciertos.\u00a0Asimismo, se asignar\u00e1 la puntuaci\u00f3n proporcional correspondiente a los candidatos declarados no aptos.<\/span><\/p>\n<p class=\"dog-base-sangria\"><span><strong>Cuarto.<\/strong><br \/>\nPublicar las puntuaciones obtenidas por los aspirantes sometidos a la prueba celebrada el 3 de julio de 2020, correspondiente al primer ejercicio del proceso de selecci\u00f3n para la admisi\u00f3n, para la ronda de promoci\u00f3n interna, en el \u00f3rgano auxiliar de la Administraci\u00f3n General de la Comunidad Aut\u00f3noma de Galicia, subgrupo C2, convocado por Orden del Ministerio de Hacienda de 7 de enero de 2020 (DOG no. 21, de 31 de enero) en el portal web de la Xunta de Galicia funcionpublica.xunta.gal<\/span><\/p>\n<p class=\"dog-base-sangria\"><span><strong>Quinto.\u00a0<\/strong><br \/>\nDe acuerdo con lo establecido en la base II.1.2.8 de la convocatoria, los solicitantes podr\u00e1n presentar las alegaciones que estimen oportunas en relaci\u00f3n con las puntuaciones dentro de los diez (10) d\u00edas h\u00e1biles siguientes al d\u00eda siguiente a la publicaci\u00f3n de esta resoluci\u00f3n en el\u00a0<\/span><span class=\"dog-cursiva\"><span>Diario Oficial de Galicia<\/span><\/span><span>\u00a0.<\/span><\/p>\n<p class=\"dog-base-sangria\"><span><strong>Sexto.<\/strong><br \/>\nDe acuerdo con lo establecido en la base II.1.1.2 de la convocatoria, los solicitantes que hayan superado el primer ejercicio tendr\u00e1n un plazo de diez (10) d\u00edas h\u00e1biles, contados a partir del d\u00eda siguiente a la publicaci\u00f3n de esta resoluci\u00f3n en el\u00a0<\/span><span class=\"dog-cursiva\"><span>Bolet\u00edn Oficial de Galicia<\/span><\/span><span>\u00a0, presentar la documentaci\u00f3n acreditativa (originales o fotocopias compulsadas) de estar en posesi\u00f3n de Celga 4 o equivalente debidamente homologado por el organismo responsable de la pol\u00edtica ling\u00fc\u00edstica de la Xunta de Galicia de acuerdo con la disposici\u00f3n adicional segunda de la Orden de 16 de julio. 2007 Se regulan los certificados oficiales que acreditan los niveles de conocimiento de la lengua gallega (DOG n\u00ba 146, de 30 de julio), modificada por la Orden de 10 de febrero de 2014 (DOG n\u00ba 34, de 19 de febrero).<\/span><\/p>\n<p><a href=\"https:\/\/www.xunta.gal\/dog\/Publicados\/2021\/20210928\/AnuncioG0597-170921-0002_gl.html\" target=\"_blank\" rel=\"noopener noreferrer\">Desde este enlace puedes acceder a la publicaci\u00f3n \u00edntegra del Acuerdo en el DOG\u00a0<\/a><\/p>\n<p>&nbsp;<\/p>\n","protected":false},"excerpt":{"rendered":"<p>Primer ejercicio Auxiliar Administrativo Xunta de Galicia Promoci\u00f3n interna. Se publica en el DOG de hoy, d\u00eda 28 de septiembre de 2021, El Acuerdo por el que se da publicidad a diversos convenios sobre el segundo ejercicio de Auxiliar Administrativo Promoci\u00f3n interna. ACUERDOS:\u00a0 Primero.\u00a0 En cumplimiento de lo dispuesto en la base II.1.2.7 de la &hellip; <a href=\"https:\/\/www.emplea-te.com\/noticias-oposiciones\/xunta-de-galicia-auxiliar-administrativo-c2-promocion-interna-acuerdos-sobre-el-primer-ejercicio\/\" class=\"more-link\">Continuar leyendo<span class=\"screen-reader-text\"> \u00abXunta de Galicia. Auxiliar Administrativo C2 promoci\u00f3n interna. Acuerdos sobre el primer ejercicio.\u00bb<\/span><\/a><\/p>\n","protected":false},"author":1,"featured_media":0,"comment_status":"closed","ping_status":"closed","sticky":false,"template":"","format":"standard","meta":{"footnotes":""},"categories":[57,4],"tags":[52],"class_list":["post-5340","post","type-post","status-publish","format-standard","hentry","category-auxiliar-administrativo-c2-xunta","category-oposiciones-xunta","tag-oposiciones-promocion-interna"],"yoast_head":"<!-- This site is optimized with the Yoast SEO plugin v27.3 - https:\/\/yoast.com\/product\/yoast-seo-wordpress\/ -->\n<title>Acuerdos sobre Primer ejercicio Auxiliar Administrativo Xunta de Galicia Promoci\u00f3n interna.<\/title>\n<meta name=\"description\" content=\"Acuerdos sobre Primer ejercicio Auxiliar Administrativo Xunta de Galicia Promoci\u00f3n interna.\" \/>\n<meta name=\"robots\" content=\"index, follow, max-snippet:-1, max-image-preview:large, max-video-preview:-1\" \/>\n<link rel=\"canonical\" href=\"https:\/\/www.emplea-te.com\/noticias-oposiciones\/xunta-de-galicia-auxiliar-administrativo-c2-promocion-interna-acuerdos-sobre-el-primer-ejercicio\/\" \/>\n<meta property=\"og:locale\" content=\"es_ES\" \/>\n<meta property=\"og:type\" content=\"article\" \/>\n<meta property=\"og:title\" content=\"Acuerdos sobre Primer ejercicio Auxiliar Administrativo Xunta de Galicia Promoci\u00f3n interna.\" \/>\n<meta property=\"og:description\" content=\"Acuerdos sobre Primer ejercicio Auxiliar Administrativo Xunta de Galicia Promoci\u00f3n interna.\" \/>\n<meta property=\"og:url\" content=\"https:\/\/www.emplea-te.com\/noticias-oposiciones\/xunta-de-galicia-auxiliar-administrativo-c2-promocion-interna-acuerdos-sobre-el-primer-ejercicio\/\" \/>\n<meta property=\"og:site_name\" content=\"Noticas de oposiciones por Academia Emplea-te\" \/>\n<meta property=\"article:publisher\" content=\"https:\/\/www.facebook.com\/AcademiaEmpleate\/\" \/>\n<meta property=\"article:published_time\" content=\"2021-09-28T07:41:27+00:00\" \/>\n<meta name=\"author\" content=\"Empleate\" \/>\n<meta name=\"twitter:card\" content=\"summary_large_image\" \/>\n<meta name=\"twitter:creator\" content=\"@Emplea_Te\" \/>\n<meta name=\"twitter:site\" content=\"@Emplea_Te\" \/>\n<meta name=\"twitter:label1\" content=\"Escrito por\" \/>\n\t<meta name=\"twitter:data1\" content=\"Empleate\" \/>\n\t<meta name=\"twitter:label2\" content=\"Tiempo de lectura\" \/>\n\t<meta name=\"twitter:data2\" content=\"3 minutos\" \/>\n<script type=\"application\/ld+json\" class=\"yoast-schema-graph\">{\"@context\":\"https:\\\/\\\/schema.org\",\"@graph\":[{\"@type\":\"Article\",\"@id\":\"https:\\\/\\\/www.emplea-te.com\\\/noticias-oposiciones\\\/xunta-de-galicia-auxiliar-administrativo-c2-promocion-interna-acuerdos-sobre-el-primer-ejercicio\\\/#article\",\"isPartOf\":{\"@id\":\"https:\\\/\\\/www.emplea-te.com\\\/noticias-oposiciones\\\/xunta-de-galicia-auxiliar-administrativo-c2-promocion-interna-acuerdos-sobre-el-primer-ejercicio\\\/\"},\"author\":{\"name\":\"Empleate\",\"@id\":\"https:\\\/\\\/www.emplea-te.com\\\/noticias-oposiciones\\\/#\\\/schema\\\/person\\\/d1bc587e1af2b95e9c32aba1795509a6\"},\"headline\":\"Xunta de Galicia. Auxiliar Administrativo C2 promoci\u00f3n interna. Acuerdos sobre el primer ejercicio.\",\"datePublished\":\"2021-09-28T07:41:27+00:00\",\"mainEntityOfPage\":{\"@id\":\"https:\\\/\\\/www.emplea-te.com\\\/noticias-oposiciones\\\/xunta-de-galicia-auxiliar-administrativo-c2-promocion-interna-acuerdos-sobre-el-primer-ejercicio\\\/\"},\"wordCount\":709,\"publisher\":{\"@id\":\"https:\\\/\\\/www.emplea-te.com\\\/noticias-oposiciones\\\/#organization\"},\"keywords\":[\"Promoci\u00f3n interna\"],\"articleSection\":[\"Auxiliar Administrativo C2 Xunta\",\"Oposiciones Xunta\"],\"inLanguage\":\"es\"},{\"@type\":\"WebPage\",\"@id\":\"https:\\\/\\\/www.emplea-te.com\\\/noticias-oposiciones\\\/xunta-de-galicia-auxiliar-administrativo-c2-promocion-interna-acuerdos-sobre-el-primer-ejercicio\\\/\",\"url\":\"https:\\\/\\\/www.emplea-te.com\\\/noticias-oposiciones\\\/xunta-de-galicia-auxiliar-administrativo-c2-promocion-interna-acuerdos-sobre-el-primer-ejercicio\\\/\",\"name\":\"Acuerdos sobre Primer ejercicio Auxiliar Administrativo Xunta de Galicia Promoci\u00f3n interna.\",\"isPartOf\":{\"@id\":\"https:\\\/\\\/www.emplea-te.com\\\/noticias-oposiciones\\\/#website\"},\"datePublished\":\"2021-09-28T07:41:27+00:00\",\"description\":\"Acuerdos sobre Primer ejercicio Auxiliar Administrativo Xunta de Galicia Promoci\u00f3n interna.\",\"breadcrumb\":{\"@id\":\"https:\\\/\\\/www.emplea-te.com\\\/noticias-oposiciones\\\/xunta-de-galicia-auxiliar-administrativo-c2-promocion-interna-acuerdos-sobre-el-primer-ejercicio\\\/#breadcrumb\"},\"inLanguage\":\"es\",\"potentialAction\":[{\"@type\":\"ReadAction\",\"target\":[\"https:\\\/\\\/www.emplea-te.com\\\/noticias-oposiciones\\\/xunta-de-galicia-auxiliar-administrativo-c2-promocion-interna-acuerdos-sobre-el-primer-ejercicio\\\/\"]}]},{\"@type\":\"BreadcrumbList\",\"@id\":\"https:\\\/\\\/www.emplea-te.com\\\/noticias-oposiciones\\\/xunta-de-galicia-auxiliar-administrativo-c2-promocion-interna-acuerdos-sobre-el-primer-ejercicio\\\/#breadcrumb\",\"itemListElement\":[{\"@type\":\"ListItem\",\"position\":1,\"name\":\"Noticias Oposiciones\",\"item\":\"https:\\\/\\\/www.emplea-te.com\\\/noticias-oposiciones\\\/\"},{\"@type\":\"ListItem\",\"position\":2,\"name\":\"Oposiciones Xunta\",\"item\":\"https:\\\/\\\/www.emplea-te.com\\\/noticias-oposiciones\\\/categoria\\\/oposiciones-xunta\\\/\"},{\"@type\":\"ListItem\",\"position\":3,\"name\":\"Xunta de Galicia. Auxiliar Administrativo C2 promoci\u00f3n interna. Acuerdos sobre el primer ejercicio.\"}]},{\"@type\":\"WebSite\",\"@id\":\"https:\\\/\\\/www.emplea-te.com\\\/noticias-oposiciones\\\/#website\",\"url\":\"https:\\\/\\\/www.emplea-te.com\\\/noticias-oposiciones\\\/\",\"name\":\"Noticas de oposiciones por Academia Emplea-te\",\"description\":\"Toda la actualidad de las ofertas y convocatorias.\",\"publisher\":{\"@id\":\"https:\\\/\\\/www.emplea-te.com\\\/noticias-oposiciones\\\/#organization\"},\"potentialAction\":[{\"@type\":\"SearchAction\",\"target\":{\"@type\":\"EntryPoint\",\"urlTemplate\":\"https:\\\/\\\/www.emplea-te.com\\\/noticias-oposiciones\\\/?s={search_term_string}\"},\"query-input\":{\"@type\":\"PropertyValueSpecification\",\"valueRequired\":true,\"valueName\":\"search_term_string\"}}],\"inLanguage\":\"es\"},{\"@type\":\"Organization\",\"@id\":\"https:\\\/\\\/www.emplea-te.com\\\/noticias-oposiciones\\\/#organization\",\"name\":\"Academia de oposiciones Empl\u00e9ate\",\"url\":\"https:\\\/\\\/www.emplea-te.com\\\/noticias-oposiciones\\\/\",\"logo\":{\"@type\":\"ImageObject\",\"inLanguage\":\"es\",\"@id\":\"https:\\\/\\\/www.emplea-te.com\\\/noticias-oposiciones\\\/#\\\/schema\\\/logo\\\/image\\\/\",\"url\":\"https:\\\/\\\/www.emplea-te.com\\\/noticias-oposiciones\\\/wp-content\\\/uploads\\\/2019\\\/04\\\/empleate.jpg\",\"contentUrl\":\"https:\\\/\\\/www.emplea-te.com\\\/noticias-oposiciones\\\/wp-content\\\/uploads\\\/2019\\\/04\\\/empleate.jpg\",\"width\":250,\"height\":150,\"caption\":\"Academia de oposiciones Empl\u00e9ate\"},\"image\":{\"@id\":\"https:\\\/\\\/www.emplea-te.com\\\/noticias-oposiciones\\\/#\\\/schema\\\/logo\\\/image\\\/\"},\"sameAs\":[\"https:\\\/\\\/www.facebook.com\\\/AcademiaEmpleate\\\/\",\"https:\\\/\\\/x.com\\\/Emplea_Te\",\"https:\\\/\\\/www.instagram.com\\\/academia_empleate\\\/\"]},{\"@type\":\"Person\",\"@id\":\"https:\\\/\\\/www.emplea-te.com\\\/noticias-oposiciones\\\/#\\\/schema\\\/person\\\/d1bc587e1af2b95e9c32aba1795509a6\",\"name\":\"Empleate\"}]}<\/script>\n<!-- \/ Yoast SEO plugin. -->","yoast_head_json":{"title":"Acuerdos sobre Primer ejercicio Auxiliar Administrativo Xunta de Galicia Promoci\u00f3n interna.","description":"Acuerdos sobre Primer ejercicio Auxiliar Administrativo Xunta de Galicia Promoci\u00f3n interna.","robots":{"index":"index","follow":"follow","max-snippet":"max-snippet:-1","max-image-preview":"max-image-preview:large","max-video-preview":"max-video-preview:-1"},"canonical":"https:\/\/www.emplea-te.com\/noticias-oposiciones\/xunta-de-galicia-auxiliar-administrativo-c2-promocion-interna-acuerdos-sobre-el-primer-ejercicio\/","og_locale":"es_ES","og_type":"article","og_title":"Acuerdos sobre Primer ejercicio Auxiliar Administrativo Xunta de Galicia Promoci\u00f3n interna.","og_description":"Acuerdos sobre Primer ejercicio Auxiliar Administrativo Xunta de Galicia Promoci\u00f3n interna.","og_url":"https:\/\/www.emplea-te.com\/noticias-oposiciones\/xunta-de-galicia-auxiliar-administrativo-c2-promocion-interna-acuerdos-sobre-el-primer-ejercicio\/","og_site_name":"Noticas de oposiciones por Academia Emplea-te","article_publisher":"https:\/\/www.facebook.com\/AcademiaEmpleate\/","article_published_time":"2021-09-28T07:41:27+00:00","author":"Empleate","twitter_card":"summary_large_image","twitter_creator":"@Emplea_Te","twitter_site":"@Emplea_Te","twitter_misc":{"Escrito por":"Empleate","Tiempo de lectura":"3 minutos"},"schema":{"@context":"https:\/\/schema.org","@graph":[{"@type":"Article","@id":"https:\/\/www.emplea-te.com\/noticias-oposiciones\/xunta-de-galicia-auxiliar-administrativo-c2-promocion-interna-acuerdos-sobre-el-primer-ejercicio\/#article","isPartOf":{"@id":"https:\/\/www.emplea-te.com\/noticias-oposiciones\/xunta-de-galicia-auxiliar-administrativo-c2-promocion-interna-acuerdos-sobre-el-primer-ejercicio\/"},"author":{"name":"Empleate","@id":"https:\/\/www.emplea-te.com\/noticias-oposiciones\/#\/schema\/person\/d1bc587e1af2b95e9c32aba1795509a6"},"headline":"Xunta de Galicia. Auxiliar Administrativo C2 promoci\u00f3n interna. Acuerdos sobre el primer ejercicio.","datePublished":"2021-09-28T07:41:27+00:00","mainEntityOfPage":{"@id":"https:\/\/www.emplea-te.com\/noticias-oposiciones\/xunta-de-galicia-auxiliar-administrativo-c2-promocion-interna-acuerdos-sobre-el-primer-ejercicio\/"},"wordCount":709,"publisher":{"@id":"https:\/\/www.emplea-te.com\/noticias-oposiciones\/#organization"},"keywords":["Promoci\u00f3n interna"],"articleSection":["Auxiliar Administrativo C2 Xunta","Oposiciones Xunta"],"inLanguage":"es"},{"@type":"WebPage","@id":"https:\/\/www.emplea-te.com\/noticias-oposiciones\/xunta-de-galicia-auxiliar-administrativo-c2-promocion-interna-acuerdos-sobre-el-primer-ejercicio\/","url":"https:\/\/www.emplea-te.com\/noticias-oposiciones\/xunta-de-galicia-auxiliar-administrativo-c2-promocion-interna-acuerdos-sobre-el-primer-ejercicio\/","name":"Acuerdos sobre Primer ejercicio Auxiliar Administrativo Xunta de Galicia Promoci\u00f3n interna.","isPartOf":{"@id":"https:\/\/www.emplea-te.com\/noticias-oposiciones\/#website"},"datePublished":"2021-09-28T07:41:27+00:00","description":"Acuerdos sobre Primer ejercicio Auxiliar Administrativo Xunta de Galicia Promoci\u00f3n interna.","breadcrumb":{"@id":"https:\/\/www.emplea-te.com\/noticias-oposiciones\/xunta-de-galicia-auxiliar-administrativo-c2-promocion-interna-acuerdos-sobre-el-primer-ejercicio\/#breadcrumb"},"inLanguage":"es","potentialAction":[{"@type":"ReadAction","target":["https:\/\/www.emplea-te.com\/noticias-oposiciones\/xunta-de-galicia-auxiliar-administrativo-c2-promocion-interna-acuerdos-sobre-el-primer-ejercicio\/"]}]},{"@type":"BreadcrumbList","@id":"https:\/\/www.emplea-te.com\/noticias-oposiciones\/xunta-de-galicia-auxiliar-administrativo-c2-promocion-interna-acuerdos-sobre-el-primer-ejercicio\/#breadcrumb","itemListElement":[{"@type":"ListItem","position":1,"name":"Noticias Oposiciones","item":"https:\/\/www.emplea-te.com\/noticias-oposiciones\/"},{"@type":"ListItem","position":2,"name":"Oposiciones Xunta","item":"https:\/\/www.emplea-te.com\/noticias-oposiciones\/categoria\/oposiciones-xunta\/"},{"@type":"ListItem","position":3,"name":"Xunta de Galicia. Auxiliar Administrativo C2 promoci\u00f3n interna. Acuerdos sobre el primer ejercicio."}]},{"@type":"WebSite","@id":"https:\/\/www.emplea-te.com\/noticias-oposiciones\/#website","url":"https:\/\/www.emplea-te.com\/noticias-oposiciones\/","name":"Noticas de oposiciones por Academia Emplea-te","description":"Toda la actualidad de las ofertas y convocatorias.","publisher":{"@id":"https:\/\/www.emplea-te.com\/noticias-oposiciones\/#organization"},"potentialAction":[{"@type":"SearchAction","target":{"@type":"EntryPoint","urlTemplate":"https:\/\/www.emplea-te.com\/noticias-oposiciones\/?s={search_term_string}"},"query-input":{"@type":"PropertyValueSpecification","valueRequired":true,"valueName":"search_term_string"}}],"inLanguage":"es"},{"@type":"Organization","@id":"https:\/\/www.emplea-te.com\/noticias-oposiciones\/#organization","name":"Academia de oposiciones Empl\u00e9ate","url":"https:\/\/www.emplea-te.com\/noticias-oposiciones\/","logo":{"@type":"ImageObject","inLanguage":"es","@id":"https:\/\/www.emplea-te.com\/noticias-oposiciones\/#\/schema\/logo\/image\/","url":"https:\/\/www.emplea-te.com\/noticias-oposiciones\/wp-content\/uploads\/2019\/04\/empleate.jpg","contentUrl":"https:\/\/www.emplea-te.com\/noticias-oposiciones\/wp-content\/uploads\/2019\/04\/empleate.jpg","width":250,"height":150,"caption":"Academia de oposiciones Empl\u00e9ate"},"image":{"@id":"https:\/\/www.emplea-te.com\/noticias-oposiciones\/#\/schema\/logo\/image\/"},"sameAs":["https:\/\/www.facebook.com\/AcademiaEmpleate\/","https:\/\/x.com\/Emplea_Te","https:\/\/www.instagram.com\/academia_empleate\/"]},{"@type":"Person","@id":"https:\/\/www.emplea-te.com\/noticias-oposiciones\/#\/schema\/person\/d1bc587e1af2b95e9c32aba1795509a6","name":"Empleate"}]}},"_links":{"self":[{"href":"https:\/\/www.emplea-te.com\/noticias-oposiciones\/wp-json\/wp\/v2\/posts\/5340","targetHints":{"allow":["GET"]}}],"collection":[{"href":"https:\/\/www.emplea-te.com\/noticias-oposiciones\/wp-json\/wp\/v2\/posts"}],"about":[{"href":"https:\/\/www.emplea-te.com\/noticias-oposiciones\/wp-json\/wp\/v2\/types\/post"}],"author":[{"embeddable":true,"href":"https:\/\/www.emplea-te.com\/noticias-oposiciones\/wp-json\/wp\/v2\/users\/1"}],"replies":[{"embeddable":true,"href":"https:\/\/www.emplea-te.com\/noticias-oposiciones\/wp-json\/wp\/v2\/comments?post=5340"}],"version-history":[{"count":1,"href":"https:\/\/www.emplea-te.com\/noticias-oposiciones\/wp-json\/wp\/v2\/posts\/5340\/revisions"}],"predecessor-version":[{"id":5341,"href":"https:\/\/www.emplea-te.com\/noticias-oposiciones\/wp-json\/wp\/v2\/posts\/5340\/revisions\/5341"}],"wp:attachment":[{"href":"https:\/\/www.emplea-te.com\/noticias-oposiciones\/wp-json\/wp\/v2\/media?parent=5340"}],"wp:term":[{"taxonomy":"category","embeddable":true,"href":"https:\/\/www.emplea-te.com\/noticias-oposiciones\/wp-json\/wp\/v2\/categories?post=5340"},{"taxonomy":"post_tag","embeddable":true,"href":"https:\/\/www.emplea-te.com\/noticias-oposiciones\/wp-json\/wp\/v2\/tags?post=5340"}],"curies":[{"name":"wp","href":"https:\/\/api.w.org\/{rel}","templated":true}]}}