{"id":5342,"date":"2021-09-28T09:49:39","date_gmt":"2021-09-28T07:49:39","guid":{"rendered":"https:\/\/www.emplea-te.com\/noticias-oposiciones\/?p=5342"},"modified":"2021-09-28T09:49:39","modified_gmt":"2021-09-28T07:49:39","slug":"xunta-de-galicia-segundo-ejercicio-auxiliar-administrativo-promocion-interna-se-amplia-el-plazo-en-20-dias-habiles-para-su-realizacion","status":"publish","type":"post","link":"https:\/\/www.emplea-te.com\/noticias-oposiciones\/xunta-de-galicia-segundo-ejercicio-auxiliar-administrativo-promocion-interna-se-amplia-el-plazo-en-20-dias-habiles-para-su-realizacion\/","title":{"rendered":"Xunta de Galicia Segundo Ejercicio Auxiliar Administrativo Promoci\u00f3n Interna . Se amplia el plazo en 20 d\u00edas h\u00e1biles para su realizaci\u00f3n."},"content":{"rendered":"<p><strong>Xunta de Galicia Segundo Ejercicio Auxiliar Administrativo Promoci\u00f3n Interna .<\/strong><\/p>\n<p>Se publica en el DOG de hoy, d\u00eda 28 de septiembre de 2021, la RESOLUCI\u00d3N por la que se prorroga el plazo para la realizaci\u00f3n del segundo ejercicio del proceso de selecci\u00f3n, para la ronda de promoci\u00f3n interna, de admisi\u00f3n en el \u00f3rgano auxiliar de la Administraci\u00f3n General de la Comunidad Aut\u00f3noma de Galicia, subgrupo C2.<\/p>\n<p>Se amplia el plazo en 20 d\u00edas h\u00e1biles para su realizaci\u00f3n.<\/p>\n<p><a href=\"https:\/\/www.xunta.gal\/dog\/Publicados\/2021\/20210928\/AnuncioG0597-210921-0005_gl.html\" target=\"_blank\" rel=\"noopener noreferrer\">Desde este enlace puedes acceder a la Resoluci\u00f3n Publicada en el DOG\u00a0<\/a><\/p>\n","protected":false},"excerpt":{"rendered":"<p>Xunta de Galicia Segundo Ejercicio Auxiliar Administrativo Promoci\u00f3n Interna . Se publica en el DOG de hoy, d\u00eda 28 de septiembre de 2021, la RESOLUCI\u00d3N por la que se prorroga el plazo para la realizaci\u00f3n del segundo ejercicio del proceso de selecci\u00f3n, para la ronda de promoci\u00f3n interna, de admisi\u00f3n en el \u00f3rgano auxiliar de &hellip; <a href=\"https:\/\/www.emplea-te.com\/noticias-oposiciones\/xunta-de-galicia-segundo-ejercicio-auxiliar-administrativo-promocion-interna-se-amplia-el-plazo-en-20-dias-habiles-para-su-realizacion\/\" class=\"more-link\">Continuar leyendo<span class=\"screen-reader-text\"> \u00abXunta de Galicia Segundo Ejercicio Auxiliar Administrativo Promoci\u00f3n Interna . Se amplia el plazo en 20 d\u00edas h\u00e1biles para su realizaci\u00f3n.\u00bb<\/span><\/a><\/p>\n","protected":false},"author":1,"featured_media":0,"comment_status":"closed","ping_status":"closed","sticky":false,"template":"","format":"standard","meta":{"footnotes":""},"categories":[57,4],"tags":[71,52],"class_list":["post-5342","post","type-post","status-publish","format-standard","hentry","category-auxiliar-administrativo-c2-xunta","category-oposiciones-xunta","tag-fecha-examenes","tag-oposiciones-promocion-interna"],"yoast_head":"<!-- This site is optimized with the Yoast SEO plugin v27.3 - https:\/\/yoast.com\/product\/yoast-seo-wordpress\/ -->\n<title>Xunta de Galicia. Segundo ejercicio Auxiliar Administrativo C2 promoci\u00f3n interna. Se amplia el plazo en 20 d\u00edas h\u00e1biles para su realizaci\u00f3n.<\/title>\n<meta name=\"description\" content=\"Xunta de Galicia. Segundo ejercicio Auxiliar Administrativo C2 promoci\u00f3n interna. Se amplia el plazo en 20 d\u00edas h\u00e1biles para su realizaci\u00f3n.\" \/>\n<meta name=\"robots\" content=\"index, follow, max-snippet:-1, max-image-preview:large, max-video-preview:-1\" \/>\n<link rel=\"canonical\" href=\"https:\/\/www.emplea-te.com\/noticias-oposiciones\/xunta-de-galicia-segundo-ejercicio-auxiliar-administrativo-promocion-interna-se-amplia-el-plazo-en-20-dias-habiles-para-su-realizacion\/\" \/>\n<meta property=\"og:locale\" content=\"es_ES\" \/>\n<meta property=\"og:type\" content=\"article\" \/>\n<meta property=\"og:title\" content=\"Xunta de Galicia. Segundo ejercicio Auxiliar Administrativo C2 promoci\u00f3n interna. Se amplia el plazo en 20 d\u00edas h\u00e1biles para su realizaci\u00f3n.\" \/>\n<meta property=\"og:description\" content=\"Xunta de Galicia. Segundo ejercicio Auxiliar Administrativo C2 promoci\u00f3n interna. Se amplia el plazo en 20 d\u00edas h\u00e1biles para su realizaci\u00f3n.\" \/>\n<meta property=\"og:url\" content=\"https:\/\/www.emplea-te.com\/noticias-oposiciones\/xunta-de-galicia-segundo-ejercicio-auxiliar-administrativo-promocion-interna-se-amplia-el-plazo-en-20-dias-habiles-para-su-realizacion\/\" \/>\n<meta property=\"og:site_name\" content=\"Noticas de oposiciones por Academia Emplea-te\" \/>\n<meta property=\"article:publisher\" content=\"https:\/\/www.facebook.com\/AcademiaEmpleate\/\" \/>\n<meta property=\"article:published_time\" content=\"2021-09-28T07:49:39+00:00\" \/>\n<meta name=\"author\" content=\"Empleate\" \/>\n<meta name=\"twitter:card\" content=\"summary_large_image\" \/>\n<meta name=\"twitter:creator\" content=\"@Emplea_Te\" \/>\n<meta name=\"twitter:site\" content=\"@Emplea_Te\" \/>\n<meta name=\"twitter:label1\" content=\"Escrito por\" \/>\n\t<meta name=\"twitter:data1\" content=\"Empleate\" \/>\n\t<meta name=\"twitter:label2\" content=\"Tiempo de lectura\" \/>\n\t<meta name=\"twitter:data2\" content=\"1 minuto\" \/>\n<script type=\"application\/ld+json\" class=\"yoast-schema-graph\">{\"@context\":\"https:\\\/\\\/schema.org\",\"@graph\":[{\"@type\":\"Article\",\"@id\":\"https:\\\/\\\/www.emplea-te.com\\\/noticias-oposiciones\\\/xunta-de-galicia-segundo-ejercicio-auxiliar-administrativo-promocion-interna-se-amplia-el-plazo-en-20-dias-habiles-para-su-realizacion\\\/#article\",\"isPartOf\":{\"@id\":\"https:\\\/\\\/www.emplea-te.com\\\/noticias-oposiciones\\\/xunta-de-galicia-segundo-ejercicio-auxiliar-administrativo-promocion-interna-se-amplia-el-plazo-en-20-dias-habiles-para-su-realizacion\\\/\"},\"author\":{\"name\":\"Empleate\",\"@id\":\"https:\\\/\\\/www.emplea-te.com\\\/noticias-oposiciones\\\/#\\\/schema\\\/person\\\/d1bc587e1af2b95e9c32aba1795509a6\"},\"headline\":\"Xunta de Galicia Segundo Ejercicio Auxiliar Administrativo Promoci\u00f3n Interna . Se amplia el plazo en 20 d\u00edas h\u00e1biles para su realizaci\u00f3n.\",\"datePublished\":\"2021-09-28T07:49:39+00:00\",\"mainEntityOfPage\":{\"@id\":\"https:\\\/\\\/www.emplea-te.com\\\/noticias-oposiciones\\\/xunta-de-galicia-segundo-ejercicio-auxiliar-administrativo-promocion-interna-se-amplia-el-plazo-en-20-dias-habiles-para-su-realizacion\\\/\"},\"wordCount\":121,\"publisher\":{\"@id\":\"https:\\\/\\\/www.emplea-te.com\\\/noticias-oposiciones\\\/#organization\"},\"keywords\":[\"Fecha ex\u00e1menes\",\"Promoci\u00f3n interna\"],\"articleSection\":[\"Auxiliar Administrativo C2 Xunta\",\"Oposiciones Xunta\"],\"inLanguage\":\"es\"},{\"@type\":\"WebPage\",\"@id\":\"https:\\\/\\\/www.emplea-te.com\\\/noticias-oposiciones\\\/xunta-de-galicia-segundo-ejercicio-auxiliar-administrativo-promocion-interna-se-amplia-el-plazo-en-20-dias-habiles-para-su-realizacion\\\/\",\"url\":\"https:\\\/\\\/www.emplea-te.com\\\/noticias-oposiciones\\\/xunta-de-galicia-segundo-ejercicio-auxiliar-administrativo-promocion-interna-se-amplia-el-plazo-en-20-dias-habiles-para-su-realizacion\\\/\",\"name\":\"Xunta de Galicia. Segundo ejercicio Auxiliar Administrativo C2 promoci\u00f3n interna. Se amplia el plazo en 20 d\u00edas h\u00e1biles para su realizaci\u00f3n.\",\"isPartOf\":{\"@id\":\"https:\\\/\\\/www.emplea-te.com\\\/noticias-oposiciones\\\/#website\"},\"datePublished\":\"2021-09-28T07:49:39+00:00\",\"description\":\"Xunta de Galicia. Segundo ejercicio Auxiliar Administrativo C2 promoci\u00f3n interna. Se amplia el plazo en 20 d\u00edas h\u00e1biles para su realizaci\u00f3n.\",\"breadcrumb\":{\"@id\":\"https:\\\/\\\/www.emplea-te.com\\\/noticias-oposiciones\\\/xunta-de-galicia-segundo-ejercicio-auxiliar-administrativo-promocion-interna-se-amplia-el-plazo-en-20-dias-habiles-para-su-realizacion\\\/#breadcrumb\"},\"inLanguage\":\"es\",\"potentialAction\":[{\"@type\":\"ReadAction\",\"target\":[\"https:\\\/\\\/www.emplea-te.com\\\/noticias-oposiciones\\\/xunta-de-galicia-segundo-ejercicio-auxiliar-administrativo-promocion-interna-se-amplia-el-plazo-en-20-dias-habiles-para-su-realizacion\\\/\"]}]},{\"@type\":\"BreadcrumbList\",\"@id\":\"https:\\\/\\\/www.emplea-te.com\\\/noticias-oposiciones\\\/xunta-de-galicia-segundo-ejercicio-auxiliar-administrativo-promocion-interna-se-amplia-el-plazo-en-20-dias-habiles-para-su-realizacion\\\/#breadcrumb\",\"itemListElement\":[{\"@type\":\"ListItem\",\"position\":1,\"name\":\"Noticias Oposiciones\",\"item\":\"https:\\\/\\\/www.emplea-te.com\\\/noticias-oposiciones\\\/\"},{\"@type\":\"ListItem\",\"position\":2,\"name\":\"Oposiciones Xunta\",\"item\":\"https:\\\/\\\/www.emplea-te.com\\\/noticias-oposiciones\\\/categoria\\\/oposiciones-xunta\\\/\"},{\"@type\":\"ListItem\",\"position\":3,\"name\":\"Xunta de Galicia Segundo Ejercicio Auxiliar Administrativo Promoci\u00f3n Interna . Se amplia el plazo en 20 d\u00edas h\u00e1biles para su realizaci\u00f3n.\"}]},{\"@type\":\"WebSite\",\"@id\":\"https:\\\/\\\/www.emplea-te.com\\\/noticias-oposiciones\\\/#website\",\"url\":\"https:\\\/\\\/www.emplea-te.com\\\/noticias-oposiciones\\\/\",\"name\":\"Noticas de oposiciones por Academia Emplea-te\",\"description\":\"Toda la actualidad de las ofertas y convocatorias.\",\"publisher\":{\"@id\":\"https:\\\/\\\/www.emplea-te.com\\\/noticias-oposiciones\\\/#organization\"},\"potentialAction\":[{\"@type\":\"SearchAction\",\"target\":{\"@type\":\"EntryPoint\",\"urlTemplate\":\"https:\\\/\\\/www.emplea-te.com\\\/noticias-oposiciones\\\/?s={search_term_string}\"},\"query-input\":{\"@type\":\"PropertyValueSpecification\",\"valueRequired\":true,\"valueName\":\"search_term_string\"}}],\"inLanguage\":\"es\"},{\"@type\":\"Organization\",\"@id\":\"https:\\\/\\\/www.emplea-te.com\\\/noticias-oposiciones\\\/#organization\",\"name\":\"Academia de oposiciones Empl\u00e9ate\",\"url\":\"https:\\\/\\\/www.emplea-te.com\\\/noticias-oposiciones\\\/\",\"logo\":{\"@type\":\"ImageObject\",\"inLanguage\":\"es\",\"@id\":\"https:\\\/\\\/www.emplea-te.com\\\/noticias-oposiciones\\\/#\\\/schema\\\/logo\\\/image\\\/\",\"url\":\"https:\\\/\\\/www.emplea-te.com\\\/noticias-oposiciones\\\/wp-content\\\/uploads\\\/2019\\\/04\\\/empleate.jpg\",\"contentUrl\":\"https:\\\/\\\/www.emplea-te.com\\\/noticias-oposiciones\\\/wp-content\\\/uploads\\\/2019\\\/04\\\/empleate.jpg\",\"width\":250,\"height\":150,\"caption\":\"Academia de oposiciones Empl\u00e9ate\"},\"image\":{\"@id\":\"https:\\\/\\\/www.emplea-te.com\\\/noticias-oposiciones\\\/#\\\/schema\\\/logo\\\/image\\\/\"},\"sameAs\":[\"https:\\\/\\\/www.facebook.com\\\/AcademiaEmpleate\\\/\",\"https:\\\/\\\/x.com\\\/Emplea_Te\",\"https:\\\/\\\/www.instagram.com\\\/academia_empleate\\\/\"]},{\"@type\":\"Person\",\"@id\":\"https:\\\/\\\/www.emplea-te.com\\\/noticias-oposiciones\\\/#\\\/schema\\\/person\\\/d1bc587e1af2b95e9c32aba1795509a6\",\"name\":\"Empleate\"}]}<\/script>\n<!-- \/ Yoast SEO plugin. -->","yoast_head_json":{"title":"Xunta de Galicia. Segundo ejercicio Auxiliar Administrativo C2 promoci\u00f3n interna. Se amplia el plazo en 20 d\u00edas h\u00e1biles para su realizaci\u00f3n.","description":"Xunta de Galicia. Segundo ejercicio Auxiliar Administrativo C2 promoci\u00f3n interna. Se amplia el plazo en 20 d\u00edas h\u00e1biles para su realizaci\u00f3n.","robots":{"index":"index","follow":"follow","max-snippet":"max-snippet:-1","max-image-preview":"max-image-preview:large","max-video-preview":"max-video-preview:-1"},"canonical":"https:\/\/www.emplea-te.com\/noticias-oposiciones\/xunta-de-galicia-segundo-ejercicio-auxiliar-administrativo-promocion-interna-se-amplia-el-plazo-en-20-dias-habiles-para-su-realizacion\/","og_locale":"es_ES","og_type":"article","og_title":"Xunta de Galicia. Segundo ejercicio Auxiliar Administrativo C2 promoci\u00f3n interna. Se amplia el plazo en 20 d\u00edas h\u00e1biles para su realizaci\u00f3n.","og_description":"Xunta de Galicia. Segundo ejercicio Auxiliar Administrativo C2 promoci\u00f3n interna. Se amplia el plazo en 20 d\u00edas h\u00e1biles para su realizaci\u00f3n.","og_url":"https:\/\/www.emplea-te.com\/noticias-oposiciones\/xunta-de-galicia-segundo-ejercicio-auxiliar-administrativo-promocion-interna-se-amplia-el-plazo-en-20-dias-habiles-para-su-realizacion\/","og_site_name":"Noticas de oposiciones por Academia Emplea-te","article_publisher":"https:\/\/www.facebook.com\/AcademiaEmpleate\/","article_published_time":"2021-09-28T07:49:39+00:00","author":"Empleate","twitter_card":"summary_large_image","twitter_creator":"@Emplea_Te","twitter_site":"@Emplea_Te","twitter_misc":{"Escrito por":"Empleate","Tiempo de lectura":"1 minuto"},"schema":{"@context":"https:\/\/schema.org","@graph":[{"@type":"Article","@id":"https:\/\/www.emplea-te.com\/noticias-oposiciones\/xunta-de-galicia-segundo-ejercicio-auxiliar-administrativo-promocion-interna-se-amplia-el-plazo-en-20-dias-habiles-para-su-realizacion\/#article","isPartOf":{"@id":"https:\/\/www.emplea-te.com\/noticias-oposiciones\/xunta-de-galicia-segundo-ejercicio-auxiliar-administrativo-promocion-interna-se-amplia-el-plazo-en-20-dias-habiles-para-su-realizacion\/"},"author":{"name":"Empleate","@id":"https:\/\/www.emplea-te.com\/noticias-oposiciones\/#\/schema\/person\/d1bc587e1af2b95e9c32aba1795509a6"},"headline":"Xunta de Galicia Segundo Ejercicio Auxiliar Administrativo Promoci\u00f3n Interna . Se amplia el plazo en 20 d\u00edas h\u00e1biles para su realizaci\u00f3n.","datePublished":"2021-09-28T07:49:39+00:00","mainEntityOfPage":{"@id":"https:\/\/www.emplea-te.com\/noticias-oposiciones\/xunta-de-galicia-segundo-ejercicio-auxiliar-administrativo-promocion-interna-se-amplia-el-plazo-en-20-dias-habiles-para-su-realizacion\/"},"wordCount":121,"publisher":{"@id":"https:\/\/www.emplea-te.com\/noticias-oposiciones\/#organization"},"keywords":["Fecha ex\u00e1menes","Promoci\u00f3n interna"],"articleSection":["Auxiliar Administrativo C2 Xunta","Oposiciones Xunta"],"inLanguage":"es"},{"@type":"WebPage","@id":"https:\/\/www.emplea-te.com\/noticias-oposiciones\/xunta-de-galicia-segundo-ejercicio-auxiliar-administrativo-promocion-interna-se-amplia-el-plazo-en-20-dias-habiles-para-su-realizacion\/","url":"https:\/\/www.emplea-te.com\/noticias-oposiciones\/xunta-de-galicia-segundo-ejercicio-auxiliar-administrativo-promocion-interna-se-amplia-el-plazo-en-20-dias-habiles-para-su-realizacion\/","name":"Xunta de Galicia. Segundo ejercicio Auxiliar Administrativo C2 promoci\u00f3n interna. Se amplia el plazo en 20 d\u00edas h\u00e1biles para su realizaci\u00f3n.","isPartOf":{"@id":"https:\/\/www.emplea-te.com\/noticias-oposiciones\/#website"},"datePublished":"2021-09-28T07:49:39+00:00","description":"Xunta de Galicia. Segundo ejercicio Auxiliar Administrativo C2 promoci\u00f3n interna. Se amplia el plazo en 20 d\u00edas h\u00e1biles para su realizaci\u00f3n.","breadcrumb":{"@id":"https:\/\/www.emplea-te.com\/noticias-oposiciones\/xunta-de-galicia-segundo-ejercicio-auxiliar-administrativo-promocion-interna-se-amplia-el-plazo-en-20-dias-habiles-para-su-realizacion\/#breadcrumb"},"inLanguage":"es","potentialAction":[{"@type":"ReadAction","target":["https:\/\/www.emplea-te.com\/noticias-oposiciones\/xunta-de-galicia-segundo-ejercicio-auxiliar-administrativo-promocion-interna-se-amplia-el-plazo-en-20-dias-habiles-para-su-realizacion\/"]}]},{"@type":"BreadcrumbList","@id":"https:\/\/www.emplea-te.com\/noticias-oposiciones\/xunta-de-galicia-segundo-ejercicio-auxiliar-administrativo-promocion-interna-se-amplia-el-plazo-en-20-dias-habiles-para-su-realizacion\/#breadcrumb","itemListElement":[{"@type":"ListItem","position":1,"name":"Noticias Oposiciones","item":"https:\/\/www.emplea-te.com\/noticias-oposiciones\/"},{"@type":"ListItem","position":2,"name":"Oposiciones Xunta","item":"https:\/\/www.emplea-te.com\/noticias-oposiciones\/categoria\/oposiciones-xunta\/"},{"@type":"ListItem","position":3,"name":"Xunta de Galicia Segundo Ejercicio Auxiliar Administrativo Promoci\u00f3n Interna . Se amplia el plazo en 20 d\u00edas h\u00e1biles para su realizaci\u00f3n."}]},{"@type":"WebSite","@id":"https:\/\/www.emplea-te.com\/noticias-oposiciones\/#website","url":"https:\/\/www.emplea-te.com\/noticias-oposiciones\/","name":"Noticas de oposiciones por Academia Emplea-te","description":"Toda la actualidad de las ofertas y convocatorias.","publisher":{"@id":"https:\/\/www.emplea-te.com\/noticias-oposiciones\/#organization"},"potentialAction":[{"@type":"SearchAction","target":{"@type":"EntryPoint","urlTemplate":"https:\/\/www.emplea-te.com\/noticias-oposiciones\/?s={search_term_string}"},"query-input":{"@type":"PropertyValueSpecification","valueRequired":true,"valueName":"search_term_string"}}],"inLanguage":"es"},{"@type":"Organization","@id":"https:\/\/www.emplea-te.com\/noticias-oposiciones\/#organization","name":"Academia de oposiciones Empl\u00e9ate","url":"https:\/\/www.emplea-te.com\/noticias-oposiciones\/","logo":{"@type":"ImageObject","inLanguage":"es","@id":"https:\/\/www.emplea-te.com\/noticias-oposiciones\/#\/schema\/logo\/image\/","url":"https:\/\/www.emplea-te.com\/noticias-oposiciones\/wp-content\/uploads\/2019\/04\/empleate.jpg","contentUrl":"https:\/\/www.emplea-te.com\/noticias-oposiciones\/wp-content\/uploads\/2019\/04\/empleate.jpg","width":250,"height":150,"caption":"Academia de oposiciones Empl\u00e9ate"},"image":{"@id":"https:\/\/www.emplea-te.com\/noticias-oposiciones\/#\/schema\/logo\/image\/"},"sameAs":["https:\/\/www.facebook.com\/AcademiaEmpleate\/","https:\/\/x.com\/Emplea_Te","https:\/\/www.instagram.com\/academia_empleate\/"]},{"@type":"Person","@id":"https:\/\/www.emplea-te.com\/noticias-oposiciones\/#\/schema\/person\/d1bc587e1af2b95e9c32aba1795509a6","name":"Empleate"}]}},"_links":{"self":[{"href":"https:\/\/www.emplea-te.com\/noticias-oposiciones\/wp-json\/wp\/v2\/posts\/5342","targetHints":{"allow":["GET"]}}],"collection":[{"href":"https:\/\/www.emplea-te.com\/noticias-oposiciones\/wp-json\/wp\/v2\/posts"}],"about":[{"href":"https:\/\/www.emplea-te.com\/noticias-oposiciones\/wp-json\/wp\/v2\/types\/post"}],"author":[{"embeddable":true,"href":"https:\/\/www.emplea-te.com\/noticias-oposiciones\/wp-json\/wp\/v2\/users\/1"}],"replies":[{"embeddable":true,"href":"https:\/\/www.emplea-te.com\/noticias-oposiciones\/wp-json\/wp\/v2\/comments?post=5342"}],"version-history":[{"count":1,"href":"https:\/\/www.emplea-te.com\/noticias-oposiciones\/wp-json\/wp\/v2\/posts\/5342\/revisions"}],"predecessor-version":[{"id":5343,"href":"https:\/\/www.emplea-te.com\/noticias-oposiciones\/wp-json\/wp\/v2\/posts\/5342\/revisions\/5343"}],"wp:attachment":[{"href":"https:\/\/www.emplea-te.com\/noticias-oposiciones\/wp-json\/wp\/v2\/media?parent=5342"}],"wp:term":[{"taxonomy":"category","embeddable":true,"href":"https:\/\/www.emplea-te.com\/noticias-oposiciones\/wp-json\/wp\/v2\/categories?post=5342"},{"taxonomy":"post_tag","embeddable":true,"href":"https:\/\/www.emplea-te.com\/noticias-oposiciones\/wp-json\/wp\/v2\/tags?post=5342"}],"curies":[{"name":"wp","href":"https:\/\/api.w.org\/{rel}","templated":true}]}}