{"id":5344,"date":"2021-09-28T09:54:55","date_gmt":"2021-09-28T07:54:55","guid":{"rendered":"https:\/\/www.emplea-te.com\/noticias-oposiciones\/?p=5344"},"modified":"2021-09-28T09:54:55","modified_gmt":"2021-09-28T07:54:55","slug":"xunta-de-galicia-subalterno-ap-se-amplia-en-20-dias-habiles-el-plazo-para-la-realizacion-del-segundo-ejercicio","status":"publish","type":"post","link":"https:\/\/www.emplea-te.com\/noticias-oposiciones\/xunta-de-galicia-subalterno-ap-se-amplia-en-20-dias-habiles-el-plazo-para-la-realizacion-del-segundo-ejercicio\/","title":{"rendered":"Xunta de Galicia. Subalterno AP. Se amplia en 20 d\u00edas h\u00e1biles el plazo para la realizaci\u00f3n del segundo ejercicio."},"content":{"rendered":"<p>Subalterno Xunta de Galicia.<br \/>\nSegundo ejercicio.<\/p>\n<p>Se publica en el DOG de hoy, d\u00eda 28 de septiembre de 2021, la Resoluci\u00f3n por la que se amplia el plazo para la realizaci\u00f3n del segundo ejercicio de Subalterno AP.<\/p>\n<p><a href=\"https:\/\/www.xunta.gal\/dog\/Publicados\/2021\/20210928\/AnuncioG0597-210921-0006_gl.html\" target=\"_blank\" rel=\"noopener noreferrer\">Desde este enlace puedes acceder a la Resoluci\u00f3n.<\/a><\/p>\n<p>&nbsp;<\/p>\n","protected":false},"excerpt":{"rendered":"<p>Subalterno Xunta de Galicia. Segundo ejercicio. Se publica en el DOG de hoy, d\u00eda 28 de septiembre de 2021, la Resoluci\u00f3n por la que se amplia el plazo para la realizaci\u00f3n del segundo ejercicio de Subalterno AP. Desde este enlace puedes acceder a la Resoluci\u00f3n. &nbsp;<\/p>\n","protected":false},"author":1,"featured_media":0,"comment_status":"closed","ping_status":"closed","sticky":false,"template":"","format":"standard","meta":{"footnotes":""},"categories":[4,43],"tags":[71],"class_list":["post-5344","post","type-post","status-publish","format-standard","hentry","category-oposiciones-xunta","category-subalterno-a-p","tag-fecha-examenes"],"yoast_head":"<!-- This site is optimized with the Yoast SEO plugin v27.3 - https:\/\/yoast.com\/product\/yoast-seo-wordpress\/ -->\n<title>Xunta de Galicia. Subalterno AP. Ampliado el plazo de realizaci\u00f3n del segundo ejercicio en 20 d\u00edas h\u00e1biles.<\/title>\n<meta name=\"description\" content=\"Xunta de Galicia. Subalterno AP. Ampliado el plazo de realizaci\u00f3n del segundo ejercicio en 20 d\u00edas h\u00e1biles.\" \/>\n<meta name=\"robots\" content=\"index, follow, max-snippet:-1, max-image-preview:large, max-video-preview:-1\" \/>\n<link rel=\"canonical\" href=\"https:\/\/www.emplea-te.com\/noticias-oposiciones\/xunta-de-galicia-subalterno-ap-se-amplia-en-20-dias-habiles-el-plazo-para-la-realizacion-del-segundo-ejercicio\/\" \/>\n<meta property=\"og:locale\" content=\"es_ES\" \/>\n<meta property=\"og:type\" content=\"article\" \/>\n<meta property=\"og:title\" content=\"Xunta de Galicia. Subalterno AP. Ampliado el plazo de realizaci\u00f3n del segundo ejercicio en 20 d\u00edas h\u00e1biles.\" \/>\n<meta property=\"og:description\" content=\"Xunta de Galicia. Subalterno AP. Ampliado el plazo de realizaci\u00f3n del segundo ejercicio en 20 d\u00edas h\u00e1biles.\" \/>\n<meta property=\"og:url\" content=\"https:\/\/www.emplea-te.com\/noticias-oposiciones\/xunta-de-galicia-subalterno-ap-se-amplia-en-20-dias-habiles-el-plazo-para-la-realizacion-del-segundo-ejercicio\/\" \/>\n<meta property=\"og:site_name\" content=\"Noticas de oposiciones por Academia Emplea-te\" \/>\n<meta property=\"article:publisher\" content=\"https:\/\/www.facebook.com\/AcademiaEmpleate\/\" \/>\n<meta property=\"article:published_time\" content=\"2021-09-28T07:54:55+00:00\" \/>\n<meta name=\"author\" content=\"Empleate\" \/>\n<meta name=\"twitter:card\" content=\"summary_large_image\" \/>\n<meta name=\"twitter:creator\" content=\"@Emplea_Te\" \/>\n<meta name=\"twitter:site\" content=\"@Emplea_Te\" \/>\n<meta name=\"twitter:label1\" content=\"Escrito por\" \/>\n\t<meta name=\"twitter:data1\" content=\"Empleate\" \/>\n\t<meta name=\"twitter:label2\" content=\"Tiempo de lectura\" \/>\n\t<meta name=\"twitter:data2\" content=\"1 minuto\" \/>\n<script type=\"application\/ld+json\" class=\"yoast-schema-graph\">{\"@context\":\"https:\\\/\\\/schema.org\",\"@graph\":[{\"@type\":\"Article\",\"@id\":\"https:\\\/\\\/www.emplea-te.com\\\/noticias-oposiciones\\\/xunta-de-galicia-subalterno-ap-se-amplia-en-20-dias-habiles-el-plazo-para-la-realizacion-del-segundo-ejercicio\\\/#article\",\"isPartOf\":{\"@id\":\"https:\\\/\\\/www.emplea-te.com\\\/noticias-oposiciones\\\/xunta-de-galicia-subalterno-ap-se-amplia-en-20-dias-habiles-el-plazo-para-la-realizacion-del-segundo-ejercicio\\\/\"},\"author\":{\"name\":\"Empleate\",\"@id\":\"https:\\\/\\\/www.emplea-te.com\\\/noticias-oposiciones\\\/#\\\/schema\\\/person\\\/d1bc587e1af2b95e9c32aba1795509a6\"},\"headline\":\"Xunta de Galicia. Subalterno AP. Se amplia en 20 d\u00edas h\u00e1biles el plazo para la realizaci\u00f3n del segundo ejercicio.\",\"datePublished\":\"2021-09-28T07:54:55+00:00\",\"mainEntityOfPage\":{\"@id\":\"https:\\\/\\\/www.emplea-te.com\\\/noticias-oposiciones\\\/xunta-de-galicia-subalterno-ap-se-amplia-en-20-dias-habiles-el-plazo-para-la-realizacion-del-segundo-ejercicio\\\/\"},\"wordCount\":69,\"publisher\":{\"@id\":\"https:\\\/\\\/www.emplea-te.com\\\/noticias-oposiciones\\\/#organization\"},\"keywords\":[\"Fecha ex\u00e1menes\"],\"articleSection\":[\"Oposiciones Xunta\",\"Subalterno A.P Xunta de Galicia\"],\"inLanguage\":\"es\"},{\"@type\":\"WebPage\",\"@id\":\"https:\\\/\\\/www.emplea-te.com\\\/noticias-oposiciones\\\/xunta-de-galicia-subalterno-ap-se-amplia-en-20-dias-habiles-el-plazo-para-la-realizacion-del-segundo-ejercicio\\\/\",\"url\":\"https:\\\/\\\/www.emplea-te.com\\\/noticias-oposiciones\\\/xunta-de-galicia-subalterno-ap-se-amplia-en-20-dias-habiles-el-plazo-para-la-realizacion-del-segundo-ejercicio\\\/\",\"name\":\"Xunta de Galicia. Subalterno AP. Ampliado el plazo de realizaci\u00f3n del segundo ejercicio en 20 d\u00edas h\u00e1biles.\",\"isPartOf\":{\"@id\":\"https:\\\/\\\/www.emplea-te.com\\\/noticias-oposiciones\\\/#website\"},\"datePublished\":\"2021-09-28T07:54:55+00:00\",\"description\":\"Xunta de Galicia. Subalterno AP. Ampliado el plazo de realizaci\u00f3n del segundo ejercicio en 20 d\u00edas h\u00e1biles.\",\"breadcrumb\":{\"@id\":\"https:\\\/\\\/www.emplea-te.com\\\/noticias-oposiciones\\\/xunta-de-galicia-subalterno-ap-se-amplia-en-20-dias-habiles-el-plazo-para-la-realizacion-del-segundo-ejercicio\\\/#breadcrumb\"},\"inLanguage\":\"es\",\"potentialAction\":[{\"@type\":\"ReadAction\",\"target\":[\"https:\\\/\\\/www.emplea-te.com\\\/noticias-oposiciones\\\/xunta-de-galicia-subalterno-ap-se-amplia-en-20-dias-habiles-el-plazo-para-la-realizacion-del-segundo-ejercicio\\\/\"]}]},{\"@type\":\"BreadcrumbList\",\"@id\":\"https:\\\/\\\/www.emplea-te.com\\\/noticias-oposiciones\\\/xunta-de-galicia-subalterno-ap-se-amplia-en-20-dias-habiles-el-plazo-para-la-realizacion-del-segundo-ejercicio\\\/#breadcrumb\",\"itemListElement\":[{\"@type\":\"ListItem\",\"position\":1,\"name\":\"Noticias Oposiciones\",\"item\":\"https:\\\/\\\/www.emplea-te.com\\\/noticias-oposiciones\\\/\"},{\"@type\":\"ListItem\",\"position\":2,\"name\":\"Oposiciones Xunta\",\"item\":\"https:\\\/\\\/www.emplea-te.com\\\/noticias-oposiciones\\\/categoria\\\/oposiciones-xunta\\\/\"},{\"@type\":\"ListItem\",\"position\":3,\"name\":\"Xunta de Galicia. Subalterno AP. Se amplia en 20 d\u00edas h\u00e1biles el plazo para la realizaci\u00f3n del segundo ejercicio.\"}]},{\"@type\":\"WebSite\",\"@id\":\"https:\\\/\\\/www.emplea-te.com\\\/noticias-oposiciones\\\/#website\",\"url\":\"https:\\\/\\\/www.emplea-te.com\\\/noticias-oposiciones\\\/\",\"name\":\"Noticas de oposiciones por Academia Emplea-te\",\"description\":\"Toda la actualidad de las ofertas y convocatorias.\",\"publisher\":{\"@id\":\"https:\\\/\\\/www.emplea-te.com\\\/noticias-oposiciones\\\/#organization\"},\"potentialAction\":[{\"@type\":\"SearchAction\",\"target\":{\"@type\":\"EntryPoint\",\"urlTemplate\":\"https:\\\/\\\/www.emplea-te.com\\\/noticias-oposiciones\\\/?s={search_term_string}\"},\"query-input\":{\"@type\":\"PropertyValueSpecification\",\"valueRequired\":true,\"valueName\":\"search_term_string\"}}],\"inLanguage\":\"es\"},{\"@type\":\"Organization\",\"@id\":\"https:\\\/\\\/www.emplea-te.com\\\/noticias-oposiciones\\\/#organization\",\"name\":\"Academia de oposiciones Empl\u00e9ate\",\"url\":\"https:\\\/\\\/www.emplea-te.com\\\/noticias-oposiciones\\\/\",\"logo\":{\"@type\":\"ImageObject\",\"inLanguage\":\"es\",\"@id\":\"https:\\\/\\\/www.emplea-te.com\\\/noticias-oposiciones\\\/#\\\/schema\\\/logo\\\/image\\\/\",\"url\":\"https:\\\/\\\/www.emplea-te.com\\\/noticias-oposiciones\\\/wp-content\\\/uploads\\\/2019\\\/04\\\/empleate.jpg\",\"contentUrl\":\"https:\\\/\\\/www.emplea-te.com\\\/noticias-oposiciones\\\/wp-content\\\/uploads\\\/2019\\\/04\\\/empleate.jpg\",\"width\":250,\"height\":150,\"caption\":\"Academia de oposiciones Empl\u00e9ate\"},\"image\":{\"@id\":\"https:\\\/\\\/www.emplea-te.com\\\/noticias-oposiciones\\\/#\\\/schema\\\/logo\\\/image\\\/\"},\"sameAs\":[\"https:\\\/\\\/www.facebook.com\\\/AcademiaEmpleate\\\/\",\"https:\\\/\\\/x.com\\\/Emplea_Te\",\"https:\\\/\\\/www.instagram.com\\\/academia_empleate\\\/\"]},{\"@type\":\"Person\",\"@id\":\"https:\\\/\\\/www.emplea-te.com\\\/noticias-oposiciones\\\/#\\\/schema\\\/person\\\/d1bc587e1af2b95e9c32aba1795509a6\",\"name\":\"Empleate\"}]}<\/script>\n<!-- \/ Yoast SEO plugin. -->","yoast_head_json":{"title":"Xunta de Galicia. Subalterno AP. Ampliado el plazo de realizaci\u00f3n del segundo ejercicio en 20 d\u00edas h\u00e1biles.","description":"Xunta de Galicia. Subalterno AP. Ampliado el plazo de realizaci\u00f3n del segundo ejercicio en 20 d\u00edas h\u00e1biles.","robots":{"index":"index","follow":"follow","max-snippet":"max-snippet:-1","max-image-preview":"max-image-preview:large","max-video-preview":"max-video-preview:-1"},"canonical":"https:\/\/www.emplea-te.com\/noticias-oposiciones\/xunta-de-galicia-subalterno-ap-se-amplia-en-20-dias-habiles-el-plazo-para-la-realizacion-del-segundo-ejercicio\/","og_locale":"es_ES","og_type":"article","og_title":"Xunta de Galicia. Subalterno AP. Ampliado el plazo de realizaci\u00f3n del segundo ejercicio en 20 d\u00edas h\u00e1biles.","og_description":"Xunta de Galicia. Subalterno AP. Ampliado el plazo de realizaci\u00f3n del segundo ejercicio en 20 d\u00edas h\u00e1biles.","og_url":"https:\/\/www.emplea-te.com\/noticias-oposiciones\/xunta-de-galicia-subalterno-ap-se-amplia-en-20-dias-habiles-el-plazo-para-la-realizacion-del-segundo-ejercicio\/","og_site_name":"Noticas de oposiciones por Academia Emplea-te","article_publisher":"https:\/\/www.facebook.com\/AcademiaEmpleate\/","article_published_time":"2021-09-28T07:54:55+00:00","author":"Empleate","twitter_card":"summary_large_image","twitter_creator":"@Emplea_Te","twitter_site":"@Emplea_Te","twitter_misc":{"Escrito por":"Empleate","Tiempo de lectura":"1 minuto"},"schema":{"@context":"https:\/\/schema.org","@graph":[{"@type":"Article","@id":"https:\/\/www.emplea-te.com\/noticias-oposiciones\/xunta-de-galicia-subalterno-ap-se-amplia-en-20-dias-habiles-el-plazo-para-la-realizacion-del-segundo-ejercicio\/#article","isPartOf":{"@id":"https:\/\/www.emplea-te.com\/noticias-oposiciones\/xunta-de-galicia-subalterno-ap-se-amplia-en-20-dias-habiles-el-plazo-para-la-realizacion-del-segundo-ejercicio\/"},"author":{"name":"Empleate","@id":"https:\/\/www.emplea-te.com\/noticias-oposiciones\/#\/schema\/person\/d1bc587e1af2b95e9c32aba1795509a6"},"headline":"Xunta de Galicia. Subalterno AP. Se amplia en 20 d\u00edas h\u00e1biles el plazo para la realizaci\u00f3n del segundo ejercicio.","datePublished":"2021-09-28T07:54:55+00:00","mainEntityOfPage":{"@id":"https:\/\/www.emplea-te.com\/noticias-oposiciones\/xunta-de-galicia-subalterno-ap-se-amplia-en-20-dias-habiles-el-plazo-para-la-realizacion-del-segundo-ejercicio\/"},"wordCount":69,"publisher":{"@id":"https:\/\/www.emplea-te.com\/noticias-oposiciones\/#organization"},"keywords":["Fecha ex\u00e1menes"],"articleSection":["Oposiciones Xunta","Subalterno A.P Xunta de Galicia"],"inLanguage":"es"},{"@type":"WebPage","@id":"https:\/\/www.emplea-te.com\/noticias-oposiciones\/xunta-de-galicia-subalterno-ap-se-amplia-en-20-dias-habiles-el-plazo-para-la-realizacion-del-segundo-ejercicio\/","url":"https:\/\/www.emplea-te.com\/noticias-oposiciones\/xunta-de-galicia-subalterno-ap-se-amplia-en-20-dias-habiles-el-plazo-para-la-realizacion-del-segundo-ejercicio\/","name":"Xunta de Galicia. Subalterno AP. Ampliado el plazo de realizaci\u00f3n del segundo ejercicio en 20 d\u00edas h\u00e1biles.","isPartOf":{"@id":"https:\/\/www.emplea-te.com\/noticias-oposiciones\/#website"},"datePublished":"2021-09-28T07:54:55+00:00","description":"Xunta de Galicia. Subalterno AP. Ampliado el plazo de realizaci\u00f3n del segundo ejercicio en 20 d\u00edas h\u00e1biles.","breadcrumb":{"@id":"https:\/\/www.emplea-te.com\/noticias-oposiciones\/xunta-de-galicia-subalterno-ap-se-amplia-en-20-dias-habiles-el-plazo-para-la-realizacion-del-segundo-ejercicio\/#breadcrumb"},"inLanguage":"es","potentialAction":[{"@type":"ReadAction","target":["https:\/\/www.emplea-te.com\/noticias-oposiciones\/xunta-de-galicia-subalterno-ap-se-amplia-en-20-dias-habiles-el-plazo-para-la-realizacion-del-segundo-ejercicio\/"]}]},{"@type":"BreadcrumbList","@id":"https:\/\/www.emplea-te.com\/noticias-oposiciones\/xunta-de-galicia-subalterno-ap-se-amplia-en-20-dias-habiles-el-plazo-para-la-realizacion-del-segundo-ejercicio\/#breadcrumb","itemListElement":[{"@type":"ListItem","position":1,"name":"Noticias Oposiciones","item":"https:\/\/www.emplea-te.com\/noticias-oposiciones\/"},{"@type":"ListItem","position":2,"name":"Oposiciones Xunta","item":"https:\/\/www.emplea-te.com\/noticias-oposiciones\/categoria\/oposiciones-xunta\/"},{"@type":"ListItem","position":3,"name":"Xunta de Galicia. Subalterno AP. Se amplia en 20 d\u00edas h\u00e1biles el plazo para la realizaci\u00f3n del segundo ejercicio."}]},{"@type":"WebSite","@id":"https:\/\/www.emplea-te.com\/noticias-oposiciones\/#website","url":"https:\/\/www.emplea-te.com\/noticias-oposiciones\/","name":"Noticas de oposiciones por Academia Emplea-te","description":"Toda la actualidad de las ofertas y convocatorias.","publisher":{"@id":"https:\/\/www.emplea-te.com\/noticias-oposiciones\/#organization"},"potentialAction":[{"@type":"SearchAction","target":{"@type":"EntryPoint","urlTemplate":"https:\/\/www.emplea-te.com\/noticias-oposiciones\/?s={search_term_string}"},"query-input":{"@type":"PropertyValueSpecification","valueRequired":true,"valueName":"search_term_string"}}],"inLanguage":"es"},{"@type":"Organization","@id":"https:\/\/www.emplea-te.com\/noticias-oposiciones\/#organization","name":"Academia de oposiciones Empl\u00e9ate","url":"https:\/\/www.emplea-te.com\/noticias-oposiciones\/","logo":{"@type":"ImageObject","inLanguage":"es","@id":"https:\/\/www.emplea-te.com\/noticias-oposiciones\/#\/schema\/logo\/image\/","url":"https:\/\/www.emplea-te.com\/noticias-oposiciones\/wp-content\/uploads\/2019\/04\/empleate.jpg","contentUrl":"https:\/\/www.emplea-te.com\/noticias-oposiciones\/wp-content\/uploads\/2019\/04\/empleate.jpg","width":250,"height":150,"caption":"Academia de oposiciones Empl\u00e9ate"},"image":{"@id":"https:\/\/www.emplea-te.com\/noticias-oposiciones\/#\/schema\/logo\/image\/"},"sameAs":["https:\/\/www.facebook.com\/AcademiaEmpleate\/","https:\/\/x.com\/Emplea_Te","https:\/\/www.instagram.com\/academia_empleate\/"]},{"@type":"Person","@id":"https:\/\/www.emplea-te.com\/noticias-oposiciones\/#\/schema\/person\/d1bc587e1af2b95e9c32aba1795509a6","name":"Empleate"}]}},"_links":{"self":[{"href":"https:\/\/www.emplea-te.com\/noticias-oposiciones\/wp-json\/wp\/v2\/posts\/5344","targetHints":{"allow":["GET"]}}],"collection":[{"href":"https:\/\/www.emplea-te.com\/noticias-oposiciones\/wp-json\/wp\/v2\/posts"}],"about":[{"href":"https:\/\/www.emplea-te.com\/noticias-oposiciones\/wp-json\/wp\/v2\/types\/post"}],"author":[{"embeddable":true,"href":"https:\/\/www.emplea-te.com\/noticias-oposiciones\/wp-json\/wp\/v2\/users\/1"}],"replies":[{"embeddable":true,"href":"https:\/\/www.emplea-te.com\/noticias-oposiciones\/wp-json\/wp\/v2\/comments?post=5344"}],"version-history":[{"count":1,"href":"https:\/\/www.emplea-te.com\/noticias-oposiciones\/wp-json\/wp\/v2\/posts\/5344\/revisions"}],"predecessor-version":[{"id":5345,"href":"https:\/\/www.emplea-te.com\/noticias-oposiciones\/wp-json\/wp\/v2\/posts\/5344\/revisions\/5345"}],"wp:attachment":[{"href":"https:\/\/www.emplea-te.com\/noticias-oposiciones\/wp-json\/wp\/v2\/media?parent=5344"}],"wp:term":[{"taxonomy":"category","embeddable":true,"href":"https:\/\/www.emplea-te.com\/noticias-oposiciones\/wp-json\/wp\/v2\/categories?post=5344"},{"taxonomy":"post_tag","embeddable":true,"href":"https:\/\/www.emplea-te.com\/noticias-oposiciones\/wp-json\/wp\/v2\/tags?post=5344"}],"curies":[{"name":"wp","href":"https:\/\/api.w.org\/{rel}","templated":true}]}}