{"id":5352,"date":"2021-09-28T10:13:18","date_gmt":"2021-09-28T08:13:18","guid":{"rendered":"https:\/\/www.emplea-te.com\/noticias-oposiciones\/?p=5352"},"modified":"2021-09-28T10:13:18","modified_gmt":"2021-09-28T08:13:18","slug":"ayuntamiento-de-trabada-lugo-se-publica-la-relacion-definitiva-de-aspirantes-admitidos-y-excluidos-y-se-fija-la-fecha-de-realizacion-del-primer-ejercicio-para-cubrir-una-plaza-de-auxiliar-administr","status":"publish","type":"post","link":"https:\/\/www.emplea-te.com\/noticias-oposiciones\/ayuntamiento-de-trabada-lugo-se-publica-la-relacion-definitiva-de-aspirantes-admitidos-y-excluidos-y-se-fija-la-fecha-de-realizacion-del-primer-ejercicio-para-cubrir-una-plaza-de-auxiliar-administr\/","title":{"rendered":"Ayuntamiento de Trabada (Lugo). Se publica la relaci\u00f3n definitiva de aspirantes admitidos y excluidos y se fija la fecha de realizaci\u00f3n del primer ejercicio para cubrir una plaza de Auxiliar Administrativo en Turno libre."},"content":{"rendered":"<p><strong>Ayuntamiento de Trabada (Lugo). <\/strong><\/p>\n<p>Se publica la relaci\u00f3n definitiva de aspirantes admitidos y excluidos y se fija la fecha de realizaci\u00f3n del primer ejercicio para cubrir una plaza de Auxiliar Administrativo en Turno libre.<\/p>\n<p><a href=\"http:\/\/www.deputacionlugo.gal\/sites\/deputacionlugo.org\/files\/inline-files\/28-09-2021.pdf#page=19\" target=\"_blank\" rel=\"noopener noreferrer\">Desde este enlace puedes acceder a la Resoluci\u00f3n publicada en el BOP de Lugo de hoy, d\u00eda 28 de septiembre de 2021.<\/a><\/p>\n<p>O Tribunal de selecci\u00f3n e cualificaci\u00f3n se constituir\u00e1 o m\u00e9rcores d\u00eda 29 de setembro de 2021 \u00e1s 09:00 horas no Sal\u00f3n Verde da Deputaci\u00f3n Provincial de Lugo.<\/p>\n<p>O <strong>primeiro exercicio<\/strong> da oposici\u00f3n ter\u00e1 lugar o d\u00eda<strong> 1 de outubro de 2021 \u00e1s 10:00 horas<\/strong> no <strong>Pavill\u00f3n Polideportivo de Trabada<\/strong> sito en R\u00faa da Cadeira n\u00ba 37 para a realizaci\u00f3n da primeira proba da fase de oposici\u00f3n.<\/p>\n<p>Os candidatos deber\u00e1n comparecer para a realizaci\u00f3n desta proba co seu DNI. A non comparecencia do aspirante determinar\u00e1 a s\u00faa autom\u00e1tica exclusi\u00f3n do proceso de selecci\u00f3n.<\/p>\n","protected":false},"excerpt":{"rendered":"<p>Ayuntamiento de Trabada (Lugo). Se publica la relaci\u00f3n definitiva de aspirantes admitidos y excluidos y se fija la fecha de realizaci\u00f3n del primer ejercicio para cubrir una plaza de Auxiliar Administrativo en Turno libre. Desde este enlace puedes acceder a la Resoluci\u00f3n publicada en el BOP de Lugo de hoy, d\u00eda 28 de septiembre de &hellip; <a href=\"https:\/\/www.emplea-te.com\/noticias-oposiciones\/ayuntamiento-de-trabada-lugo-se-publica-la-relacion-definitiva-de-aspirantes-admitidos-y-excluidos-y-se-fija-la-fecha-de-realizacion-del-primer-ejercicio-para-cubrir-una-plaza-de-auxiliar-administr\/\" class=\"more-link\">Continuar leyendo<span class=\"screen-reader-text\"> \u00abAyuntamiento de Trabada (Lugo). Se publica la relaci\u00f3n definitiva de aspirantes admitidos y excluidos y se fija la fecha de realizaci\u00f3n del primer ejercicio para cubrir una plaza de Auxiliar Administrativo en Turno libre.\u00bb<\/span><\/a><\/p>\n","protected":false},"author":1,"featured_media":0,"comment_status":"closed","ping_status":"closed","sticky":false,"template":"","format":"standard","meta":{"footnotes":""},"categories":[37,56],"tags":[82,49,71],"class_list":["post-5352","post","type-post","status-publish","format-standard","hentry","category-convocatorias-ayuntamientos","category-oposiciones-autonomicas-galicia","tag-acceso-libre","tag-convocatorias-de-oposiciones","tag-fecha-examenes"],"yoast_head":"<!-- This site is optimized with the Yoast SEO plugin v27.3 - https:\/\/yoast.com\/product\/yoast-seo-wordpress\/ -->\n<title>Ayuntamiento de Trabada (Lugo). Publicada relaci\u00f3n definitiva de aspirantes admitidos y excluidos y se fija la fecha de realizaci\u00f3n del primer ejercicio para cubrir una plaza de Aux. Admin.<\/title>\n<meta name=\"description\" content=\"Ayuntamiento de Trabada (Lugo). Publicada relaci\u00f3n definitiva de aspirantes admitidos y excluidos y se fija la fecha de realizaci\u00f3n del primer ejercicio para cubrir una plaza de Aux. Admin.\" \/>\n<meta name=\"robots\" content=\"index, follow, max-snippet:-1, max-image-preview:large, max-video-preview:-1\" \/>\n<link rel=\"canonical\" href=\"https:\/\/www.emplea-te.com\/noticias-oposiciones\/ayuntamiento-de-trabada-lugo-se-publica-la-relacion-definitiva-de-aspirantes-admitidos-y-excluidos-y-se-fija-la-fecha-de-realizacion-del-primer-ejercicio-para-cubrir-una-plaza-de-auxiliar-administr\/\" \/>\n<meta property=\"og:locale\" content=\"es_ES\" \/>\n<meta property=\"og:type\" content=\"article\" \/>\n<meta property=\"og:title\" content=\"Ayuntamiento de Trabada (Lugo). Publicada relaci\u00f3n definitiva de aspirantes admitidos y excluidos y se fija la fecha de realizaci\u00f3n del primer ejercicio para cubrir una plaza de Aux. Admin.\" \/>\n<meta property=\"og:description\" content=\"Ayuntamiento de Trabada (Lugo). Publicada relaci\u00f3n definitiva de aspirantes admitidos y excluidos y se fija la fecha de realizaci\u00f3n del primer ejercicio para cubrir una plaza de Aux. Admin.\" \/>\n<meta property=\"og:url\" content=\"https:\/\/www.emplea-te.com\/noticias-oposiciones\/ayuntamiento-de-trabada-lugo-se-publica-la-relacion-definitiva-de-aspirantes-admitidos-y-excluidos-y-se-fija-la-fecha-de-realizacion-del-primer-ejercicio-para-cubrir-una-plaza-de-auxiliar-administr\/\" \/>\n<meta property=\"og:site_name\" content=\"Noticas de oposiciones por Academia Emplea-te\" \/>\n<meta property=\"article:publisher\" content=\"https:\/\/www.facebook.com\/AcademiaEmpleate\/\" \/>\n<meta property=\"article:published_time\" content=\"2021-09-28T08:13:18+00:00\" \/>\n<meta name=\"author\" content=\"Empleate\" \/>\n<meta name=\"twitter:card\" content=\"summary_large_image\" \/>\n<meta name=\"twitter:creator\" content=\"@Emplea_Te\" \/>\n<meta name=\"twitter:site\" content=\"@Emplea_Te\" \/>\n<meta name=\"twitter:label1\" content=\"Escrito por\" \/>\n\t<meta name=\"twitter:data1\" content=\"Empleate\" \/>\n\t<meta name=\"twitter:label2\" content=\"Tiempo de lectura\" \/>\n\t<meta name=\"twitter:data2\" content=\"1 minuto\" \/>\n<script type=\"application\/ld+json\" class=\"yoast-schema-graph\">{\"@context\":\"https:\\\/\\\/schema.org\",\"@graph\":[{\"@type\":\"Article\",\"@id\":\"https:\\\/\\\/www.emplea-te.com\\\/noticias-oposiciones\\\/ayuntamiento-de-trabada-lugo-se-publica-la-relacion-definitiva-de-aspirantes-admitidos-y-excluidos-y-se-fija-la-fecha-de-realizacion-del-primer-ejercicio-para-cubrir-una-plaza-de-auxiliar-administr\\\/#article\",\"isPartOf\":{\"@id\":\"https:\\\/\\\/www.emplea-te.com\\\/noticias-oposiciones\\\/ayuntamiento-de-trabada-lugo-se-publica-la-relacion-definitiva-de-aspirantes-admitidos-y-excluidos-y-se-fija-la-fecha-de-realizacion-del-primer-ejercicio-para-cubrir-una-plaza-de-auxiliar-administr\\\/\"},\"author\":{\"name\":\"Empleate\",\"@id\":\"https:\\\/\\\/www.emplea-te.com\\\/noticias-oposiciones\\\/#\\\/schema\\\/person\\\/d1bc587e1af2b95e9c32aba1795509a6\"},\"headline\":\"Ayuntamiento de Trabada (Lugo). Se publica la relaci\u00f3n definitiva de aspirantes admitidos y excluidos y se fija la fecha de realizaci\u00f3n del primer ejercicio para cubrir una plaza de Auxiliar Administrativo en Turno libre.\",\"datePublished\":\"2021-09-28T08:13:18+00:00\",\"mainEntityOfPage\":{\"@id\":\"https:\\\/\\\/www.emplea-te.com\\\/noticias-oposiciones\\\/ayuntamiento-de-trabada-lugo-se-publica-la-relacion-definitiva-de-aspirantes-admitidos-y-excluidos-y-se-fija-la-fecha-de-realizacion-del-primer-ejercicio-para-cubrir-una-plaza-de-auxiliar-administr\\\/\"},\"wordCount\":197,\"publisher\":{\"@id\":\"https:\\\/\\\/www.emplea-te.com\\\/noticias-oposiciones\\\/#organization\"},\"keywords\":[\"Acceso libre\",\"Convocatoria\",\"Fecha ex\u00e1menes\"],\"articleSection\":[\"Convocatorias Ayuntamientos\",\"Oposiciones Auton\u00f3micas Galicia\"],\"inLanguage\":\"es\"},{\"@type\":\"WebPage\",\"@id\":\"https:\\\/\\\/www.emplea-te.com\\\/noticias-oposiciones\\\/ayuntamiento-de-trabada-lugo-se-publica-la-relacion-definitiva-de-aspirantes-admitidos-y-excluidos-y-se-fija-la-fecha-de-realizacion-del-primer-ejercicio-para-cubrir-una-plaza-de-auxiliar-administr\\\/\",\"url\":\"https:\\\/\\\/www.emplea-te.com\\\/noticias-oposiciones\\\/ayuntamiento-de-trabada-lugo-se-publica-la-relacion-definitiva-de-aspirantes-admitidos-y-excluidos-y-se-fija-la-fecha-de-realizacion-del-primer-ejercicio-para-cubrir-una-plaza-de-auxiliar-administr\\\/\",\"name\":\"Ayuntamiento de Trabada (Lugo). Publicada relaci\u00f3n definitiva de aspirantes admitidos y excluidos y se fija la fecha de realizaci\u00f3n del primer ejercicio para cubrir una plaza de Aux. Admin.\",\"isPartOf\":{\"@id\":\"https:\\\/\\\/www.emplea-te.com\\\/noticias-oposiciones\\\/#website\"},\"datePublished\":\"2021-09-28T08:13:18+00:00\",\"description\":\"Ayuntamiento de Trabada (Lugo). Publicada relaci\u00f3n definitiva de aspirantes admitidos y excluidos y se fija la fecha de realizaci\u00f3n del primer ejercicio para cubrir una plaza de Aux. Admin.\",\"breadcrumb\":{\"@id\":\"https:\\\/\\\/www.emplea-te.com\\\/noticias-oposiciones\\\/ayuntamiento-de-trabada-lugo-se-publica-la-relacion-definitiva-de-aspirantes-admitidos-y-excluidos-y-se-fija-la-fecha-de-realizacion-del-primer-ejercicio-para-cubrir-una-plaza-de-auxiliar-administr\\\/#breadcrumb\"},\"inLanguage\":\"es\",\"potentialAction\":[{\"@type\":\"ReadAction\",\"target\":[\"https:\\\/\\\/www.emplea-te.com\\\/noticias-oposiciones\\\/ayuntamiento-de-trabada-lugo-se-publica-la-relacion-definitiva-de-aspirantes-admitidos-y-excluidos-y-se-fija-la-fecha-de-realizacion-del-primer-ejercicio-para-cubrir-una-plaza-de-auxiliar-administr\\\/\"]}]},{\"@type\":\"BreadcrumbList\",\"@id\":\"https:\\\/\\\/www.emplea-te.com\\\/noticias-oposiciones\\\/ayuntamiento-de-trabada-lugo-se-publica-la-relacion-definitiva-de-aspirantes-admitidos-y-excluidos-y-se-fija-la-fecha-de-realizacion-del-primer-ejercicio-para-cubrir-una-plaza-de-auxiliar-administr\\\/#breadcrumb\",\"itemListElement\":[{\"@type\":\"ListItem\",\"position\":1,\"name\":\"Noticias Oposiciones\",\"item\":\"https:\\\/\\\/www.emplea-te.com\\\/noticias-oposiciones\\\/\"},{\"@type\":\"ListItem\",\"position\":2,\"name\":\"Oposiciones Auton\u00f3micas Galicia\",\"item\":\"https:\\\/\\\/www.emplea-te.com\\\/noticias-oposiciones\\\/categoria\\\/oposiciones-autonomicas-galicia\\\/\"},{\"@type\":\"ListItem\",\"position\":3,\"name\":\"Ayuntamiento de Trabada (Lugo). Se publica la relaci\u00f3n definitiva de aspirantes admitidos y excluidos y se fija la fecha de realizaci\u00f3n del primer ejercicio para cubrir una plaza de Auxiliar Administrativo en Turno libre.\"}]},{\"@type\":\"WebSite\",\"@id\":\"https:\\\/\\\/www.emplea-te.com\\\/noticias-oposiciones\\\/#website\",\"url\":\"https:\\\/\\\/www.emplea-te.com\\\/noticias-oposiciones\\\/\",\"name\":\"Noticas de oposiciones por Academia Emplea-te\",\"description\":\"Toda la actualidad de las ofertas y convocatorias.\",\"publisher\":{\"@id\":\"https:\\\/\\\/www.emplea-te.com\\\/noticias-oposiciones\\\/#organization\"},\"potentialAction\":[{\"@type\":\"SearchAction\",\"target\":{\"@type\":\"EntryPoint\",\"urlTemplate\":\"https:\\\/\\\/www.emplea-te.com\\\/noticias-oposiciones\\\/?s={search_term_string}\"},\"query-input\":{\"@type\":\"PropertyValueSpecification\",\"valueRequired\":true,\"valueName\":\"search_term_string\"}}],\"inLanguage\":\"es\"},{\"@type\":\"Organization\",\"@id\":\"https:\\\/\\\/www.emplea-te.com\\\/noticias-oposiciones\\\/#organization\",\"name\":\"Academia de oposiciones Empl\u00e9ate\",\"url\":\"https:\\\/\\\/www.emplea-te.com\\\/noticias-oposiciones\\\/\",\"logo\":{\"@type\":\"ImageObject\",\"inLanguage\":\"es\",\"@id\":\"https:\\\/\\\/www.emplea-te.com\\\/noticias-oposiciones\\\/#\\\/schema\\\/logo\\\/image\\\/\",\"url\":\"https:\\\/\\\/www.emplea-te.com\\\/noticias-oposiciones\\\/wp-content\\\/uploads\\\/2019\\\/04\\\/empleate.jpg\",\"contentUrl\":\"https:\\\/\\\/www.emplea-te.com\\\/noticias-oposiciones\\\/wp-content\\\/uploads\\\/2019\\\/04\\\/empleate.jpg\",\"width\":250,\"height\":150,\"caption\":\"Academia de oposiciones Empl\u00e9ate\"},\"image\":{\"@id\":\"https:\\\/\\\/www.emplea-te.com\\\/noticias-oposiciones\\\/#\\\/schema\\\/logo\\\/image\\\/\"},\"sameAs\":[\"https:\\\/\\\/www.facebook.com\\\/AcademiaEmpleate\\\/\",\"https:\\\/\\\/x.com\\\/Emplea_Te\",\"https:\\\/\\\/www.instagram.com\\\/academia_empleate\\\/\"]},{\"@type\":\"Person\",\"@id\":\"https:\\\/\\\/www.emplea-te.com\\\/noticias-oposiciones\\\/#\\\/schema\\\/person\\\/d1bc587e1af2b95e9c32aba1795509a6\",\"name\":\"Empleate\"}]}<\/script>\n<!-- \/ Yoast SEO plugin. -->","yoast_head_json":{"title":"Ayuntamiento de Trabada (Lugo). Publicada relaci\u00f3n definitiva de aspirantes admitidos y excluidos y se fija la fecha de realizaci\u00f3n del primer ejercicio para cubrir una plaza de Aux. Admin.","description":"Ayuntamiento de Trabada (Lugo). Publicada relaci\u00f3n definitiva de aspirantes admitidos y excluidos y se fija la fecha de realizaci\u00f3n del primer ejercicio para cubrir una plaza de Aux. Admin.","robots":{"index":"index","follow":"follow","max-snippet":"max-snippet:-1","max-image-preview":"max-image-preview:large","max-video-preview":"max-video-preview:-1"},"canonical":"https:\/\/www.emplea-te.com\/noticias-oposiciones\/ayuntamiento-de-trabada-lugo-se-publica-la-relacion-definitiva-de-aspirantes-admitidos-y-excluidos-y-se-fija-la-fecha-de-realizacion-del-primer-ejercicio-para-cubrir-una-plaza-de-auxiliar-administr\/","og_locale":"es_ES","og_type":"article","og_title":"Ayuntamiento de Trabada (Lugo). Publicada relaci\u00f3n definitiva de aspirantes admitidos y excluidos y se fija la fecha de realizaci\u00f3n del primer ejercicio para cubrir una plaza de Aux. Admin.","og_description":"Ayuntamiento de Trabada (Lugo). Publicada relaci\u00f3n definitiva de aspirantes admitidos y excluidos y se fija la fecha de realizaci\u00f3n del primer ejercicio para cubrir una plaza de Aux. Admin.","og_url":"https:\/\/www.emplea-te.com\/noticias-oposiciones\/ayuntamiento-de-trabada-lugo-se-publica-la-relacion-definitiva-de-aspirantes-admitidos-y-excluidos-y-se-fija-la-fecha-de-realizacion-del-primer-ejercicio-para-cubrir-una-plaza-de-auxiliar-administr\/","og_site_name":"Noticas de oposiciones por Academia Emplea-te","article_publisher":"https:\/\/www.facebook.com\/AcademiaEmpleate\/","article_published_time":"2021-09-28T08:13:18+00:00","author":"Empleate","twitter_card":"summary_large_image","twitter_creator":"@Emplea_Te","twitter_site":"@Emplea_Te","twitter_misc":{"Escrito por":"Empleate","Tiempo de lectura":"1 minuto"},"schema":{"@context":"https:\/\/schema.org","@graph":[{"@type":"Article","@id":"https:\/\/www.emplea-te.com\/noticias-oposiciones\/ayuntamiento-de-trabada-lugo-se-publica-la-relacion-definitiva-de-aspirantes-admitidos-y-excluidos-y-se-fija-la-fecha-de-realizacion-del-primer-ejercicio-para-cubrir-una-plaza-de-auxiliar-administr\/#article","isPartOf":{"@id":"https:\/\/www.emplea-te.com\/noticias-oposiciones\/ayuntamiento-de-trabada-lugo-se-publica-la-relacion-definitiva-de-aspirantes-admitidos-y-excluidos-y-se-fija-la-fecha-de-realizacion-del-primer-ejercicio-para-cubrir-una-plaza-de-auxiliar-administr\/"},"author":{"name":"Empleate","@id":"https:\/\/www.emplea-te.com\/noticias-oposiciones\/#\/schema\/person\/d1bc587e1af2b95e9c32aba1795509a6"},"headline":"Ayuntamiento de Trabada (Lugo). Se publica la relaci\u00f3n definitiva de aspirantes admitidos y excluidos y se fija la fecha de realizaci\u00f3n del primer ejercicio para cubrir una plaza de Auxiliar Administrativo en Turno libre.","datePublished":"2021-09-28T08:13:18+00:00","mainEntityOfPage":{"@id":"https:\/\/www.emplea-te.com\/noticias-oposiciones\/ayuntamiento-de-trabada-lugo-se-publica-la-relacion-definitiva-de-aspirantes-admitidos-y-excluidos-y-se-fija-la-fecha-de-realizacion-del-primer-ejercicio-para-cubrir-una-plaza-de-auxiliar-administr\/"},"wordCount":197,"publisher":{"@id":"https:\/\/www.emplea-te.com\/noticias-oposiciones\/#organization"},"keywords":["Acceso libre","Convocatoria","Fecha ex\u00e1menes"],"articleSection":["Convocatorias Ayuntamientos","Oposiciones Auton\u00f3micas Galicia"],"inLanguage":"es"},{"@type":"WebPage","@id":"https:\/\/www.emplea-te.com\/noticias-oposiciones\/ayuntamiento-de-trabada-lugo-se-publica-la-relacion-definitiva-de-aspirantes-admitidos-y-excluidos-y-se-fija-la-fecha-de-realizacion-del-primer-ejercicio-para-cubrir-una-plaza-de-auxiliar-administr\/","url":"https:\/\/www.emplea-te.com\/noticias-oposiciones\/ayuntamiento-de-trabada-lugo-se-publica-la-relacion-definitiva-de-aspirantes-admitidos-y-excluidos-y-se-fija-la-fecha-de-realizacion-del-primer-ejercicio-para-cubrir-una-plaza-de-auxiliar-administr\/","name":"Ayuntamiento de Trabada (Lugo). Publicada relaci\u00f3n definitiva de aspirantes admitidos y excluidos y se fija la fecha de realizaci\u00f3n del primer ejercicio para cubrir una plaza de Aux. Admin.","isPartOf":{"@id":"https:\/\/www.emplea-te.com\/noticias-oposiciones\/#website"},"datePublished":"2021-09-28T08:13:18+00:00","description":"Ayuntamiento de Trabada (Lugo). Publicada relaci\u00f3n definitiva de aspirantes admitidos y excluidos y se fija la fecha de realizaci\u00f3n del primer ejercicio para cubrir una plaza de Aux. Admin.","breadcrumb":{"@id":"https:\/\/www.emplea-te.com\/noticias-oposiciones\/ayuntamiento-de-trabada-lugo-se-publica-la-relacion-definitiva-de-aspirantes-admitidos-y-excluidos-y-se-fija-la-fecha-de-realizacion-del-primer-ejercicio-para-cubrir-una-plaza-de-auxiliar-administr\/#breadcrumb"},"inLanguage":"es","potentialAction":[{"@type":"ReadAction","target":["https:\/\/www.emplea-te.com\/noticias-oposiciones\/ayuntamiento-de-trabada-lugo-se-publica-la-relacion-definitiva-de-aspirantes-admitidos-y-excluidos-y-se-fija-la-fecha-de-realizacion-del-primer-ejercicio-para-cubrir-una-plaza-de-auxiliar-administr\/"]}]},{"@type":"BreadcrumbList","@id":"https:\/\/www.emplea-te.com\/noticias-oposiciones\/ayuntamiento-de-trabada-lugo-se-publica-la-relacion-definitiva-de-aspirantes-admitidos-y-excluidos-y-se-fija-la-fecha-de-realizacion-del-primer-ejercicio-para-cubrir-una-plaza-de-auxiliar-administr\/#breadcrumb","itemListElement":[{"@type":"ListItem","position":1,"name":"Noticias Oposiciones","item":"https:\/\/www.emplea-te.com\/noticias-oposiciones\/"},{"@type":"ListItem","position":2,"name":"Oposiciones Auton\u00f3micas Galicia","item":"https:\/\/www.emplea-te.com\/noticias-oposiciones\/categoria\/oposiciones-autonomicas-galicia\/"},{"@type":"ListItem","position":3,"name":"Ayuntamiento de Trabada (Lugo). Se publica la relaci\u00f3n definitiva de aspirantes admitidos y excluidos y se fija la fecha de realizaci\u00f3n del primer ejercicio para cubrir una plaza de Auxiliar Administrativo en Turno libre."}]},{"@type":"WebSite","@id":"https:\/\/www.emplea-te.com\/noticias-oposiciones\/#website","url":"https:\/\/www.emplea-te.com\/noticias-oposiciones\/","name":"Noticas de oposiciones por Academia Emplea-te","description":"Toda la actualidad de las ofertas y convocatorias.","publisher":{"@id":"https:\/\/www.emplea-te.com\/noticias-oposiciones\/#organization"},"potentialAction":[{"@type":"SearchAction","target":{"@type":"EntryPoint","urlTemplate":"https:\/\/www.emplea-te.com\/noticias-oposiciones\/?s={search_term_string}"},"query-input":{"@type":"PropertyValueSpecification","valueRequired":true,"valueName":"search_term_string"}}],"inLanguage":"es"},{"@type":"Organization","@id":"https:\/\/www.emplea-te.com\/noticias-oposiciones\/#organization","name":"Academia de oposiciones Empl\u00e9ate","url":"https:\/\/www.emplea-te.com\/noticias-oposiciones\/","logo":{"@type":"ImageObject","inLanguage":"es","@id":"https:\/\/www.emplea-te.com\/noticias-oposiciones\/#\/schema\/logo\/image\/","url":"https:\/\/www.emplea-te.com\/noticias-oposiciones\/wp-content\/uploads\/2019\/04\/empleate.jpg","contentUrl":"https:\/\/www.emplea-te.com\/noticias-oposiciones\/wp-content\/uploads\/2019\/04\/empleate.jpg","width":250,"height":150,"caption":"Academia de oposiciones Empl\u00e9ate"},"image":{"@id":"https:\/\/www.emplea-te.com\/noticias-oposiciones\/#\/schema\/logo\/image\/"},"sameAs":["https:\/\/www.facebook.com\/AcademiaEmpleate\/","https:\/\/x.com\/Emplea_Te","https:\/\/www.instagram.com\/academia_empleate\/"]},{"@type":"Person","@id":"https:\/\/www.emplea-te.com\/noticias-oposiciones\/#\/schema\/person\/d1bc587e1af2b95e9c32aba1795509a6","name":"Empleate"}]}},"_links":{"self":[{"href":"https:\/\/www.emplea-te.com\/noticias-oposiciones\/wp-json\/wp\/v2\/posts\/5352","targetHints":{"allow":["GET"]}}],"collection":[{"href":"https:\/\/www.emplea-te.com\/noticias-oposiciones\/wp-json\/wp\/v2\/posts"}],"about":[{"href":"https:\/\/www.emplea-te.com\/noticias-oposiciones\/wp-json\/wp\/v2\/types\/post"}],"author":[{"embeddable":true,"href":"https:\/\/www.emplea-te.com\/noticias-oposiciones\/wp-json\/wp\/v2\/users\/1"}],"replies":[{"embeddable":true,"href":"https:\/\/www.emplea-te.com\/noticias-oposiciones\/wp-json\/wp\/v2\/comments?post=5352"}],"version-history":[{"count":1,"href":"https:\/\/www.emplea-te.com\/noticias-oposiciones\/wp-json\/wp\/v2\/posts\/5352\/revisions"}],"predecessor-version":[{"id":5353,"href":"https:\/\/www.emplea-te.com\/noticias-oposiciones\/wp-json\/wp\/v2\/posts\/5352\/revisions\/5353"}],"wp:attachment":[{"href":"https:\/\/www.emplea-te.com\/noticias-oposiciones\/wp-json\/wp\/v2\/media?parent=5352"}],"wp:term":[{"taxonomy":"category","embeddable":true,"href":"https:\/\/www.emplea-te.com\/noticias-oposiciones\/wp-json\/wp\/v2\/categories?post=5352"},{"taxonomy":"post_tag","embeddable":true,"href":"https:\/\/www.emplea-te.com\/noticias-oposiciones\/wp-json\/wp\/v2\/tags?post=5352"}],"curies":[{"name":"wp","href":"https:\/\/api.w.org\/{rel}","templated":true}]}}