{"id":5369,"date":"2021-09-29T10:50:22","date_gmt":"2021-09-29T08:50:22","guid":{"rendered":"https:\/\/www.emplea-te.com\/noticias-oposiciones\/?p=5369"},"modified":"2021-09-29T10:50:22","modified_gmt":"2021-09-29T08:50:22","slug":"diputacion-de-ourense-anuncio-de-convocatoria-y-bases-que-regiran-el-proceso-selectivo-de-distintas-plazas-correspondientes-a-la-oep-2018","status":"publish","type":"post","link":"https:\/\/www.emplea-te.com\/noticias-oposiciones\/diputacion-de-ourense-anuncio-de-convocatoria-y-bases-que-regiran-el-proceso-selectivo-de-distintas-plazas-correspondientes-a-la-oep-2018\/","title":{"rendered":"Diputaci\u00f3n de Ourense. Anuncio de convocatoria y bases que regir\u00e1n el proceso selectivo de distintas plazas correspondientes a la OEP 2018."},"content":{"rendered":"<p>Diputaci\u00f3n de Ourense.<\/p>\n<p>Se publica en el DOG de hoy, d\u00eda 29 de septiembre de 2021, el ANUNCIO de la convocatoria y de las bases normativas para la dotaci\u00f3n de las plazas incluidas en la oferta ordinaria de empleo p\u00fablico correspondiente al a\u00f1o 2018.<\/p>\n<p><a href=\"http:\/\/www.emplea-te.com\" target=\"_blank\" rel=\"noopener noreferrer\">Destacamos las siguientes plazas que puedes preparar en nuestros grupos presenciales y on line:<\/a><\/p>\n<p><strong>Oficiales de Carrera acceso libre:<br \/>\n<\/strong><br \/>\n<span>1\u00a0 puesto de gerente de administraci\u00f3n general, subgrupo A2, escala de administraci\u00f3n general, subescala de gesti\u00f3n. <\/span><span>Oposici\u00f3n libre.\u00a0<\/span><span>T\u00edtulo universitario en ciencias empresariales o cualquier otro t\u00edtulo universitario oficial con nivel 2, como m\u00ednimo, del Marco Espa\u00f1ol de Cualificaciones para la educaci\u00f3n superior (nivel 6 del Marco Europeo de Cualificaciones) en esta rama de conocimiento.\u00a0<\/span><span>Copia del diploma o certificado Celga 4.<\/span><\/p>\n<p><strong>Oficiales de Carrera Promoci\u00f3n Interna:<\/strong><\/p>\n<p class=\"dog-base-sangria\"><span>2 cargos administrativos de administraci\u00f3n general, subgrupo C1, escala de administraci\u00f3n general, subescala administrativa. Concurso de oposici\u00f3n.\u00a0Licenciatura, t\u00e9cnica o equivalente o antig\u00fcedad de diez a\u00f1os en la subescala C2 y superaci\u00f3n de un curso de formaci\u00f3n espec\u00edfico.\u00a0Copia del diploma o certificado Celga 3.<\/span><\/p>\n<p class=\"dog-base-sangria\"><span>2 puestos de asistente de administraci\u00f3n general, subgrupo C2, escala de administraci\u00f3n general, subescala auxiliar. Concurso de oposici\u00f3n Licenciatura en Educaci\u00f3n Secundaria Obligatoria o equivalente.\u00a0Copia del diploma o certificado Celga 2.<\/span><\/p>\n<p>&nbsp;<\/p>\n<p><strong>Plazas reservadas al turno de discapacidad:\u00a0<\/strong><\/p>\n<p><span>1\u00a0 puesto de asistente administrativo, subgrupo C2, escala de administraci\u00f3n general, subescala auxiliar. <\/span><span>Concurso de oposici\u00f3n Licenciatura en Educaci\u00f3n Secundaria Obligatoria o equivalente.\u00a0<\/span><span>Copia del diploma o certificado Celga 2.<\/span><\/p>\n<p><strong>Mano de Obra acceso libre:\u00a0<\/strong><\/p>\n<p><span>\u00a08\u00a0 vacantes para trabajadores no calificados, AP. <\/span><span>Concurso.\u00a0<\/span><span>Sin requisitos de grado.\u00a0<\/span><span>Copia del diploma o certificado Celga 2.<\/span><\/p>\n<p><a href=\"https:\/\/www.xunta.gal\/dog\/Publicados\/2021\/20210929\/AnuncioG1440-080921-0001_gl.html\" target=\"_blank\" rel=\"noopener noreferrer\">Enlace a Anuncio publicado en el DOG\u00a0<\/a><\/p>\n","protected":false},"excerpt":{"rendered":"<p>Diputaci\u00f3n de Ourense. Se publica en el DOG de hoy, d\u00eda 29 de septiembre de 2021, el ANUNCIO de la convocatoria y de las bases normativas para la dotaci\u00f3n de las plazas incluidas en la oferta ordinaria de empleo p\u00fablico correspondiente al a\u00f1o 2018. Destacamos las siguientes plazas que puedes preparar en nuestros grupos presenciales &hellip; <a href=\"https:\/\/www.emplea-te.com\/noticias-oposiciones\/diputacion-de-ourense-anuncio-de-convocatoria-y-bases-que-regiran-el-proceso-selectivo-de-distintas-plazas-correspondientes-a-la-oep-2018\/\" class=\"more-link\">Continuar leyendo<span class=\"screen-reader-text\"> \u00abDiputaci\u00f3n de Ourense. Anuncio de convocatoria y bases que regir\u00e1n el proceso selectivo de distintas plazas correspondientes a la OEP 2018.\u00bb<\/span><\/a><\/p>\n","protected":false},"author":1,"featured_media":0,"comment_status":"closed","ping_status":"closed","sticky":false,"template":"","format":"standard","meta":{"footnotes":""},"categories":[37,56],"tags":[49],"class_list":["post-5369","post","type-post","status-publish","format-standard","hentry","category-convocatorias-ayuntamientos","category-oposiciones-autonomicas-galicia","tag-convocatorias-de-oposiciones"],"yoast_head":"<!-- This site is optimized with the Yoast SEO plugin v27.5 - https:\/\/yoast.com\/product\/yoast-seo-wordpress\/ -->\n<title>Diputaci\u00f3n de Ourense. Publicado Anuncio de convocatoria y bases que regir\u00e1n el proceso selectivo de distintas plazas de la OEP 2018<\/title>\n<meta name=\"description\" content=\"Diputaci\u00f3n de Ourense. Publicado Anuncio de convocatoria y bases que regir\u00e1n el proceso selectivo de distintas plazas de la OEP 2018\" \/>\n<meta name=\"robots\" content=\"index, follow, max-snippet:-1, max-image-preview:large, max-video-preview:-1\" \/>\n<link rel=\"canonical\" href=\"https:\/\/www.emplea-te.com\/noticias-oposiciones\/diputacion-de-ourense-anuncio-de-convocatoria-y-bases-que-regiran-el-proceso-selectivo-de-distintas-plazas-correspondientes-a-la-oep-2018\/\" \/>\n<meta property=\"og:locale\" content=\"es_ES\" \/>\n<meta property=\"og:type\" content=\"article\" \/>\n<meta property=\"og:title\" content=\"Diputaci\u00f3n de Ourense. Publicado Anuncio de convocatoria y bases que regir\u00e1n el proceso selectivo de distintas plazas de la OEP 2018\" \/>\n<meta property=\"og:description\" content=\"Diputaci\u00f3n de Ourense. Publicado Anuncio de convocatoria y bases que regir\u00e1n el proceso selectivo de distintas plazas de la OEP 2018\" \/>\n<meta property=\"og:url\" content=\"https:\/\/www.emplea-te.com\/noticias-oposiciones\/diputacion-de-ourense-anuncio-de-convocatoria-y-bases-que-regiran-el-proceso-selectivo-de-distintas-plazas-correspondientes-a-la-oep-2018\/\" \/>\n<meta property=\"og:site_name\" content=\"Noticas de oposiciones por Academia Emplea-te\" \/>\n<meta property=\"article:publisher\" content=\"https:\/\/www.facebook.com\/AcademiaEmpleate\/\" \/>\n<meta property=\"article:published_time\" content=\"2021-09-29T08:50:22+00:00\" \/>\n<meta name=\"author\" content=\"Empleate\" \/>\n<meta name=\"twitter:card\" content=\"summary_large_image\" \/>\n<meta name=\"twitter:creator\" content=\"@Emplea_Te\" \/>\n<meta name=\"twitter:site\" content=\"@Emplea_Te\" \/>\n<meta name=\"twitter:label1\" content=\"Escrito por\" \/>\n\t<meta name=\"twitter:data1\" content=\"Empleate\" \/>\n\t<meta name=\"twitter:label2\" content=\"Tiempo de lectura\" \/>\n\t<meta name=\"twitter:data2\" content=\"2 minutos\" \/>\n<script type=\"application\/ld+json\" class=\"yoast-schema-graph\">{\"@context\":\"https:\\\/\\\/schema.org\",\"@graph\":[{\"@type\":\"Article\",\"@id\":\"https:\\\/\\\/www.emplea-te.com\\\/noticias-oposiciones\\\/diputacion-de-ourense-anuncio-de-convocatoria-y-bases-que-regiran-el-proceso-selectivo-de-distintas-plazas-correspondientes-a-la-oep-2018\\\/#article\",\"isPartOf\":{\"@id\":\"https:\\\/\\\/www.emplea-te.com\\\/noticias-oposiciones\\\/diputacion-de-ourense-anuncio-de-convocatoria-y-bases-que-regiran-el-proceso-selectivo-de-distintas-plazas-correspondientes-a-la-oep-2018\\\/\"},\"author\":{\"name\":\"Empleate\",\"@id\":\"https:\\\/\\\/www.emplea-te.com\\\/noticias-oposiciones\\\/#\\\/schema\\\/person\\\/d1bc587e1af2b95e9c32aba1795509a6\"},\"headline\":\"Diputaci\u00f3n de Ourense. Anuncio de convocatoria y bases que regir\u00e1n el proceso selectivo de distintas plazas correspondientes a la OEP 2018.\",\"datePublished\":\"2021-09-29T08:50:22+00:00\",\"mainEntityOfPage\":{\"@id\":\"https:\\\/\\\/www.emplea-te.com\\\/noticias-oposiciones\\\/diputacion-de-ourense-anuncio-de-convocatoria-y-bases-que-regiran-el-proceso-selectivo-de-distintas-plazas-correspondientes-a-la-oep-2018\\\/\"},\"wordCount\":313,\"publisher\":{\"@id\":\"https:\\\/\\\/www.emplea-te.com\\\/noticias-oposiciones\\\/#organization\"},\"keywords\":[\"Convocatoria\"],\"articleSection\":[\"Convocatorias Ayuntamientos\",\"Oposiciones Auton\u00f3micas Galicia\"],\"inLanguage\":\"es\"},{\"@type\":\"WebPage\",\"@id\":\"https:\\\/\\\/www.emplea-te.com\\\/noticias-oposiciones\\\/diputacion-de-ourense-anuncio-de-convocatoria-y-bases-que-regiran-el-proceso-selectivo-de-distintas-plazas-correspondientes-a-la-oep-2018\\\/\",\"url\":\"https:\\\/\\\/www.emplea-te.com\\\/noticias-oposiciones\\\/diputacion-de-ourense-anuncio-de-convocatoria-y-bases-que-regiran-el-proceso-selectivo-de-distintas-plazas-correspondientes-a-la-oep-2018\\\/\",\"name\":\"Diputaci\u00f3n de Ourense. Publicado Anuncio de convocatoria y bases que regir\u00e1n el proceso selectivo de distintas plazas de la OEP 2018\",\"isPartOf\":{\"@id\":\"https:\\\/\\\/www.emplea-te.com\\\/noticias-oposiciones\\\/#website\"},\"datePublished\":\"2021-09-29T08:50:22+00:00\",\"description\":\"Diputaci\u00f3n de Ourense. Publicado Anuncio de convocatoria y bases que regir\u00e1n el proceso selectivo de distintas plazas de la OEP 2018\",\"breadcrumb\":{\"@id\":\"https:\\\/\\\/www.emplea-te.com\\\/noticias-oposiciones\\\/diputacion-de-ourense-anuncio-de-convocatoria-y-bases-que-regiran-el-proceso-selectivo-de-distintas-plazas-correspondientes-a-la-oep-2018\\\/#breadcrumb\"},\"inLanguage\":\"es\",\"potentialAction\":[{\"@type\":\"ReadAction\",\"target\":[\"https:\\\/\\\/www.emplea-te.com\\\/noticias-oposiciones\\\/diputacion-de-ourense-anuncio-de-convocatoria-y-bases-que-regiran-el-proceso-selectivo-de-distintas-plazas-correspondientes-a-la-oep-2018\\\/\"]}]},{\"@type\":\"BreadcrumbList\",\"@id\":\"https:\\\/\\\/www.emplea-te.com\\\/noticias-oposiciones\\\/diputacion-de-ourense-anuncio-de-convocatoria-y-bases-que-regiran-el-proceso-selectivo-de-distintas-plazas-correspondientes-a-la-oep-2018\\\/#breadcrumb\",\"itemListElement\":[{\"@type\":\"ListItem\",\"position\":1,\"name\":\"Noticias Oposiciones\",\"item\":\"https:\\\/\\\/www.emplea-te.com\\\/noticias-oposiciones\\\/\"},{\"@type\":\"ListItem\",\"position\":2,\"name\":\"Oposiciones Auton\u00f3micas Galicia\",\"item\":\"https:\\\/\\\/www.emplea-te.com\\\/noticias-oposiciones\\\/categoria\\\/oposiciones-autonomicas-galicia\\\/\"},{\"@type\":\"ListItem\",\"position\":3,\"name\":\"Diputaci\u00f3n de Ourense. Anuncio de convocatoria y bases que regir\u00e1n el proceso selectivo de distintas plazas correspondientes a la OEP 2018.\"}]},{\"@type\":\"WebSite\",\"@id\":\"https:\\\/\\\/www.emplea-te.com\\\/noticias-oposiciones\\\/#website\",\"url\":\"https:\\\/\\\/www.emplea-te.com\\\/noticias-oposiciones\\\/\",\"name\":\"Noticas de oposiciones por Academia Emplea-te\",\"description\":\"Toda la actualidad de las ofertas y convocatorias.\",\"publisher\":{\"@id\":\"https:\\\/\\\/www.emplea-te.com\\\/noticias-oposiciones\\\/#organization\"},\"potentialAction\":[{\"@type\":\"SearchAction\",\"target\":{\"@type\":\"EntryPoint\",\"urlTemplate\":\"https:\\\/\\\/www.emplea-te.com\\\/noticias-oposiciones\\\/?s={search_term_string}\"},\"query-input\":{\"@type\":\"PropertyValueSpecification\",\"valueRequired\":true,\"valueName\":\"search_term_string\"}}],\"inLanguage\":\"es\"},{\"@type\":\"Organization\",\"@id\":\"https:\\\/\\\/www.emplea-te.com\\\/noticias-oposiciones\\\/#organization\",\"name\":\"Academia de oposiciones Empl\u00e9ate\",\"url\":\"https:\\\/\\\/www.emplea-te.com\\\/noticias-oposiciones\\\/\",\"logo\":{\"@type\":\"ImageObject\",\"inLanguage\":\"es\",\"@id\":\"https:\\\/\\\/www.emplea-te.com\\\/noticias-oposiciones\\\/#\\\/schema\\\/logo\\\/image\\\/\",\"url\":\"https:\\\/\\\/www.emplea-te.com\\\/noticias-oposiciones\\\/wp-content\\\/uploads\\\/2019\\\/04\\\/empleate.jpg\",\"contentUrl\":\"https:\\\/\\\/www.emplea-te.com\\\/noticias-oposiciones\\\/wp-content\\\/uploads\\\/2019\\\/04\\\/empleate.jpg\",\"width\":250,\"height\":150,\"caption\":\"Academia de oposiciones Empl\u00e9ate\"},\"image\":{\"@id\":\"https:\\\/\\\/www.emplea-te.com\\\/noticias-oposiciones\\\/#\\\/schema\\\/logo\\\/image\\\/\"},\"sameAs\":[\"https:\\\/\\\/www.facebook.com\\\/AcademiaEmpleate\\\/\",\"https:\\\/\\\/x.com\\\/Emplea_Te\",\"https:\\\/\\\/www.instagram.com\\\/academia_empleate\\\/\"]},{\"@type\":\"Person\",\"@id\":\"https:\\\/\\\/www.emplea-te.com\\\/noticias-oposiciones\\\/#\\\/schema\\\/person\\\/d1bc587e1af2b95e9c32aba1795509a6\",\"name\":\"Empleate\"}]}<\/script>\n<!-- \/ Yoast SEO plugin. -->","yoast_head_json":{"title":"Diputaci\u00f3n de Ourense. Publicado Anuncio de convocatoria y bases que regir\u00e1n el proceso selectivo de distintas plazas de la OEP 2018","description":"Diputaci\u00f3n de Ourense. Publicado Anuncio de convocatoria y bases que regir\u00e1n el proceso selectivo de distintas plazas de la OEP 2018","robots":{"index":"index","follow":"follow","max-snippet":"max-snippet:-1","max-image-preview":"max-image-preview:large","max-video-preview":"max-video-preview:-1"},"canonical":"https:\/\/www.emplea-te.com\/noticias-oposiciones\/diputacion-de-ourense-anuncio-de-convocatoria-y-bases-que-regiran-el-proceso-selectivo-de-distintas-plazas-correspondientes-a-la-oep-2018\/","og_locale":"es_ES","og_type":"article","og_title":"Diputaci\u00f3n de Ourense. Publicado Anuncio de convocatoria y bases que regir\u00e1n el proceso selectivo de distintas plazas de la OEP 2018","og_description":"Diputaci\u00f3n de Ourense. Publicado Anuncio de convocatoria y bases que regir\u00e1n el proceso selectivo de distintas plazas de la OEP 2018","og_url":"https:\/\/www.emplea-te.com\/noticias-oposiciones\/diputacion-de-ourense-anuncio-de-convocatoria-y-bases-que-regiran-el-proceso-selectivo-de-distintas-plazas-correspondientes-a-la-oep-2018\/","og_site_name":"Noticas de oposiciones por Academia Emplea-te","article_publisher":"https:\/\/www.facebook.com\/AcademiaEmpleate\/","article_published_time":"2021-09-29T08:50:22+00:00","author":"Empleate","twitter_card":"summary_large_image","twitter_creator":"@Emplea_Te","twitter_site":"@Emplea_Te","twitter_misc":{"Escrito por":"Empleate","Tiempo de lectura":"2 minutos"},"schema":{"@context":"https:\/\/schema.org","@graph":[{"@type":"Article","@id":"https:\/\/www.emplea-te.com\/noticias-oposiciones\/diputacion-de-ourense-anuncio-de-convocatoria-y-bases-que-regiran-el-proceso-selectivo-de-distintas-plazas-correspondientes-a-la-oep-2018\/#article","isPartOf":{"@id":"https:\/\/www.emplea-te.com\/noticias-oposiciones\/diputacion-de-ourense-anuncio-de-convocatoria-y-bases-que-regiran-el-proceso-selectivo-de-distintas-plazas-correspondientes-a-la-oep-2018\/"},"author":{"name":"Empleate","@id":"https:\/\/www.emplea-te.com\/noticias-oposiciones\/#\/schema\/person\/d1bc587e1af2b95e9c32aba1795509a6"},"headline":"Diputaci\u00f3n de Ourense. Anuncio de convocatoria y bases que regir\u00e1n el proceso selectivo de distintas plazas correspondientes a la OEP 2018.","datePublished":"2021-09-29T08:50:22+00:00","mainEntityOfPage":{"@id":"https:\/\/www.emplea-te.com\/noticias-oposiciones\/diputacion-de-ourense-anuncio-de-convocatoria-y-bases-que-regiran-el-proceso-selectivo-de-distintas-plazas-correspondientes-a-la-oep-2018\/"},"wordCount":313,"publisher":{"@id":"https:\/\/www.emplea-te.com\/noticias-oposiciones\/#organization"},"keywords":["Convocatoria"],"articleSection":["Convocatorias Ayuntamientos","Oposiciones Auton\u00f3micas Galicia"],"inLanguage":"es"},{"@type":"WebPage","@id":"https:\/\/www.emplea-te.com\/noticias-oposiciones\/diputacion-de-ourense-anuncio-de-convocatoria-y-bases-que-regiran-el-proceso-selectivo-de-distintas-plazas-correspondientes-a-la-oep-2018\/","url":"https:\/\/www.emplea-te.com\/noticias-oposiciones\/diputacion-de-ourense-anuncio-de-convocatoria-y-bases-que-regiran-el-proceso-selectivo-de-distintas-plazas-correspondientes-a-la-oep-2018\/","name":"Diputaci\u00f3n de Ourense. Publicado Anuncio de convocatoria y bases que regir\u00e1n el proceso selectivo de distintas plazas de la OEP 2018","isPartOf":{"@id":"https:\/\/www.emplea-te.com\/noticias-oposiciones\/#website"},"datePublished":"2021-09-29T08:50:22+00:00","description":"Diputaci\u00f3n de Ourense. Publicado Anuncio de convocatoria y bases que regir\u00e1n el proceso selectivo de distintas plazas de la OEP 2018","breadcrumb":{"@id":"https:\/\/www.emplea-te.com\/noticias-oposiciones\/diputacion-de-ourense-anuncio-de-convocatoria-y-bases-que-regiran-el-proceso-selectivo-de-distintas-plazas-correspondientes-a-la-oep-2018\/#breadcrumb"},"inLanguage":"es","potentialAction":[{"@type":"ReadAction","target":["https:\/\/www.emplea-te.com\/noticias-oposiciones\/diputacion-de-ourense-anuncio-de-convocatoria-y-bases-que-regiran-el-proceso-selectivo-de-distintas-plazas-correspondientes-a-la-oep-2018\/"]}]},{"@type":"BreadcrumbList","@id":"https:\/\/www.emplea-te.com\/noticias-oposiciones\/diputacion-de-ourense-anuncio-de-convocatoria-y-bases-que-regiran-el-proceso-selectivo-de-distintas-plazas-correspondientes-a-la-oep-2018\/#breadcrumb","itemListElement":[{"@type":"ListItem","position":1,"name":"Noticias Oposiciones","item":"https:\/\/www.emplea-te.com\/noticias-oposiciones\/"},{"@type":"ListItem","position":2,"name":"Oposiciones Auton\u00f3micas Galicia","item":"https:\/\/www.emplea-te.com\/noticias-oposiciones\/categoria\/oposiciones-autonomicas-galicia\/"},{"@type":"ListItem","position":3,"name":"Diputaci\u00f3n de Ourense. Anuncio de convocatoria y bases que regir\u00e1n el proceso selectivo de distintas plazas correspondientes a la OEP 2018."}]},{"@type":"WebSite","@id":"https:\/\/www.emplea-te.com\/noticias-oposiciones\/#website","url":"https:\/\/www.emplea-te.com\/noticias-oposiciones\/","name":"Noticas de oposiciones por Academia Emplea-te","description":"Toda la actualidad de las ofertas y convocatorias.","publisher":{"@id":"https:\/\/www.emplea-te.com\/noticias-oposiciones\/#organization"},"potentialAction":[{"@type":"SearchAction","target":{"@type":"EntryPoint","urlTemplate":"https:\/\/www.emplea-te.com\/noticias-oposiciones\/?s={search_term_string}"},"query-input":{"@type":"PropertyValueSpecification","valueRequired":true,"valueName":"search_term_string"}}],"inLanguage":"es"},{"@type":"Organization","@id":"https:\/\/www.emplea-te.com\/noticias-oposiciones\/#organization","name":"Academia de oposiciones Empl\u00e9ate","url":"https:\/\/www.emplea-te.com\/noticias-oposiciones\/","logo":{"@type":"ImageObject","inLanguage":"es","@id":"https:\/\/www.emplea-te.com\/noticias-oposiciones\/#\/schema\/logo\/image\/","url":"https:\/\/www.emplea-te.com\/noticias-oposiciones\/wp-content\/uploads\/2019\/04\/empleate.jpg","contentUrl":"https:\/\/www.emplea-te.com\/noticias-oposiciones\/wp-content\/uploads\/2019\/04\/empleate.jpg","width":250,"height":150,"caption":"Academia de oposiciones Empl\u00e9ate"},"image":{"@id":"https:\/\/www.emplea-te.com\/noticias-oposiciones\/#\/schema\/logo\/image\/"},"sameAs":["https:\/\/www.facebook.com\/AcademiaEmpleate\/","https:\/\/x.com\/Emplea_Te","https:\/\/www.instagram.com\/academia_empleate\/"]},{"@type":"Person","@id":"https:\/\/www.emplea-te.com\/noticias-oposiciones\/#\/schema\/person\/d1bc587e1af2b95e9c32aba1795509a6","name":"Empleate"}]}},"_links":{"self":[{"href":"https:\/\/www.emplea-te.com\/noticias-oposiciones\/wp-json\/wp\/v2\/posts\/5369","targetHints":{"allow":["GET"]}}],"collection":[{"href":"https:\/\/www.emplea-te.com\/noticias-oposiciones\/wp-json\/wp\/v2\/posts"}],"about":[{"href":"https:\/\/www.emplea-te.com\/noticias-oposiciones\/wp-json\/wp\/v2\/types\/post"}],"author":[{"embeddable":true,"href":"https:\/\/www.emplea-te.com\/noticias-oposiciones\/wp-json\/wp\/v2\/users\/1"}],"replies":[{"embeddable":true,"href":"https:\/\/www.emplea-te.com\/noticias-oposiciones\/wp-json\/wp\/v2\/comments?post=5369"}],"version-history":[{"count":1,"href":"https:\/\/www.emplea-te.com\/noticias-oposiciones\/wp-json\/wp\/v2\/posts\/5369\/revisions"}],"predecessor-version":[{"id":5370,"href":"https:\/\/www.emplea-te.com\/noticias-oposiciones\/wp-json\/wp\/v2\/posts\/5369\/revisions\/5370"}],"wp:attachment":[{"href":"https:\/\/www.emplea-te.com\/noticias-oposiciones\/wp-json\/wp\/v2\/media?parent=5369"}],"wp:term":[{"taxonomy":"category","embeddable":true,"href":"https:\/\/www.emplea-te.com\/noticias-oposiciones\/wp-json\/wp\/v2\/categories?post=5369"},{"taxonomy":"post_tag","embeddable":true,"href":"https:\/\/www.emplea-te.com\/noticias-oposiciones\/wp-json\/wp\/v2\/tags?post=5369"}],"curies":[{"name":"wp","href":"https:\/\/api.w.org\/{rel}","templated":true}]}}