{"id":5374,"date":"2021-10-01T09:52:53","date_gmt":"2021-10-01T07:52:53","guid":{"rendered":"https:\/\/www.emplea-te.com\/noticias-oposiciones\/?p=5374"},"modified":"2021-10-01T09:52:53","modified_gmt":"2021-10-01T07:52:53","slug":"administracion-general-del-estado-auxiliar-administrativo-c2-y-administrativo-c1-publicada-relacion-provisional-de-aspirantes-admitidos-y-excluidos-y-se-fija-lugar-relacion-del-ejercicio-unico","status":"publish","type":"post","link":"https:\/\/www.emplea-te.com\/noticias-oposiciones\/administracion-general-del-estado-auxiliar-administrativo-c2-y-administrativo-c1-publicada-relacion-provisional-de-aspirantes-admitidos-y-excluidos-y-se-fija-lugar-relacion-del-ejercicio-unico\/","title":{"rendered":"Administraci\u00f3n General del Estado. Auxiliar Administrativo C2 y Administrativo C1. Publicada relaci\u00f3n provisional de aspirantes admitidos y excluidos y se fija lugar relaci\u00f3n del ejercicio \u00fanico."},"content":{"rendered":"<p>Administraci\u00f3n General del Estado.<br \/>\nAuxiliar Administrativo C2\u00a0 y Administrativo C1.<\/p>\n<p>Se publica en el BOE de hoy la Resoluci\u00f3n por la que se hace p\u00fablica la Relaci\u00f3n provisional de aspirantes admitidos y excluidos en el proceso selectivo y se fija el lugar de realizaci\u00f3n del ejercicio \u00fanico.<\/p>\n<p><a href=\"https:\/\/www.boe.es\/boe\/dias\/2021\/10\/01\/pdfs\/BOE-A-2021-15960.pdf\" target=\"_blank\" rel=\"noopener noreferrer\">Desde este enlace puedes acceder a la Resoluci\u00f3n con la lista provisional de aspirantes admitidos y excluidos<\/a><\/p>\n<p>Las listas de opositores admitidos se encontrar\u00e1n expuestas en la sede electr\u00f3nica del Instituto Nacional de Administraci\u00f3n P\u00fablica (<a href=\"https:\/\/sede.inap.gob.es\/\" target=\"_blank\" rel=\"noopener noreferrer\">https:\/\/sede.inap.gob.es\/<\/a>), as\u00ed como en los restantes lugares previstos en la base espec\u00edfica 11.2.<\/p>\n<p><strong>Tanto los opositores excluidos como los omitidos por no figurar en las listas<\/strong> de admitidos ni en las de excluidos disponen de un<strong> plazo de diez d\u00edas h\u00e1biles, contados a partir del siguiente al de la publicaci\u00f3n de esta Resoluci\u00f3n en el \u00abBolet\u00edn Oficial del Estado\u00bb<\/strong>, para subsanar los defectos que hayan motivado su no admisi\u00f3n o la omisi\u00f3n simult\u00e1nea en las listas de admitidos y excluidos.<\/p>\n<p><strong>La subsanaci\u00f3n de la solicitud<\/strong> o, en su caso, la modificaci\u00f3n de los datos de la misma, deber\u00e1 realizarse on line a trav\u00e9s de la aplicaci\u00f3n de Inscripci\u00f3n en Pruebas Selectivas (IPS) del Punto de Acceso General: <a href=\"https:\/\/ips.redsara.es\/IPSC\/secure\/\" target=\"_blank\" rel=\"noopener noreferrer\">https:\/\/ips.redsara.es\/IPSC\/secure\/<\/a><\/p>\n<p><strong>La fecha, hora y lugares concretos de celebraci\u00f3n de los ejercicios \u00fanicos<\/strong> de estos procesos selectivos <strong>se publicar\u00e1 en la Resoluci\u00f3n por la que se aprueben las relaciones definitivas de aspirantes admitidos y excluidos<\/strong>, en la que convocar\u00e1 a los opositores admitidos en llamamiento \u00fanico para la celebraci\u00f3n de los ejercicios, celebr\u00e1ndose todos ellos el mismo d\u00eda y a la misma hora.<br \/>\nNo obstante, <strong>la celebraci\u00f3n de los ejercicios \u00fanicos<\/strong> correspondientes a estos procesos selectivos<strong> se prev\u00e9 en las sedes provinciales<\/strong> que figuran en el anexo VI,<strong> debiendo consultar los opositores las correspondientes listas publicadas en <a href=\"https:\/\/sede.inap.gob.es\/\" target=\"_blank\" rel=\"noopener noreferrer\">https:\/\/sede.inap.gob.es\/<\/a>,<\/strong> a fin de comprobar la sede provincial de realizaci\u00f3n del ejercicio en la que est\u00e1n convocados, que puede ser distinta de la que fue indicada en su solicitud.<br \/>\nAquellos opositores que deseen solicitar una sede de realizaci\u00f3n del ejercicio<br \/>\ndiferente a la asignada, deber\u00e1n modificar su solicitud durante el plazo de subsanaci\u00f3n, seleccionado una de las provincias de examen indicadas en el anexo VI.<br \/>\n<strong>El d\u00eda de celebraci\u00f3n del ejercicio<\/strong> los opositores deber\u00e1n ir provistos necesariamente de <strong>bol\u00edgrafo de tinta negra o azul<\/strong>. Asimismo, deber\u00e1n presentar su documento nacional de identidad, permiso de conducci\u00f3n o pasaporte.<\/p>\n<p>&nbsp;<\/p>\n<p>\u00a1\u00a1Suerte a tod@s!!<\/p>\n<p>&nbsp;<\/p>\n<p>&nbsp;<\/p>\n","protected":false},"excerpt":{"rendered":"<p>Administraci\u00f3n General del Estado. Auxiliar Administrativo C2\u00a0 y Administrativo C1. Se publica en el BOE de hoy la Resoluci\u00f3n por la que se hace p\u00fablica la Relaci\u00f3n provisional de aspirantes admitidos y excluidos en el proceso selectivo y se fija el lugar de realizaci\u00f3n del ejercicio \u00fanico. Desde este enlace puedes acceder a la Resoluci\u00f3n &hellip; <a href=\"https:\/\/www.emplea-te.com\/noticias-oposiciones\/administracion-general-del-estado-auxiliar-administrativo-c2-y-administrativo-c1-publicada-relacion-provisional-de-aspirantes-admitidos-y-excluidos-y-se-fija-lugar-relacion-del-ejercicio-unico\/\" class=\"more-link\">Continuar leyendo<span class=\"screen-reader-text\"> \u00abAdministraci\u00f3n General del Estado. Auxiliar Administrativo C2 y Administrativo C1. Publicada relaci\u00f3n provisional de aspirantes admitidos y excluidos y se fija lugar relaci\u00f3n del ejercicio \u00fanico.\u00bb<\/span><\/a><\/p>\n","protected":false},"author":1,"featured_media":0,"comment_status":"closed","ping_status":"closed","sticky":false,"template":"","format":"standard","meta":{"footnotes":""},"categories":[47,8],"tags":[82,49,71,70,52],"class_list":["post-5374","post","type-post","status-publish","format-standard","hentry","category-administracion-general-del-estado","category-administrativo-c1-acceso-libre","tag-acceso-libre","tag-convocatorias-de-oposiciones","tag-fecha-examenes","tag-listas-provisionales-admitidos-y-excluidos","tag-oposiciones-promocion-interna"],"yoast_head":"<!-- This site is optimized with the Yoast SEO plugin v27.5 - https:\/\/yoast.com\/product\/yoast-seo-wordpress\/ -->\n<title>Administraci\u00f3n General del Estado. Auxiliar Administrativo y Administrativo. Publicada relaci\u00f3n provisional de aspirantes admitidos y excluidos en proceso selectivo.<\/title>\n<meta name=\"description\" content=\"Administraci\u00f3n General del Estado. Auxiliar Administrativo y Administrativo. Publicada relaci\u00f3n provisional de aspirantes admitidos y excluidos en proceso selectivo.\" \/>\n<meta name=\"robots\" content=\"index, follow, max-snippet:-1, max-image-preview:large, max-video-preview:-1\" \/>\n<link rel=\"canonical\" href=\"https:\/\/www.emplea-te.com\/noticias-oposiciones\/administracion-general-del-estado-auxiliar-administrativo-c2-y-administrativo-c1-publicada-relacion-provisional-de-aspirantes-admitidos-y-excluidos-y-se-fija-lugar-relacion-del-ejercicio-unico\/\" \/>\n<meta property=\"og:locale\" content=\"es_ES\" \/>\n<meta property=\"og:type\" content=\"article\" \/>\n<meta property=\"og:title\" content=\"Administraci\u00f3n General del Estado. Auxiliar Administrativo y Administrativo. Publicada relaci\u00f3n provisional de aspirantes admitidos y excluidos en proceso selectivo.\" \/>\n<meta property=\"og:description\" content=\"Administraci\u00f3n General del Estado. Auxiliar Administrativo y Administrativo. Publicada relaci\u00f3n provisional de aspirantes admitidos y excluidos en proceso selectivo.\" \/>\n<meta property=\"og:url\" content=\"https:\/\/www.emplea-te.com\/noticias-oposiciones\/administracion-general-del-estado-auxiliar-administrativo-c2-y-administrativo-c1-publicada-relacion-provisional-de-aspirantes-admitidos-y-excluidos-y-se-fija-lugar-relacion-del-ejercicio-unico\/\" \/>\n<meta property=\"og:site_name\" content=\"Noticas de oposiciones por Academia Emplea-te\" \/>\n<meta property=\"article:publisher\" content=\"https:\/\/www.facebook.com\/AcademiaEmpleate\/\" \/>\n<meta property=\"article:published_time\" content=\"2021-10-01T07:52:53+00:00\" \/>\n<meta name=\"author\" content=\"Empleate\" \/>\n<meta name=\"twitter:card\" content=\"summary_large_image\" \/>\n<meta name=\"twitter:creator\" content=\"@Emplea_Te\" \/>\n<meta name=\"twitter:site\" content=\"@Emplea_Te\" \/>\n<meta name=\"twitter:label1\" content=\"Escrito por\" \/>\n\t<meta name=\"twitter:data1\" content=\"Empleate\" \/>\n\t<meta name=\"twitter:label2\" content=\"Tiempo de lectura\" \/>\n\t<meta name=\"twitter:data2\" content=\"2 minutos\" \/>\n<script type=\"application\/ld+json\" class=\"yoast-schema-graph\">{\"@context\":\"https:\\\/\\\/schema.org\",\"@graph\":[{\"@type\":\"Article\",\"@id\":\"https:\\\/\\\/www.emplea-te.com\\\/noticias-oposiciones\\\/administracion-general-del-estado-auxiliar-administrativo-c2-y-administrativo-c1-publicada-relacion-provisional-de-aspirantes-admitidos-y-excluidos-y-se-fija-lugar-relacion-del-ejercicio-unico\\\/#article\",\"isPartOf\":{\"@id\":\"https:\\\/\\\/www.emplea-te.com\\\/noticias-oposiciones\\\/administracion-general-del-estado-auxiliar-administrativo-c2-y-administrativo-c1-publicada-relacion-provisional-de-aspirantes-admitidos-y-excluidos-y-se-fija-lugar-relacion-del-ejercicio-unico\\\/\"},\"author\":{\"name\":\"Empleate\",\"@id\":\"https:\\\/\\\/www.emplea-te.com\\\/noticias-oposiciones\\\/#\\\/schema\\\/person\\\/d1bc587e1af2b95e9c32aba1795509a6\"},\"headline\":\"Administraci\u00f3n General del Estado. Auxiliar Administrativo C2 y Administrativo C1. Publicada relaci\u00f3n provisional de aspirantes admitidos y excluidos y se fija lugar relaci\u00f3n del ejercicio \u00fanico.\",\"datePublished\":\"2021-10-01T07:52:53+00:00\",\"mainEntityOfPage\":{\"@id\":\"https:\\\/\\\/www.emplea-te.com\\\/noticias-oposiciones\\\/administracion-general-del-estado-auxiliar-administrativo-c2-y-administrativo-c1-publicada-relacion-provisional-de-aspirantes-admitidos-y-excluidos-y-se-fija-lugar-relacion-del-ejercicio-unico\\\/\"},\"wordCount\":482,\"publisher\":{\"@id\":\"https:\\\/\\\/www.emplea-te.com\\\/noticias-oposiciones\\\/#organization\"},\"keywords\":[\"Acceso libre\",\"Convocatoria\",\"Fecha ex\u00e1menes\",\"Listas provisionales admitidos y excluidos\",\"Promoci\u00f3n interna\"],\"articleSection\":[\"Administraci\u00f3n General del Estado.\",\"Oposiciones Administrativo C1 Estado\"],\"inLanguage\":\"es\"},{\"@type\":\"WebPage\",\"@id\":\"https:\\\/\\\/www.emplea-te.com\\\/noticias-oposiciones\\\/administracion-general-del-estado-auxiliar-administrativo-c2-y-administrativo-c1-publicada-relacion-provisional-de-aspirantes-admitidos-y-excluidos-y-se-fija-lugar-relacion-del-ejercicio-unico\\\/\",\"url\":\"https:\\\/\\\/www.emplea-te.com\\\/noticias-oposiciones\\\/administracion-general-del-estado-auxiliar-administrativo-c2-y-administrativo-c1-publicada-relacion-provisional-de-aspirantes-admitidos-y-excluidos-y-se-fija-lugar-relacion-del-ejercicio-unico\\\/\",\"name\":\"Administraci\u00f3n General del Estado. Auxiliar Administrativo y Administrativo. Publicada relaci\u00f3n provisional de aspirantes admitidos y excluidos en proceso selectivo.\",\"isPartOf\":{\"@id\":\"https:\\\/\\\/www.emplea-te.com\\\/noticias-oposiciones\\\/#website\"},\"datePublished\":\"2021-10-01T07:52:53+00:00\",\"description\":\"Administraci\u00f3n General del Estado. Auxiliar Administrativo y Administrativo. Publicada relaci\u00f3n provisional de aspirantes admitidos y excluidos en proceso selectivo.\",\"breadcrumb\":{\"@id\":\"https:\\\/\\\/www.emplea-te.com\\\/noticias-oposiciones\\\/administracion-general-del-estado-auxiliar-administrativo-c2-y-administrativo-c1-publicada-relacion-provisional-de-aspirantes-admitidos-y-excluidos-y-se-fija-lugar-relacion-del-ejercicio-unico\\\/#breadcrumb\"},\"inLanguage\":\"es\",\"potentialAction\":[{\"@type\":\"ReadAction\",\"target\":[\"https:\\\/\\\/www.emplea-te.com\\\/noticias-oposiciones\\\/administracion-general-del-estado-auxiliar-administrativo-c2-y-administrativo-c1-publicada-relacion-provisional-de-aspirantes-admitidos-y-excluidos-y-se-fija-lugar-relacion-del-ejercicio-unico\\\/\"]}]},{\"@type\":\"BreadcrumbList\",\"@id\":\"https:\\\/\\\/www.emplea-te.com\\\/noticias-oposiciones\\\/administracion-general-del-estado-auxiliar-administrativo-c2-y-administrativo-c1-publicada-relacion-provisional-de-aspirantes-admitidos-y-excluidos-y-se-fija-lugar-relacion-del-ejercicio-unico\\\/#breadcrumb\",\"itemListElement\":[{\"@type\":\"ListItem\",\"position\":1,\"name\":\"Noticias Oposiciones\",\"item\":\"https:\\\/\\\/www.emplea-te.com\\\/noticias-oposiciones\\\/\"},{\"@type\":\"ListItem\",\"position\":2,\"name\":\"Administraci\u00f3n General del Estado.\",\"item\":\"https:\\\/\\\/www.emplea-te.com\\\/noticias-oposiciones\\\/categoria\\\/administracion-general-del-estado\\\/\"},{\"@type\":\"ListItem\",\"position\":3,\"name\":\"Administraci\u00f3n General del Estado. Auxiliar Administrativo C2 y Administrativo C1. Publicada relaci\u00f3n provisional de aspirantes admitidos y excluidos y se fija lugar relaci\u00f3n del ejercicio \u00fanico.\"}]},{\"@type\":\"WebSite\",\"@id\":\"https:\\\/\\\/www.emplea-te.com\\\/noticias-oposiciones\\\/#website\",\"url\":\"https:\\\/\\\/www.emplea-te.com\\\/noticias-oposiciones\\\/\",\"name\":\"Noticas de oposiciones por Academia Emplea-te\",\"description\":\"Toda la actualidad de las ofertas y convocatorias.\",\"publisher\":{\"@id\":\"https:\\\/\\\/www.emplea-te.com\\\/noticias-oposiciones\\\/#organization\"},\"potentialAction\":[{\"@type\":\"SearchAction\",\"target\":{\"@type\":\"EntryPoint\",\"urlTemplate\":\"https:\\\/\\\/www.emplea-te.com\\\/noticias-oposiciones\\\/?s={search_term_string}\"},\"query-input\":{\"@type\":\"PropertyValueSpecification\",\"valueRequired\":true,\"valueName\":\"search_term_string\"}}],\"inLanguage\":\"es\"},{\"@type\":\"Organization\",\"@id\":\"https:\\\/\\\/www.emplea-te.com\\\/noticias-oposiciones\\\/#organization\",\"name\":\"Academia de oposiciones Empl\u00e9ate\",\"url\":\"https:\\\/\\\/www.emplea-te.com\\\/noticias-oposiciones\\\/\",\"logo\":{\"@type\":\"ImageObject\",\"inLanguage\":\"es\",\"@id\":\"https:\\\/\\\/www.emplea-te.com\\\/noticias-oposiciones\\\/#\\\/schema\\\/logo\\\/image\\\/\",\"url\":\"https:\\\/\\\/www.emplea-te.com\\\/noticias-oposiciones\\\/wp-content\\\/uploads\\\/2019\\\/04\\\/empleate.jpg\",\"contentUrl\":\"https:\\\/\\\/www.emplea-te.com\\\/noticias-oposiciones\\\/wp-content\\\/uploads\\\/2019\\\/04\\\/empleate.jpg\",\"width\":250,\"height\":150,\"caption\":\"Academia de oposiciones Empl\u00e9ate\"},\"image\":{\"@id\":\"https:\\\/\\\/www.emplea-te.com\\\/noticias-oposiciones\\\/#\\\/schema\\\/logo\\\/image\\\/\"},\"sameAs\":[\"https:\\\/\\\/www.facebook.com\\\/AcademiaEmpleate\\\/\",\"https:\\\/\\\/x.com\\\/Emplea_Te\",\"https:\\\/\\\/www.instagram.com\\\/academia_empleate\\\/\"]},{\"@type\":\"Person\",\"@id\":\"https:\\\/\\\/www.emplea-te.com\\\/noticias-oposiciones\\\/#\\\/schema\\\/person\\\/d1bc587e1af2b95e9c32aba1795509a6\",\"name\":\"Empleate\"}]}<\/script>\n<!-- \/ Yoast SEO plugin. -->","yoast_head_json":{"title":"Administraci\u00f3n General del Estado. Auxiliar Administrativo y Administrativo. Publicada relaci\u00f3n provisional de aspirantes admitidos y excluidos en proceso selectivo.","description":"Administraci\u00f3n General del Estado. Auxiliar Administrativo y Administrativo. Publicada relaci\u00f3n provisional de aspirantes admitidos y excluidos en proceso selectivo.","robots":{"index":"index","follow":"follow","max-snippet":"max-snippet:-1","max-image-preview":"max-image-preview:large","max-video-preview":"max-video-preview:-1"},"canonical":"https:\/\/www.emplea-te.com\/noticias-oposiciones\/administracion-general-del-estado-auxiliar-administrativo-c2-y-administrativo-c1-publicada-relacion-provisional-de-aspirantes-admitidos-y-excluidos-y-se-fija-lugar-relacion-del-ejercicio-unico\/","og_locale":"es_ES","og_type":"article","og_title":"Administraci\u00f3n General del Estado. Auxiliar Administrativo y Administrativo. Publicada relaci\u00f3n provisional de aspirantes admitidos y excluidos en proceso selectivo.","og_description":"Administraci\u00f3n General del Estado. Auxiliar Administrativo y Administrativo. Publicada relaci\u00f3n provisional de aspirantes admitidos y excluidos en proceso selectivo.","og_url":"https:\/\/www.emplea-te.com\/noticias-oposiciones\/administracion-general-del-estado-auxiliar-administrativo-c2-y-administrativo-c1-publicada-relacion-provisional-de-aspirantes-admitidos-y-excluidos-y-se-fija-lugar-relacion-del-ejercicio-unico\/","og_site_name":"Noticas de oposiciones por Academia Emplea-te","article_publisher":"https:\/\/www.facebook.com\/AcademiaEmpleate\/","article_published_time":"2021-10-01T07:52:53+00:00","author":"Empleate","twitter_card":"summary_large_image","twitter_creator":"@Emplea_Te","twitter_site":"@Emplea_Te","twitter_misc":{"Escrito por":"Empleate","Tiempo de lectura":"2 minutos"},"schema":{"@context":"https:\/\/schema.org","@graph":[{"@type":"Article","@id":"https:\/\/www.emplea-te.com\/noticias-oposiciones\/administracion-general-del-estado-auxiliar-administrativo-c2-y-administrativo-c1-publicada-relacion-provisional-de-aspirantes-admitidos-y-excluidos-y-se-fija-lugar-relacion-del-ejercicio-unico\/#article","isPartOf":{"@id":"https:\/\/www.emplea-te.com\/noticias-oposiciones\/administracion-general-del-estado-auxiliar-administrativo-c2-y-administrativo-c1-publicada-relacion-provisional-de-aspirantes-admitidos-y-excluidos-y-se-fija-lugar-relacion-del-ejercicio-unico\/"},"author":{"name":"Empleate","@id":"https:\/\/www.emplea-te.com\/noticias-oposiciones\/#\/schema\/person\/d1bc587e1af2b95e9c32aba1795509a6"},"headline":"Administraci\u00f3n General del Estado. Auxiliar Administrativo C2 y Administrativo C1. Publicada relaci\u00f3n provisional de aspirantes admitidos y excluidos y se fija lugar relaci\u00f3n del ejercicio \u00fanico.","datePublished":"2021-10-01T07:52:53+00:00","mainEntityOfPage":{"@id":"https:\/\/www.emplea-te.com\/noticias-oposiciones\/administracion-general-del-estado-auxiliar-administrativo-c2-y-administrativo-c1-publicada-relacion-provisional-de-aspirantes-admitidos-y-excluidos-y-se-fija-lugar-relacion-del-ejercicio-unico\/"},"wordCount":482,"publisher":{"@id":"https:\/\/www.emplea-te.com\/noticias-oposiciones\/#organization"},"keywords":["Acceso libre","Convocatoria","Fecha ex\u00e1menes","Listas provisionales admitidos y excluidos","Promoci\u00f3n interna"],"articleSection":["Administraci\u00f3n General del Estado.","Oposiciones Administrativo C1 Estado"],"inLanguage":"es"},{"@type":"WebPage","@id":"https:\/\/www.emplea-te.com\/noticias-oposiciones\/administracion-general-del-estado-auxiliar-administrativo-c2-y-administrativo-c1-publicada-relacion-provisional-de-aspirantes-admitidos-y-excluidos-y-se-fija-lugar-relacion-del-ejercicio-unico\/","url":"https:\/\/www.emplea-te.com\/noticias-oposiciones\/administracion-general-del-estado-auxiliar-administrativo-c2-y-administrativo-c1-publicada-relacion-provisional-de-aspirantes-admitidos-y-excluidos-y-se-fija-lugar-relacion-del-ejercicio-unico\/","name":"Administraci\u00f3n General del Estado. Auxiliar Administrativo y Administrativo. Publicada relaci\u00f3n provisional de aspirantes admitidos y excluidos en proceso selectivo.","isPartOf":{"@id":"https:\/\/www.emplea-te.com\/noticias-oposiciones\/#website"},"datePublished":"2021-10-01T07:52:53+00:00","description":"Administraci\u00f3n General del Estado. Auxiliar Administrativo y Administrativo. Publicada relaci\u00f3n provisional de aspirantes admitidos y excluidos en proceso selectivo.","breadcrumb":{"@id":"https:\/\/www.emplea-te.com\/noticias-oposiciones\/administracion-general-del-estado-auxiliar-administrativo-c2-y-administrativo-c1-publicada-relacion-provisional-de-aspirantes-admitidos-y-excluidos-y-se-fija-lugar-relacion-del-ejercicio-unico\/#breadcrumb"},"inLanguage":"es","potentialAction":[{"@type":"ReadAction","target":["https:\/\/www.emplea-te.com\/noticias-oposiciones\/administracion-general-del-estado-auxiliar-administrativo-c2-y-administrativo-c1-publicada-relacion-provisional-de-aspirantes-admitidos-y-excluidos-y-se-fija-lugar-relacion-del-ejercicio-unico\/"]}]},{"@type":"BreadcrumbList","@id":"https:\/\/www.emplea-te.com\/noticias-oposiciones\/administracion-general-del-estado-auxiliar-administrativo-c2-y-administrativo-c1-publicada-relacion-provisional-de-aspirantes-admitidos-y-excluidos-y-se-fija-lugar-relacion-del-ejercicio-unico\/#breadcrumb","itemListElement":[{"@type":"ListItem","position":1,"name":"Noticias Oposiciones","item":"https:\/\/www.emplea-te.com\/noticias-oposiciones\/"},{"@type":"ListItem","position":2,"name":"Administraci\u00f3n General del Estado.","item":"https:\/\/www.emplea-te.com\/noticias-oposiciones\/categoria\/administracion-general-del-estado\/"},{"@type":"ListItem","position":3,"name":"Administraci\u00f3n General del Estado. Auxiliar Administrativo C2 y Administrativo C1. Publicada relaci\u00f3n provisional de aspirantes admitidos y excluidos y se fija lugar relaci\u00f3n del ejercicio \u00fanico."}]},{"@type":"WebSite","@id":"https:\/\/www.emplea-te.com\/noticias-oposiciones\/#website","url":"https:\/\/www.emplea-te.com\/noticias-oposiciones\/","name":"Noticas de oposiciones por Academia Emplea-te","description":"Toda la actualidad de las ofertas y convocatorias.","publisher":{"@id":"https:\/\/www.emplea-te.com\/noticias-oposiciones\/#organization"},"potentialAction":[{"@type":"SearchAction","target":{"@type":"EntryPoint","urlTemplate":"https:\/\/www.emplea-te.com\/noticias-oposiciones\/?s={search_term_string}"},"query-input":{"@type":"PropertyValueSpecification","valueRequired":true,"valueName":"search_term_string"}}],"inLanguage":"es"},{"@type":"Organization","@id":"https:\/\/www.emplea-te.com\/noticias-oposiciones\/#organization","name":"Academia de oposiciones Empl\u00e9ate","url":"https:\/\/www.emplea-te.com\/noticias-oposiciones\/","logo":{"@type":"ImageObject","inLanguage":"es","@id":"https:\/\/www.emplea-te.com\/noticias-oposiciones\/#\/schema\/logo\/image\/","url":"https:\/\/www.emplea-te.com\/noticias-oposiciones\/wp-content\/uploads\/2019\/04\/empleate.jpg","contentUrl":"https:\/\/www.emplea-te.com\/noticias-oposiciones\/wp-content\/uploads\/2019\/04\/empleate.jpg","width":250,"height":150,"caption":"Academia de oposiciones Empl\u00e9ate"},"image":{"@id":"https:\/\/www.emplea-te.com\/noticias-oposiciones\/#\/schema\/logo\/image\/"},"sameAs":["https:\/\/www.facebook.com\/AcademiaEmpleate\/","https:\/\/x.com\/Emplea_Te","https:\/\/www.instagram.com\/academia_empleate\/"]},{"@type":"Person","@id":"https:\/\/www.emplea-te.com\/noticias-oposiciones\/#\/schema\/person\/d1bc587e1af2b95e9c32aba1795509a6","name":"Empleate"}]}},"_links":{"self":[{"href":"https:\/\/www.emplea-te.com\/noticias-oposiciones\/wp-json\/wp\/v2\/posts\/5374","targetHints":{"allow":["GET"]}}],"collection":[{"href":"https:\/\/www.emplea-te.com\/noticias-oposiciones\/wp-json\/wp\/v2\/posts"}],"about":[{"href":"https:\/\/www.emplea-te.com\/noticias-oposiciones\/wp-json\/wp\/v2\/types\/post"}],"author":[{"embeddable":true,"href":"https:\/\/www.emplea-te.com\/noticias-oposiciones\/wp-json\/wp\/v2\/users\/1"}],"replies":[{"embeddable":true,"href":"https:\/\/www.emplea-te.com\/noticias-oposiciones\/wp-json\/wp\/v2\/comments?post=5374"}],"version-history":[{"count":1,"href":"https:\/\/www.emplea-te.com\/noticias-oposiciones\/wp-json\/wp\/v2\/posts\/5374\/revisions"}],"predecessor-version":[{"id":5375,"href":"https:\/\/www.emplea-te.com\/noticias-oposiciones\/wp-json\/wp\/v2\/posts\/5374\/revisions\/5375"}],"wp:attachment":[{"href":"https:\/\/www.emplea-te.com\/noticias-oposiciones\/wp-json\/wp\/v2\/media?parent=5374"}],"wp:term":[{"taxonomy":"category","embeddable":true,"href":"https:\/\/www.emplea-te.com\/noticias-oposiciones\/wp-json\/wp\/v2\/categories?post=5374"},{"taxonomy":"post_tag","embeddable":true,"href":"https:\/\/www.emplea-te.com\/noticias-oposiciones\/wp-json\/wp\/v2\/tags?post=5374"}],"curies":[{"name":"wp","href":"https:\/\/api.w.org\/{rel}","templated":true}]}}