{"id":5428,"date":"2021-10-15T11:24:57","date_gmt":"2021-10-15T09:24:57","guid":{"rendered":"https:\/\/www.emplea-te.com\/noticias-oposiciones\/?p=5428"},"modified":"2021-10-15T11:24:57","modified_gmt":"2021-10-15T09:24:57","slug":"subalternos-a-p-xunta-de-galicia-se-publican-la-relacion-de-aprobados-provisionales-del-primer-ejercicio-y-se-abre-plazo-para-presentacion-del-celga","status":"publish","type":"post","link":"https:\/\/www.emplea-te.com\/noticias-oposiciones\/subalternos-a-p-xunta-de-galicia-se-publican-la-relacion-de-aprobados-provisionales-del-primer-ejercicio-y-se-abre-plazo-para-presentacion-del-celga\/","title":{"rendered":"Subalternos A.P Xunta de Galicia. Se publican la relaci\u00f3n de aprobados provisionales del primer ejercicio y se abre plazo para presentaci\u00f3n del CELGA."},"content":{"rendered":"<p>Subalternos A.P Xunta de Galicia.<br \/>\nSe publican la relaci\u00f3n de aprobados provisionales del primer ejercicio y se abre plazo para presentaci\u00f3n del CELGA.<\/p>\n<p class=\"dog-anexo-encabezado\"><span>EL TRIBUNAL HA ACORDADO:<\/span><\/p>\n<p class=\"dog-base-sangria\"><span><strong>Primero.\u00a0<\/strong><br \/>\nTras revisar los reclamos interpuestos contra el primer ejercicio de este proceso de selecci\u00f3n al amparo de lo establecido en la base II.1.2.7 de la convocatoria, en sesiones que tuvieron lugar los d\u00edas 20, 21, 24 de septiembre y 1 de octubre de 2021, se acord\u00f3:<\/span><\/p>\n<p class=\"dog-base-sangria\"><span>&#8211; En el turno de ma\u00f1ana (cuestionario C),\u00a0 las preguntas 45, 53 y 54; Las preguntas de reserva 63, 64 y 65, respectivamente, ocupar\u00e1n su lugar.\u00a0Descarte las reclamaciones restantes presentadas.<\/span><\/p>\n<p class=\"dog-base-sangria\"><span>&#8211; En el turno de tarde (cuestionario A),\u00a0 las preguntas 32 y 57; Las preguntas de reserva 63 y 64, respectivamente, ocupar\u00e1n su lugar.\u00a0Descarte las reclamaciones restantes presentadas.<\/span><\/p>\n<p class=\"dog-base-sangria\"><span>&#8211; En la ronda extraordinaria (cuestionario D), rechazar todas las reclamaciones presentadas.<\/span><\/p>\n<p class=\"dog-base-sangria\"><span><strong>Segundo.\u00a0<\/strong><br \/>\nDe acuerdo con lo establecido en la base II.1.1.1 de la convocatoria,<strong> el primer ejercicio de la fase de oposici\u00f3n se puntuar\u00e1 de 0 a 30 puntos<\/strong> y para <strong>aprobar ser\u00e1 necesario obtener un m\u00ednimo de quince (15) puntos<\/strong>.<br \/>\nDepender\u00e1 de la corte determinar el nivel requerido para lograr este puntaje m\u00ednimo.\u00a0A estos efectos, los criterios de correcci\u00f3n, valoraci\u00f3n y superaci\u00f3n acordados por este juzgado el 24 de junio de 2021 y publicados en el portal web de la Xunta de Galicia, <a href=\"http:\/\/WWW.XUNTA.GAL\" target=\"_blank\" rel=\"noopener noreferrer\">funcionpublica.xunta.gal<\/a>, establecieron que el primer a\u00f1o <strong>pasar\u00e1n los aspirantes que logren las mejores puntuaciones hasta completar un m\u00e1ximo de mil (1,000)<\/strong>,<strong> siempre y cuando obtenga un m\u00ednimo de treinta (30) respuestas correctas<\/strong> (una vez realizadas las deducciones por respuestas incorrectas, cada una de las cuales deducir\u00e1 una cuarta parte de una pregunta correcta ).<br \/>\n<strong>Todos los solicitantes con el mismo puntaje que la persona aprobada<\/strong> que <strong>marca el corte<\/strong> se <strong>consideran<\/strong> igualmente <strong>aprobados incluso si se excede el n\u00famero de solicitantes indicado anteriormente (1,000).<\/strong><br \/>\nSe otorgar\u00e1n quince (15) puntos a los solicitantes que obtengan una calificaci\u00f3n equivalente a la calificaci\u00f3n de corte establecida.\u00a0El resto de personas declaradas aptas tendr\u00e1n una calificaci\u00f3n distribuida entre quince (15) y treinta (30) puntos, proporcional al n\u00famero de aciertos.<br \/>\nAsimismo, se asignar\u00e1 la puntuaci\u00f3n proporcional correspondiente a los candidatos declarados no aptos.\u00a0Se otorgar\u00e1n quince (15) puntos a los solicitantes que obtengan una calificaci\u00f3n equivalente a la calificaci\u00f3n de corte establecida.\u00a0El resto de personas declaradas aptas tendr\u00e1n una calificaci\u00f3n distribuida entre quince (15) y treinta (30) puntos, proporcional al n\u00famero de aciertos.\u00a0Asimismo, se asignar\u00e1 la puntuaci\u00f3n proporcional correspondiente a los candidatos declarados no aptos.<\/span><\/p>\n<p class=\"dog-base-sangria\"><span><strong>Tercera.\u00a0<\/strong><br \/>\nUna vez corregidos los ex\u00e1menes en las sesiones de los d\u00edas 4, 5 y 6 de octubre de 2021 de acuerdo con los criterios anteriores, <strong>un total de 1.034<\/strong> <strong>postulantes<\/strong> lograron la <strong>puntuaci\u00f3n m\u00ednima de 15 puntos<\/strong> y el <strong>n\u00famero de aciertos a alcanzar se fij\u00f3 en 41,25.<\/strong> puntuaci\u00f3n, una vez efectuadas las deducciones de acuerdo con lo establecido en la base II.1.1.1 de la convocatoria;<br \/>\nSe acord\u00f3 publicar en el portal web corporativo <a href=\"http:\/\/WWW.XUNTA.GAL\" target=\"_blank\" rel=\"noopener noreferrer\">funcionpublica.xunta.gal<\/a> los resultados obtenidos por los candidatos que postularon al primer ejercicio.<\/span><\/p>\n<p><strong>PRESENTACI\u00d3N CELGA 2:\u00a0<\/strong><\/p>\n<p>Los solicitantes que hayan superado el primer ejercicio tendr\u00e1n un plazo de <strong>diez (10) d\u00edas h\u00e1biles,<\/strong> contados a partir del d\u00eda siguiente a la publicaci\u00f3n de esta resoluci\u00f3n en el Bolet\u00edn Oficial de Galicia, a <strong>presentar<\/strong> la documentaci\u00f3n justificativa de estar en posesi\u00f3n de <strong>Celga 2 o equivalente<\/strong> debidamente aprobada por el organismo responsable de la pol\u00edtica ling\u00fc\u00edstica de la Xunta de Galicia, de acuerdo con la disposici\u00f3n adicional segunda de la Orden de 16 de julio de 2007 reguladora de la acreditaci\u00f3n oficial.<\/p>\n<p><a href=\"https:\/\/www.xunta.gal\/dog\/Publicados\/2021\/20211015\/AnuncioG0597-081021-0001_gl.html\" target=\"_blank\" rel=\"noopener noreferrer\">Puedes acceder a la Resoluci\u00f3n con su contenido \u00edntegro publicada en el DOG de hoy, desde este enlace.<\/a><\/p>\n","protected":false},"excerpt":{"rendered":"<p>Subalternos A.P Xunta de Galicia. Se publican la relaci\u00f3n de aprobados provisionales del primer ejercicio y se abre plazo para presentaci\u00f3n del CELGA. EL TRIBUNAL HA ACORDADO: Primero.\u00a0 Tras revisar los reclamos interpuestos contra el primer ejercicio de este proceso de selecci\u00f3n al amparo de lo establecido en la base II.1.2.7 de la convocatoria, en &hellip; <a href=\"https:\/\/www.emplea-te.com\/noticias-oposiciones\/subalternos-a-p-xunta-de-galicia-se-publican-la-relacion-de-aprobados-provisionales-del-primer-ejercicio-y-se-abre-plazo-para-presentacion-del-celga\/\" class=\"more-link\">Continuar leyendo<span class=\"screen-reader-text\"> \u00abSubalternos A.P Xunta de Galicia. Se publican la relaci\u00f3n de aprobados provisionales del primer ejercicio y se abre plazo para presentaci\u00f3n del CELGA.\u00bb<\/span><\/a><\/p>\n","protected":false},"author":1,"featured_media":0,"comment_status":"closed","ping_status":"closed","sticky":false,"template":"","format":"standard","meta":{"footnotes":""},"categories":[4,43],"tags":[72],"class_list":["post-5428","post","type-post","status-publish","format-standard","hentry","category-oposiciones-xunta","category-subalterno-a-p","tag-puntuaciones-y-notas-de-corte"],"yoast_head":"<!-- This site is optimized with the Yoast SEO plugin v27.3 - https:\/\/yoast.com\/product\/yoast-seo-wordpress\/ -->\n<title>Subalternos AP Xunta de Galicia. Relaci\u00f3n provisional de aspirantes que aprobaron el primer ejercicio.<\/title>\n<meta name=\"description\" content=\"Subalternos AP Xunta de Galicia. Relaci\u00f3n provisional de aspirantes que aprobaron el primer ejercicio.\" \/>\n<meta name=\"robots\" content=\"index, follow, max-snippet:-1, max-image-preview:large, max-video-preview:-1\" \/>\n<link rel=\"canonical\" href=\"https:\/\/www.emplea-te.com\/noticias-oposiciones\/subalternos-a-p-xunta-de-galicia-se-publican-la-relacion-de-aprobados-provisionales-del-primer-ejercicio-y-se-abre-plazo-para-presentacion-del-celga\/\" \/>\n<meta property=\"og:locale\" content=\"es_ES\" \/>\n<meta property=\"og:type\" content=\"article\" \/>\n<meta property=\"og:title\" content=\"Subalternos AP Xunta de Galicia. Relaci\u00f3n provisional de aspirantes que aprobaron el primer ejercicio.\" \/>\n<meta property=\"og:description\" content=\"Subalternos AP Xunta de Galicia. Relaci\u00f3n provisional de aspirantes que aprobaron el primer ejercicio.\" \/>\n<meta property=\"og:url\" content=\"https:\/\/www.emplea-te.com\/noticias-oposiciones\/subalternos-a-p-xunta-de-galicia-se-publican-la-relacion-de-aprobados-provisionales-del-primer-ejercicio-y-se-abre-plazo-para-presentacion-del-celga\/\" \/>\n<meta property=\"og:site_name\" content=\"Noticas de oposiciones por Academia Emplea-te\" \/>\n<meta property=\"article:publisher\" content=\"https:\/\/www.facebook.com\/AcademiaEmpleate\/\" \/>\n<meta property=\"article:published_time\" content=\"2021-10-15T09:24:57+00:00\" \/>\n<meta name=\"author\" content=\"Empleate\" \/>\n<meta name=\"twitter:card\" content=\"summary_large_image\" \/>\n<meta name=\"twitter:creator\" content=\"@Emplea_Te\" \/>\n<meta name=\"twitter:site\" content=\"@Emplea_Te\" \/>\n<meta name=\"twitter:label1\" content=\"Escrito por\" \/>\n\t<meta name=\"twitter:data1\" content=\"Empleate\" \/>\n\t<meta name=\"twitter:label2\" content=\"Tiempo de lectura\" \/>\n\t<meta name=\"twitter:data2\" content=\"3 minutos\" \/>\n<script type=\"application\/ld+json\" class=\"yoast-schema-graph\">{\"@context\":\"https:\\\/\\\/schema.org\",\"@graph\":[{\"@type\":\"Article\",\"@id\":\"https:\\\/\\\/www.emplea-te.com\\\/noticias-oposiciones\\\/subalternos-a-p-xunta-de-galicia-se-publican-la-relacion-de-aprobados-provisionales-del-primer-ejercicio-y-se-abre-plazo-para-presentacion-del-celga\\\/#article\",\"isPartOf\":{\"@id\":\"https:\\\/\\\/www.emplea-te.com\\\/noticias-oposiciones\\\/subalternos-a-p-xunta-de-galicia-se-publican-la-relacion-de-aprobados-provisionales-del-primer-ejercicio-y-se-abre-plazo-para-presentacion-del-celga\\\/\"},\"author\":{\"name\":\"Empleate\",\"@id\":\"https:\\\/\\\/www.emplea-te.com\\\/noticias-oposiciones\\\/#\\\/schema\\\/person\\\/d1bc587e1af2b95e9c32aba1795509a6\"},\"headline\":\"Subalternos A.P Xunta de Galicia. Se publican la relaci\u00f3n de aprobados provisionales del primer ejercicio y se abre plazo para presentaci\u00f3n del CELGA.\",\"datePublished\":\"2021-10-15T09:24:57+00:00\",\"mainEntityOfPage\":{\"@id\":\"https:\\\/\\\/www.emplea-te.com\\\/noticias-oposiciones\\\/subalternos-a-p-xunta-de-galicia-se-publican-la-relacion-de-aprobados-provisionales-del-primer-ejercicio-y-se-abre-plazo-para-presentacion-del-celga\\\/\"},\"wordCount\":656,\"publisher\":{\"@id\":\"https:\\\/\\\/www.emplea-te.com\\\/noticias-oposiciones\\\/#organization\"},\"keywords\":[\"Puntuaciones y notas de corte\"],\"articleSection\":[\"Oposiciones Xunta\",\"Subalterno A.P Xunta de Galicia\"],\"inLanguage\":\"es\"},{\"@type\":\"WebPage\",\"@id\":\"https:\\\/\\\/www.emplea-te.com\\\/noticias-oposiciones\\\/subalternos-a-p-xunta-de-galicia-se-publican-la-relacion-de-aprobados-provisionales-del-primer-ejercicio-y-se-abre-plazo-para-presentacion-del-celga\\\/\",\"url\":\"https:\\\/\\\/www.emplea-te.com\\\/noticias-oposiciones\\\/subalternos-a-p-xunta-de-galicia-se-publican-la-relacion-de-aprobados-provisionales-del-primer-ejercicio-y-se-abre-plazo-para-presentacion-del-celga\\\/\",\"name\":\"Subalternos AP Xunta de Galicia. Relaci\u00f3n provisional de aspirantes que aprobaron el primer ejercicio.\",\"isPartOf\":{\"@id\":\"https:\\\/\\\/www.emplea-te.com\\\/noticias-oposiciones\\\/#website\"},\"datePublished\":\"2021-10-15T09:24:57+00:00\",\"description\":\"Subalternos AP Xunta de Galicia. Relaci\u00f3n provisional de aspirantes que aprobaron el primer ejercicio.\",\"breadcrumb\":{\"@id\":\"https:\\\/\\\/www.emplea-te.com\\\/noticias-oposiciones\\\/subalternos-a-p-xunta-de-galicia-se-publican-la-relacion-de-aprobados-provisionales-del-primer-ejercicio-y-se-abre-plazo-para-presentacion-del-celga\\\/#breadcrumb\"},\"inLanguage\":\"es\",\"potentialAction\":[{\"@type\":\"ReadAction\",\"target\":[\"https:\\\/\\\/www.emplea-te.com\\\/noticias-oposiciones\\\/subalternos-a-p-xunta-de-galicia-se-publican-la-relacion-de-aprobados-provisionales-del-primer-ejercicio-y-se-abre-plazo-para-presentacion-del-celga\\\/\"]}]},{\"@type\":\"BreadcrumbList\",\"@id\":\"https:\\\/\\\/www.emplea-te.com\\\/noticias-oposiciones\\\/subalternos-a-p-xunta-de-galicia-se-publican-la-relacion-de-aprobados-provisionales-del-primer-ejercicio-y-se-abre-plazo-para-presentacion-del-celga\\\/#breadcrumb\",\"itemListElement\":[{\"@type\":\"ListItem\",\"position\":1,\"name\":\"Noticias Oposiciones\",\"item\":\"https:\\\/\\\/www.emplea-te.com\\\/noticias-oposiciones\\\/\"},{\"@type\":\"ListItem\",\"position\":2,\"name\":\"Oposiciones Xunta\",\"item\":\"https:\\\/\\\/www.emplea-te.com\\\/noticias-oposiciones\\\/categoria\\\/oposiciones-xunta\\\/\"},{\"@type\":\"ListItem\",\"position\":3,\"name\":\"Subalternos A.P Xunta de Galicia. Se publican la relaci\u00f3n de aprobados provisionales del primer ejercicio y se abre plazo para presentaci\u00f3n del CELGA.\"}]},{\"@type\":\"WebSite\",\"@id\":\"https:\\\/\\\/www.emplea-te.com\\\/noticias-oposiciones\\\/#website\",\"url\":\"https:\\\/\\\/www.emplea-te.com\\\/noticias-oposiciones\\\/\",\"name\":\"Noticas de oposiciones por Academia Emplea-te\",\"description\":\"Toda la actualidad de las ofertas y convocatorias.\",\"publisher\":{\"@id\":\"https:\\\/\\\/www.emplea-te.com\\\/noticias-oposiciones\\\/#organization\"},\"potentialAction\":[{\"@type\":\"SearchAction\",\"target\":{\"@type\":\"EntryPoint\",\"urlTemplate\":\"https:\\\/\\\/www.emplea-te.com\\\/noticias-oposiciones\\\/?s={search_term_string}\"},\"query-input\":{\"@type\":\"PropertyValueSpecification\",\"valueRequired\":true,\"valueName\":\"search_term_string\"}}],\"inLanguage\":\"es\"},{\"@type\":\"Organization\",\"@id\":\"https:\\\/\\\/www.emplea-te.com\\\/noticias-oposiciones\\\/#organization\",\"name\":\"Academia de oposiciones Empl\u00e9ate\",\"url\":\"https:\\\/\\\/www.emplea-te.com\\\/noticias-oposiciones\\\/\",\"logo\":{\"@type\":\"ImageObject\",\"inLanguage\":\"es\",\"@id\":\"https:\\\/\\\/www.emplea-te.com\\\/noticias-oposiciones\\\/#\\\/schema\\\/logo\\\/image\\\/\",\"url\":\"https:\\\/\\\/www.emplea-te.com\\\/noticias-oposiciones\\\/wp-content\\\/uploads\\\/2019\\\/04\\\/empleate.jpg\",\"contentUrl\":\"https:\\\/\\\/www.emplea-te.com\\\/noticias-oposiciones\\\/wp-content\\\/uploads\\\/2019\\\/04\\\/empleate.jpg\",\"width\":250,\"height\":150,\"caption\":\"Academia de oposiciones Empl\u00e9ate\"},\"image\":{\"@id\":\"https:\\\/\\\/www.emplea-te.com\\\/noticias-oposiciones\\\/#\\\/schema\\\/logo\\\/image\\\/\"},\"sameAs\":[\"https:\\\/\\\/www.facebook.com\\\/AcademiaEmpleate\\\/\",\"https:\\\/\\\/x.com\\\/Emplea_Te\",\"https:\\\/\\\/www.instagram.com\\\/academia_empleate\\\/\"]},{\"@type\":\"Person\",\"@id\":\"https:\\\/\\\/www.emplea-te.com\\\/noticias-oposiciones\\\/#\\\/schema\\\/person\\\/d1bc587e1af2b95e9c32aba1795509a6\",\"name\":\"Empleate\"}]}<\/script>\n<!-- \/ Yoast SEO plugin. -->","yoast_head_json":{"title":"Subalternos AP Xunta de Galicia. Relaci\u00f3n provisional de aspirantes que aprobaron el primer ejercicio.","description":"Subalternos AP Xunta de Galicia. Relaci\u00f3n provisional de aspirantes que aprobaron el primer ejercicio.","robots":{"index":"index","follow":"follow","max-snippet":"max-snippet:-1","max-image-preview":"max-image-preview:large","max-video-preview":"max-video-preview:-1"},"canonical":"https:\/\/www.emplea-te.com\/noticias-oposiciones\/subalternos-a-p-xunta-de-galicia-se-publican-la-relacion-de-aprobados-provisionales-del-primer-ejercicio-y-se-abre-plazo-para-presentacion-del-celga\/","og_locale":"es_ES","og_type":"article","og_title":"Subalternos AP Xunta de Galicia. Relaci\u00f3n provisional de aspirantes que aprobaron el primer ejercicio.","og_description":"Subalternos AP Xunta de Galicia. Relaci\u00f3n provisional de aspirantes que aprobaron el primer ejercicio.","og_url":"https:\/\/www.emplea-te.com\/noticias-oposiciones\/subalternos-a-p-xunta-de-galicia-se-publican-la-relacion-de-aprobados-provisionales-del-primer-ejercicio-y-se-abre-plazo-para-presentacion-del-celga\/","og_site_name":"Noticas de oposiciones por Academia Emplea-te","article_publisher":"https:\/\/www.facebook.com\/AcademiaEmpleate\/","article_published_time":"2021-10-15T09:24:57+00:00","author":"Empleate","twitter_card":"summary_large_image","twitter_creator":"@Emplea_Te","twitter_site":"@Emplea_Te","twitter_misc":{"Escrito por":"Empleate","Tiempo de lectura":"3 minutos"},"schema":{"@context":"https:\/\/schema.org","@graph":[{"@type":"Article","@id":"https:\/\/www.emplea-te.com\/noticias-oposiciones\/subalternos-a-p-xunta-de-galicia-se-publican-la-relacion-de-aprobados-provisionales-del-primer-ejercicio-y-se-abre-plazo-para-presentacion-del-celga\/#article","isPartOf":{"@id":"https:\/\/www.emplea-te.com\/noticias-oposiciones\/subalternos-a-p-xunta-de-galicia-se-publican-la-relacion-de-aprobados-provisionales-del-primer-ejercicio-y-se-abre-plazo-para-presentacion-del-celga\/"},"author":{"name":"Empleate","@id":"https:\/\/www.emplea-te.com\/noticias-oposiciones\/#\/schema\/person\/d1bc587e1af2b95e9c32aba1795509a6"},"headline":"Subalternos A.P Xunta de Galicia. Se publican la relaci\u00f3n de aprobados provisionales del primer ejercicio y se abre plazo para presentaci\u00f3n del CELGA.","datePublished":"2021-10-15T09:24:57+00:00","mainEntityOfPage":{"@id":"https:\/\/www.emplea-te.com\/noticias-oposiciones\/subalternos-a-p-xunta-de-galicia-se-publican-la-relacion-de-aprobados-provisionales-del-primer-ejercicio-y-se-abre-plazo-para-presentacion-del-celga\/"},"wordCount":656,"publisher":{"@id":"https:\/\/www.emplea-te.com\/noticias-oposiciones\/#organization"},"keywords":["Puntuaciones y notas de corte"],"articleSection":["Oposiciones Xunta","Subalterno A.P Xunta de Galicia"],"inLanguage":"es"},{"@type":"WebPage","@id":"https:\/\/www.emplea-te.com\/noticias-oposiciones\/subalternos-a-p-xunta-de-galicia-se-publican-la-relacion-de-aprobados-provisionales-del-primer-ejercicio-y-se-abre-plazo-para-presentacion-del-celga\/","url":"https:\/\/www.emplea-te.com\/noticias-oposiciones\/subalternos-a-p-xunta-de-galicia-se-publican-la-relacion-de-aprobados-provisionales-del-primer-ejercicio-y-se-abre-plazo-para-presentacion-del-celga\/","name":"Subalternos AP Xunta de Galicia. Relaci\u00f3n provisional de aspirantes que aprobaron el primer ejercicio.","isPartOf":{"@id":"https:\/\/www.emplea-te.com\/noticias-oposiciones\/#website"},"datePublished":"2021-10-15T09:24:57+00:00","description":"Subalternos AP Xunta de Galicia. Relaci\u00f3n provisional de aspirantes que aprobaron el primer ejercicio.","breadcrumb":{"@id":"https:\/\/www.emplea-te.com\/noticias-oposiciones\/subalternos-a-p-xunta-de-galicia-se-publican-la-relacion-de-aprobados-provisionales-del-primer-ejercicio-y-se-abre-plazo-para-presentacion-del-celga\/#breadcrumb"},"inLanguage":"es","potentialAction":[{"@type":"ReadAction","target":["https:\/\/www.emplea-te.com\/noticias-oposiciones\/subalternos-a-p-xunta-de-galicia-se-publican-la-relacion-de-aprobados-provisionales-del-primer-ejercicio-y-se-abre-plazo-para-presentacion-del-celga\/"]}]},{"@type":"BreadcrumbList","@id":"https:\/\/www.emplea-te.com\/noticias-oposiciones\/subalternos-a-p-xunta-de-galicia-se-publican-la-relacion-de-aprobados-provisionales-del-primer-ejercicio-y-se-abre-plazo-para-presentacion-del-celga\/#breadcrumb","itemListElement":[{"@type":"ListItem","position":1,"name":"Noticias Oposiciones","item":"https:\/\/www.emplea-te.com\/noticias-oposiciones\/"},{"@type":"ListItem","position":2,"name":"Oposiciones Xunta","item":"https:\/\/www.emplea-te.com\/noticias-oposiciones\/categoria\/oposiciones-xunta\/"},{"@type":"ListItem","position":3,"name":"Subalternos A.P Xunta de Galicia. Se publican la relaci\u00f3n de aprobados provisionales del primer ejercicio y se abre plazo para presentaci\u00f3n del CELGA."}]},{"@type":"WebSite","@id":"https:\/\/www.emplea-te.com\/noticias-oposiciones\/#website","url":"https:\/\/www.emplea-te.com\/noticias-oposiciones\/","name":"Noticas de oposiciones por Academia Emplea-te","description":"Toda la actualidad de las ofertas y convocatorias.","publisher":{"@id":"https:\/\/www.emplea-te.com\/noticias-oposiciones\/#organization"},"potentialAction":[{"@type":"SearchAction","target":{"@type":"EntryPoint","urlTemplate":"https:\/\/www.emplea-te.com\/noticias-oposiciones\/?s={search_term_string}"},"query-input":{"@type":"PropertyValueSpecification","valueRequired":true,"valueName":"search_term_string"}}],"inLanguage":"es"},{"@type":"Organization","@id":"https:\/\/www.emplea-te.com\/noticias-oposiciones\/#organization","name":"Academia de oposiciones Empl\u00e9ate","url":"https:\/\/www.emplea-te.com\/noticias-oposiciones\/","logo":{"@type":"ImageObject","inLanguage":"es","@id":"https:\/\/www.emplea-te.com\/noticias-oposiciones\/#\/schema\/logo\/image\/","url":"https:\/\/www.emplea-te.com\/noticias-oposiciones\/wp-content\/uploads\/2019\/04\/empleate.jpg","contentUrl":"https:\/\/www.emplea-te.com\/noticias-oposiciones\/wp-content\/uploads\/2019\/04\/empleate.jpg","width":250,"height":150,"caption":"Academia de oposiciones Empl\u00e9ate"},"image":{"@id":"https:\/\/www.emplea-te.com\/noticias-oposiciones\/#\/schema\/logo\/image\/"},"sameAs":["https:\/\/www.facebook.com\/AcademiaEmpleate\/","https:\/\/x.com\/Emplea_Te","https:\/\/www.instagram.com\/academia_empleate\/"]},{"@type":"Person","@id":"https:\/\/www.emplea-te.com\/noticias-oposiciones\/#\/schema\/person\/d1bc587e1af2b95e9c32aba1795509a6","name":"Empleate"}]}},"_links":{"self":[{"href":"https:\/\/www.emplea-te.com\/noticias-oposiciones\/wp-json\/wp\/v2\/posts\/5428","targetHints":{"allow":["GET"]}}],"collection":[{"href":"https:\/\/www.emplea-te.com\/noticias-oposiciones\/wp-json\/wp\/v2\/posts"}],"about":[{"href":"https:\/\/www.emplea-te.com\/noticias-oposiciones\/wp-json\/wp\/v2\/types\/post"}],"author":[{"embeddable":true,"href":"https:\/\/www.emplea-te.com\/noticias-oposiciones\/wp-json\/wp\/v2\/users\/1"}],"replies":[{"embeddable":true,"href":"https:\/\/www.emplea-te.com\/noticias-oposiciones\/wp-json\/wp\/v2\/comments?post=5428"}],"version-history":[{"count":1,"href":"https:\/\/www.emplea-te.com\/noticias-oposiciones\/wp-json\/wp\/v2\/posts\/5428\/revisions"}],"predecessor-version":[{"id":5429,"href":"https:\/\/www.emplea-te.com\/noticias-oposiciones\/wp-json\/wp\/v2\/posts\/5428\/revisions\/5429"}],"wp:attachment":[{"href":"https:\/\/www.emplea-te.com\/noticias-oposiciones\/wp-json\/wp\/v2\/media?parent=5428"}],"wp:term":[{"taxonomy":"category","embeddable":true,"href":"https:\/\/www.emplea-te.com\/noticias-oposiciones\/wp-json\/wp\/v2\/categories?post=5428"},{"taxonomy":"post_tag","embeddable":true,"href":"https:\/\/www.emplea-te.com\/noticias-oposiciones\/wp-json\/wp\/v2\/tags?post=5428"}],"curies":[{"name":"wp","href":"https:\/\/api.w.org\/{rel}","templated":true}]}}