{"id":5432,"date":"2021-10-19T09:57:01","date_gmt":"2021-10-19T07:57:01","guid":{"rendered":"https:\/\/www.emplea-te.com\/noticias-oposiciones\/?p=5432"},"modified":"2021-10-19T09:57:01","modified_gmt":"2021-10-19T07:57:01","slug":"universidad-de-santiago-de-compostela-publicada-la-convocatoria-para-cubrir-100-plazas-de-auxiliar-administrativo-por-turno-libre-el-plazo-de-presentar-instancias-finaliza-el-dia-8-11-2021","status":"publish","type":"post","link":"https:\/\/www.emplea-te.com\/noticias-oposiciones\/universidad-de-santiago-de-compostela-publicada-la-convocatoria-para-cubrir-100-plazas-de-auxiliar-administrativo-por-turno-libre-el-plazo-de-presentar-instancias-finaliza-el-dia-8-11-2021\/","title":{"rendered":"Universidad de Santiago de Compostela. Publicada la convocatoria para cubrir 100 plazas de Auxiliar Administrativo por turno libre. El plazo de presentar instancias finaliza el d\u00eda 8\/11\/2021"},"content":{"rendered":"<p><strong>Universidad de Santiago de Compostela.\u00a0<\/strong><br \/>\n<strong>Personal de Administraci\u00f3n y Servicios.\u00a0<\/strong><\/p>\n<p>Se publica en el BOE de hoy, d\u00eda 19 de octubre de 2021, la Resoluci\u00f3n referente a la convocatoria de la USC para cubrir por el sistema de concurso-oposici\u00f3n en turno libre 100 plazas de Auxiliar Administrativo C2.<\/p>\n<p>El plazo de presentaci\u00f3n de solicitudes es de 20 d\u00edas naturales contados a partir del d\u00eda siguiente a esta publicaci\u00f3n en el BOE.<br \/>\n<strong>Por tanto el plazo comienza el d\u00eda 20\/10\/2021\u00a0 y finaliza el d\u00eda 08\/11\/2021.<\/strong><\/p>\n<p><a href=\"https:\/\/www.boe.es\/boe\/dias\/2021\/10\/19\/pdfs\/BOE-A-2021-17016.pdf\" target=\"_blank\" rel=\"noopener noreferrer\">Enlace a Resoluci\u00f3n publicada en el BOE de hoy.\u00a0<\/a><\/p>\n<p>Recordamos que:<\/p>\n<p><a href=\"https:\/\/www.xunta.gal\/dog\/Publicados\/2021\/20210729\/AnuncioG2018-190721-0001_gl.html\" target=\"_blank\" rel=\"noopener noreferrer\">Las bases de dicha convocatoria ya hab\u00edan sido publicadas en el DOG n\u00famero 144 de fecha 29 de julio.<\/a><\/p>\n<p><strong>En dichas bases se establece el procedimiento para la presentaci\u00f3n de solicitudes, que resumimos en las l\u00edneas que siguen:<\/strong><br \/>\n<span>Las personas que deseen participar en estas pruebas de selecci\u00f3n deber\u00e1n completar su solicitud junto con la documentaci\u00f3n correspondiente, as\u00ed como abonar la tasa correspondiente, \u00fanicamente por v\u00eda electr\u00f3nica.<br \/>\nA tal efecto, \u00fanicamente se utilizar\u00e1 el formulario electr\u00f3nico habilitado al respecto que figura en el cat\u00e1logo de tr\u00e1mites de la oficina electr\u00f3nica de la USC:\u00a0<\/span><a href=\"https:\/\/sede.usc.es\/formularios\/solicitudes\/seleccionPersoalFuncionario.htm\" target=\"_blank\" rel=\"noopener noreferrer\"><span>https:\/\/sede.usc.es\/formularios\/solicitudes\/seleccionPersoalFuncionario.htm<\/span><\/a><\/p>\n<p class=\"dog-base-sangria\"><span><strong>Para enviar solicitudes<\/strong>, los solicitantes deben tener uno de estos medios v\u00e1lidos de identificaci\u00f3n electr\u00f3nica:<\/span><\/p>\n<p class=\"dog-base-sangria\"><span>&#8211; En el caso del personal de la USC: credenciales corporativas.<\/span><\/p>\n<p class=\"dog-base-sangria\"><span>&#8211; En el caso de personal ajeno a la USC: certificados personales clase 2CA, certificados incluidos en el DNI electr\u00f3nico o claves acordadas del sistema Cl @ ve<\/span><\/p>\n<p class=\"dog-base-sangria\"><span>\u00a0<strong>La solicitud debe presentarse<\/strong> <strong>con la siguiente documentaci\u00f3n:<\/strong><\/span><\/p>\n<p class=\"dog-base-sangria\"><span>&#8211; Certificado de conocimiento de la lengua gallega (Celga 4 o certificado de aptitud para el curso de perfeccionamiento de la lengua gallega o certificado de convalidaci\u00f3n de asignaturas de lengua gallega, de acuerdo con lo establecido en la Orden de 16 de julio de 2007 por la que se regulan los certificados oficiales que acreditan los niveles de conocimientos de la lengua gallega) Los solicitantes que no presenten esta acreditaci\u00f3n deber\u00e1n realizar la prueba de lengua gallega prevista en el Anexo I.<\/span><\/p>\n<p class=\"dog-base-sangria\"><span>&#8211; Certificado gallego de competencias digitales en ofim\u00e1tica (CODIX) o cursos de formaci\u00f3n en aplicaciones inform\u00e1ticas y planillas con las condiciones indicadas en el Anexo I.<br \/>\nLos solicitantes que no aporten el CODIX o los cursos referidos deber\u00e1n ser examinados a partir del cuarto ejercicio de acuerdo con Anexo I.<\/span><\/p>\n<p>&nbsp;<\/p>\n<p>&nbsp;<\/p>\n","protected":false},"excerpt":{"rendered":"<p>Universidad de Santiago de Compostela.\u00a0 Personal de Administraci\u00f3n y Servicios.\u00a0 Se publica en el BOE de hoy, d\u00eda 19 de octubre de 2021, la Resoluci\u00f3n referente a la convocatoria de la USC para cubrir por el sistema de concurso-oposici\u00f3n en turno libre 100 plazas de Auxiliar Administrativo C2. El plazo de presentaci\u00f3n de solicitudes es &hellip; <a href=\"https:\/\/www.emplea-te.com\/noticias-oposiciones\/universidad-de-santiago-de-compostela-publicada-la-convocatoria-para-cubrir-100-plazas-de-auxiliar-administrativo-por-turno-libre-el-plazo-de-presentar-instancias-finaliza-el-dia-8-11-2021\/\" class=\"more-link\">Continuar leyendo<span class=\"screen-reader-text\"> \u00abUniversidad de Santiago de Compostela. Publicada la convocatoria para cubrir 100 plazas de Auxiliar Administrativo por turno libre. El plazo de presentar instancias finaliza el d\u00eda 8\/11\/2021\u00bb<\/span><\/a><\/p>\n","protected":false},"author":1,"featured_media":0,"comment_status":"closed","ping_status":"closed","sticky":false,"template":"","format":"standard","meta":{"footnotes":""},"categories":[56,40],"tags":[49],"class_list":["post-5432","post","type-post","status-publish","format-standard","hentry","category-oposiciones-autonomicas-galicia","category-universidad-santiago-de-compostela-usc","tag-convocatorias-de-oposiciones"],"yoast_head":"<!-- This site is optimized with the Yoast SEO plugin v27.3 - https:\/\/yoast.com\/product\/yoast-seo-wordpress\/ -->\n<title>USC. Convocadas 100 plazas de Auxiliar Administrativo C2 por el turno de acceso libre.<\/title>\n<meta name=\"description\" content=\"USC. Convocadas 100 plazas de Auxiliar Administrativo C2 por el turno de acceso libre.\" \/>\n<meta name=\"robots\" content=\"index, follow, max-snippet:-1, max-image-preview:large, max-video-preview:-1\" \/>\n<link rel=\"canonical\" href=\"https:\/\/www.emplea-te.com\/noticias-oposiciones\/universidad-de-santiago-de-compostela-publicada-la-convocatoria-para-cubrir-100-plazas-de-auxiliar-administrativo-por-turno-libre-el-plazo-de-presentar-instancias-finaliza-el-dia-8-11-2021\/\" \/>\n<meta property=\"og:locale\" content=\"es_ES\" \/>\n<meta property=\"og:type\" content=\"article\" \/>\n<meta property=\"og:title\" content=\"USC. Convocadas 100 plazas de Auxiliar Administrativo C2 por el turno de acceso libre.\" \/>\n<meta property=\"og:description\" content=\"USC. Convocadas 100 plazas de Auxiliar Administrativo C2 por el turno de acceso libre.\" \/>\n<meta property=\"og:url\" content=\"https:\/\/www.emplea-te.com\/noticias-oposiciones\/universidad-de-santiago-de-compostela-publicada-la-convocatoria-para-cubrir-100-plazas-de-auxiliar-administrativo-por-turno-libre-el-plazo-de-presentar-instancias-finaliza-el-dia-8-11-2021\/\" \/>\n<meta property=\"og:site_name\" content=\"Noticas de oposiciones por Academia Emplea-te\" \/>\n<meta property=\"article:publisher\" content=\"https:\/\/www.facebook.com\/AcademiaEmpleate\/\" \/>\n<meta property=\"article:published_time\" content=\"2021-10-19T07:57:01+00:00\" \/>\n<meta name=\"author\" content=\"Empleate\" \/>\n<meta name=\"twitter:card\" content=\"summary_large_image\" \/>\n<meta name=\"twitter:creator\" content=\"@Emplea_Te\" \/>\n<meta name=\"twitter:site\" content=\"@Emplea_Te\" \/>\n<meta name=\"twitter:label1\" content=\"Escrito por\" \/>\n\t<meta name=\"twitter:data1\" content=\"Empleate\" \/>\n\t<meta name=\"twitter:label2\" content=\"Tiempo de lectura\" \/>\n\t<meta name=\"twitter:data2\" content=\"2 minutos\" \/>\n<script type=\"application\/ld+json\" class=\"yoast-schema-graph\">{\"@context\":\"https:\\\/\\\/schema.org\",\"@graph\":[{\"@type\":\"Article\",\"@id\":\"https:\\\/\\\/www.emplea-te.com\\\/noticias-oposiciones\\\/universidad-de-santiago-de-compostela-publicada-la-convocatoria-para-cubrir-100-plazas-de-auxiliar-administrativo-por-turno-libre-el-plazo-de-presentar-instancias-finaliza-el-dia-8-11-2021\\\/#article\",\"isPartOf\":{\"@id\":\"https:\\\/\\\/www.emplea-te.com\\\/noticias-oposiciones\\\/universidad-de-santiago-de-compostela-publicada-la-convocatoria-para-cubrir-100-plazas-de-auxiliar-administrativo-por-turno-libre-el-plazo-de-presentar-instancias-finaliza-el-dia-8-11-2021\\\/\"},\"author\":{\"name\":\"Empleate\",\"@id\":\"https:\\\/\\\/www.emplea-te.com\\\/noticias-oposiciones\\\/#\\\/schema\\\/person\\\/d1bc587e1af2b95e9c32aba1795509a6\"},\"headline\":\"Universidad de Santiago de Compostela. Publicada la convocatoria para cubrir 100 plazas de Auxiliar Administrativo por turno libre. El plazo de presentar instancias finaliza el d\u00eda 8\\\/11\\\/2021\",\"datePublished\":\"2021-10-19T07:57:01+00:00\",\"mainEntityOfPage\":{\"@id\":\"https:\\\/\\\/www.emplea-te.com\\\/noticias-oposiciones\\\/universidad-de-santiago-de-compostela-publicada-la-convocatoria-para-cubrir-100-plazas-de-auxiliar-administrativo-por-turno-libre-el-plazo-de-presentar-instancias-finaliza-el-dia-8-11-2021\\\/\"},\"wordCount\":443,\"publisher\":{\"@id\":\"https:\\\/\\\/www.emplea-te.com\\\/noticias-oposiciones\\\/#organization\"},\"keywords\":[\"Convocatoria\"],\"articleSection\":[\"Oposiciones Auton\u00f3micas Galicia\",\"Universidad Santiago de Compostela USC\"],\"inLanguage\":\"es\"},{\"@type\":\"WebPage\",\"@id\":\"https:\\\/\\\/www.emplea-te.com\\\/noticias-oposiciones\\\/universidad-de-santiago-de-compostela-publicada-la-convocatoria-para-cubrir-100-plazas-de-auxiliar-administrativo-por-turno-libre-el-plazo-de-presentar-instancias-finaliza-el-dia-8-11-2021\\\/\",\"url\":\"https:\\\/\\\/www.emplea-te.com\\\/noticias-oposiciones\\\/universidad-de-santiago-de-compostela-publicada-la-convocatoria-para-cubrir-100-plazas-de-auxiliar-administrativo-por-turno-libre-el-plazo-de-presentar-instancias-finaliza-el-dia-8-11-2021\\\/\",\"name\":\"USC. Convocadas 100 plazas de Auxiliar Administrativo C2 por el turno de acceso libre.\",\"isPartOf\":{\"@id\":\"https:\\\/\\\/www.emplea-te.com\\\/noticias-oposiciones\\\/#website\"},\"datePublished\":\"2021-10-19T07:57:01+00:00\",\"description\":\"USC. Convocadas 100 plazas de Auxiliar Administrativo C2 por el turno de acceso libre.\",\"breadcrumb\":{\"@id\":\"https:\\\/\\\/www.emplea-te.com\\\/noticias-oposiciones\\\/universidad-de-santiago-de-compostela-publicada-la-convocatoria-para-cubrir-100-plazas-de-auxiliar-administrativo-por-turno-libre-el-plazo-de-presentar-instancias-finaliza-el-dia-8-11-2021\\\/#breadcrumb\"},\"inLanguage\":\"es\",\"potentialAction\":[{\"@type\":\"ReadAction\",\"target\":[\"https:\\\/\\\/www.emplea-te.com\\\/noticias-oposiciones\\\/universidad-de-santiago-de-compostela-publicada-la-convocatoria-para-cubrir-100-plazas-de-auxiliar-administrativo-por-turno-libre-el-plazo-de-presentar-instancias-finaliza-el-dia-8-11-2021\\\/\"]}]},{\"@type\":\"BreadcrumbList\",\"@id\":\"https:\\\/\\\/www.emplea-te.com\\\/noticias-oposiciones\\\/universidad-de-santiago-de-compostela-publicada-la-convocatoria-para-cubrir-100-plazas-de-auxiliar-administrativo-por-turno-libre-el-plazo-de-presentar-instancias-finaliza-el-dia-8-11-2021\\\/#breadcrumb\",\"itemListElement\":[{\"@type\":\"ListItem\",\"position\":1,\"name\":\"Noticias Oposiciones\",\"item\":\"https:\\\/\\\/www.emplea-te.com\\\/noticias-oposiciones\\\/\"},{\"@type\":\"ListItem\",\"position\":2,\"name\":\"Oposiciones Auton\u00f3micas Galicia\",\"item\":\"https:\\\/\\\/www.emplea-te.com\\\/noticias-oposiciones\\\/categoria\\\/oposiciones-autonomicas-galicia\\\/\"},{\"@type\":\"ListItem\",\"position\":3,\"name\":\"Universidad de Santiago de Compostela. Publicada la convocatoria para cubrir 100 plazas de Auxiliar Administrativo por turno libre. El plazo de presentar instancias finaliza el d\u00eda 8\\\/11\\\/2021\"}]},{\"@type\":\"WebSite\",\"@id\":\"https:\\\/\\\/www.emplea-te.com\\\/noticias-oposiciones\\\/#website\",\"url\":\"https:\\\/\\\/www.emplea-te.com\\\/noticias-oposiciones\\\/\",\"name\":\"Noticas de oposiciones por Academia Emplea-te\",\"description\":\"Toda la actualidad de las ofertas y convocatorias.\",\"publisher\":{\"@id\":\"https:\\\/\\\/www.emplea-te.com\\\/noticias-oposiciones\\\/#organization\"},\"potentialAction\":[{\"@type\":\"SearchAction\",\"target\":{\"@type\":\"EntryPoint\",\"urlTemplate\":\"https:\\\/\\\/www.emplea-te.com\\\/noticias-oposiciones\\\/?s={search_term_string}\"},\"query-input\":{\"@type\":\"PropertyValueSpecification\",\"valueRequired\":true,\"valueName\":\"search_term_string\"}}],\"inLanguage\":\"es\"},{\"@type\":\"Organization\",\"@id\":\"https:\\\/\\\/www.emplea-te.com\\\/noticias-oposiciones\\\/#organization\",\"name\":\"Academia de oposiciones Empl\u00e9ate\",\"url\":\"https:\\\/\\\/www.emplea-te.com\\\/noticias-oposiciones\\\/\",\"logo\":{\"@type\":\"ImageObject\",\"inLanguage\":\"es\",\"@id\":\"https:\\\/\\\/www.emplea-te.com\\\/noticias-oposiciones\\\/#\\\/schema\\\/logo\\\/image\\\/\",\"url\":\"https:\\\/\\\/www.emplea-te.com\\\/noticias-oposiciones\\\/wp-content\\\/uploads\\\/2019\\\/04\\\/empleate.jpg\",\"contentUrl\":\"https:\\\/\\\/www.emplea-te.com\\\/noticias-oposiciones\\\/wp-content\\\/uploads\\\/2019\\\/04\\\/empleate.jpg\",\"width\":250,\"height\":150,\"caption\":\"Academia de oposiciones Empl\u00e9ate\"},\"image\":{\"@id\":\"https:\\\/\\\/www.emplea-te.com\\\/noticias-oposiciones\\\/#\\\/schema\\\/logo\\\/image\\\/\"},\"sameAs\":[\"https:\\\/\\\/www.facebook.com\\\/AcademiaEmpleate\\\/\",\"https:\\\/\\\/x.com\\\/Emplea_Te\",\"https:\\\/\\\/www.instagram.com\\\/academia_empleate\\\/\"]},{\"@type\":\"Person\",\"@id\":\"https:\\\/\\\/www.emplea-te.com\\\/noticias-oposiciones\\\/#\\\/schema\\\/person\\\/d1bc587e1af2b95e9c32aba1795509a6\",\"name\":\"Empleate\"}]}<\/script>\n<!-- \/ Yoast SEO plugin. -->","yoast_head_json":{"title":"USC. Convocadas 100 plazas de Auxiliar Administrativo C2 por el turno de acceso libre.","description":"USC. Convocadas 100 plazas de Auxiliar Administrativo C2 por el turno de acceso libre.","robots":{"index":"index","follow":"follow","max-snippet":"max-snippet:-1","max-image-preview":"max-image-preview:large","max-video-preview":"max-video-preview:-1"},"canonical":"https:\/\/www.emplea-te.com\/noticias-oposiciones\/universidad-de-santiago-de-compostela-publicada-la-convocatoria-para-cubrir-100-plazas-de-auxiliar-administrativo-por-turno-libre-el-plazo-de-presentar-instancias-finaliza-el-dia-8-11-2021\/","og_locale":"es_ES","og_type":"article","og_title":"USC. Convocadas 100 plazas de Auxiliar Administrativo C2 por el turno de acceso libre.","og_description":"USC. Convocadas 100 plazas de Auxiliar Administrativo C2 por el turno de acceso libre.","og_url":"https:\/\/www.emplea-te.com\/noticias-oposiciones\/universidad-de-santiago-de-compostela-publicada-la-convocatoria-para-cubrir-100-plazas-de-auxiliar-administrativo-por-turno-libre-el-plazo-de-presentar-instancias-finaliza-el-dia-8-11-2021\/","og_site_name":"Noticas de oposiciones por Academia Emplea-te","article_publisher":"https:\/\/www.facebook.com\/AcademiaEmpleate\/","article_published_time":"2021-10-19T07:57:01+00:00","author":"Empleate","twitter_card":"summary_large_image","twitter_creator":"@Emplea_Te","twitter_site":"@Emplea_Te","twitter_misc":{"Escrito por":"Empleate","Tiempo de lectura":"2 minutos"},"schema":{"@context":"https:\/\/schema.org","@graph":[{"@type":"Article","@id":"https:\/\/www.emplea-te.com\/noticias-oposiciones\/universidad-de-santiago-de-compostela-publicada-la-convocatoria-para-cubrir-100-plazas-de-auxiliar-administrativo-por-turno-libre-el-plazo-de-presentar-instancias-finaliza-el-dia-8-11-2021\/#article","isPartOf":{"@id":"https:\/\/www.emplea-te.com\/noticias-oposiciones\/universidad-de-santiago-de-compostela-publicada-la-convocatoria-para-cubrir-100-plazas-de-auxiliar-administrativo-por-turno-libre-el-plazo-de-presentar-instancias-finaliza-el-dia-8-11-2021\/"},"author":{"name":"Empleate","@id":"https:\/\/www.emplea-te.com\/noticias-oposiciones\/#\/schema\/person\/d1bc587e1af2b95e9c32aba1795509a6"},"headline":"Universidad de Santiago de Compostela. Publicada la convocatoria para cubrir 100 plazas de Auxiliar Administrativo por turno libre. El plazo de presentar instancias finaliza el d\u00eda 8\/11\/2021","datePublished":"2021-10-19T07:57:01+00:00","mainEntityOfPage":{"@id":"https:\/\/www.emplea-te.com\/noticias-oposiciones\/universidad-de-santiago-de-compostela-publicada-la-convocatoria-para-cubrir-100-plazas-de-auxiliar-administrativo-por-turno-libre-el-plazo-de-presentar-instancias-finaliza-el-dia-8-11-2021\/"},"wordCount":443,"publisher":{"@id":"https:\/\/www.emplea-te.com\/noticias-oposiciones\/#organization"},"keywords":["Convocatoria"],"articleSection":["Oposiciones Auton\u00f3micas Galicia","Universidad Santiago de Compostela USC"],"inLanguage":"es"},{"@type":"WebPage","@id":"https:\/\/www.emplea-te.com\/noticias-oposiciones\/universidad-de-santiago-de-compostela-publicada-la-convocatoria-para-cubrir-100-plazas-de-auxiliar-administrativo-por-turno-libre-el-plazo-de-presentar-instancias-finaliza-el-dia-8-11-2021\/","url":"https:\/\/www.emplea-te.com\/noticias-oposiciones\/universidad-de-santiago-de-compostela-publicada-la-convocatoria-para-cubrir-100-plazas-de-auxiliar-administrativo-por-turno-libre-el-plazo-de-presentar-instancias-finaliza-el-dia-8-11-2021\/","name":"USC. Convocadas 100 plazas de Auxiliar Administrativo C2 por el turno de acceso libre.","isPartOf":{"@id":"https:\/\/www.emplea-te.com\/noticias-oposiciones\/#website"},"datePublished":"2021-10-19T07:57:01+00:00","description":"USC. Convocadas 100 plazas de Auxiliar Administrativo C2 por el turno de acceso libre.","breadcrumb":{"@id":"https:\/\/www.emplea-te.com\/noticias-oposiciones\/universidad-de-santiago-de-compostela-publicada-la-convocatoria-para-cubrir-100-plazas-de-auxiliar-administrativo-por-turno-libre-el-plazo-de-presentar-instancias-finaliza-el-dia-8-11-2021\/#breadcrumb"},"inLanguage":"es","potentialAction":[{"@type":"ReadAction","target":["https:\/\/www.emplea-te.com\/noticias-oposiciones\/universidad-de-santiago-de-compostela-publicada-la-convocatoria-para-cubrir-100-plazas-de-auxiliar-administrativo-por-turno-libre-el-plazo-de-presentar-instancias-finaliza-el-dia-8-11-2021\/"]}]},{"@type":"BreadcrumbList","@id":"https:\/\/www.emplea-te.com\/noticias-oposiciones\/universidad-de-santiago-de-compostela-publicada-la-convocatoria-para-cubrir-100-plazas-de-auxiliar-administrativo-por-turno-libre-el-plazo-de-presentar-instancias-finaliza-el-dia-8-11-2021\/#breadcrumb","itemListElement":[{"@type":"ListItem","position":1,"name":"Noticias Oposiciones","item":"https:\/\/www.emplea-te.com\/noticias-oposiciones\/"},{"@type":"ListItem","position":2,"name":"Oposiciones Auton\u00f3micas Galicia","item":"https:\/\/www.emplea-te.com\/noticias-oposiciones\/categoria\/oposiciones-autonomicas-galicia\/"},{"@type":"ListItem","position":3,"name":"Universidad de Santiago de Compostela. Publicada la convocatoria para cubrir 100 plazas de Auxiliar Administrativo por turno libre. El plazo de presentar instancias finaliza el d\u00eda 8\/11\/2021"}]},{"@type":"WebSite","@id":"https:\/\/www.emplea-te.com\/noticias-oposiciones\/#website","url":"https:\/\/www.emplea-te.com\/noticias-oposiciones\/","name":"Noticas de oposiciones por Academia Emplea-te","description":"Toda la actualidad de las ofertas y convocatorias.","publisher":{"@id":"https:\/\/www.emplea-te.com\/noticias-oposiciones\/#organization"},"potentialAction":[{"@type":"SearchAction","target":{"@type":"EntryPoint","urlTemplate":"https:\/\/www.emplea-te.com\/noticias-oposiciones\/?s={search_term_string}"},"query-input":{"@type":"PropertyValueSpecification","valueRequired":true,"valueName":"search_term_string"}}],"inLanguage":"es"},{"@type":"Organization","@id":"https:\/\/www.emplea-te.com\/noticias-oposiciones\/#organization","name":"Academia de oposiciones Empl\u00e9ate","url":"https:\/\/www.emplea-te.com\/noticias-oposiciones\/","logo":{"@type":"ImageObject","inLanguage":"es","@id":"https:\/\/www.emplea-te.com\/noticias-oposiciones\/#\/schema\/logo\/image\/","url":"https:\/\/www.emplea-te.com\/noticias-oposiciones\/wp-content\/uploads\/2019\/04\/empleate.jpg","contentUrl":"https:\/\/www.emplea-te.com\/noticias-oposiciones\/wp-content\/uploads\/2019\/04\/empleate.jpg","width":250,"height":150,"caption":"Academia de oposiciones Empl\u00e9ate"},"image":{"@id":"https:\/\/www.emplea-te.com\/noticias-oposiciones\/#\/schema\/logo\/image\/"},"sameAs":["https:\/\/www.facebook.com\/AcademiaEmpleate\/","https:\/\/x.com\/Emplea_Te","https:\/\/www.instagram.com\/academia_empleate\/"]},{"@type":"Person","@id":"https:\/\/www.emplea-te.com\/noticias-oposiciones\/#\/schema\/person\/d1bc587e1af2b95e9c32aba1795509a6","name":"Empleate"}]}},"_links":{"self":[{"href":"https:\/\/www.emplea-te.com\/noticias-oposiciones\/wp-json\/wp\/v2\/posts\/5432","targetHints":{"allow":["GET"]}}],"collection":[{"href":"https:\/\/www.emplea-te.com\/noticias-oposiciones\/wp-json\/wp\/v2\/posts"}],"about":[{"href":"https:\/\/www.emplea-te.com\/noticias-oposiciones\/wp-json\/wp\/v2\/types\/post"}],"author":[{"embeddable":true,"href":"https:\/\/www.emplea-te.com\/noticias-oposiciones\/wp-json\/wp\/v2\/users\/1"}],"replies":[{"embeddable":true,"href":"https:\/\/www.emplea-te.com\/noticias-oposiciones\/wp-json\/wp\/v2\/comments?post=5432"}],"version-history":[{"count":1,"href":"https:\/\/www.emplea-te.com\/noticias-oposiciones\/wp-json\/wp\/v2\/posts\/5432\/revisions"}],"predecessor-version":[{"id":5433,"href":"https:\/\/www.emplea-te.com\/noticias-oposiciones\/wp-json\/wp\/v2\/posts\/5432\/revisions\/5433"}],"wp:attachment":[{"href":"https:\/\/www.emplea-te.com\/noticias-oposiciones\/wp-json\/wp\/v2\/media?parent=5432"}],"wp:term":[{"taxonomy":"category","embeddable":true,"href":"https:\/\/www.emplea-te.com\/noticias-oposiciones\/wp-json\/wp\/v2\/categories?post=5432"},{"taxonomy":"post_tag","embeddable":true,"href":"https:\/\/www.emplea-te.com\/noticias-oposiciones\/wp-json\/wp\/v2\/tags?post=5432"}],"curies":[{"name":"wp","href":"https:\/\/api.w.org\/{rel}","templated":true}]}}