{"id":5441,"date":"2021-10-20T10:19:54","date_gmt":"2021-10-20T08:19:54","guid":{"rendered":"https:\/\/www.emplea-te.com\/noticias-oposiciones\/?p=5441"},"modified":"2021-10-20T10:19:54","modified_gmt":"2021-10-20T08:19:54","slug":"mancomunidad-sur-de-madrid-publicada-convocatoria-para-cubrir-1-plaza-de-tecnico-superior-de-la-administracion-general-a1-en-turno-libre-plazo-de-instancias-abierto-hasta-el-dia-09-11-2021","status":"publish","type":"post","link":"https:\/\/www.emplea-te.com\/noticias-oposiciones\/mancomunidad-sur-de-madrid-publicada-convocatoria-para-cubrir-1-plaza-de-tecnico-superior-de-la-administracion-general-a1-en-turno-libre-plazo-de-instancias-abierto-hasta-el-dia-09-11-2021\/","title":{"rendered":"Mancomunidad Sur de Madrid. Publicada convocatoria para cubrir 1 plaza de T\u00e9cnico Superior de la Administraci\u00f3n General A1 en turno libre. Plazo de instancias abierto hasta el d\u00eda 09\/11\/2021"},"content":{"rendered":"<p><strong>Mancomunidad Sur de Madrid. Convocatoria.\u00a0<\/strong><\/p>\n<p>Se publica en el BOCM de hoy, d\u00eda 20 de octubre de 2021, el Anuncio de convocatoria para cubrir una plaza de de T\u00e9cnico Superior de la Administraci\u00f3n General A1 por el sistema de concurso-oposici\u00f3n en turno libre.<\/p>\n<p><strong>El plazo de presentaci\u00f3n de solicitudes<\/strong> ser\u00e1 de veinte d\u00edas naturales, a contar desde el siguiente al de la publicaci\u00f3n de esta resoluci\u00f3n.<br \/>\n<strong>Se abre el d\u00eda 21\/10\/2021 y finaliza el d\u00eda 09\/11\/2021.<\/strong><\/p>\n<p>Los sucesivos anuncios referentes a esta convocatoria, cuando procedan de conformidad con las bases, se har\u00e1n p\u00fablicos en la sede electr\u00f3nica de la Mancomunidad del Sur.<\/p>\n<p>Plazo de instancias abierto hasta el d\u00eda 09\/11\/2021<\/p>\n<p><a href=\"http:\/\/www.bocm.es\/boletin\/CM_Orden_BOCM\/2021\/10\/20\/BOCM-20211020-63.PDF\" target=\"_blank\" rel=\"noopener noreferrer\">Desde este enlace puedes acceder a la publicaci\u00f3n en el BOCM\u00a0<\/a><\/p>\n","protected":false},"excerpt":{"rendered":"<p>Mancomunidad Sur de Madrid. Convocatoria.\u00a0 Se publica en el BOCM de hoy, d\u00eda 20 de octubre de 2021, el Anuncio de convocatoria para cubrir una plaza de de T\u00e9cnico Superior de la Administraci\u00f3n General A1 por el sistema de concurso-oposici\u00f3n en turno libre. El plazo de presentaci\u00f3n de solicitudes ser\u00e1 de veinte d\u00edas naturales, a &hellip; <a href=\"https:\/\/www.emplea-te.com\/noticias-oposiciones\/mancomunidad-sur-de-madrid-publicada-convocatoria-para-cubrir-1-plaza-de-tecnico-superior-de-la-administracion-general-a1-en-turno-libre-plazo-de-instancias-abierto-hasta-el-dia-09-11-2021\/\" class=\"more-link\">Continuar leyendo<span class=\"screen-reader-text\"> \u00abMancomunidad Sur de Madrid. Publicada convocatoria para cubrir 1 plaza de T\u00e9cnico Superior de la Administraci\u00f3n General A1 en turno libre. Plazo de instancias abierto hasta el d\u00eda 09\/11\/2021\u00bb<\/span><\/a><\/p>\n","protected":false},"author":1,"featured_media":0,"comment_status":"closed","ping_status":"closed","sticky":false,"template":"","format":"standard","meta":{"footnotes":""},"categories":[109],"tags":[49],"class_list":["post-5441","post","type-post","status-publish","format-standard","hentry","category-oposiciones-madrid","tag-convocatorias-de-oposiciones"],"yoast_head":"<!-- This site is optimized with the Yoast SEO plugin v27.3 - https:\/\/yoast.com\/product\/yoast-seo-wordpress\/ -->\n<title>Mancomunidad del Sur de Madrid. Publicado Anuncio de convocatoria para cubrir una plaza de T\u00e9cnico Superior de la Administraci\u00f3n General A1. Plazo de presentaci\u00f3n de instancias abierto.<\/title>\n<meta name=\"description\" content=\"Mancomunidad del Sur de Madrid. Publicado Anuncio de convocatoria para cubrir una plaza de T\u00e9cnico Superior de la Administraci\u00f3n General A1. Plazo de presentaci\u00f3n de instancias abierto.\" \/>\n<meta name=\"robots\" content=\"index, follow, max-snippet:-1, max-image-preview:large, max-video-preview:-1\" \/>\n<link rel=\"canonical\" href=\"https:\/\/www.emplea-te.com\/noticias-oposiciones\/mancomunidad-sur-de-madrid-publicada-convocatoria-para-cubrir-1-plaza-de-tecnico-superior-de-la-administracion-general-a1-en-turno-libre-plazo-de-instancias-abierto-hasta-el-dia-09-11-2021\/\" \/>\n<meta property=\"og:locale\" content=\"es_ES\" \/>\n<meta property=\"og:type\" content=\"article\" \/>\n<meta property=\"og:title\" content=\"Mancomunidad del Sur de Madrid. Publicado Anuncio de convocatoria para cubrir una plaza de T\u00e9cnico Superior de la Administraci\u00f3n General A1. Plazo de presentaci\u00f3n de instancias abierto.\" \/>\n<meta property=\"og:description\" content=\"Mancomunidad del Sur de Madrid. Publicado Anuncio de convocatoria para cubrir una plaza de T\u00e9cnico Superior de la Administraci\u00f3n General A1. Plazo de presentaci\u00f3n de instancias abierto.\" \/>\n<meta property=\"og:url\" content=\"https:\/\/www.emplea-te.com\/noticias-oposiciones\/mancomunidad-sur-de-madrid-publicada-convocatoria-para-cubrir-1-plaza-de-tecnico-superior-de-la-administracion-general-a1-en-turno-libre-plazo-de-instancias-abierto-hasta-el-dia-09-11-2021\/\" \/>\n<meta property=\"og:site_name\" content=\"Noticas de oposiciones por Academia Emplea-te\" \/>\n<meta property=\"article:publisher\" content=\"https:\/\/www.facebook.com\/AcademiaEmpleate\/\" \/>\n<meta property=\"article:published_time\" content=\"2021-10-20T08:19:54+00:00\" \/>\n<meta name=\"author\" content=\"Empleate\" \/>\n<meta name=\"twitter:card\" content=\"summary_large_image\" \/>\n<meta name=\"twitter:creator\" content=\"@Emplea_Te\" \/>\n<meta name=\"twitter:site\" content=\"@Emplea_Te\" \/>\n<meta name=\"twitter:label1\" content=\"Escrito por\" \/>\n\t<meta name=\"twitter:data1\" content=\"Empleate\" \/>\n\t<meta name=\"twitter:label2\" content=\"Tiempo de lectura\" \/>\n\t<meta name=\"twitter:data2\" content=\"1 minuto\" \/>\n<script type=\"application\/ld+json\" class=\"yoast-schema-graph\">{\"@context\":\"https:\\\/\\\/schema.org\",\"@graph\":[{\"@type\":\"Article\",\"@id\":\"https:\\\/\\\/www.emplea-te.com\\\/noticias-oposiciones\\\/mancomunidad-sur-de-madrid-publicada-convocatoria-para-cubrir-1-plaza-de-tecnico-superior-de-la-administracion-general-a1-en-turno-libre-plazo-de-instancias-abierto-hasta-el-dia-09-11-2021\\\/#article\",\"isPartOf\":{\"@id\":\"https:\\\/\\\/www.emplea-te.com\\\/noticias-oposiciones\\\/mancomunidad-sur-de-madrid-publicada-convocatoria-para-cubrir-1-plaza-de-tecnico-superior-de-la-administracion-general-a1-en-turno-libre-plazo-de-instancias-abierto-hasta-el-dia-09-11-2021\\\/\"},\"author\":{\"name\":\"Empleate\",\"@id\":\"https:\\\/\\\/www.emplea-te.com\\\/noticias-oposiciones\\\/#\\\/schema\\\/person\\\/d1bc587e1af2b95e9c32aba1795509a6\"},\"headline\":\"Mancomunidad Sur de Madrid. Publicada convocatoria para cubrir 1 plaza de T\u00e9cnico Superior de la Administraci\u00f3n General A1 en turno libre. Plazo de instancias abierto hasta el d\u00eda 09\\\/11\\\/2021\",\"datePublished\":\"2021-10-20T08:19:54+00:00\",\"mainEntityOfPage\":{\"@id\":\"https:\\\/\\\/www.emplea-te.com\\\/noticias-oposiciones\\\/mancomunidad-sur-de-madrid-publicada-convocatoria-para-cubrir-1-plaza-de-tecnico-superior-de-la-administracion-general-a1-en-turno-libre-plazo-de-instancias-abierto-hasta-el-dia-09-11-2021\\\/\"},\"wordCount\":161,\"publisher\":{\"@id\":\"https:\\\/\\\/www.emplea-te.com\\\/noticias-oposiciones\\\/#organization\"},\"keywords\":[\"Convocatoria\"],\"articleSection\":[\"Oposiciones Madrid.\"],\"inLanguage\":\"es\"},{\"@type\":\"WebPage\",\"@id\":\"https:\\\/\\\/www.emplea-te.com\\\/noticias-oposiciones\\\/mancomunidad-sur-de-madrid-publicada-convocatoria-para-cubrir-1-plaza-de-tecnico-superior-de-la-administracion-general-a1-en-turno-libre-plazo-de-instancias-abierto-hasta-el-dia-09-11-2021\\\/\",\"url\":\"https:\\\/\\\/www.emplea-te.com\\\/noticias-oposiciones\\\/mancomunidad-sur-de-madrid-publicada-convocatoria-para-cubrir-1-plaza-de-tecnico-superior-de-la-administracion-general-a1-en-turno-libre-plazo-de-instancias-abierto-hasta-el-dia-09-11-2021\\\/\",\"name\":\"Mancomunidad del Sur de Madrid. Publicado Anuncio de convocatoria para cubrir una plaza de T\u00e9cnico Superior de la Administraci\u00f3n General A1. Plazo de presentaci\u00f3n de instancias abierto.\",\"isPartOf\":{\"@id\":\"https:\\\/\\\/www.emplea-te.com\\\/noticias-oposiciones\\\/#website\"},\"datePublished\":\"2021-10-20T08:19:54+00:00\",\"description\":\"Mancomunidad del Sur de Madrid. Publicado Anuncio de convocatoria para cubrir una plaza de T\u00e9cnico Superior de la Administraci\u00f3n General A1. Plazo de presentaci\u00f3n de instancias abierto.\",\"breadcrumb\":{\"@id\":\"https:\\\/\\\/www.emplea-te.com\\\/noticias-oposiciones\\\/mancomunidad-sur-de-madrid-publicada-convocatoria-para-cubrir-1-plaza-de-tecnico-superior-de-la-administracion-general-a1-en-turno-libre-plazo-de-instancias-abierto-hasta-el-dia-09-11-2021\\\/#breadcrumb\"},\"inLanguage\":\"es\",\"potentialAction\":[{\"@type\":\"ReadAction\",\"target\":[\"https:\\\/\\\/www.emplea-te.com\\\/noticias-oposiciones\\\/mancomunidad-sur-de-madrid-publicada-convocatoria-para-cubrir-1-plaza-de-tecnico-superior-de-la-administracion-general-a1-en-turno-libre-plazo-de-instancias-abierto-hasta-el-dia-09-11-2021\\\/\"]}]},{\"@type\":\"BreadcrumbList\",\"@id\":\"https:\\\/\\\/www.emplea-te.com\\\/noticias-oposiciones\\\/mancomunidad-sur-de-madrid-publicada-convocatoria-para-cubrir-1-plaza-de-tecnico-superior-de-la-administracion-general-a1-en-turno-libre-plazo-de-instancias-abierto-hasta-el-dia-09-11-2021\\\/#breadcrumb\",\"itemListElement\":[{\"@type\":\"ListItem\",\"position\":1,\"name\":\"Noticias Oposiciones\",\"item\":\"https:\\\/\\\/www.emplea-te.com\\\/noticias-oposiciones\\\/\"},{\"@type\":\"ListItem\",\"position\":2,\"name\":\"Oposiciones Madrid.\",\"item\":\"https:\\\/\\\/www.emplea-te.com\\\/noticias-oposiciones\\\/categoria\\\/oposiciones-madrid\\\/\"},{\"@type\":\"ListItem\",\"position\":3,\"name\":\"Mancomunidad Sur de Madrid. Publicada convocatoria para cubrir 1 plaza de T\u00e9cnico Superior de la Administraci\u00f3n General A1 en turno libre. Plazo de instancias abierto hasta el d\u00eda 09\\\/11\\\/2021\"}]},{\"@type\":\"WebSite\",\"@id\":\"https:\\\/\\\/www.emplea-te.com\\\/noticias-oposiciones\\\/#website\",\"url\":\"https:\\\/\\\/www.emplea-te.com\\\/noticias-oposiciones\\\/\",\"name\":\"Noticas de oposiciones por Academia Emplea-te\",\"description\":\"Toda la actualidad de las ofertas y convocatorias.\",\"publisher\":{\"@id\":\"https:\\\/\\\/www.emplea-te.com\\\/noticias-oposiciones\\\/#organization\"},\"potentialAction\":[{\"@type\":\"SearchAction\",\"target\":{\"@type\":\"EntryPoint\",\"urlTemplate\":\"https:\\\/\\\/www.emplea-te.com\\\/noticias-oposiciones\\\/?s={search_term_string}\"},\"query-input\":{\"@type\":\"PropertyValueSpecification\",\"valueRequired\":true,\"valueName\":\"search_term_string\"}}],\"inLanguage\":\"es\"},{\"@type\":\"Organization\",\"@id\":\"https:\\\/\\\/www.emplea-te.com\\\/noticias-oposiciones\\\/#organization\",\"name\":\"Academia de oposiciones Empl\u00e9ate\",\"url\":\"https:\\\/\\\/www.emplea-te.com\\\/noticias-oposiciones\\\/\",\"logo\":{\"@type\":\"ImageObject\",\"inLanguage\":\"es\",\"@id\":\"https:\\\/\\\/www.emplea-te.com\\\/noticias-oposiciones\\\/#\\\/schema\\\/logo\\\/image\\\/\",\"url\":\"https:\\\/\\\/www.emplea-te.com\\\/noticias-oposiciones\\\/wp-content\\\/uploads\\\/2019\\\/04\\\/empleate.jpg\",\"contentUrl\":\"https:\\\/\\\/www.emplea-te.com\\\/noticias-oposiciones\\\/wp-content\\\/uploads\\\/2019\\\/04\\\/empleate.jpg\",\"width\":250,\"height\":150,\"caption\":\"Academia de oposiciones Empl\u00e9ate\"},\"image\":{\"@id\":\"https:\\\/\\\/www.emplea-te.com\\\/noticias-oposiciones\\\/#\\\/schema\\\/logo\\\/image\\\/\"},\"sameAs\":[\"https:\\\/\\\/www.facebook.com\\\/AcademiaEmpleate\\\/\",\"https:\\\/\\\/x.com\\\/Emplea_Te\",\"https:\\\/\\\/www.instagram.com\\\/academia_empleate\\\/\"]},{\"@type\":\"Person\",\"@id\":\"https:\\\/\\\/www.emplea-te.com\\\/noticias-oposiciones\\\/#\\\/schema\\\/person\\\/d1bc587e1af2b95e9c32aba1795509a6\",\"name\":\"Empleate\"}]}<\/script>\n<!-- \/ Yoast SEO plugin. -->","yoast_head_json":{"title":"Mancomunidad del Sur de Madrid. Publicado Anuncio de convocatoria para cubrir una plaza de T\u00e9cnico Superior de la Administraci\u00f3n General A1. Plazo de presentaci\u00f3n de instancias abierto.","description":"Mancomunidad del Sur de Madrid. Publicado Anuncio de convocatoria para cubrir una plaza de T\u00e9cnico Superior de la Administraci\u00f3n General A1. Plazo de presentaci\u00f3n de instancias abierto.","robots":{"index":"index","follow":"follow","max-snippet":"max-snippet:-1","max-image-preview":"max-image-preview:large","max-video-preview":"max-video-preview:-1"},"canonical":"https:\/\/www.emplea-te.com\/noticias-oposiciones\/mancomunidad-sur-de-madrid-publicada-convocatoria-para-cubrir-1-plaza-de-tecnico-superior-de-la-administracion-general-a1-en-turno-libre-plazo-de-instancias-abierto-hasta-el-dia-09-11-2021\/","og_locale":"es_ES","og_type":"article","og_title":"Mancomunidad del Sur de Madrid. Publicado Anuncio de convocatoria para cubrir una plaza de T\u00e9cnico Superior de la Administraci\u00f3n General A1. Plazo de presentaci\u00f3n de instancias abierto.","og_description":"Mancomunidad del Sur de Madrid. Publicado Anuncio de convocatoria para cubrir una plaza de T\u00e9cnico Superior de la Administraci\u00f3n General A1. Plazo de presentaci\u00f3n de instancias abierto.","og_url":"https:\/\/www.emplea-te.com\/noticias-oposiciones\/mancomunidad-sur-de-madrid-publicada-convocatoria-para-cubrir-1-plaza-de-tecnico-superior-de-la-administracion-general-a1-en-turno-libre-plazo-de-instancias-abierto-hasta-el-dia-09-11-2021\/","og_site_name":"Noticas de oposiciones por Academia Emplea-te","article_publisher":"https:\/\/www.facebook.com\/AcademiaEmpleate\/","article_published_time":"2021-10-20T08:19:54+00:00","author":"Empleate","twitter_card":"summary_large_image","twitter_creator":"@Emplea_Te","twitter_site":"@Emplea_Te","twitter_misc":{"Escrito por":"Empleate","Tiempo de lectura":"1 minuto"},"schema":{"@context":"https:\/\/schema.org","@graph":[{"@type":"Article","@id":"https:\/\/www.emplea-te.com\/noticias-oposiciones\/mancomunidad-sur-de-madrid-publicada-convocatoria-para-cubrir-1-plaza-de-tecnico-superior-de-la-administracion-general-a1-en-turno-libre-plazo-de-instancias-abierto-hasta-el-dia-09-11-2021\/#article","isPartOf":{"@id":"https:\/\/www.emplea-te.com\/noticias-oposiciones\/mancomunidad-sur-de-madrid-publicada-convocatoria-para-cubrir-1-plaza-de-tecnico-superior-de-la-administracion-general-a1-en-turno-libre-plazo-de-instancias-abierto-hasta-el-dia-09-11-2021\/"},"author":{"name":"Empleate","@id":"https:\/\/www.emplea-te.com\/noticias-oposiciones\/#\/schema\/person\/d1bc587e1af2b95e9c32aba1795509a6"},"headline":"Mancomunidad Sur de Madrid. Publicada convocatoria para cubrir 1 plaza de T\u00e9cnico Superior de la Administraci\u00f3n General A1 en turno libre. Plazo de instancias abierto hasta el d\u00eda 09\/11\/2021","datePublished":"2021-10-20T08:19:54+00:00","mainEntityOfPage":{"@id":"https:\/\/www.emplea-te.com\/noticias-oposiciones\/mancomunidad-sur-de-madrid-publicada-convocatoria-para-cubrir-1-plaza-de-tecnico-superior-de-la-administracion-general-a1-en-turno-libre-plazo-de-instancias-abierto-hasta-el-dia-09-11-2021\/"},"wordCount":161,"publisher":{"@id":"https:\/\/www.emplea-te.com\/noticias-oposiciones\/#organization"},"keywords":["Convocatoria"],"articleSection":["Oposiciones Madrid."],"inLanguage":"es"},{"@type":"WebPage","@id":"https:\/\/www.emplea-te.com\/noticias-oposiciones\/mancomunidad-sur-de-madrid-publicada-convocatoria-para-cubrir-1-plaza-de-tecnico-superior-de-la-administracion-general-a1-en-turno-libre-plazo-de-instancias-abierto-hasta-el-dia-09-11-2021\/","url":"https:\/\/www.emplea-te.com\/noticias-oposiciones\/mancomunidad-sur-de-madrid-publicada-convocatoria-para-cubrir-1-plaza-de-tecnico-superior-de-la-administracion-general-a1-en-turno-libre-plazo-de-instancias-abierto-hasta-el-dia-09-11-2021\/","name":"Mancomunidad del Sur de Madrid. Publicado Anuncio de convocatoria para cubrir una plaza de T\u00e9cnico Superior de la Administraci\u00f3n General A1. Plazo de presentaci\u00f3n de instancias abierto.","isPartOf":{"@id":"https:\/\/www.emplea-te.com\/noticias-oposiciones\/#website"},"datePublished":"2021-10-20T08:19:54+00:00","description":"Mancomunidad del Sur de Madrid. Publicado Anuncio de convocatoria para cubrir una plaza de T\u00e9cnico Superior de la Administraci\u00f3n General A1. Plazo de presentaci\u00f3n de instancias abierto.","breadcrumb":{"@id":"https:\/\/www.emplea-te.com\/noticias-oposiciones\/mancomunidad-sur-de-madrid-publicada-convocatoria-para-cubrir-1-plaza-de-tecnico-superior-de-la-administracion-general-a1-en-turno-libre-plazo-de-instancias-abierto-hasta-el-dia-09-11-2021\/#breadcrumb"},"inLanguage":"es","potentialAction":[{"@type":"ReadAction","target":["https:\/\/www.emplea-te.com\/noticias-oposiciones\/mancomunidad-sur-de-madrid-publicada-convocatoria-para-cubrir-1-plaza-de-tecnico-superior-de-la-administracion-general-a1-en-turno-libre-plazo-de-instancias-abierto-hasta-el-dia-09-11-2021\/"]}]},{"@type":"BreadcrumbList","@id":"https:\/\/www.emplea-te.com\/noticias-oposiciones\/mancomunidad-sur-de-madrid-publicada-convocatoria-para-cubrir-1-plaza-de-tecnico-superior-de-la-administracion-general-a1-en-turno-libre-plazo-de-instancias-abierto-hasta-el-dia-09-11-2021\/#breadcrumb","itemListElement":[{"@type":"ListItem","position":1,"name":"Noticias Oposiciones","item":"https:\/\/www.emplea-te.com\/noticias-oposiciones\/"},{"@type":"ListItem","position":2,"name":"Oposiciones Madrid.","item":"https:\/\/www.emplea-te.com\/noticias-oposiciones\/categoria\/oposiciones-madrid\/"},{"@type":"ListItem","position":3,"name":"Mancomunidad Sur de Madrid. Publicada convocatoria para cubrir 1 plaza de T\u00e9cnico Superior de la Administraci\u00f3n General A1 en turno libre. Plazo de instancias abierto hasta el d\u00eda 09\/11\/2021"}]},{"@type":"WebSite","@id":"https:\/\/www.emplea-te.com\/noticias-oposiciones\/#website","url":"https:\/\/www.emplea-te.com\/noticias-oposiciones\/","name":"Noticas de oposiciones por Academia Emplea-te","description":"Toda la actualidad de las ofertas y convocatorias.","publisher":{"@id":"https:\/\/www.emplea-te.com\/noticias-oposiciones\/#organization"},"potentialAction":[{"@type":"SearchAction","target":{"@type":"EntryPoint","urlTemplate":"https:\/\/www.emplea-te.com\/noticias-oposiciones\/?s={search_term_string}"},"query-input":{"@type":"PropertyValueSpecification","valueRequired":true,"valueName":"search_term_string"}}],"inLanguage":"es"},{"@type":"Organization","@id":"https:\/\/www.emplea-te.com\/noticias-oposiciones\/#organization","name":"Academia de oposiciones Empl\u00e9ate","url":"https:\/\/www.emplea-te.com\/noticias-oposiciones\/","logo":{"@type":"ImageObject","inLanguage":"es","@id":"https:\/\/www.emplea-te.com\/noticias-oposiciones\/#\/schema\/logo\/image\/","url":"https:\/\/www.emplea-te.com\/noticias-oposiciones\/wp-content\/uploads\/2019\/04\/empleate.jpg","contentUrl":"https:\/\/www.emplea-te.com\/noticias-oposiciones\/wp-content\/uploads\/2019\/04\/empleate.jpg","width":250,"height":150,"caption":"Academia de oposiciones Empl\u00e9ate"},"image":{"@id":"https:\/\/www.emplea-te.com\/noticias-oposiciones\/#\/schema\/logo\/image\/"},"sameAs":["https:\/\/www.facebook.com\/AcademiaEmpleate\/","https:\/\/x.com\/Emplea_Te","https:\/\/www.instagram.com\/academia_empleate\/"]},{"@type":"Person","@id":"https:\/\/www.emplea-te.com\/noticias-oposiciones\/#\/schema\/person\/d1bc587e1af2b95e9c32aba1795509a6","name":"Empleate"}]}},"_links":{"self":[{"href":"https:\/\/www.emplea-te.com\/noticias-oposiciones\/wp-json\/wp\/v2\/posts\/5441","targetHints":{"allow":["GET"]}}],"collection":[{"href":"https:\/\/www.emplea-te.com\/noticias-oposiciones\/wp-json\/wp\/v2\/posts"}],"about":[{"href":"https:\/\/www.emplea-te.com\/noticias-oposiciones\/wp-json\/wp\/v2\/types\/post"}],"author":[{"embeddable":true,"href":"https:\/\/www.emplea-te.com\/noticias-oposiciones\/wp-json\/wp\/v2\/users\/1"}],"replies":[{"embeddable":true,"href":"https:\/\/www.emplea-te.com\/noticias-oposiciones\/wp-json\/wp\/v2\/comments?post=5441"}],"version-history":[{"count":1,"href":"https:\/\/www.emplea-te.com\/noticias-oposiciones\/wp-json\/wp\/v2\/posts\/5441\/revisions"}],"predecessor-version":[{"id":5442,"href":"https:\/\/www.emplea-te.com\/noticias-oposiciones\/wp-json\/wp\/v2\/posts\/5441\/revisions\/5442"}],"wp:attachment":[{"href":"https:\/\/www.emplea-te.com\/noticias-oposiciones\/wp-json\/wp\/v2\/media?parent=5441"}],"wp:term":[{"taxonomy":"category","embeddable":true,"href":"https:\/\/www.emplea-te.com\/noticias-oposiciones\/wp-json\/wp\/v2\/categories?post=5441"},{"taxonomy":"post_tag","embeddable":true,"href":"https:\/\/www.emplea-te.com\/noticias-oposiciones\/wp-json\/wp\/v2\/tags?post=5441"}],"curies":[{"name":"wp","href":"https:\/\/api.w.org\/{rel}","templated":true}]}}