{"id":5456,"date":"2021-10-25T11:20:41","date_gmt":"2021-10-25T09:20:41","guid":{"rendered":"https:\/\/www.emplea-te.com\/noticias-oposiciones\/?p=5456"},"modified":"2021-10-25T11:20:41","modified_gmt":"2021-10-25T09:20:41","slug":"diputacion-de-ourense-publicada-la-convocatoria-para-cubrir-distintas-plazas-el-plazo-para-presentar-instancias-esta-abierto-hasta-el-dia-15-11-2021","status":"publish","type":"post","link":"https:\/\/www.emplea-te.com\/noticias-oposiciones\/diputacion-de-ourense-publicada-la-convocatoria-para-cubrir-distintas-plazas-el-plazo-para-presentar-instancias-esta-abierto-hasta-el-dia-15-11-2021\/","title":{"rendered":"Diputaci\u00f3n de Ourense. Publicada la convocatoria para cubrir distintas plazas. El plazo para presentar instancias est\u00e1 abierto hasta el d\u00eda 15\/11\/2021"},"content":{"rendered":"<p>Diputaci\u00f3n de Ourense:<\/p>\n<p>Se publica en el BOE de hoy, d\u00eda 25 de octubre de 2021, la Resoluci\u00f3n referente a la convocatoria para cubrir distintas plazas.<\/p>\n<p><a href=\"https:\/\/bop.depourense.es\/portal\/cambioBoletin.do\" target=\"_blank\" rel=\"noopener noreferrer\">En el \u00abBolet\u00edn Oficial de la Provincia de Ourense\u00bb n\u00famero 120, de 29 de mayo de 2021, con correcci\u00f3n en el n\u00famero 140, de 22 de junio de 2021, se han publicado \u00edntegramente las bases que han de regir la convocatoria de dichas plazas.<\/a><\/p>\n<p>Destacamos las siguientes plazas convocadas que puedes preparar en nuestros grupos presenciales y on line:<\/p>\n<p>1- Una plaza de Gestor\/a de Administraci\u00f3n General, perteneciente a la escala de Administraci\u00f3n General, subescala de Gesti\u00f3n, Subgrupo A2, mediante el sistema de oposici\u00f3n, en turno libre.<\/p>\n<p>2-Dos plazas de Administrativo\/a de Administraci\u00f3n General, pertenecientes a la escala de Administraci\u00f3n General, subescala Administrativa, Subgrupo C1, mediante el sistema de concurso-oposici\u00f3n, en turno de promoci\u00f3n interna vertical.<\/p>\n<p>3- Dos plazas de Auxiliar de Administraci\u00f3n General, pertenecientes a la escala de Administraci\u00f3n General, subescala Auxiliar, Subgrupo C2, mediante el sistema de concurso-oposici\u00f3n, en turno de promoci\u00f3n interna vertical.<br \/>\nSe reserva una de las plazas para personas con diversidad funcional.<\/p>\n<p>El plazo de presentaci\u00f3n de solicitudes ser\u00e1 de veinte d\u00edas naturales a contar desde el siguiente al de la publicaci\u00f3n de esta resoluci\u00f3n en el \u00abBolet\u00edn Oficial del Estado\u00bb.<br \/>\nPor tanto el plazo estar\u00e1 abierto desde el d\u00eda 26\/10\/2021 y finalizar\u00e1 el d\u00eda 15\/11\/2021.<br \/>\nLos sucesivos anuncios relativos a esta convocatoria, cuando procedan de<br \/>\nconformidad con las bases, se har\u00e1n p\u00fablicos en la sede electr\u00f3nica de la Diputaci\u00f3n Provincial de Ourense, en la p\u00e1gina web www.depourense.es y en el \u00abBolet\u00edn Oficial de la Provincia de Ourense\u00bb.<\/p>\n<p><a href=\"https:\/\/www.boe.es\/boe\/dias\/2021\/10\/25\/pdfs\/BOE-A-2021-17317.pdf\" target=\"_blank\" rel=\"noopener noreferrer\">Desde este enlace puedes acceder a la Resoluci\u00f3n publicada en el BOE de hoy.\u00a0<\/a><\/p>\n<p>&nbsp;<\/p>\n","protected":false},"excerpt":{"rendered":"<p>Diputaci\u00f3n de Ourense: Se publica en el BOE de hoy, d\u00eda 25 de octubre de 2021, la Resoluci\u00f3n referente a la convocatoria para cubrir distintas plazas. En el \u00abBolet\u00edn Oficial de la Provincia de Ourense\u00bb n\u00famero 120, de 29 de mayo de 2021, con correcci\u00f3n en el n\u00famero 140, de 22 de junio de 2021, &hellip; <a href=\"https:\/\/www.emplea-te.com\/noticias-oposiciones\/diputacion-de-ourense-publicada-la-convocatoria-para-cubrir-distintas-plazas-el-plazo-para-presentar-instancias-esta-abierto-hasta-el-dia-15-11-2021\/\" class=\"more-link\">Continuar leyendo<span class=\"screen-reader-text\"> \u00abDiputaci\u00f3n de Ourense. Publicada la convocatoria para cubrir distintas plazas. El plazo para presentar instancias est\u00e1 abierto hasta el d\u00eda 15\/11\/2021\u00bb<\/span><\/a><\/p>\n","protected":false},"author":1,"featured_media":0,"comment_status":"closed","ping_status":"closed","sticky":false,"template":"","format":"standard","meta":{"footnotes":""},"categories":[45,56],"tags":[49],"class_list":["post-5456","post","type-post","status-publish","format-standard","hentry","category-diputacion-de-ourense","category-oposiciones-autonomicas-galicia","tag-convocatorias-de-oposiciones"],"yoast_head":"<!-- This site is optimized with the Yoast SEO plugin v27.5 - https:\/\/yoast.com\/product\/yoast-seo-wordpress\/ -->\n<title>Diputaci\u00f3n de Ourense. Convocatoria publicada para cubrir distintas plazas. El plazo de presentaci\u00f3n de instancias finaliza el d\u00eda 15\/11\/2021.<\/title>\n<meta name=\"description\" content=\"Diputaci\u00f3n de Ourense. Convocatoria publicada para cubrir distintas plazas. El plazo de presentaci\u00f3n de instancias finaliza el d\u00eda 15\/11\/2021.\" \/>\n<meta name=\"robots\" content=\"index, follow, max-snippet:-1, max-image-preview:large, max-video-preview:-1\" \/>\n<link rel=\"canonical\" href=\"https:\/\/www.emplea-te.com\/noticias-oposiciones\/diputacion-de-ourense-publicada-la-convocatoria-para-cubrir-distintas-plazas-el-plazo-para-presentar-instancias-esta-abierto-hasta-el-dia-15-11-2021\/\" \/>\n<meta property=\"og:locale\" content=\"es_ES\" \/>\n<meta property=\"og:type\" content=\"article\" \/>\n<meta property=\"og:title\" content=\"Diputaci\u00f3n de Ourense. Convocatoria publicada para cubrir distintas plazas. El plazo de presentaci\u00f3n de instancias finaliza el d\u00eda 15\/11\/2021.\" \/>\n<meta property=\"og:description\" content=\"Diputaci\u00f3n de Ourense. Convocatoria publicada para cubrir distintas plazas. El plazo de presentaci\u00f3n de instancias finaliza el d\u00eda 15\/11\/2021.\" \/>\n<meta property=\"og:url\" content=\"https:\/\/www.emplea-te.com\/noticias-oposiciones\/diputacion-de-ourense-publicada-la-convocatoria-para-cubrir-distintas-plazas-el-plazo-para-presentar-instancias-esta-abierto-hasta-el-dia-15-11-2021\/\" \/>\n<meta property=\"og:site_name\" content=\"Noticas de oposiciones por Academia Emplea-te\" \/>\n<meta property=\"article:publisher\" content=\"https:\/\/www.facebook.com\/AcademiaEmpleate\/\" \/>\n<meta property=\"article:published_time\" content=\"2021-10-25T09:20:41+00:00\" \/>\n<meta name=\"author\" content=\"Empleate\" \/>\n<meta name=\"twitter:card\" content=\"summary_large_image\" \/>\n<meta name=\"twitter:creator\" content=\"@Emplea_Te\" \/>\n<meta name=\"twitter:site\" content=\"@Emplea_Te\" \/>\n<meta name=\"twitter:label1\" content=\"Escrito por\" \/>\n\t<meta name=\"twitter:data1\" content=\"Empleate\" \/>\n\t<meta name=\"twitter:label2\" content=\"Tiempo de lectura\" \/>\n\t<meta name=\"twitter:data2\" content=\"2 minutos\" \/>\n<script type=\"application\/ld+json\" class=\"yoast-schema-graph\">{\"@context\":\"https:\\\/\\\/schema.org\",\"@graph\":[{\"@type\":\"Article\",\"@id\":\"https:\\\/\\\/www.emplea-te.com\\\/noticias-oposiciones\\\/diputacion-de-ourense-publicada-la-convocatoria-para-cubrir-distintas-plazas-el-plazo-para-presentar-instancias-esta-abierto-hasta-el-dia-15-11-2021\\\/#article\",\"isPartOf\":{\"@id\":\"https:\\\/\\\/www.emplea-te.com\\\/noticias-oposiciones\\\/diputacion-de-ourense-publicada-la-convocatoria-para-cubrir-distintas-plazas-el-plazo-para-presentar-instancias-esta-abierto-hasta-el-dia-15-11-2021\\\/\"},\"author\":{\"name\":\"Empleate\",\"@id\":\"https:\\\/\\\/www.emplea-te.com\\\/noticias-oposiciones\\\/#\\\/schema\\\/person\\\/d1bc587e1af2b95e9c32aba1795509a6\"},\"headline\":\"Diputaci\u00f3n de Ourense. Publicada la convocatoria para cubrir distintas plazas. El plazo para presentar instancias est\u00e1 abierto hasta el d\u00eda 15\\\/11\\\/2021\",\"datePublished\":\"2021-10-25T09:20:41+00:00\",\"mainEntityOfPage\":{\"@id\":\"https:\\\/\\\/www.emplea-te.com\\\/noticias-oposiciones\\\/diputacion-de-ourense-publicada-la-convocatoria-para-cubrir-distintas-plazas-el-plazo-para-presentar-instancias-esta-abierto-hasta-el-dia-15-11-2021\\\/\"},\"wordCount\":333,\"publisher\":{\"@id\":\"https:\\\/\\\/www.emplea-te.com\\\/noticias-oposiciones\\\/#organization\"},\"keywords\":[\"Convocatoria\"],\"articleSection\":[\"Diputaci\u00f3n de Ourense\",\"Oposiciones Auton\u00f3micas Galicia\"],\"inLanguage\":\"es\"},{\"@type\":\"WebPage\",\"@id\":\"https:\\\/\\\/www.emplea-te.com\\\/noticias-oposiciones\\\/diputacion-de-ourense-publicada-la-convocatoria-para-cubrir-distintas-plazas-el-plazo-para-presentar-instancias-esta-abierto-hasta-el-dia-15-11-2021\\\/\",\"url\":\"https:\\\/\\\/www.emplea-te.com\\\/noticias-oposiciones\\\/diputacion-de-ourense-publicada-la-convocatoria-para-cubrir-distintas-plazas-el-plazo-para-presentar-instancias-esta-abierto-hasta-el-dia-15-11-2021\\\/\",\"name\":\"Diputaci\u00f3n de Ourense. Convocatoria publicada para cubrir distintas plazas. El plazo de presentaci\u00f3n de instancias finaliza el d\u00eda 15\\\/11\\\/2021.\",\"isPartOf\":{\"@id\":\"https:\\\/\\\/www.emplea-te.com\\\/noticias-oposiciones\\\/#website\"},\"datePublished\":\"2021-10-25T09:20:41+00:00\",\"description\":\"Diputaci\u00f3n de Ourense. Convocatoria publicada para cubrir distintas plazas. El plazo de presentaci\u00f3n de instancias finaliza el d\u00eda 15\\\/11\\\/2021.\",\"breadcrumb\":{\"@id\":\"https:\\\/\\\/www.emplea-te.com\\\/noticias-oposiciones\\\/diputacion-de-ourense-publicada-la-convocatoria-para-cubrir-distintas-plazas-el-plazo-para-presentar-instancias-esta-abierto-hasta-el-dia-15-11-2021\\\/#breadcrumb\"},\"inLanguage\":\"es\",\"potentialAction\":[{\"@type\":\"ReadAction\",\"target\":[\"https:\\\/\\\/www.emplea-te.com\\\/noticias-oposiciones\\\/diputacion-de-ourense-publicada-la-convocatoria-para-cubrir-distintas-plazas-el-plazo-para-presentar-instancias-esta-abierto-hasta-el-dia-15-11-2021\\\/\"]}]},{\"@type\":\"BreadcrumbList\",\"@id\":\"https:\\\/\\\/www.emplea-te.com\\\/noticias-oposiciones\\\/diputacion-de-ourense-publicada-la-convocatoria-para-cubrir-distintas-plazas-el-plazo-para-presentar-instancias-esta-abierto-hasta-el-dia-15-11-2021\\\/#breadcrumb\",\"itemListElement\":[{\"@type\":\"ListItem\",\"position\":1,\"name\":\"Noticias Oposiciones\",\"item\":\"https:\\\/\\\/www.emplea-te.com\\\/noticias-oposiciones\\\/\"},{\"@type\":\"ListItem\",\"position\":2,\"name\":\"Oposiciones Auton\u00f3micas Galicia\",\"item\":\"https:\\\/\\\/www.emplea-te.com\\\/noticias-oposiciones\\\/categoria\\\/oposiciones-autonomicas-galicia\\\/\"},{\"@type\":\"ListItem\",\"position\":3,\"name\":\"Diputaci\u00f3n de Ourense. Publicada la convocatoria para cubrir distintas plazas. El plazo para presentar instancias est\u00e1 abierto hasta el d\u00eda 15\\\/11\\\/2021\"}]},{\"@type\":\"WebSite\",\"@id\":\"https:\\\/\\\/www.emplea-te.com\\\/noticias-oposiciones\\\/#website\",\"url\":\"https:\\\/\\\/www.emplea-te.com\\\/noticias-oposiciones\\\/\",\"name\":\"Noticas de oposiciones por Academia Emplea-te\",\"description\":\"Toda la actualidad de las ofertas y convocatorias.\",\"publisher\":{\"@id\":\"https:\\\/\\\/www.emplea-te.com\\\/noticias-oposiciones\\\/#organization\"},\"potentialAction\":[{\"@type\":\"SearchAction\",\"target\":{\"@type\":\"EntryPoint\",\"urlTemplate\":\"https:\\\/\\\/www.emplea-te.com\\\/noticias-oposiciones\\\/?s={search_term_string}\"},\"query-input\":{\"@type\":\"PropertyValueSpecification\",\"valueRequired\":true,\"valueName\":\"search_term_string\"}}],\"inLanguage\":\"es\"},{\"@type\":\"Organization\",\"@id\":\"https:\\\/\\\/www.emplea-te.com\\\/noticias-oposiciones\\\/#organization\",\"name\":\"Academia de oposiciones Empl\u00e9ate\",\"url\":\"https:\\\/\\\/www.emplea-te.com\\\/noticias-oposiciones\\\/\",\"logo\":{\"@type\":\"ImageObject\",\"inLanguage\":\"es\",\"@id\":\"https:\\\/\\\/www.emplea-te.com\\\/noticias-oposiciones\\\/#\\\/schema\\\/logo\\\/image\\\/\",\"url\":\"https:\\\/\\\/www.emplea-te.com\\\/noticias-oposiciones\\\/wp-content\\\/uploads\\\/2019\\\/04\\\/empleate.jpg\",\"contentUrl\":\"https:\\\/\\\/www.emplea-te.com\\\/noticias-oposiciones\\\/wp-content\\\/uploads\\\/2019\\\/04\\\/empleate.jpg\",\"width\":250,\"height\":150,\"caption\":\"Academia de oposiciones Empl\u00e9ate\"},\"image\":{\"@id\":\"https:\\\/\\\/www.emplea-te.com\\\/noticias-oposiciones\\\/#\\\/schema\\\/logo\\\/image\\\/\"},\"sameAs\":[\"https:\\\/\\\/www.facebook.com\\\/AcademiaEmpleate\\\/\",\"https:\\\/\\\/x.com\\\/Emplea_Te\",\"https:\\\/\\\/www.instagram.com\\\/academia_empleate\\\/\"]},{\"@type\":\"Person\",\"@id\":\"https:\\\/\\\/www.emplea-te.com\\\/noticias-oposiciones\\\/#\\\/schema\\\/person\\\/d1bc587e1af2b95e9c32aba1795509a6\",\"name\":\"Empleate\"}]}<\/script>\n<!-- \/ Yoast SEO plugin. -->","yoast_head_json":{"title":"Diputaci\u00f3n de Ourense. Convocatoria publicada para cubrir distintas plazas. El plazo de presentaci\u00f3n de instancias finaliza el d\u00eda 15\/11\/2021.","description":"Diputaci\u00f3n de Ourense. Convocatoria publicada para cubrir distintas plazas. El plazo de presentaci\u00f3n de instancias finaliza el d\u00eda 15\/11\/2021.","robots":{"index":"index","follow":"follow","max-snippet":"max-snippet:-1","max-image-preview":"max-image-preview:large","max-video-preview":"max-video-preview:-1"},"canonical":"https:\/\/www.emplea-te.com\/noticias-oposiciones\/diputacion-de-ourense-publicada-la-convocatoria-para-cubrir-distintas-plazas-el-plazo-para-presentar-instancias-esta-abierto-hasta-el-dia-15-11-2021\/","og_locale":"es_ES","og_type":"article","og_title":"Diputaci\u00f3n de Ourense. Convocatoria publicada para cubrir distintas plazas. El plazo de presentaci\u00f3n de instancias finaliza el d\u00eda 15\/11\/2021.","og_description":"Diputaci\u00f3n de Ourense. Convocatoria publicada para cubrir distintas plazas. El plazo de presentaci\u00f3n de instancias finaliza el d\u00eda 15\/11\/2021.","og_url":"https:\/\/www.emplea-te.com\/noticias-oposiciones\/diputacion-de-ourense-publicada-la-convocatoria-para-cubrir-distintas-plazas-el-plazo-para-presentar-instancias-esta-abierto-hasta-el-dia-15-11-2021\/","og_site_name":"Noticas de oposiciones por Academia Emplea-te","article_publisher":"https:\/\/www.facebook.com\/AcademiaEmpleate\/","article_published_time":"2021-10-25T09:20:41+00:00","author":"Empleate","twitter_card":"summary_large_image","twitter_creator":"@Emplea_Te","twitter_site":"@Emplea_Te","twitter_misc":{"Escrito por":"Empleate","Tiempo de lectura":"2 minutos"},"schema":{"@context":"https:\/\/schema.org","@graph":[{"@type":"Article","@id":"https:\/\/www.emplea-te.com\/noticias-oposiciones\/diputacion-de-ourense-publicada-la-convocatoria-para-cubrir-distintas-plazas-el-plazo-para-presentar-instancias-esta-abierto-hasta-el-dia-15-11-2021\/#article","isPartOf":{"@id":"https:\/\/www.emplea-te.com\/noticias-oposiciones\/diputacion-de-ourense-publicada-la-convocatoria-para-cubrir-distintas-plazas-el-plazo-para-presentar-instancias-esta-abierto-hasta-el-dia-15-11-2021\/"},"author":{"name":"Empleate","@id":"https:\/\/www.emplea-te.com\/noticias-oposiciones\/#\/schema\/person\/d1bc587e1af2b95e9c32aba1795509a6"},"headline":"Diputaci\u00f3n de Ourense. Publicada la convocatoria para cubrir distintas plazas. El plazo para presentar instancias est\u00e1 abierto hasta el d\u00eda 15\/11\/2021","datePublished":"2021-10-25T09:20:41+00:00","mainEntityOfPage":{"@id":"https:\/\/www.emplea-te.com\/noticias-oposiciones\/diputacion-de-ourense-publicada-la-convocatoria-para-cubrir-distintas-plazas-el-plazo-para-presentar-instancias-esta-abierto-hasta-el-dia-15-11-2021\/"},"wordCount":333,"publisher":{"@id":"https:\/\/www.emplea-te.com\/noticias-oposiciones\/#organization"},"keywords":["Convocatoria"],"articleSection":["Diputaci\u00f3n de Ourense","Oposiciones Auton\u00f3micas Galicia"],"inLanguage":"es"},{"@type":"WebPage","@id":"https:\/\/www.emplea-te.com\/noticias-oposiciones\/diputacion-de-ourense-publicada-la-convocatoria-para-cubrir-distintas-plazas-el-plazo-para-presentar-instancias-esta-abierto-hasta-el-dia-15-11-2021\/","url":"https:\/\/www.emplea-te.com\/noticias-oposiciones\/diputacion-de-ourense-publicada-la-convocatoria-para-cubrir-distintas-plazas-el-plazo-para-presentar-instancias-esta-abierto-hasta-el-dia-15-11-2021\/","name":"Diputaci\u00f3n de Ourense. Convocatoria publicada para cubrir distintas plazas. El plazo de presentaci\u00f3n de instancias finaliza el d\u00eda 15\/11\/2021.","isPartOf":{"@id":"https:\/\/www.emplea-te.com\/noticias-oposiciones\/#website"},"datePublished":"2021-10-25T09:20:41+00:00","description":"Diputaci\u00f3n de Ourense. Convocatoria publicada para cubrir distintas plazas. El plazo de presentaci\u00f3n de instancias finaliza el d\u00eda 15\/11\/2021.","breadcrumb":{"@id":"https:\/\/www.emplea-te.com\/noticias-oposiciones\/diputacion-de-ourense-publicada-la-convocatoria-para-cubrir-distintas-plazas-el-plazo-para-presentar-instancias-esta-abierto-hasta-el-dia-15-11-2021\/#breadcrumb"},"inLanguage":"es","potentialAction":[{"@type":"ReadAction","target":["https:\/\/www.emplea-te.com\/noticias-oposiciones\/diputacion-de-ourense-publicada-la-convocatoria-para-cubrir-distintas-plazas-el-plazo-para-presentar-instancias-esta-abierto-hasta-el-dia-15-11-2021\/"]}]},{"@type":"BreadcrumbList","@id":"https:\/\/www.emplea-te.com\/noticias-oposiciones\/diputacion-de-ourense-publicada-la-convocatoria-para-cubrir-distintas-plazas-el-plazo-para-presentar-instancias-esta-abierto-hasta-el-dia-15-11-2021\/#breadcrumb","itemListElement":[{"@type":"ListItem","position":1,"name":"Noticias Oposiciones","item":"https:\/\/www.emplea-te.com\/noticias-oposiciones\/"},{"@type":"ListItem","position":2,"name":"Oposiciones Auton\u00f3micas Galicia","item":"https:\/\/www.emplea-te.com\/noticias-oposiciones\/categoria\/oposiciones-autonomicas-galicia\/"},{"@type":"ListItem","position":3,"name":"Diputaci\u00f3n de Ourense. Publicada la convocatoria para cubrir distintas plazas. El plazo para presentar instancias est\u00e1 abierto hasta el d\u00eda 15\/11\/2021"}]},{"@type":"WebSite","@id":"https:\/\/www.emplea-te.com\/noticias-oposiciones\/#website","url":"https:\/\/www.emplea-te.com\/noticias-oposiciones\/","name":"Noticas de oposiciones por Academia Emplea-te","description":"Toda la actualidad de las ofertas y convocatorias.","publisher":{"@id":"https:\/\/www.emplea-te.com\/noticias-oposiciones\/#organization"},"potentialAction":[{"@type":"SearchAction","target":{"@type":"EntryPoint","urlTemplate":"https:\/\/www.emplea-te.com\/noticias-oposiciones\/?s={search_term_string}"},"query-input":{"@type":"PropertyValueSpecification","valueRequired":true,"valueName":"search_term_string"}}],"inLanguage":"es"},{"@type":"Organization","@id":"https:\/\/www.emplea-te.com\/noticias-oposiciones\/#organization","name":"Academia de oposiciones Empl\u00e9ate","url":"https:\/\/www.emplea-te.com\/noticias-oposiciones\/","logo":{"@type":"ImageObject","inLanguage":"es","@id":"https:\/\/www.emplea-te.com\/noticias-oposiciones\/#\/schema\/logo\/image\/","url":"https:\/\/www.emplea-te.com\/noticias-oposiciones\/wp-content\/uploads\/2019\/04\/empleate.jpg","contentUrl":"https:\/\/www.emplea-te.com\/noticias-oposiciones\/wp-content\/uploads\/2019\/04\/empleate.jpg","width":250,"height":150,"caption":"Academia de oposiciones Empl\u00e9ate"},"image":{"@id":"https:\/\/www.emplea-te.com\/noticias-oposiciones\/#\/schema\/logo\/image\/"},"sameAs":["https:\/\/www.facebook.com\/AcademiaEmpleate\/","https:\/\/x.com\/Emplea_Te","https:\/\/www.instagram.com\/academia_empleate\/"]},{"@type":"Person","@id":"https:\/\/www.emplea-te.com\/noticias-oposiciones\/#\/schema\/person\/d1bc587e1af2b95e9c32aba1795509a6","name":"Empleate"}]}},"_links":{"self":[{"href":"https:\/\/www.emplea-te.com\/noticias-oposiciones\/wp-json\/wp\/v2\/posts\/5456","targetHints":{"allow":["GET"]}}],"collection":[{"href":"https:\/\/www.emplea-te.com\/noticias-oposiciones\/wp-json\/wp\/v2\/posts"}],"about":[{"href":"https:\/\/www.emplea-te.com\/noticias-oposiciones\/wp-json\/wp\/v2\/types\/post"}],"author":[{"embeddable":true,"href":"https:\/\/www.emplea-te.com\/noticias-oposiciones\/wp-json\/wp\/v2\/users\/1"}],"replies":[{"embeddable":true,"href":"https:\/\/www.emplea-te.com\/noticias-oposiciones\/wp-json\/wp\/v2\/comments?post=5456"}],"version-history":[{"count":1,"href":"https:\/\/www.emplea-te.com\/noticias-oposiciones\/wp-json\/wp\/v2\/posts\/5456\/revisions"}],"predecessor-version":[{"id":5457,"href":"https:\/\/www.emplea-te.com\/noticias-oposiciones\/wp-json\/wp\/v2\/posts\/5456\/revisions\/5457"}],"wp:attachment":[{"href":"https:\/\/www.emplea-te.com\/noticias-oposiciones\/wp-json\/wp\/v2\/media?parent=5456"}],"wp:term":[{"taxonomy":"category","embeddable":true,"href":"https:\/\/www.emplea-te.com\/noticias-oposiciones\/wp-json\/wp\/v2\/categories?post=5456"},{"taxonomy":"post_tag","embeddable":true,"href":"https:\/\/www.emplea-te.com\/noticias-oposiciones\/wp-json\/wp\/v2\/tags?post=5456"}],"curies":[{"name":"wp","href":"https:\/\/api.w.org\/{rel}","templated":true}]}}