{"id":5458,"date":"2021-10-26T10:00:53","date_gmt":"2021-10-26T08:00:53","guid":{"rendered":"https:\/\/www.emplea-te.com\/noticias-oposiciones\/?p=5458"},"modified":"2021-10-26T10:00:53","modified_gmt":"2021-10-26T08:00:53","slug":"xunta-de-galicia-auxiliar-administrativo-c2-acceso-libre-publicado-acuerdo-con-las-reclamaciones-atendidas","status":"publish","type":"post","link":"https:\/\/www.emplea-te.com\/noticias-oposiciones\/xunta-de-galicia-auxiliar-administrativo-c2-acceso-libre-publicado-acuerdo-con-las-reclamaciones-atendidas\/","title":{"rendered":"Xunta de Galicia. Auxiliar Administrativo C2 acceso libre. Publicado Acuerdo con las reclamaciones atendidas."},"content":{"rendered":"<p>Se publica en el DOG de hoy, d\u00eda 26 de octubre de 2021, el Acuerdo del Tribunal,\u00a0 designado para calificar el proceso de selecci\u00f3n para la admisi\u00f3n, por turno de libre acceso, en el \u00f3rgano auxiliar de la Administraci\u00f3n General de la Comunidad Aut\u00f3noma de Galicia, subgrupo C2, convocado por Orden de 22 de noviembre de 2019 .<\/p>\n<p>HA ACORDADO:<\/p>\n<p>Primero.<br \/>\nQue, habiendo examinado los reclamos presentados por los aspirantes en las listas de puntajes publicados por el Convenio de 9 de agosto de 2021 (DOG No. 168 de 1 de septiembre) y realizado una nueva correcci\u00f3n respecto a las veintisiete reclamos recibidos, se incrementa cinco su puntaje, que no afecta el n\u00famero de postulantes que aprobaron el ejercicio.<\/p>\n<p>Segundo.<br \/>\nPublicar en el portal web de la Xunta de Galicia, <a href=\"http:\/\/www.xunta.gal\" target=\"_blank\" rel=\"noopener noreferrer\">funcionpublica.xunta.gal<\/a>, las puntuaciones obtenidas por las personas aspirantes que hayan visto modificada su puntuaci\u00f3n.<\/p>\n<p>Tercera.<br \/>\nDe acuerdo con lo establecido en la base III.13, contra este convenio podr\u00e1 interponerse recurso ante el Ministro de Hacienda y Administraciones P\u00fablicas en los t\u00e9rminos previstos en los art\u00edculos 121 y 122 de la Ley 39\/2015, de 1 de octubre, de Ordenaci\u00f3n Com\u00fan. procedimiento administrativo de las administraciones p\u00fablicas.<\/p>\n<p><a href=\"https:\/\/www.xunta.gal\/dog\/Publicados\/2021\/20211026\/AnuncioG0597-191021-0004_gl.html\" target=\"_blank\" rel=\"noopener noreferrer\">Desde este enlace puedes acceder al contenido \u00edntegro del Acuerdo.<\/a><\/p>\n<p>&nbsp;<\/p>\n","protected":false},"excerpt":{"rendered":"<p>Se publica en el DOG de hoy, d\u00eda 26 de octubre de 2021, el Acuerdo del Tribunal,\u00a0 designado para calificar el proceso de selecci\u00f3n para la admisi\u00f3n, por turno de libre acceso, en el \u00f3rgano auxiliar de la Administraci\u00f3n General de la Comunidad Aut\u00f3noma de Galicia, subgrupo C2, convocado por Orden de 22 de noviembre &hellip; <a href=\"https:\/\/www.emplea-te.com\/noticias-oposiciones\/xunta-de-galicia-auxiliar-administrativo-c2-acceso-libre-publicado-acuerdo-con-las-reclamaciones-atendidas\/\" class=\"more-link\">Continuar leyendo<span class=\"screen-reader-text\"> \u00abXunta de Galicia. Auxiliar Administrativo C2 acceso libre. Publicado Acuerdo con las reclamaciones atendidas.\u00bb<\/span><\/a><\/p>\n","protected":false},"author":1,"featured_media":0,"comment_status":"closed","ping_status":"closed","sticky":false,"template":"","format":"standard","meta":{"footnotes":""},"categories":[57,4],"tags":[72],"class_list":["post-5458","post","type-post","status-publish","format-standard","hentry","category-auxiliar-administrativo-c2-xunta","category-oposiciones-xunta","tag-puntuaciones-y-notas-de-corte"],"yoast_head":"<!-- This site is optimized with the Yoast SEO plugin v27.5 - https:\/\/yoast.com\/product\/yoast-seo-wordpress\/ -->\n<title>Auxiliar Administrativo C2 Xunta de Galicia acceso libre. Acuerdos del Tribunal encargado de juzgar el proceso selectivo.<\/title>\n<meta name=\"description\" content=\"Auxiliar Administrativo C2 Xunta de Galicia acceso libre. Acuerdos del Tribunal encargado de juzgar el proceso selectivo.\" \/>\n<meta name=\"robots\" content=\"index, follow, max-snippet:-1, max-image-preview:large, max-video-preview:-1\" \/>\n<link rel=\"canonical\" href=\"https:\/\/www.emplea-te.com\/noticias-oposiciones\/xunta-de-galicia-auxiliar-administrativo-c2-acceso-libre-publicado-acuerdo-con-las-reclamaciones-atendidas\/\" \/>\n<meta property=\"og:locale\" content=\"es_ES\" \/>\n<meta property=\"og:type\" content=\"article\" \/>\n<meta property=\"og:title\" content=\"Auxiliar Administrativo C2 Xunta de Galicia acceso libre. Acuerdos del Tribunal encargado de juzgar el proceso selectivo.\" \/>\n<meta property=\"og:description\" content=\"Auxiliar Administrativo C2 Xunta de Galicia acceso libre. Acuerdos del Tribunal encargado de juzgar el proceso selectivo.\" \/>\n<meta property=\"og:url\" content=\"https:\/\/www.emplea-te.com\/noticias-oposiciones\/xunta-de-galicia-auxiliar-administrativo-c2-acceso-libre-publicado-acuerdo-con-las-reclamaciones-atendidas\/\" \/>\n<meta property=\"og:site_name\" content=\"Noticas de oposiciones por Academia Emplea-te\" \/>\n<meta property=\"article:publisher\" content=\"https:\/\/www.facebook.com\/AcademiaEmpleate\/\" \/>\n<meta property=\"article:published_time\" content=\"2021-10-26T08:00:53+00:00\" \/>\n<meta name=\"author\" content=\"Empleate\" \/>\n<meta name=\"twitter:card\" content=\"summary_large_image\" \/>\n<meta name=\"twitter:creator\" content=\"@Emplea_Te\" \/>\n<meta name=\"twitter:site\" content=\"@Emplea_Te\" \/>\n<meta name=\"twitter:label1\" content=\"Escrito por\" \/>\n\t<meta name=\"twitter:data1\" content=\"Empleate\" \/>\n\t<meta name=\"twitter:label2\" content=\"Tiempo de lectura\" \/>\n\t<meta name=\"twitter:data2\" content=\"1 minuto\" \/>\n<script type=\"application\/ld+json\" class=\"yoast-schema-graph\">{\"@context\":\"https:\\\/\\\/schema.org\",\"@graph\":[{\"@type\":\"Article\",\"@id\":\"https:\\\/\\\/www.emplea-te.com\\\/noticias-oposiciones\\\/xunta-de-galicia-auxiliar-administrativo-c2-acceso-libre-publicado-acuerdo-con-las-reclamaciones-atendidas\\\/#article\",\"isPartOf\":{\"@id\":\"https:\\\/\\\/www.emplea-te.com\\\/noticias-oposiciones\\\/xunta-de-galicia-auxiliar-administrativo-c2-acceso-libre-publicado-acuerdo-con-las-reclamaciones-atendidas\\\/\"},\"author\":{\"name\":\"Empleate\",\"@id\":\"https:\\\/\\\/www.emplea-te.com\\\/noticias-oposiciones\\\/#\\\/schema\\\/person\\\/d1bc587e1af2b95e9c32aba1795509a6\"},\"headline\":\"Xunta de Galicia. Auxiliar Administrativo C2 acceso libre. Publicado Acuerdo con las reclamaciones atendidas.\",\"datePublished\":\"2021-10-26T08:00:53+00:00\",\"mainEntityOfPage\":{\"@id\":\"https:\\\/\\\/www.emplea-te.com\\\/noticias-oposiciones\\\/xunta-de-galicia-auxiliar-administrativo-c2-acceso-libre-publicado-acuerdo-con-las-reclamaciones-atendidas\\\/\"},\"wordCount\":223,\"publisher\":{\"@id\":\"https:\\\/\\\/www.emplea-te.com\\\/noticias-oposiciones\\\/#organization\"},\"keywords\":[\"Puntuaciones y notas de corte\"],\"articleSection\":[\"Auxiliar Administrativo C2 Xunta\",\"Oposiciones Xunta\"],\"inLanguage\":\"es\"},{\"@type\":\"WebPage\",\"@id\":\"https:\\\/\\\/www.emplea-te.com\\\/noticias-oposiciones\\\/xunta-de-galicia-auxiliar-administrativo-c2-acceso-libre-publicado-acuerdo-con-las-reclamaciones-atendidas\\\/\",\"url\":\"https:\\\/\\\/www.emplea-te.com\\\/noticias-oposiciones\\\/xunta-de-galicia-auxiliar-administrativo-c2-acceso-libre-publicado-acuerdo-con-las-reclamaciones-atendidas\\\/\",\"name\":\"Auxiliar Administrativo C2 Xunta de Galicia acceso libre. Acuerdos del Tribunal encargado de juzgar el proceso selectivo.\",\"isPartOf\":{\"@id\":\"https:\\\/\\\/www.emplea-te.com\\\/noticias-oposiciones\\\/#website\"},\"datePublished\":\"2021-10-26T08:00:53+00:00\",\"description\":\"Auxiliar Administrativo C2 Xunta de Galicia acceso libre. Acuerdos del Tribunal encargado de juzgar el proceso selectivo.\",\"breadcrumb\":{\"@id\":\"https:\\\/\\\/www.emplea-te.com\\\/noticias-oposiciones\\\/xunta-de-galicia-auxiliar-administrativo-c2-acceso-libre-publicado-acuerdo-con-las-reclamaciones-atendidas\\\/#breadcrumb\"},\"inLanguage\":\"es\",\"potentialAction\":[{\"@type\":\"ReadAction\",\"target\":[\"https:\\\/\\\/www.emplea-te.com\\\/noticias-oposiciones\\\/xunta-de-galicia-auxiliar-administrativo-c2-acceso-libre-publicado-acuerdo-con-las-reclamaciones-atendidas\\\/\"]}]},{\"@type\":\"BreadcrumbList\",\"@id\":\"https:\\\/\\\/www.emplea-te.com\\\/noticias-oposiciones\\\/xunta-de-galicia-auxiliar-administrativo-c2-acceso-libre-publicado-acuerdo-con-las-reclamaciones-atendidas\\\/#breadcrumb\",\"itemListElement\":[{\"@type\":\"ListItem\",\"position\":1,\"name\":\"Noticias Oposiciones\",\"item\":\"https:\\\/\\\/www.emplea-te.com\\\/noticias-oposiciones\\\/\"},{\"@type\":\"ListItem\",\"position\":2,\"name\":\"Oposiciones Xunta\",\"item\":\"https:\\\/\\\/www.emplea-te.com\\\/noticias-oposiciones\\\/categoria\\\/oposiciones-xunta\\\/\"},{\"@type\":\"ListItem\",\"position\":3,\"name\":\"Xunta de Galicia. Auxiliar Administrativo C2 acceso libre. Publicado Acuerdo con las reclamaciones atendidas.\"}]},{\"@type\":\"WebSite\",\"@id\":\"https:\\\/\\\/www.emplea-te.com\\\/noticias-oposiciones\\\/#website\",\"url\":\"https:\\\/\\\/www.emplea-te.com\\\/noticias-oposiciones\\\/\",\"name\":\"Noticas de oposiciones por Academia Emplea-te\",\"description\":\"Toda la actualidad de las ofertas y convocatorias.\",\"publisher\":{\"@id\":\"https:\\\/\\\/www.emplea-te.com\\\/noticias-oposiciones\\\/#organization\"},\"potentialAction\":[{\"@type\":\"SearchAction\",\"target\":{\"@type\":\"EntryPoint\",\"urlTemplate\":\"https:\\\/\\\/www.emplea-te.com\\\/noticias-oposiciones\\\/?s={search_term_string}\"},\"query-input\":{\"@type\":\"PropertyValueSpecification\",\"valueRequired\":true,\"valueName\":\"search_term_string\"}}],\"inLanguage\":\"es\"},{\"@type\":\"Organization\",\"@id\":\"https:\\\/\\\/www.emplea-te.com\\\/noticias-oposiciones\\\/#organization\",\"name\":\"Academia de oposiciones Empl\u00e9ate\",\"url\":\"https:\\\/\\\/www.emplea-te.com\\\/noticias-oposiciones\\\/\",\"logo\":{\"@type\":\"ImageObject\",\"inLanguage\":\"es\",\"@id\":\"https:\\\/\\\/www.emplea-te.com\\\/noticias-oposiciones\\\/#\\\/schema\\\/logo\\\/image\\\/\",\"url\":\"https:\\\/\\\/www.emplea-te.com\\\/noticias-oposiciones\\\/wp-content\\\/uploads\\\/2019\\\/04\\\/empleate.jpg\",\"contentUrl\":\"https:\\\/\\\/www.emplea-te.com\\\/noticias-oposiciones\\\/wp-content\\\/uploads\\\/2019\\\/04\\\/empleate.jpg\",\"width\":250,\"height\":150,\"caption\":\"Academia de oposiciones Empl\u00e9ate\"},\"image\":{\"@id\":\"https:\\\/\\\/www.emplea-te.com\\\/noticias-oposiciones\\\/#\\\/schema\\\/logo\\\/image\\\/\"},\"sameAs\":[\"https:\\\/\\\/www.facebook.com\\\/AcademiaEmpleate\\\/\",\"https:\\\/\\\/x.com\\\/Emplea_Te\",\"https:\\\/\\\/www.instagram.com\\\/academia_empleate\\\/\"]},{\"@type\":\"Person\",\"@id\":\"https:\\\/\\\/www.emplea-te.com\\\/noticias-oposiciones\\\/#\\\/schema\\\/person\\\/d1bc587e1af2b95e9c32aba1795509a6\",\"name\":\"Empleate\"}]}<\/script>\n<!-- \/ Yoast SEO plugin. -->","yoast_head_json":{"title":"Auxiliar Administrativo C2 Xunta de Galicia acceso libre. Acuerdos del Tribunal encargado de juzgar el proceso selectivo.","description":"Auxiliar Administrativo C2 Xunta de Galicia acceso libre. Acuerdos del Tribunal encargado de juzgar el proceso selectivo.","robots":{"index":"index","follow":"follow","max-snippet":"max-snippet:-1","max-image-preview":"max-image-preview:large","max-video-preview":"max-video-preview:-1"},"canonical":"https:\/\/www.emplea-te.com\/noticias-oposiciones\/xunta-de-galicia-auxiliar-administrativo-c2-acceso-libre-publicado-acuerdo-con-las-reclamaciones-atendidas\/","og_locale":"es_ES","og_type":"article","og_title":"Auxiliar Administrativo C2 Xunta de Galicia acceso libre. Acuerdos del Tribunal encargado de juzgar el proceso selectivo.","og_description":"Auxiliar Administrativo C2 Xunta de Galicia acceso libre. Acuerdos del Tribunal encargado de juzgar el proceso selectivo.","og_url":"https:\/\/www.emplea-te.com\/noticias-oposiciones\/xunta-de-galicia-auxiliar-administrativo-c2-acceso-libre-publicado-acuerdo-con-las-reclamaciones-atendidas\/","og_site_name":"Noticas de oposiciones por Academia Emplea-te","article_publisher":"https:\/\/www.facebook.com\/AcademiaEmpleate\/","article_published_time":"2021-10-26T08:00:53+00:00","author":"Empleate","twitter_card":"summary_large_image","twitter_creator":"@Emplea_Te","twitter_site":"@Emplea_Te","twitter_misc":{"Escrito por":"Empleate","Tiempo de lectura":"1 minuto"},"schema":{"@context":"https:\/\/schema.org","@graph":[{"@type":"Article","@id":"https:\/\/www.emplea-te.com\/noticias-oposiciones\/xunta-de-galicia-auxiliar-administrativo-c2-acceso-libre-publicado-acuerdo-con-las-reclamaciones-atendidas\/#article","isPartOf":{"@id":"https:\/\/www.emplea-te.com\/noticias-oposiciones\/xunta-de-galicia-auxiliar-administrativo-c2-acceso-libre-publicado-acuerdo-con-las-reclamaciones-atendidas\/"},"author":{"name":"Empleate","@id":"https:\/\/www.emplea-te.com\/noticias-oposiciones\/#\/schema\/person\/d1bc587e1af2b95e9c32aba1795509a6"},"headline":"Xunta de Galicia. Auxiliar Administrativo C2 acceso libre. Publicado Acuerdo con las reclamaciones atendidas.","datePublished":"2021-10-26T08:00:53+00:00","mainEntityOfPage":{"@id":"https:\/\/www.emplea-te.com\/noticias-oposiciones\/xunta-de-galicia-auxiliar-administrativo-c2-acceso-libre-publicado-acuerdo-con-las-reclamaciones-atendidas\/"},"wordCount":223,"publisher":{"@id":"https:\/\/www.emplea-te.com\/noticias-oposiciones\/#organization"},"keywords":["Puntuaciones y notas de corte"],"articleSection":["Auxiliar Administrativo C2 Xunta","Oposiciones Xunta"],"inLanguage":"es"},{"@type":"WebPage","@id":"https:\/\/www.emplea-te.com\/noticias-oposiciones\/xunta-de-galicia-auxiliar-administrativo-c2-acceso-libre-publicado-acuerdo-con-las-reclamaciones-atendidas\/","url":"https:\/\/www.emplea-te.com\/noticias-oposiciones\/xunta-de-galicia-auxiliar-administrativo-c2-acceso-libre-publicado-acuerdo-con-las-reclamaciones-atendidas\/","name":"Auxiliar Administrativo C2 Xunta de Galicia acceso libre. Acuerdos del Tribunal encargado de juzgar el proceso selectivo.","isPartOf":{"@id":"https:\/\/www.emplea-te.com\/noticias-oposiciones\/#website"},"datePublished":"2021-10-26T08:00:53+00:00","description":"Auxiliar Administrativo C2 Xunta de Galicia acceso libre. Acuerdos del Tribunal encargado de juzgar el proceso selectivo.","breadcrumb":{"@id":"https:\/\/www.emplea-te.com\/noticias-oposiciones\/xunta-de-galicia-auxiliar-administrativo-c2-acceso-libre-publicado-acuerdo-con-las-reclamaciones-atendidas\/#breadcrumb"},"inLanguage":"es","potentialAction":[{"@type":"ReadAction","target":["https:\/\/www.emplea-te.com\/noticias-oposiciones\/xunta-de-galicia-auxiliar-administrativo-c2-acceso-libre-publicado-acuerdo-con-las-reclamaciones-atendidas\/"]}]},{"@type":"BreadcrumbList","@id":"https:\/\/www.emplea-te.com\/noticias-oposiciones\/xunta-de-galicia-auxiliar-administrativo-c2-acceso-libre-publicado-acuerdo-con-las-reclamaciones-atendidas\/#breadcrumb","itemListElement":[{"@type":"ListItem","position":1,"name":"Noticias Oposiciones","item":"https:\/\/www.emplea-te.com\/noticias-oposiciones\/"},{"@type":"ListItem","position":2,"name":"Oposiciones Xunta","item":"https:\/\/www.emplea-te.com\/noticias-oposiciones\/categoria\/oposiciones-xunta\/"},{"@type":"ListItem","position":3,"name":"Xunta de Galicia. Auxiliar Administrativo C2 acceso libre. Publicado Acuerdo con las reclamaciones atendidas."}]},{"@type":"WebSite","@id":"https:\/\/www.emplea-te.com\/noticias-oposiciones\/#website","url":"https:\/\/www.emplea-te.com\/noticias-oposiciones\/","name":"Noticas de oposiciones por Academia Emplea-te","description":"Toda la actualidad de las ofertas y convocatorias.","publisher":{"@id":"https:\/\/www.emplea-te.com\/noticias-oposiciones\/#organization"},"potentialAction":[{"@type":"SearchAction","target":{"@type":"EntryPoint","urlTemplate":"https:\/\/www.emplea-te.com\/noticias-oposiciones\/?s={search_term_string}"},"query-input":{"@type":"PropertyValueSpecification","valueRequired":true,"valueName":"search_term_string"}}],"inLanguage":"es"},{"@type":"Organization","@id":"https:\/\/www.emplea-te.com\/noticias-oposiciones\/#organization","name":"Academia de oposiciones Empl\u00e9ate","url":"https:\/\/www.emplea-te.com\/noticias-oposiciones\/","logo":{"@type":"ImageObject","inLanguage":"es","@id":"https:\/\/www.emplea-te.com\/noticias-oposiciones\/#\/schema\/logo\/image\/","url":"https:\/\/www.emplea-te.com\/noticias-oposiciones\/wp-content\/uploads\/2019\/04\/empleate.jpg","contentUrl":"https:\/\/www.emplea-te.com\/noticias-oposiciones\/wp-content\/uploads\/2019\/04\/empleate.jpg","width":250,"height":150,"caption":"Academia de oposiciones Empl\u00e9ate"},"image":{"@id":"https:\/\/www.emplea-te.com\/noticias-oposiciones\/#\/schema\/logo\/image\/"},"sameAs":["https:\/\/www.facebook.com\/AcademiaEmpleate\/","https:\/\/x.com\/Emplea_Te","https:\/\/www.instagram.com\/academia_empleate\/"]},{"@type":"Person","@id":"https:\/\/www.emplea-te.com\/noticias-oposiciones\/#\/schema\/person\/d1bc587e1af2b95e9c32aba1795509a6","name":"Empleate"}]}},"_links":{"self":[{"href":"https:\/\/www.emplea-te.com\/noticias-oposiciones\/wp-json\/wp\/v2\/posts\/5458","targetHints":{"allow":["GET"]}}],"collection":[{"href":"https:\/\/www.emplea-te.com\/noticias-oposiciones\/wp-json\/wp\/v2\/posts"}],"about":[{"href":"https:\/\/www.emplea-te.com\/noticias-oposiciones\/wp-json\/wp\/v2\/types\/post"}],"author":[{"embeddable":true,"href":"https:\/\/www.emplea-te.com\/noticias-oposiciones\/wp-json\/wp\/v2\/users\/1"}],"replies":[{"embeddable":true,"href":"https:\/\/www.emplea-te.com\/noticias-oposiciones\/wp-json\/wp\/v2\/comments?post=5458"}],"version-history":[{"count":1,"href":"https:\/\/www.emplea-te.com\/noticias-oposiciones\/wp-json\/wp\/v2\/posts\/5458\/revisions"}],"predecessor-version":[{"id":5459,"href":"https:\/\/www.emplea-te.com\/noticias-oposiciones\/wp-json\/wp\/v2\/posts\/5458\/revisions\/5459"}],"wp:attachment":[{"href":"https:\/\/www.emplea-te.com\/noticias-oposiciones\/wp-json\/wp\/v2\/media?parent=5458"}],"wp:term":[{"taxonomy":"category","embeddable":true,"href":"https:\/\/www.emplea-te.com\/noticias-oposiciones\/wp-json\/wp\/v2\/categories?post=5458"},{"taxonomy":"post_tag","embeddable":true,"href":"https:\/\/www.emplea-te.com\/noticias-oposiciones\/wp-json\/wp\/v2\/tags?post=5458"}],"curies":[{"name":"wp","href":"https:\/\/api.w.org\/{rel}","templated":true}]}}