{"id":5460,"date":"2021-10-26T10:06:14","date_gmt":"2021-10-26T08:06:14","guid":{"rendered":"https:\/\/www.emplea-te.com\/noticias-oposiciones\/?p=5460"},"modified":"2021-10-26T10:06:14","modified_gmt":"2021-10-26T08:06:14","slug":"ayuntamiento-de-vilagarcia-de-arousa-anuncio-de-convocatoria-para-cubrir-una-plaza-de-tecnico-medio-de-administracion-por-el-turno-de-promocion-interna","status":"publish","type":"post","link":"https:\/\/www.emplea-te.com\/noticias-oposiciones\/ayuntamiento-de-vilagarcia-de-arousa-anuncio-de-convocatoria-para-cubrir-una-plaza-de-tecnico-medio-de-administracion-por-el-turno-de-promocion-interna\/","title":{"rendered":"Ayuntamiento de Vilagarc\u00eda de Arousa. Anuncio de convocatoria para cubrir una plaza de T\u00e9cnico medio de administraci\u00f3n por el turno de promoci\u00f3n interna."},"content":{"rendered":"<p>Se publica en el DOG de hoy, d\u00eda 26 de octubre de 2021, el Anuncio con la convocatoria para cubrir una plaza de T\u00e9cnico Medio de Administraci\u00f3n por el turno de promoci\u00f3n interna.<\/p>\n<p>El plazo de presentaci\u00f3n de solicitudes para participar en la respectiva prueba de selecci\u00f3n es de 20 d\u00edas naturales, contados a partir del d\u00eda siguiente a la publicaci\u00f3n de esta convocatoria en el Bolet\u00edn Oficial del Estado.<\/p>\n<p><a href=\"https:\/\/www.xunta.gal\/dog\/Publicados\/2021\/20211026\/AnuncioL260-041021-0001_gl.html\" target=\"_blank\" rel=\"noopener noreferrer\">Desde este enlace puedes acceder a la publicaci\u00f3n en el DOG<\/a><\/p>\n<p><a href=\"http:\/\/www.emplea-te.com\" target=\"_blank\" rel=\"noopener noreferrer\">Inf\u00f3rmate de c\u00f3mo prepararte en nuestros grupos presenciales y on line.\u00a0<\/a><\/p>\n","protected":false},"excerpt":{"rendered":"<p>Se publica en el DOG de hoy, d\u00eda 26 de octubre de 2021, el Anuncio con la convocatoria para cubrir una plaza de T\u00e9cnico Medio de Administraci\u00f3n por el turno de promoci\u00f3n interna. El plazo de presentaci\u00f3n de solicitudes para participar en la respectiva prueba de selecci\u00f3n es de 20 d\u00edas naturales, contados a partir &hellip; <a href=\"https:\/\/www.emplea-te.com\/noticias-oposiciones\/ayuntamiento-de-vilagarcia-de-arousa-anuncio-de-convocatoria-para-cubrir-una-plaza-de-tecnico-medio-de-administracion-por-el-turno-de-promocion-interna\/\" class=\"more-link\">Continuar leyendo<span class=\"screen-reader-text\"> \u00abAyuntamiento de Vilagarc\u00eda de Arousa. Anuncio de convocatoria para cubrir una plaza de T\u00e9cnico medio de administraci\u00f3n por el turno de promoci\u00f3n interna.\u00bb<\/span><\/a><\/p>\n","protected":false},"author":1,"featured_media":0,"comment_status":"closed","ping_status":"closed","sticky":false,"template":"","format":"standard","meta":{"footnotes":""},"categories":[37,56],"tags":[49,52],"class_list":["post-5460","post","type-post","status-publish","format-standard","hentry","category-convocatorias-ayuntamientos","category-oposiciones-autonomicas-galicia","tag-convocatorias-de-oposiciones","tag-oposiciones-promocion-interna"],"yoast_head":"<!-- This site is optimized with the Yoast SEO plugin v27.5 - https:\/\/yoast.com\/product\/yoast-seo-wordpress\/ -->\n<title>Anuncio de Convocatoria para cubrir una plaza de T\u00e9cnico medio de administraci\u00f3n en el Ayuntamiento de Vilagarc\u00eda de Arousa.<\/title>\n<meta name=\"description\" content=\"Anuncio de Convocatoria para cubrir una plaza de T\u00e9cnico medio de administraci\u00f3n en el Ayuntamiento de Vilagarc\u00eda de Arousa.\" \/>\n<meta name=\"robots\" content=\"index, follow, max-snippet:-1, max-image-preview:large, max-video-preview:-1\" \/>\n<link rel=\"canonical\" href=\"https:\/\/www.emplea-te.com\/noticias-oposiciones\/ayuntamiento-de-vilagarcia-de-arousa-anuncio-de-convocatoria-para-cubrir-una-plaza-de-tecnico-medio-de-administracion-por-el-turno-de-promocion-interna\/\" \/>\n<meta property=\"og:locale\" content=\"es_ES\" \/>\n<meta property=\"og:type\" content=\"article\" \/>\n<meta property=\"og:title\" content=\"Anuncio de Convocatoria para cubrir una plaza de T\u00e9cnico medio de administraci\u00f3n en el Ayuntamiento de Vilagarc\u00eda de Arousa.\" \/>\n<meta property=\"og:description\" content=\"Anuncio de Convocatoria para cubrir una plaza de T\u00e9cnico medio de administraci\u00f3n en el Ayuntamiento de Vilagarc\u00eda de Arousa.\" \/>\n<meta property=\"og:url\" content=\"https:\/\/www.emplea-te.com\/noticias-oposiciones\/ayuntamiento-de-vilagarcia-de-arousa-anuncio-de-convocatoria-para-cubrir-una-plaza-de-tecnico-medio-de-administracion-por-el-turno-de-promocion-interna\/\" \/>\n<meta property=\"og:site_name\" content=\"Noticas de oposiciones por Academia Emplea-te\" \/>\n<meta property=\"article:publisher\" content=\"https:\/\/www.facebook.com\/AcademiaEmpleate\/\" \/>\n<meta property=\"article:published_time\" content=\"2021-10-26T08:06:14+00:00\" \/>\n<meta name=\"author\" content=\"Empleate\" \/>\n<meta name=\"twitter:card\" content=\"summary_large_image\" \/>\n<meta name=\"twitter:creator\" content=\"@Emplea_Te\" \/>\n<meta name=\"twitter:site\" content=\"@Emplea_Te\" \/>\n<meta name=\"twitter:label1\" content=\"Escrito por\" \/>\n\t<meta name=\"twitter:data1\" content=\"Empleate\" \/>\n\t<meta name=\"twitter:label2\" content=\"Tiempo de lectura\" \/>\n\t<meta name=\"twitter:data2\" content=\"1 minuto\" \/>\n<script type=\"application\/ld+json\" class=\"yoast-schema-graph\">{\"@context\":\"https:\\\/\\\/schema.org\",\"@graph\":[{\"@type\":\"Article\",\"@id\":\"https:\\\/\\\/www.emplea-te.com\\\/noticias-oposiciones\\\/ayuntamiento-de-vilagarcia-de-arousa-anuncio-de-convocatoria-para-cubrir-una-plaza-de-tecnico-medio-de-administracion-por-el-turno-de-promocion-interna\\\/#article\",\"isPartOf\":{\"@id\":\"https:\\\/\\\/www.emplea-te.com\\\/noticias-oposiciones\\\/ayuntamiento-de-vilagarcia-de-arousa-anuncio-de-convocatoria-para-cubrir-una-plaza-de-tecnico-medio-de-administracion-por-el-turno-de-promocion-interna\\\/\"},\"author\":{\"name\":\"Empleate\",\"@id\":\"https:\\\/\\\/www.emplea-te.com\\\/noticias-oposiciones\\\/#\\\/schema\\\/person\\\/d1bc587e1af2b95e9c32aba1795509a6\"},\"headline\":\"Ayuntamiento de Vilagarc\u00eda de Arousa. Anuncio de convocatoria para cubrir una plaza de T\u00e9cnico medio de administraci\u00f3n por el turno de promoci\u00f3n interna.\",\"datePublished\":\"2021-10-26T08:06:14+00:00\",\"mainEntityOfPage\":{\"@id\":\"https:\\\/\\\/www.emplea-te.com\\\/noticias-oposiciones\\\/ayuntamiento-de-vilagarcia-de-arousa-anuncio-de-convocatoria-para-cubrir-una-plaza-de-tecnico-medio-de-administracion-por-el-turno-de-promocion-interna\\\/\"},\"wordCount\":129,\"publisher\":{\"@id\":\"https:\\\/\\\/www.emplea-te.com\\\/noticias-oposiciones\\\/#organization\"},\"keywords\":[\"Convocatoria\",\"Promoci\u00f3n interna\"],\"articleSection\":[\"Convocatorias Ayuntamientos\",\"Oposiciones Auton\u00f3micas Galicia\"],\"inLanguage\":\"es\"},{\"@type\":\"WebPage\",\"@id\":\"https:\\\/\\\/www.emplea-te.com\\\/noticias-oposiciones\\\/ayuntamiento-de-vilagarcia-de-arousa-anuncio-de-convocatoria-para-cubrir-una-plaza-de-tecnico-medio-de-administracion-por-el-turno-de-promocion-interna\\\/\",\"url\":\"https:\\\/\\\/www.emplea-te.com\\\/noticias-oposiciones\\\/ayuntamiento-de-vilagarcia-de-arousa-anuncio-de-convocatoria-para-cubrir-una-plaza-de-tecnico-medio-de-administracion-por-el-turno-de-promocion-interna\\\/\",\"name\":\"Anuncio de Convocatoria para cubrir una plaza de T\u00e9cnico medio de administraci\u00f3n en el Ayuntamiento de Vilagarc\u00eda de Arousa.\",\"isPartOf\":{\"@id\":\"https:\\\/\\\/www.emplea-te.com\\\/noticias-oposiciones\\\/#website\"},\"datePublished\":\"2021-10-26T08:06:14+00:00\",\"description\":\"Anuncio de Convocatoria para cubrir una plaza de T\u00e9cnico medio de administraci\u00f3n en el Ayuntamiento de Vilagarc\u00eda de Arousa.\",\"breadcrumb\":{\"@id\":\"https:\\\/\\\/www.emplea-te.com\\\/noticias-oposiciones\\\/ayuntamiento-de-vilagarcia-de-arousa-anuncio-de-convocatoria-para-cubrir-una-plaza-de-tecnico-medio-de-administracion-por-el-turno-de-promocion-interna\\\/#breadcrumb\"},\"inLanguage\":\"es\",\"potentialAction\":[{\"@type\":\"ReadAction\",\"target\":[\"https:\\\/\\\/www.emplea-te.com\\\/noticias-oposiciones\\\/ayuntamiento-de-vilagarcia-de-arousa-anuncio-de-convocatoria-para-cubrir-una-plaza-de-tecnico-medio-de-administracion-por-el-turno-de-promocion-interna\\\/\"]}]},{\"@type\":\"BreadcrumbList\",\"@id\":\"https:\\\/\\\/www.emplea-te.com\\\/noticias-oposiciones\\\/ayuntamiento-de-vilagarcia-de-arousa-anuncio-de-convocatoria-para-cubrir-una-plaza-de-tecnico-medio-de-administracion-por-el-turno-de-promocion-interna\\\/#breadcrumb\",\"itemListElement\":[{\"@type\":\"ListItem\",\"position\":1,\"name\":\"Noticias Oposiciones\",\"item\":\"https:\\\/\\\/www.emplea-te.com\\\/noticias-oposiciones\\\/\"},{\"@type\":\"ListItem\",\"position\":2,\"name\":\"Oposiciones Auton\u00f3micas Galicia\",\"item\":\"https:\\\/\\\/www.emplea-te.com\\\/noticias-oposiciones\\\/categoria\\\/oposiciones-autonomicas-galicia\\\/\"},{\"@type\":\"ListItem\",\"position\":3,\"name\":\"Ayuntamiento de Vilagarc\u00eda de Arousa. Anuncio de convocatoria para cubrir una plaza de T\u00e9cnico medio de administraci\u00f3n por el turno de promoci\u00f3n interna.\"}]},{\"@type\":\"WebSite\",\"@id\":\"https:\\\/\\\/www.emplea-te.com\\\/noticias-oposiciones\\\/#website\",\"url\":\"https:\\\/\\\/www.emplea-te.com\\\/noticias-oposiciones\\\/\",\"name\":\"Noticas de oposiciones por Academia Emplea-te\",\"description\":\"Toda la actualidad de las ofertas y convocatorias.\",\"publisher\":{\"@id\":\"https:\\\/\\\/www.emplea-te.com\\\/noticias-oposiciones\\\/#organization\"},\"potentialAction\":[{\"@type\":\"SearchAction\",\"target\":{\"@type\":\"EntryPoint\",\"urlTemplate\":\"https:\\\/\\\/www.emplea-te.com\\\/noticias-oposiciones\\\/?s={search_term_string}\"},\"query-input\":{\"@type\":\"PropertyValueSpecification\",\"valueRequired\":true,\"valueName\":\"search_term_string\"}}],\"inLanguage\":\"es\"},{\"@type\":\"Organization\",\"@id\":\"https:\\\/\\\/www.emplea-te.com\\\/noticias-oposiciones\\\/#organization\",\"name\":\"Academia de oposiciones Empl\u00e9ate\",\"url\":\"https:\\\/\\\/www.emplea-te.com\\\/noticias-oposiciones\\\/\",\"logo\":{\"@type\":\"ImageObject\",\"inLanguage\":\"es\",\"@id\":\"https:\\\/\\\/www.emplea-te.com\\\/noticias-oposiciones\\\/#\\\/schema\\\/logo\\\/image\\\/\",\"url\":\"https:\\\/\\\/www.emplea-te.com\\\/noticias-oposiciones\\\/wp-content\\\/uploads\\\/2019\\\/04\\\/empleate.jpg\",\"contentUrl\":\"https:\\\/\\\/www.emplea-te.com\\\/noticias-oposiciones\\\/wp-content\\\/uploads\\\/2019\\\/04\\\/empleate.jpg\",\"width\":250,\"height\":150,\"caption\":\"Academia de oposiciones Empl\u00e9ate\"},\"image\":{\"@id\":\"https:\\\/\\\/www.emplea-te.com\\\/noticias-oposiciones\\\/#\\\/schema\\\/logo\\\/image\\\/\"},\"sameAs\":[\"https:\\\/\\\/www.facebook.com\\\/AcademiaEmpleate\\\/\",\"https:\\\/\\\/x.com\\\/Emplea_Te\",\"https:\\\/\\\/www.instagram.com\\\/academia_empleate\\\/\"]},{\"@type\":\"Person\",\"@id\":\"https:\\\/\\\/www.emplea-te.com\\\/noticias-oposiciones\\\/#\\\/schema\\\/person\\\/d1bc587e1af2b95e9c32aba1795509a6\",\"name\":\"Empleate\"}]}<\/script>\n<!-- \/ Yoast SEO plugin. -->","yoast_head_json":{"title":"Anuncio de Convocatoria para cubrir una plaza de T\u00e9cnico medio de administraci\u00f3n en el Ayuntamiento de Vilagarc\u00eda de Arousa.","description":"Anuncio de Convocatoria para cubrir una plaza de T\u00e9cnico medio de administraci\u00f3n en el Ayuntamiento de Vilagarc\u00eda de Arousa.","robots":{"index":"index","follow":"follow","max-snippet":"max-snippet:-1","max-image-preview":"max-image-preview:large","max-video-preview":"max-video-preview:-1"},"canonical":"https:\/\/www.emplea-te.com\/noticias-oposiciones\/ayuntamiento-de-vilagarcia-de-arousa-anuncio-de-convocatoria-para-cubrir-una-plaza-de-tecnico-medio-de-administracion-por-el-turno-de-promocion-interna\/","og_locale":"es_ES","og_type":"article","og_title":"Anuncio de Convocatoria para cubrir una plaza de T\u00e9cnico medio de administraci\u00f3n en el Ayuntamiento de Vilagarc\u00eda de Arousa.","og_description":"Anuncio de Convocatoria para cubrir una plaza de T\u00e9cnico medio de administraci\u00f3n en el Ayuntamiento de Vilagarc\u00eda de Arousa.","og_url":"https:\/\/www.emplea-te.com\/noticias-oposiciones\/ayuntamiento-de-vilagarcia-de-arousa-anuncio-de-convocatoria-para-cubrir-una-plaza-de-tecnico-medio-de-administracion-por-el-turno-de-promocion-interna\/","og_site_name":"Noticas de oposiciones por Academia Emplea-te","article_publisher":"https:\/\/www.facebook.com\/AcademiaEmpleate\/","article_published_time":"2021-10-26T08:06:14+00:00","author":"Empleate","twitter_card":"summary_large_image","twitter_creator":"@Emplea_Te","twitter_site":"@Emplea_Te","twitter_misc":{"Escrito por":"Empleate","Tiempo de lectura":"1 minuto"},"schema":{"@context":"https:\/\/schema.org","@graph":[{"@type":"Article","@id":"https:\/\/www.emplea-te.com\/noticias-oposiciones\/ayuntamiento-de-vilagarcia-de-arousa-anuncio-de-convocatoria-para-cubrir-una-plaza-de-tecnico-medio-de-administracion-por-el-turno-de-promocion-interna\/#article","isPartOf":{"@id":"https:\/\/www.emplea-te.com\/noticias-oposiciones\/ayuntamiento-de-vilagarcia-de-arousa-anuncio-de-convocatoria-para-cubrir-una-plaza-de-tecnico-medio-de-administracion-por-el-turno-de-promocion-interna\/"},"author":{"name":"Empleate","@id":"https:\/\/www.emplea-te.com\/noticias-oposiciones\/#\/schema\/person\/d1bc587e1af2b95e9c32aba1795509a6"},"headline":"Ayuntamiento de Vilagarc\u00eda de Arousa. Anuncio de convocatoria para cubrir una plaza de T\u00e9cnico medio de administraci\u00f3n por el turno de promoci\u00f3n interna.","datePublished":"2021-10-26T08:06:14+00:00","mainEntityOfPage":{"@id":"https:\/\/www.emplea-te.com\/noticias-oposiciones\/ayuntamiento-de-vilagarcia-de-arousa-anuncio-de-convocatoria-para-cubrir-una-plaza-de-tecnico-medio-de-administracion-por-el-turno-de-promocion-interna\/"},"wordCount":129,"publisher":{"@id":"https:\/\/www.emplea-te.com\/noticias-oposiciones\/#organization"},"keywords":["Convocatoria","Promoci\u00f3n interna"],"articleSection":["Convocatorias Ayuntamientos","Oposiciones Auton\u00f3micas Galicia"],"inLanguage":"es"},{"@type":"WebPage","@id":"https:\/\/www.emplea-te.com\/noticias-oposiciones\/ayuntamiento-de-vilagarcia-de-arousa-anuncio-de-convocatoria-para-cubrir-una-plaza-de-tecnico-medio-de-administracion-por-el-turno-de-promocion-interna\/","url":"https:\/\/www.emplea-te.com\/noticias-oposiciones\/ayuntamiento-de-vilagarcia-de-arousa-anuncio-de-convocatoria-para-cubrir-una-plaza-de-tecnico-medio-de-administracion-por-el-turno-de-promocion-interna\/","name":"Anuncio de Convocatoria para cubrir una plaza de T\u00e9cnico medio de administraci\u00f3n en el Ayuntamiento de Vilagarc\u00eda de Arousa.","isPartOf":{"@id":"https:\/\/www.emplea-te.com\/noticias-oposiciones\/#website"},"datePublished":"2021-10-26T08:06:14+00:00","description":"Anuncio de Convocatoria para cubrir una plaza de T\u00e9cnico medio de administraci\u00f3n en el Ayuntamiento de Vilagarc\u00eda de Arousa.","breadcrumb":{"@id":"https:\/\/www.emplea-te.com\/noticias-oposiciones\/ayuntamiento-de-vilagarcia-de-arousa-anuncio-de-convocatoria-para-cubrir-una-plaza-de-tecnico-medio-de-administracion-por-el-turno-de-promocion-interna\/#breadcrumb"},"inLanguage":"es","potentialAction":[{"@type":"ReadAction","target":["https:\/\/www.emplea-te.com\/noticias-oposiciones\/ayuntamiento-de-vilagarcia-de-arousa-anuncio-de-convocatoria-para-cubrir-una-plaza-de-tecnico-medio-de-administracion-por-el-turno-de-promocion-interna\/"]}]},{"@type":"BreadcrumbList","@id":"https:\/\/www.emplea-te.com\/noticias-oposiciones\/ayuntamiento-de-vilagarcia-de-arousa-anuncio-de-convocatoria-para-cubrir-una-plaza-de-tecnico-medio-de-administracion-por-el-turno-de-promocion-interna\/#breadcrumb","itemListElement":[{"@type":"ListItem","position":1,"name":"Noticias Oposiciones","item":"https:\/\/www.emplea-te.com\/noticias-oposiciones\/"},{"@type":"ListItem","position":2,"name":"Oposiciones Auton\u00f3micas Galicia","item":"https:\/\/www.emplea-te.com\/noticias-oposiciones\/categoria\/oposiciones-autonomicas-galicia\/"},{"@type":"ListItem","position":3,"name":"Ayuntamiento de Vilagarc\u00eda de Arousa. Anuncio de convocatoria para cubrir una plaza de T\u00e9cnico medio de administraci\u00f3n por el turno de promoci\u00f3n interna."}]},{"@type":"WebSite","@id":"https:\/\/www.emplea-te.com\/noticias-oposiciones\/#website","url":"https:\/\/www.emplea-te.com\/noticias-oposiciones\/","name":"Noticas de oposiciones por Academia Emplea-te","description":"Toda la actualidad de las ofertas y convocatorias.","publisher":{"@id":"https:\/\/www.emplea-te.com\/noticias-oposiciones\/#organization"},"potentialAction":[{"@type":"SearchAction","target":{"@type":"EntryPoint","urlTemplate":"https:\/\/www.emplea-te.com\/noticias-oposiciones\/?s={search_term_string}"},"query-input":{"@type":"PropertyValueSpecification","valueRequired":true,"valueName":"search_term_string"}}],"inLanguage":"es"},{"@type":"Organization","@id":"https:\/\/www.emplea-te.com\/noticias-oposiciones\/#organization","name":"Academia de oposiciones Empl\u00e9ate","url":"https:\/\/www.emplea-te.com\/noticias-oposiciones\/","logo":{"@type":"ImageObject","inLanguage":"es","@id":"https:\/\/www.emplea-te.com\/noticias-oposiciones\/#\/schema\/logo\/image\/","url":"https:\/\/www.emplea-te.com\/noticias-oposiciones\/wp-content\/uploads\/2019\/04\/empleate.jpg","contentUrl":"https:\/\/www.emplea-te.com\/noticias-oposiciones\/wp-content\/uploads\/2019\/04\/empleate.jpg","width":250,"height":150,"caption":"Academia de oposiciones Empl\u00e9ate"},"image":{"@id":"https:\/\/www.emplea-te.com\/noticias-oposiciones\/#\/schema\/logo\/image\/"},"sameAs":["https:\/\/www.facebook.com\/AcademiaEmpleate\/","https:\/\/x.com\/Emplea_Te","https:\/\/www.instagram.com\/academia_empleate\/"]},{"@type":"Person","@id":"https:\/\/www.emplea-te.com\/noticias-oposiciones\/#\/schema\/person\/d1bc587e1af2b95e9c32aba1795509a6","name":"Empleate"}]}},"_links":{"self":[{"href":"https:\/\/www.emplea-te.com\/noticias-oposiciones\/wp-json\/wp\/v2\/posts\/5460","targetHints":{"allow":["GET"]}}],"collection":[{"href":"https:\/\/www.emplea-te.com\/noticias-oposiciones\/wp-json\/wp\/v2\/posts"}],"about":[{"href":"https:\/\/www.emplea-te.com\/noticias-oposiciones\/wp-json\/wp\/v2\/types\/post"}],"author":[{"embeddable":true,"href":"https:\/\/www.emplea-te.com\/noticias-oposiciones\/wp-json\/wp\/v2\/users\/1"}],"replies":[{"embeddable":true,"href":"https:\/\/www.emplea-te.com\/noticias-oposiciones\/wp-json\/wp\/v2\/comments?post=5460"}],"version-history":[{"count":1,"href":"https:\/\/www.emplea-te.com\/noticias-oposiciones\/wp-json\/wp\/v2\/posts\/5460\/revisions"}],"predecessor-version":[{"id":5461,"href":"https:\/\/www.emplea-te.com\/noticias-oposiciones\/wp-json\/wp\/v2\/posts\/5460\/revisions\/5461"}],"wp:attachment":[{"href":"https:\/\/www.emplea-te.com\/noticias-oposiciones\/wp-json\/wp\/v2\/media?parent=5460"}],"wp:term":[{"taxonomy":"category","embeddable":true,"href":"https:\/\/www.emplea-te.com\/noticias-oposiciones\/wp-json\/wp\/v2\/categories?post=5460"},{"taxonomy":"post_tag","embeddable":true,"href":"https:\/\/www.emplea-te.com\/noticias-oposiciones\/wp-json\/wp\/v2\/tags?post=5460"}],"curies":[{"name":"wp","href":"https:\/\/api.w.org\/{rel}","templated":true}]}}