{"id":5505,"date":"2021-11-03T13:08:46","date_gmt":"2021-11-03T12:08:46","guid":{"rendered":"https:\/\/www.emplea-te.com\/noticias-oposiciones\/?p=5505"},"modified":"2021-11-03T13:08:46","modified_gmt":"2021-11-03T12:08:46","slug":"ayuntamiento-de-madrid-publicada-convocatoria-en-el-boam-para-cubrir-36-plazas-de-tecnico-de-gestion-a2","status":"publish","type":"post","link":"https:\/\/www.emplea-te.com\/noticias-oposiciones\/ayuntamiento-de-madrid-publicada-convocatoria-en-el-boam-para-cubrir-36-plazas-de-tecnico-de-gestion-a2\/","title":{"rendered":"Ayuntamiento de Madrid. Publicada convocatoria en el BOAM para cubrir 36 plazas de T\u00e9cnico de Gesti\u00f3n A2"},"content":{"rendered":"<p><strong>Ayuntamiento de Madrid.<\/strong><\/p>\n<p><a href=\"https:\/\/sede.madrid.es\/FrameWork\/generacionPDF\/boam9006_2840.pdf?numeroPublicacion=9006&amp;idSeccion=45120ced491cc710VgnVCM1000001d4a900aRCRD&amp;nombreFichero=boam9006_2840&amp;cacheKey=46&amp;guid=aa6a6966ec2ac710VgnVCM1000001d4a900aRCRD&amp;csv=true\" target=\"_blank\" rel=\"noopener\">Se publica en el BOAM de fecha 29 de Octubre de 2021<\/a> la Resoluci\u00f3n de 27 de octubre de 2021 del Director General de Planificaci\u00f3n de Recursos<br \/>\nHumanos por la que se convocan plazas para el acceso a la categor\u00eda de T\u00e9cnico\/a de Gesti\u00f3n del Ayuntamiento de Madrid.<\/p>\n<p>Por la Subdirecci\u00f3n General de Selecci\u00f3n se ha formulado propuesta de aprobaci\u00f3n de la <strong>convocatoria del proceso selectivo para proveer 36 plazas de T\u00e9cnico\/a de Gesti\u00f3n del Ayuntamiento de Madrid.<\/strong><\/p>\n<p>Las\u00a0 36 plazas convocadas se corresponden a distintas OEPs:<br \/>\n(3 plazas correspondientes a la ejecuci\u00f3n de la Oferta de Empleo P\u00fablico del a\u00f1o 2018, 4 plazas correspondientes a la ejecuci\u00f3n de la Oferta de Empleo P\u00fablico del a\u00f1o 2019 y 29 plazas correspondiente a la ejecuci\u00f3n de la Oferta de Empleo P\u00fablico del a\u00f1o 2020)<\/p>\n<p><a href=\"https:\/\/sede.madrid.es\/UnidadesDescentralizadas\/UDCBOAM\/2019Junio\/Areas\/HaciendaPersonal\/2021\/Personal\/Convocatoria%20Oposici%C3%B3n\/ANEXO%20Convocatoria%20Oposici%C3%B3n\/Anexo%20I%20bases%20espec.%20Tecnico%20de%20Gestion.pdf\" target=\"_blank\" rel=\"noopener\"> El proceso selectivo para el acceso a esta categor\u00eda se regir\u00e1 por las bases<\/a><br \/>\nespec\u00edficas contenidas en la Resoluci\u00f3n del Director General de Planificaci\u00f3n de Recursos Humanos de fecha 24 de febrero de 2021 (BOAM n\u00fam. 8.836, de 26 de febrero de 2021).<\/p>\n<p>El sistema selectivo ser\u00e1 el de Oposici\u00f3n.<\/p>\n<p>El plazo para presentar instancias ser\u00e1 de 20 d\u00edas h\u00e1biles contados a partir del d\u00eda siguiente a la publicaci\u00f3n de esta convocatoria en el BOE.<\/p>\n<p><a href=\"http:\/\/academiamadrid.emplea-te.com\" target=\"_blank\" rel=\"noopener\">Prep\u00e1rate en nuestros grupos presenciales y on line.\u00a0<\/a><\/p>\n","protected":false},"excerpt":{"rendered":"<p>Ayuntamiento de Madrid. Se publica en el BOAM de fecha 29 de Octubre de 2021 la Resoluci\u00f3n de 27 de octubre de 2021 del Director General de Planificaci\u00f3n de Recursos Humanos por la que se convocan plazas para el acceso a la categor\u00eda de T\u00e9cnico\/a de Gesti\u00f3n del Ayuntamiento de Madrid. Por la Subdirecci\u00f3n General &hellip; <a href=\"https:\/\/www.emplea-te.com\/noticias-oposiciones\/ayuntamiento-de-madrid-publicada-convocatoria-en-el-boam-para-cubrir-36-plazas-de-tecnico-de-gestion-a2\/\" class=\"more-link\">Continuar leyendo<span class=\"screen-reader-text\"> \u00abAyuntamiento de Madrid. Publicada convocatoria en el BOAM para cubrir 36 plazas de T\u00e9cnico de Gesti\u00f3n A2\u00bb<\/span><\/a><\/p>\n","protected":false},"author":1,"featured_media":0,"comment_status":"closed","ping_status":"closed","sticky":false,"template":"","format":"standard","meta":{"footnotes":""},"categories":[109],"tags":[49],"class_list":["post-5505","post","type-post","status-publish","format-standard","hentry","category-oposiciones-madrid","tag-convocatorias-de-oposiciones"],"yoast_head":"<!-- This site is optimized with the Yoast SEO plugin v27.3 - https:\/\/yoast.com\/product\/yoast-seo-wordpress\/ -->\n<title>Ayuntamiento de Madrid. Publicada en el BOAM la convocatoria para cubrir 36 plazas de T\u00e9cnico\/a de Gesti\u00f3n A2<\/title>\n<meta name=\"description\" content=\"Ayuntamiento de Madrid. Publicada en el BOAM la convocatoria para cubrir 36 plazas de T\u00e9cnico\/a de Gesti\u00f3n A2\" \/>\n<meta name=\"robots\" content=\"index, follow, max-snippet:-1, max-image-preview:large, max-video-preview:-1\" \/>\n<link rel=\"canonical\" href=\"https:\/\/www.emplea-te.com\/noticias-oposiciones\/ayuntamiento-de-madrid-publicada-convocatoria-en-el-boam-para-cubrir-36-plazas-de-tecnico-de-gestion-a2\/\" \/>\n<meta property=\"og:locale\" content=\"es_ES\" \/>\n<meta property=\"og:type\" content=\"article\" \/>\n<meta property=\"og:title\" content=\"Ayuntamiento de Madrid. Publicada en el BOAM la convocatoria para cubrir 36 plazas de T\u00e9cnico\/a de Gesti\u00f3n A2\" \/>\n<meta property=\"og:description\" content=\"Ayuntamiento de Madrid. Publicada en el BOAM la convocatoria para cubrir 36 plazas de T\u00e9cnico\/a de Gesti\u00f3n A2\" \/>\n<meta property=\"og:url\" content=\"https:\/\/www.emplea-te.com\/noticias-oposiciones\/ayuntamiento-de-madrid-publicada-convocatoria-en-el-boam-para-cubrir-36-plazas-de-tecnico-de-gestion-a2\/\" \/>\n<meta property=\"og:site_name\" content=\"Noticas de oposiciones por Academia Emplea-te\" \/>\n<meta property=\"article:publisher\" content=\"https:\/\/www.facebook.com\/AcademiaEmpleate\/\" \/>\n<meta property=\"article:published_time\" content=\"2021-11-03T12:08:46+00:00\" \/>\n<meta name=\"author\" content=\"Empleate\" \/>\n<meta name=\"twitter:card\" content=\"summary_large_image\" \/>\n<meta name=\"twitter:creator\" content=\"@Emplea_Te\" \/>\n<meta name=\"twitter:site\" content=\"@Emplea_Te\" \/>\n<meta name=\"twitter:label1\" content=\"Escrito por\" \/>\n\t<meta name=\"twitter:data1\" content=\"Empleate\" \/>\n\t<meta name=\"twitter:label2\" content=\"Tiempo de lectura\" \/>\n\t<meta name=\"twitter:data2\" content=\"1 minuto\" \/>\n<script type=\"application\/ld+json\" class=\"yoast-schema-graph\">{\"@context\":\"https:\\\/\\\/schema.org\",\"@graph\":[{\"@type\":\"Article\",\"@id\":\"https:\\\/\\\/www.emplea-te.com\\\/noticias-oposiciones\\\/ayuntamiento-de-madrid-publicada-convocatoria-en-el-boam-para-cubrir-36-plazas-de-tecnico-de-gestion-a2\\\/#article\",\"isPartOf\":{\"@id\":\"https:\\\/\\\/www.emplea-te.com\\\/noticias-oposiciones\\\/ayuntamiento-de-madrid-publicada-convocatoria-en-el-boam-para-cubrir-36-plazas-de-tecnico-de-gestion-a2\\\/\"},\"author\":{\"name\":\"Empleate\",\"@id\":\"https:\\\/\\\/www.emplea-te.com\\\/noticias-oposiciones\\\/#\\\/schema\\\/person\\\/d1bc587e1af2b95e9c32aba1795509a6\"},\"headline\":\"Ayuntamiento de Madrid. Publicada convocatoria en el BOAM para cubrir 36 plazas de T\u00e9cnico de Gesti\u00f3n A2\",\"datePublished\":\"2021-11-03T12:08:46+00:00\",\"mainEntityOfPage\":{\"@id\":\"https:\\\/\\\/www.emplea-te.com\\\/noticias-oposiciones\\\/ayuntamiento-de-madrid-publicada-convocatoria-en-el-boam-para-cubrir-36-plazas-de-tecnico-de-gestion-a2\\\/\"},\"wordCount\":251,\"publisher\":{\"@id\":\"https:\\\/\\\/www.emplea-te.com\\\/noticias-oposiciones\\\/#organization\"},\"keywords\":[\"Convocatoria\"],\"articleSection\":[\"Oposiciones Madrid.\"],\"inLanguage\":\"es\"},{\"@type\":\"WebPage\",\"@id\":\"https:\\\/\\\/www.emplea-te.com\\\/noticias-oposiciones\\\/ayuntamiento-de-madrid-publicada-convocatoria-en-el-boam-para-cubrir-36-plazas-de-tecnico-de-gestion-a2\\\/\",\"url\":\"https:\\\/\\\/www.emplea-te.com\\\/noticias-oposiciones\\\/ayuntamiento-de-madrid-publicada-convocatoria-en-el-boam-para-cubrir-36-plazas-de-tecnico-de-gestion-a2\\\/\",\"name\":\"Ayuntamiento de Madrid. Publicada en el BOAM la convocatoria para cubrir 36 plazas de T\u00e9cnico\\\/a de Gesti\u00f3n A2\",\"isPartOf\":{\"@id\":\"https:\\\/\\\/www.emplea-te.com\\\/noticias-oposiciones\\\/#website\"},\"datePublished\":\"2021-11-03T12:08:46+00:00\",\"description\":\"Ayuntamiento de Madrid. Publicada en el BOAM la convocatoria para cubrir 36 plazas de T\u00e9cnico\\\/a de Gesti\u00f3n A2\",\"breadcrumb\":{\"@id\":\"https:\\\/\\\/www.emplea-te.com\\\/noticias-oposiciones\\\/ayuntamiento-de-madrid-publicada-convocatoria-en-el-boam-para-cubrir-36-plazas-de-tecnico-de-gestion-a2\\\/#breadcrumb\"},\"inLanguage\":\"es\",\"potentialAction\":[{\"@type\":\"ReadAction\",\"target\":[\"https:\\\/\\\/www.emplea-te.com\\\/noticias-oposiciones\\\/ayuntamiento-de-madrid-publicada-convocatoria-en-el-boam-para-cubrir-36-plazas-de-tecnico-de-gestion-a2\\\/\"]}]},{\"@type\":\"BreadcrumbList\",\"@id\":\"https:\\\/\\\/www.emplea-te.com\\\/noticias-oposiciones\\\/ayuntamiento-de-madrid-publicada-convocatoria-en-el-boam-para-cubrir-36-plazas-de-tecnico-de-gestion-a2\\\/#breadcrumb\",\"itemListElement\":[{\"@type\":\"ListItem\",\"position\":1,\"name\":\"Noticias Oposiciones\",\"item\":\"https:\\\/\\\/www.emplea-te.com\\\/noticias-oposiciones\\\/\"},{\"@type\":\"ListItem\",\"position\":2,\"name\":\"Oposiciones Madrid.\",\"item\":\"https:\\\/\\\/www.emplea-te.com\\\/noticias-oposiciones\\\/categoria\\\/oposiciones-madrid\\\/\"},{\"@type\":\"ListItem\",\"position\":3,\"name\":\"Ayuntamiento de Madrid. Publicada convocatoria en el BOAM para cubrir 36 plazas de T\u00e9cnico de Gesti\u00f3n A2\"}]},{\"@type\":\"WebSite\",\"@id\":\"https:\\\/\\\/www.emplea-te.com\\\/noticias-oposiciones\\\/#website\",\"url\":\"https:\\\/\\\/www.emplea-te.com\\\/noticias-oposiciones\\\/\",\"name\":\"Noticas de oposiciones por Academia Emplea-te\",\"description\":\"Toda la actualidad de las ofertas y convocatorias.\",\"publisher\":{\"@id\":\"https:\\\/\\\/www.emplea-te.com\\\/noticias-oposiciones\\\/#organization\"},\"potentialAction\":[{\"@type\":\"SearchAction\",\"target\":{\"@type\":\"EntryPoint\",\"urlTemplate\":\"https:\\\/\\\/www.emplea-te.com\\\/noticias-oposiciones\\\/?s={search_term_string}\"},\"query-input\":{\"@type\":\"PropertyValueSpecification\",\"valueRequired\":true,\"valueName\":\"search_term_string\"}}],\"inLanguage\":\"es\"},{\"@type\":\"Organization\",\"@id\":\"https:\\\/\\\/www.emplea-te.com\\\/noticias-oposiciones\\\/#organization\",\"name\":\"Academia de oposiciones Empl\u00e9ate\",\"url\":\"https:\\\/\\\/www.emplea-te.com\\\/noticias-oposiciones\\\/\",\"logo\":{\"@type\":\"ImageObject\",\"inLanguage\":\"es\",\"@id\":\"https:\\\/\\\/www.emplea-te.com\\\/noticias-oposiciones\\\/#\\\/schema\\\/logo\\\/image\\\/\",\"url\":\"https:\\\/\\\/www.emplea-te.com\\\/noticias-oposiciones\\\/wp-content\\\/uploads\\\/2019\\\/04\\\/empleate.jpg\",\"contentUrl\":\"https:\\\/\\\/www.emplea-te.com\\\/noticias-oposiciones\\\/wp-content\\\/uploads\\\/2019\\\/04\\\/empleate.jpg\",\"width\":250,\"height\":150,\"caption\":\"Academia de oposiciones Empl\u00e9ate\"},\"image\":{\"@id\":\"https:\\\/\\\/www.emplea-te.com\\\/noticias-oposiciones\\\/#\\\/schema\\\/logo\\\/image\\\/\"},\"sameAs\":[\"https:\\\/\\\/www.facebook.com\\\/AcademiaEmpleate\\\/\",\"https:\\\/\\\/x.com\\\/Emplea_Te\",\"https:\\\/\\\/www.instagram.com\\\/academia_empleate\\\/\"]},{\"@type\":\"Person\",\"@id\":\"https:\\\/\\\/www.emplea-te.com\\\/noticias-oposiciones\\\/#\\\/schema\\\/person\\\/d1bc587e1af2b95e9c32aba1795509a6\",\"name\":\"Empleate\"}]}<\/script>\n<!-- \/ Yoast SEO plugin. -->","yoast_head_json":{"title":"Ayuntamiento de Madrid. Publicada en el BOAM la convocatoria para cubrir 36 plazas de T\u00e9cnico\/a de Gesti\u00f3n A2","description":"Ayuntamiento de Madrid. Publicada en el BOAM la convocatoria para cubrir 36 plazas de T\u00e9cnico\/a de Gesti\u00f3n A2","robots":{"index":"index","follow":"follow","max-snippet":"max-snippet:-1","max-image-preview":"max-image-preview:large","max-video-preview":"max-video-preview:-1"},"canonical":"https:\/\/www.emplea-te.com\/noticias-oposiciones\/ayuntamiento-de-madrid-publicada-convocatoria-en-el-boam-para-cubrir-36-plazas-de-tecnico-de-gestion-a2\/","og_locale":"es_ES","og_type":"article","og_title":"Ayuntamiento de Madrid. Publicada en el BOAM la convocatoria para cubrir 36 plazas de T\u00e9cnico\/a de Gesti\u00f3n A2","og_description":"Ayuntamiento de Madrid. Publicada en el BOAM la convocatoria para cubrir 36 plazas de T\u00e9cnico\/a de Gesti\u00f3n A2","og_url":"https:\/\/www.emplea-te.com\/noticias-oposiciones\/ayuntamiento-de-madrid-publicada-convocatoria-en-el-boam-para-cubrir-36-plazas-de-tecnico-de-gestion-a2\/","og_site_name":"Noticas de oposiciones por Academia Emplea-te","article_publisher":"https:\/\/www.facebook.com\/AcademiaEmpleate\/","article_published_time":"2021-11-03T12:08:46+00:00","author":"Empleate","twitter_card":"summary_large_image","twitter_creator":"@Emplea_Te","twitter_site":"@Emplea_Te","twitter_misc":{"Escrito por":"Empleate","Tiempo de lectura":"1 minuto"},"schema":{"@context":"https:\/\/schema.org","@graph":[{"@type":"Article","@id":"https:\/\/www.emplea-te.com\/noticias-oposiciones\/ayuntamiento-de-madrid-publicada-convocatoria-en-el-boam-para-cubrir-36-plazas-de-tecnico-de-gestion-a2\/#article","isPartOf":{"@id":"https:\/\/www.emplea-te.com\/noticias-oposiciones\/ayuntamiento-de-madrid-publicada-convocatoria-en-el-boam-para-cubrir-36-plazas-de-tecnico-de-gestion-a2\/"},"author":{"name":"Empleate","@id":"https:\/\/www.emplea-te.com\/noticias-oposiciones\/#\/schema\/person\/d1bc587e1af2b95e9c32aba1795509a6"},"headline":"Ayuntamiento de Madrid. Publicada convocatoria en el BOAM para cubrir 36 plazas de T\u00e9cnico de Gesti\u00f3n A2","datePublished":"2021-11-03T12:08:46+00:00","mainEntityOfPage":{"@id":"https:\/\/www.emplea-te.com\/noticias-oposiciones\/ayuntamiento-de-madrid-publicada-convocatoria-en-el-boam-para-cubrir-36-plazas-de-tecnico-de-gestion-a2\/"},"wordCount":251,"publisher":{"@id":"https:\/\/www.emplea-te.com\/noticias-oposiciones\/#organization"},"keywords":["Convocatoria"],"articleSection":["Oposiciones Madrid."],"inLanguage":"es"},{"@type":"WebPage","@id":"https:\/\/www.emplea-te.com\/noticias-oposiciones\/ayuntamiento-de-madrid-publicada-convocatoria-en-el-boam-para-cubrir-36-plazas-de-tecnico-de-gestion-a2\/","url":"https:\/\/www.emplea-te.com\/noticias-oposiciones\/ayuntamiento-de-madrid-publicada-convocatoria-en-el-boam-para-cubrir-36-plazas-de-tecnico-de-gestion-a2\/","name":"Ayuntamiento de Madrid. Publicada en el BOAM la convocatoria para cubrir 36 plazas de T\u00e9cnico\/a de Gesti\u00f3n A2","isPartOf":{"@id":"https:\/\/www.emplea-te.com\/noticias-oposiciones\/#website"},"datePublished":"2021-11-03T12:08:46+00:00","description":"Ayuntamiento de Madrid. Publicada en el BOAM la convocatoria para cubrir 36 plazas de T\u00e9cnico\/a de Gesti\u00f3n A2","breadcrumb":{"@id":"https:\/\/www.emplea-te.com\/noticias-oposiciones\/ayuntamiento-de-madrid-publicada-convocatoria-en-el-boam-para-cubrir-36-plazas-de-tecnico-de-gestion-a2\/#breadcrumb"},"inLanguage":"es","potentialAction":[{"@type":"ReadAction","target":["https:\/\/www.emplea-te.com\/noticias-oposiciones\/ayuntamiento-de-madrid-publicada-convocatoria-en-el-boam-para-cubrir-36-plazas-de-tecnico-de-gestion-a2\/"]}]},{"@type":"BreadcrumbList","@id":"https:\/\/www.emplea-te.com\/noticias-oposiciones\/ayuntamiento-de-madrid-publicada-convocatoria-en-el-boam-para-cubrir-36-plazas-de-tecnico-de-gestion-a2\/#breadcrumb","itemListElement":[{"@type":"ListItem","position":1,"name":"Noticias Oposiciones","item":"https:\/\/www.emplea-te.com\/noticias-oposiciones\/"},{"@type":"ListItem","position":2,"name":"Oposiciones Madrid.","item":"https:\/\/www.emplea-te.com\/noticias-oposiciones\/categoria\/oposiciones-madrid\/"},{"@type":"ListItem","position":3,"name":"Ayuntamiento de Madrid. Publicada convocatoria en el BOAM para cubrir 36 plazas de T\u00e9cnico de Gesti\u00f3n A2"}]},{"@type":"WebSite","@id":"https:\/\/www.emplea-te.com\/noticias-oposiciones\/#website","url":"https:\/\/www.emplea-te.com\/noticias-oposiciones\/","name":"Noticas de oposiciones por Academia Emplea-te","description":"Toda la actualidad de las ofertas y convocatorias.","publisher":{"@id":"https:\/\/www.emplea-te.com\/noticias-oposiciones\/#organization"},"potentialAction":[{"@type":"SearchAction","target":{"@type":"EntryPoint","urlTemplate":"https:\/\/www.emplea-te.com\/noticias-oposiciones\/?s={search_term_string}"},"query-input":{"@type":"PropertyValueSpecification","valueRequired":true,"valueName":"search_term_string"}}],"inLanguage":"es"},{"@type":"Organization","@id":"https:\/\/www.emplea-te.com\/noticias-oposiciones\/#organization","name":"Academia de oposiciones Empl\u00e9ate","url":"https:\/\/www.emplea-te.com\/noticias-oposiciones\/","logo":{"@type":"ImageObject","inLanguage":"es","@id":"https:\/\/www.emplea-te.com\/noticias-oposiciones\/#\/schema\/logo\/image\/","url":"https:\/\/www.emplea-te.com\/noticias-oposiciones\/wp-content\/uploads\/2019\/04\/empleate.jpg","contentUrl":"https:\/\/www.emplea-te.com\/noticias-oposiciones\/wp-content\/uploads\/2019\/04\/empleate.jpg","width":250,"height":150,"caption":"Academia de oposiciones Empl\u00e9ate"},"image":{"@id":"https:\/\/www.emplea-te.com\/noticias-oposiciones\/#\/schema\/logo\/image\/"},"sameAs":["https:\/\/www.facebook.com\/AcademiaEmpleate\/","https:\/\/x.com\/Emplea_Te","https:\/\/www.instagram.com\/academia_empleate\/"]},{"@type":"Person","@id":"https:\/\/www.emplea-te.com\/noticias-oposiciones\/#\/schema\/person\/d1bc587e1af2b95e9c32aba1795509a6","name":"Empleate"}]}},"_links":{"self":[{"href":"https:\/\/www.emplea-te.com\/noticias-oposiciones\/wp-json\/wp\/v2\/posts\/5505","targetHints":{"allow":["GET"]}}],"collection":[{"href":"https:\/\/www.emplea-te.com\/noticias-oposiciones\/wp-json\/wp\/v2\/posts"}],"about":[{"href":"https:\/\/www.emplea-te.com\/noticias-oposiciones\/wp-json\/wp\/v2\/types\/post"}],"author":[{"embeddable":true,"href":"https:\/\/www.emplea-te.com\/noticias-oposiciones\/wp-json\/wp\/v2\/users\/1"}],"replies":[{"embeddable":true,"href":"https:\/\/www.emplea-te.com\/noticias-oposiciones\/wp-json\/wp\/v2\/comments?post=5505"}],"version-history":[{"count":1,"href":"https:\/\/www.emplea-te.com\/noticias-oposiciones\/wp-json\/wp\/v2\/posts\/5505\/revisions"}],"predecessor-version":[{"id":5506,"href":"https:\/\/www.emplea-te.com\/noticias-oposiciones\/wp-json\/wp\/v2\/posts\/5505\/revisions\/5506"}],"wp:attachment":[{"href":"https:\/\/www.emplea-te.com\/noticias-oposiciones\/wp-json\/wp\/v2\/media?parent=5505"}],"wp:term":[{"taxonomy":"category","embeddable":true,"href":"https:\/\/www.emplea-te.com\/noticias-oposiciones\/wp-json\/wp\/v2\/categories?post=5505"},{"taxonomy":"post_tag","embeddable":true,"href":"https:\/\/www.emplea-te.com\/noticias-oposiciones\/wp-json\/wp\/v2\/tags?post=5505"}],"curies":[{"name":"wp","href":"https:\/\/api.w.org\/{rel}","templated":true}]}}