{"id":5511,"date":"2021-11-04T10:25:22","date_gmt":"2021-11-04T09:25:22","guid":{"rendered":"https:\/\/www.emplea-te.com\/noticias-oposiciones\/?p=5511"},"modified":"2021-11-04T10:25:22","modified_gmt":"2021-11-04T09:25:22","slug":"ayudante-de-instituciones-penitenciarias-relacion-de-aspirantes-admitidos-y-excluidos-y-distribucion-por-facultades-de-los-opositores-para-la-realizacion-del-primer-ejercicio-fijado-para-el-dia-14-de","status":"publish","type":"post","link":"https:\/\/www.emplea-te.com\/noticias-oposiciones\/ayudante-de-instituciones-penitenciarias-relacion-de-aspirantes-admitidos-y-excluidos-y-distribucion-por-facultades-de-los-opositores-para-la-realizacion-del-primer-ejercicio-fijado-para-el-dia-14-de\/","title":{"rendered":"Ayudante de Instituciones Penitenciarias. Relaci\u00f3n de aspirantes admitidos y excluidos y distribuci\u00f3n por Facultades de los opositores para la realizaci\u00f3n del primer ejercicio fijado para el d\u00eda 14 de noviembre."},"content":{"rendered":"<p>Se publica en el BOE de hoy, d\u00eda 4 de noviembre de 2021, la Resoluci\u00f3n por la que se aprueba la relaci\u00f3n de admitidos y excluidos de las pruebas selectivas para ingreso, por el sistema general de acceso libre, en el Cuerpo de Ayudantes de Instituciones Penitenciarias, convocadas por Resoluci\u00f3n de 18 de mayo de 2021.<\/p>\n<p>La distribuci\u00f3n por Facultades de los aspirantes que han sido convocados para la realizaci\u00f3n del primer ejercicio de la fase de oposici\u00f3n, el d\u00eda 14 de noviembre de 2021, a las 10:00 horas, en Madrid, se realizar\u00e1 de acuerdo con el siguiente esquema que puedes consultar en este enlace:<\/p>\n<p><a href=\"https:\/\/www.boe.es\/boe\/dias\/2021\/11\/04\/pdfs\/BOE-A-2021-17995.pdf\" target=\"_blank\" rel=\"noopener\">Distribuci\u00f3n por Facultades para la realizaci\u00f3n del primer ejercicio<\/a><\/p>\n<p><a href=\"https:\/\/www.boe.es\/boe\/dias\/2021\/11\/04\/pdfs\/BOE-A-2021-17995.pdf\" target=\"_blank\" rel=\"noopener\">Enlace a Resoluci\u00f3n \u00edntegra publicada en el BOE<\/a><\/p>\n<p>\u00a1Suerte!<\/p>\n","protected":false},"excerpt":{"rendered":"<p>Se publica en el BOE de hoy, d\u00eda 4 de noviembre de 2021, la Resoluci\u00f3n por la que se aprueba la relaci\u00f3n de admitidos y excluidos de las pruebas selectivas para ingreso, por el sistema general de acceso libre, en el Cuerpo de Ayudantes de Instituciones Penitenciarias, convocadas por Resoluci\u00f3n de 18 de mayo de &hellip; <a href=\"https:\/\/www.emplea-te.com\/noticias-oposiciones\/ayudante-de-instituciones-penitenciarias-relacion-de-aspirantes-admitidos-y-excluidos-y-distribucion-por-facultades-de-los-opositores-para-la-realizacion-del-primer-ejercicio-fijado-para-el-dia-14-de\/\" class=\"more-link\">Continuar leyendo<span class=\"screen-reader-text\"> \u00abAyudante de Instituciones Penitenciarias. Relaci\u00f3n de aspirantes admitidos y excluidos y distribuci\u00f3n por Facultades de los opositores para la realizaci\u00f3n del primer ejercicio fijado para el d\u00eda 14 de noviembre.\u00bb<\/span><\/a><\/p>\n","protected":false},"author":1,"featured_media":0,"comment_status":"closed","ping_status":"closed","sticky":false,"template":"","format":"standard","meta":{"footnotes":""},"categories":[47,13],"tags":[82,49,71],"class_list":["post-5511","post","type-post","status-publish","format-standard","hentry","category-administracion-general-del-estado","category-ayudantes-de-instituciones-penitenciarias-c1-acceso-libre","tag-acceso-libre","tag-convocatorias-de-oposiciones","tag-fecha-examenes"],"yoast_head":"<!-- This site is optimized with the Yoast SEO plugin v27.3 - https:\/\/yoast.com\/product\/yoast-seo-wordpress\/ -->\n<title>Cuerpo de Ayudante de Instituciones Penitenciarias. Distribuci\u00f3n por Facultades de los opositores convocados a la realizaci\u00f3n del primer ejercicio el d\u00eda 4 de noviembre.<\/title>\n<meta name=\"description\" content=\"Cuerpo de Ayudante de Instituciones Penitenciarias. Distribuci\u00f3n por Facultades de los opositores convocados a la realizaci\u00f3n del primer ejercicio el d\u00eda 4 de noviembre.\" \/>\n<meta name=\"robots\" content=\"index, follow, max-snippet:-1, max-image-preview:large, max-video-preview:-1\" \/>\n<link rel=\"canonical\" href=\"https:\/\/www.emplea-te.com\/noticias-oposiciones\/ayudante-de-instituciones-penitenciarias-relacion-de-aspirantes-admitidos-y-excluidos-y-distribucion-por-facultades-de-los-opositores-para-la-realizacion-del-primer-ejercicio-fijado-para-el-dia-14-de\/\" \/>\n<meta property=\"og:locale\" content=\"es_ES\" \/>\n<meta property=\"og:type\" content=\"article\" \/>\n<meta property=\"og:title\" content=\"Cuerpo de Ayudante de Instituciones Penitenciarias. Distribuci\u00f3n por Facultades de los opositores convocados a la realizaci\u00f3n del primer ejercicio el d\u00eda 4 de noviembre.\" \/>\n<meta property=\"og:description\" content=\"Cuerpo de Ayudante de Instituciones Penitenciarias. Distribuci\u00f3n por Facultades de los opositores convocados a la realizaci\u00f3n del primer ejercicio el d\u00eda 4 de noviembre.\" \/>\n<meta property=\"og:url\" content=\"https:\/\/www.emplea-te.com\/noticias-oposiciones\/ayudante-de-instituciones-penitenciarias-relacion-de-aspirantes-admitidos-y-excluidos-y-distribucion-por-facultades-de-los-opositores-para-la-realizacion-del-primer-ejercicio-fijado-para-el-dia-14-de\/\" \/>\n<meta property=\"og:site_name\" content=\"Noticas de oposiciones por Academia Emplea-te\" \/>\n<meta property=\"article:publisher\" content=\"https:\/\/www.facebook.com\/AcademiaEmpleate\/\" \/>\n<meta property=\"article:published_time\" content=\"2021-11-04T09:25:22+00:00\" \/>\n<meta name=\"author\" content=\"Empleate\" \/>\n<meta name=\"twitter:card\" content=\"summary_large_image\" \/>\n<meta name=\"twitter:creator\" content=\"@Emplea_Te\" \/>\n<meta name=\"twitter:site\" content=\"@Emplea_Te\" \/>\n<meta name=\"twitter:label1\" content=\"Escrito por\" \/>\n\t<meta name=\"twitter:data1\" content=\"Empleate\" \/>\n\t<meta name=\"twitter:label2\" content=\"Tiempo de lectura\" \/>\n\t<meta name=\"twitter:data2\" content=\"1 minuto\" \/>\n<script type=\"application\/ld+json\" class=\"yoast-schema-graph\">{\"@context\":\"https:\\\/\\\/schema.org\",\"@graph\":[{\"@type\":\"Article\",\"@id\":\"https:\\\/\\\/www.emplea-te.com\\\/noticias-oposiciones\\\/ayudante-de-instituciones-penitenciarias-relacion-de-aspirantes-admitidos-y-excluidos-y-distribucion-por-facultades-de-los-opositores-para-la-realizacion-del-primer-ejercicio-fijado-para-el-dia-14-de\\\/#article\",\"isPartOf\":{\"@id\":\"https:\\\/\\\/www.emplea-te.com\\\/noticias-oposiciones\\\/ayudante-de-instituciones-penitenciarias-relacion-de-aspirantes-admitidos-y-excluidos-y-distribucion-por-facultades-de-los-opositores-para-la-realizacion-del-primer-ejercicio-fijado-para-el-dia-14-de\\\/\"},\"author\":{\"name\":\"Empleate\",\"@id\":\"https:\\\/\\\/www.emplea-te.com\\\/noticias-oposiciones\\\/#\\\/schema\\\/person\\\/d1bc587e1af2b95e9c32aba1795509a6\"},\"headline\":\"Ayudante de Instituciones Penitenciarias. Relaci\u00f3n de aspirantes admitidos y excluidos y distribuci\u00f3n por Facultades de los opositores para la realizaci\u00f3n del primer ejercicio fijado para el d\u00eda 14 de noviembre.\",\"datePublished\":\"2021-11-04T09:25:22+00:00\",\"mainEntityOfPage\":{\"@id\":\"https:\\\/\\\/www.emplea-te.com\\\/noticias-oposiciones\\\/ayudante-de-instituciones-penitenciarias-relacion-de-aspirantes-admitidos-y-excluidos-y-distribucion-por-facultades-de-los-opositores-para-la-realizacion-del-primer-ejercicio-fijado-para-el-dia-14-de\\\/\"},\"wordCount\":160,\"publisher\":{\"@id\":\"https:\\\/\\\/www.emplea-te.com\\\/noticias-oposiciones\\\/#organization\"},\"keywords\":[\"Acceso libre\",\"Convocatoria\",\"Fecha ex\u00e1menes\"],\"articleSection\":[\"Administraci\u00f3n General del Estado.\",\"Oposiciones Ayudantes de Instituciones Penitenciarias C1\"],\"inLanguage\":\"es\"},{\"@type\":\"WebPage\",\"@id\":\"https:\\\/\\\/www.emplea-te.com\\\/noticias-oposiciones\\\/ayudante-de-instituciones-penitenciarias-relacion-de-aspirantes-admitidos-y-excluidos-y-distribucion-por-facultades-de-los-opositores-para-la-realizacion-del-primer-ejercicio-fijado-para-el-dia-14-de\\\/\",\"url\":\"https:\\\/\\\/www.emplea-te.com\\\/noticias-oposiciones\\\/ayudante-de-instituciones-penitenciarias-relacion-de-aspirantes-admitidos-y-excluidos-y-distribucion-por-facultades-de-los-opositores-para-la-realizacion-del-primer-ejercicio-fijado-para-el-dia-14-de\\\/\",\"name\":\"Cuerpo de Ayudante de Instituciones Penitenciarias. Distribuci\u00f3n por Facultades de los opositores convocados a la realizaci\u00f3n del primer ejercicio el d\u00eda 4 de noviembre.\",\"isPartOf\":{\"@id\":\"https:\\\/\\\/www.emplea-te.com\\\/noticias-oposiciones\\\/#website\"},\"datePublished\":\"2021-11-04T09:25:22+00:00\",\"description\":\"Cuerpo de Ayudante de Instituciones Penitenciarias. Distribuci\u00f3n por Facultades de los opositores convocados a la realizaci\u00f3n del primer ejercicio el d\u00eda 4 de noviembre.\",\"breadcrumb\":{\"@id\":\"https:\\\/\\\/www.emplea-te.com\\\/noticias-oposiciones\\\/ayudante-de-instituciones-penitenciarias-relacion-de-aspirantes-admitidos-y-excluidos-y-distribucion-por-facultades-de-los-opositores-para-la-realizacion-del-primer-ejercicio-fijado-para-el-dia-14-de\\\/#breadcrumb\"},\"inLanguage\":\"es\",\"potentialAction\":[{\"@type\":\"ReadAction\",\"target\":[\"https:\\\/\\\/www.emplea-te.com\\\/noticias-oposiciones\\\/ayudante-de-instituciones-penitenciarias-relacion-de-aspirantes-admitidos-y-excluidos-y-distribucion-por-facultades-de-los-opositores-para-la-realizacion-del-primer-ejercicio-fijado-para-el-dia-14-de\\\/\"]}]},{\"@type\":\"BreadcrumbList\",\"@id\":\"https:\\\/\\\/www.emplea-te.com\\\/noticias-oposiciones\\\/ayudante-de-instituciones-penitenciarias-relacion-de-aspirantes-admitidos-y-excluidos-y-distribucion-por-facultades-de-los-opositores-para-la-realizacion-del-primer-ejercicio-fijado-para-el-dia-14-de\\\/#breadcrumb\",\"itemListElement\":[{\"@type\":\"ListItem\",\"position\":1,\"name\":\"Noticias Oposiciones\",\"item\":\"https:\\\/\\\/www.emplea-te.com\\\/noticias-oposiciones\\\/\"},{\"@type\":\"ListItem\",\"position\":2,\"name\":\"Administraci\u00f3n General del Estado.\",\"item\":\"https:\\\/\\\/www.emplea-te.com\\\/noticias-oposiciones\\\/categoria\\\/administracion-general-del-estado\\\/\"},{\"@type\":\"ListItem\",\"position\":3,\"name\":\"Oposiciones Ayudantes de Instituciones Penitenciarias C1\",\"item\":\"https:\\\/\\\/www.emplea-te.com\\\/noticias-oposiciones\\\/categoria\\\/administracion-general-del-estado\\\/ayudantes-de-instituciones-penitenciarias-c1-acceso-libre\\\/\"},{\"@type\":\"ListItem\",\"position\":4,\"name\":\"Ayudante de Instituciones Penitenciarias. Relaci\u00f3n de aspirantes admitidos y excluidos y distribuci\u00f3n por Facultades de los opositores para la realizaci\u00f3n del primer ejercicio fijado para el d\u00eda 14 de noviembre.\"}]},{\"@type\":\"WebSite\",\"@id\":\"https:\\\/\\\/www.emplea-te.com\\\/noticias-oposiciones\\\/#website\",\"url\":\"https:\\\/\\\/www.emplea-te.com\\\/noticias-oposiciones\\\/\",\"name\":\"Noticas de oposiciones por Academia Emplea-te\",\"description\":\"Toda la actualidad de las ofertas y convocatorias.\",\"publisher\":{\"@id\":\"https:\\\/\\\/www.emplea-te.com\\\/noticias-oposiciones\\\/#organization\"},\"potentialAction\":[{\"@type\":\"SearchAction\",\"target\":{\"@type\":\"EntryPoint\",\"urlTemplate\":\"https:\\\/\\\/www.emplea-te.com\\\/noticias-oposiciones\\\/?s={search_term_string}\"},\"query-input\":{\"@type\":\"PropertyValueSpecification\",\"valueRequired\":true,\"valueName\":\"search_term_string\"}}],\"inLanguage\":\"es\"},{\"@type\":\"Organization\",\"@id\":\"https:\\\/\\\/www.emplea-te.com\\\/noticias-oposiciones\\\/#organization\",\"name\":\"Academia de oposiciones Empl\u00e9ate\",\"url\":\"https:\\\/\\\/www.emplea-te.com\\\/noticias-oposiciones\\\/\",\"logo\":{\"@type\":\"ImageObject\",\"inLanguage\":\"es\",\"@id\":\"https:\\\/\\\/www.emplea-te.com\\\/noticias-oposiciones\\\/#\\\/schema\\\/logo\\\/image\\\/\",\"url\":\"https:\\\/\\\/www.emplea-te.com\\\/noticias-oposiciones\\\/wp-content\\\/uploads\\\/2019\\\/04\\\/empleate.jpg\",\"contentUrl\":\"https:\\\/\\\/www.emplea-te.com\\\/noticias-oposiciones\\\/wp-content\\\/uploads\\\/2019\\\/04\\\/empleate.jpg\",\"width\":250,\"height\":150,\"caption\":\"Academia de oposiciones Empl\u00e9ate\"},\"image\":{\"@id\":\"https:\\\/\\\/www.emplea-te.com\\\/noticias-oposiciones\\\/#\\\/schema\\\/logo\\\/image\\\/\"},\"sameAs\":[\"https:\\\/\\\/www.facebook.com\\\/AcademiaEmpleate\\\/\",\"https:\\\/\\\/x.com\\\/Emplea_Te\",\"https:\\\/\\\/www.instagram.com\\\/academia_empleate\\\/\"]},{\"@type\":\"Person\",\"@id\":\"https:\\\/\\\/www.emplea-te.com\\\/noticias-oposiciones\\\/#\\\/schema\\\/person\\\/d1bc587e1af2b95e9c32aba1795509a6\",\"name\":\"Empleate\"}]}<\/script>\n<!-- \/ Yoast SEO plugin. -->","yoast_head_json":{"title":"Cuerpo de Ayudante de Instituciones Penitenciarias. Distribuci\u00f3n por Facultades de los opositores convocados a la realizaci\u00f3n del primer ejercicio el d\u00eda 4 de noviembre.","description":"Cuerpo de Ayudante de Instituciones Penitenciarias. Distribuci\u00f3n por Facultades de los opositores convocados a la realizaci\u00f3n del primer ejercicio el d\u00eda 4 de noviembre.","robots":{"index":"index","follow":"follow","max-snippet":"max-snippet:-1","max-image-preview":"max-image-preview:large","max-video-preview":"max-video-preview:-1"},"canonical":"https:\/\/www.emplea-te.com\/noticias-oposiciones\/ayudante-de-instituciones-penitenciarias-relacion-de-aspirantes-admitidos-y-excluidos-y-distribucion-por-facultades-de-los-opositores-para-la-realizacion-del-primer-ejercicio-fijado-para-el-dia-14-de\/","og_locale":"es_ES","og_type":"article","og_title":"Cuerpo de Ayudante de Instituciones Penitenciarias. Distribuci\u00f3n por Facultades de los opositores convocados a la realizaci\u00f3n del primer ejercicio el d\u00eda 4 de noviembre.","og_description":"Cuerpo de Ayudante de Instituciones Penitenciarias. Distribuci\u00f3n por Facultades de los opositores convocados a la realizaci\u00f3n del primer ejercicio el d\u00eda 4 de noviembre.","og_url":"https:\/\/www.emplea-te.com\/noticias-oposiciones\/ayudante-de-instituciones-penitenciarias-relacion-de-aspirantes-admitidos-y-excluidos-y-distribucion-por-facultades-de-los-opositores-para-la-realizacion-del-primer-ejercicio-fijado-para-el-dia-14-de\/","og_site_name":"Noticas de oposiciones por Academia Emplea-te","article_publisher":"https:\/\/www.facebook.com\/AcademiaEmpleate\/","article_published_time":"2021-11-04T09:25:22+00:00","author":"Empleate","twitter_card":"summary_large_image","twitter_creator":"@Emplea_Te","twitter_site":"@Emplea_Te","twitter_misc":{"Escrito por":"Empleate","Tiempo de lectura":"1 minuto"},"schema":{"@context":"https:\/\/schema.org","@graph":[{"@type":"Article","@id":"https:\/\/www.emplea-te.com\/noticias-oposiciones\/ayudante-de-instituciones-penitenciarias-relacion-de-aspirantes-admitidos-y-excluidos-y-distribucion-por-facultades-de-los-opositores-para-la-realizacion-del-primer-ejercicio-fijado-para-el-dia-14-de\/#article","isPartOf":{"@id":"https:\/\/www.emplea-te.com\/noticias-oposiciones\/ayudante-de-instituciones-penitenciarias-relacion-de-aspirantes-admitidos-y-excluidos-y-distribucion-por-facultades-de-los-opositores-para-la-realizacion-del-primer-ejercicio-fijado-para-el-dia-14-de\/"},"author":{"name":"Empleate","@id":"https:\/\/www.emplea-te.com\/noticias-oposiciones\/#\/schema\/person\/d1bc587e1af2b95e9c32aba1795509a6"},"headline":"Ayudante de Instituciones Penitenciarias. Relaci\u00f3n de aspirantes admitidos y excluidos y distribuci\u00f3n por Facultades de los opositores para la realizaci\u00f3n del primer ejercicio fijado para el d\u00eda 14 de noviembre.","datePublished":"2021-11-04T09:25:22+00:00","mainEntityOfPage":{"@id":"https:\/\/www.emplea-te.com\/noticias-oposiciones\/ayudante-de-instituciones-penitenciarias-relacion-de-aspirantes-admitidos-y-excluidos-y-distribucion-por-facultades-de-los-opositores-para-la-realizacion-del-primer-ejercicio-fijado-para-el-dia-14-de\/"},"wordCount":160,"publisher":{"@id":"https:\/\/www.emplea-te.com\/noticias-oposiciones\/#organization"},"keywords":["Acceso libre","Convocatoria","Fecha ex\u00e1menes"],"articleSection":["Administraci\u00f3n General del Estado.","Oposiciones Ayudantes de Instituciones Penitenciarias C1"],"inLanguage":"es"},{"@type":"WebPage","@id":"https:\/\/www.emplea-te.com\/noticias-oposiciones\/ayudante-de-instituciones-penitenciarias-relacion-de-aspirantes-admitidos-y-excluidos-y-distribucion-por-facultades-de-los-opositores-para-la-realizacion-del-primer-ejercicio-fijado-para-el-dia-14-de\/","url":"https:\/\/www.emplea-te.com\/noticias-oposiciones\/ayudante-de-instituciones-penitenciarias-relacion-de-aspirantes-admitidos-y-excluidos-y-distribucion-por-facultades-de-los-opositores-para-la-realizacion-del-primer-ejercicio-fijado-para-el-dia-14-de\/","name":"Cuerpo de Ayudante de Instituciones Penitenciarias. Distribuci\u00f3n por Facultades de los opositores convocados a la realizaci\u00f3n del primer ejercicio el d\u00eda 4 de noviembre.","isPartOf":{"@id":"https:\/\/www.emplea-te.com\/noticias-oposiciones\/#website"},"datePublished":"2021-11-04T09:25:22+00:00","description":"Cuerpo de Ayudante de Instituciones Penitenciarias. Distribuci\u00f3n por Facultades de los opositores convocados a la realizaci\u00f3n del primer ejercicio el d\u00eda 4 de noviembre.","breadcrumb":{"@id":"https:\/\/www.emplea-te.com\/noticias-oposiciones\/ayudante-de-instituciones-penitenciarias-relacion-de-aspirantes-admitidos-y-excluidos-y-distribucion-por-facultades-de-los-opositores-para-la-realizacion-del-primer-ejercicio-fijado-para-el-dia-14-de\/#breadcrumb"},"inLanguage":"es","potentialAction":[{"@type":"ReadAction","target":["https:\/\/www.emplea-te.com\/noticias-oposiciones\/ayudante-de-instituciones-penitenciarias-relacion-de-aspirantes-admitidos-y-excluidos-y-distribucion-por-facultades-de-los-opositores-para-la-realizacion-del-primer-ejercicio-fijado-para-el-dia-14-de\/"]}]},{"@type":"BreadcrumbList","@id":"https:\/\/www.emplea-te.com\/noticias-oposiciones\/ayudante-de-instituciones-penitenciarias-relacion-de-aspirantes-admitidos-y-excluidos-y-distribucion-por-facultades-de-los-opositores-para-la-realizacion-del-primer-ejercicio-fijado-para-el-dia-14-de\/#breadcrumb","itemListElement":[{"@type":"ListItem","position":1,"name":"Noticias Oposiciones","item":"https:\/\/www.emplea-te.com\/noticias-oposiciones\/"},{"@type":"ListItem","position":2,"name":"Administraci\u00f3n General del Estado.","item":"https:\/\/www.emplea-te.com\/noticias-oposiciones\/categoria\/administracion-general-del-estado\/"},{"@type":"ListItem","position":3,"name":"Oposiciones Ayudantes de Instituciones Penitenciarias C1","item":"https:\/\/www.emplea-te.com\/noticias-oposiciones\/categoria\/administracion-general-del-estado\/ayudantes-de-instituciones-penitenciarias-c1-acceso-libre\/"},{"@type":"ListItem","position":4,"name":"Ayudante de Instituciones Penitenciarias. Relaci\u00f3n de aspirantes admitidos y excluidos y distribuci\u00f3n por Facultades de los opositores para la realizaci\u00f3n del primer ejercicio fijado para el d\u00eda 14 de noviembre."}]},{"@type":"WebSite","@id":"https:\/\/www.emplea-te.com\/noticias-oposiciones\/#website","url":"https:\/\/www.emplea-te.com\/noticias-oposiciones\/","name":"Noticas de oposiciones por Academia Emplea-te","description":"Toda la actualidad de las ofertas y convocatorias.","publisher":{"@id":"https:\/\/www.emplea-te.com\/noticias-oposiciones\/#organization"},"potentialAction":[{"@type":"SearchAction","target":{"@type":"EntryPoint","urlTemplate":"https:\/\/www.emplea-te.com\/noticias-oposiciones\/?s={search_term_string}"},"query-input":{"@type":"PropertyValueSpecification","valueRequired":true,"valueName":"search_term_string"}}],"inLanguage":"es"},{"@type":"Organization","@id":"https:\/\/www.emplea-te.com\/noticias-oposiciones\/#organization","name":"Academia de oposiciones Empl\u00e9ate","url":"https:\/\/www.emplea-te.com\/noticias-oposiciones\/","logo":{"@type":"ImageObject","inLanguage":"es","@id":"https:\/\/www.emplea-te.com\/noticias-oposiciones\/#\/schema\/logo\/image\/","url":"https:\/\/www.emplea-te.com\/noticias-oposiciones\/wp-content\/uploads\/2019\/04\/empleate.jpg","contentUrl":"https:\/\/www.emplea-te.com\/noticias-oposiciones\/wp-content\/uploads\/2019\/04\/empleate.jpg","width":250,"height":150,"caption":"Academia de oposiciones Empl\u00e9ate"},"image":{"@id":"https:\/\/www.emplea-te.com\/noticias-oposiciones\/#\/schema\/logo\/image\/"},"sameAs":["https:\/\/www.facebook.com\/AcademiaEmpleate\/","https:\/\/x.com\/Emplea_Te","https:\/\/www.instagram.com\/academia_empleate\/"]},{"@type":"Person","@id":"https:\/\/www.emplea-te.com\/noticias-oposiciones\/#\/schema\/person\/d1bc587e1af2b95e9c32aba1795509a6","name":"Empleate"}]}},"_links":{"self":[{"href":"https:\/\/www.emplea-te.com\/noticias-oposiciones\/wp-json\/wp\/v2\/posts\/5511","targetHints":{"allow":["GET"]}}],"collection":[{"href":"https:\/\/www.emplea-te.com\/noticias-oposiciones\/wp-json\/wp\/v2\/posts"}],"about":[{"href":"https:\/\/www.emplea-te.com\/noticias-oposiciones\/wp-json\/wp\/v2\/types\/post"}],"author":[{"embeddable":true,"href":"https:\/\/www.emplea-te.com\/noticias-oposiciones\/wp-json\/wp\/v2\/users\/1"}],"replies":[{"embeddable":true,"href":"https:\/\/www.emplea-te.com\/noticias-oposiciones\/wp-json\/wp\/v2\/comments?post=5511"}],"version-history":[{"count":1,"href":"https:\/\/www.emplea-te.com\/noticias-oposiciones\/wp-json\/wp\/v2\/posts\/5511\/revisions"}],"predecessor-version":[{"id":5512,"href":"https:\/\/www.emplea-te.com\/noticias-oposiciones\/wp-json\/wp\/v2\/posts\/5511\/revisions\/5512"}],"wp:attachment":[{"href":"https:\/\/www.emplea-te.com\/noticias-oposiciones\/wp-json\/wp\/v2\/media?parent=5511"}],"wp:term":[{"taxonomy":"category","embeddable":true,"href":"https:\/\/www.emplea-te.com\/noticias-oposiciones\/wp-json\/wp\/v2\/categories?post=5511"},{"taxonomy":"post_tag","embeddable":true,"href":"https:\/\/www.emplea-te.com\/noticias-oposiciones\/wp-json\/wp\/v2\/tags?post=5511"}],"curies":[{"name":"wp","href":"https:\/\/api.w.org\/{rel}","templated":true}]}}