{"id":5515,"date":"2021-11-04T10:58:31","date_gmt":"2021-11-04T09:58:31","guid":{"rendered":"https:\/\/www.emplea-te.com\/noticias-oposiciones\/?p=5515"},"modified":"2021-11-04T10:58:31","modified_gmt":"2021-11-04T09:58:31","slug":"sergas-publicada-fecha-estimada-de-realizacion-de-distintos-procesos-selectivos-que-ya-estan-en-curso","status":"publish","type":"post","link":"https:\/\/www.emplea-te.com\/noticias-oposiciones\/sergas-publicada-fecha-estimada-de-realizacion-de-distintos-procesos-selectivos-que-ya-estan-en-curso\/","title":{"rendered":"SERGAS. Publicada fecha estimada de realizaci\u00f3n de distintos procesos selectivos que ya est\u00e1n en curso."},"content":{"rendered":"<p>Se ha publicado en la Web del SERGAS la actualizaci\u00f3n de la informaci\u00f3n correspondiente a la previsi\u00f3n de fecha para la realizaci\u00f3n de distintos procesos selectivos que ya est\u00e1n en marcha.<\/p>\n<p>Desde este enlace puedes acceder al nuevo cronograma:<\/p>\n<p><a href=\"https:\/\/www.sergas.es\/Recursos-Humanos\/Documents\/1499\/Previsi%C3%B3n%20OPE%202022.pdf\" target=\"_blank\" rel=\"noopener\">Previsi\u00f3n realizaci\u00f3n ex\u00e1menes<\/a><\/p>\n<p>&nbsp;<\/p>\n<p><img decoding=\"async\" class=\"alignnone size-full wp-image-5517\" src=\"https:\/\/www.emplea-te.com\/noticias-oposiciones\/wp-content\/uploads\/2021\/11\/prevision-ejercicios-distintas-categorias-1.jpg\" alt=\"\" width=\"1080\" height=\"1080\" srcset=\"https:\/\/www.emplea-te.com\/noticias-oposiciones\/wp-content\/uploads\/2021\/11\/prevision-ejercicios-distintas-categorias-1.jpg 1080w, https:\/\/www.emplea-te.com\/noticias-oposiciones\/wp-content\/uploads\/2021\/11\/prevision-ejercicios-distintas-categorias-1-300x300.jpg 300w, https:\/\/www.emplea-te.com\/noticias-oposiciones\/wp-content\/uploads\/2021\/11\/prevision-ejercicios-distintas-categorias-1-1024x1024.jpg 1024w, https:\/\/www.emplea-te.com\/noticias-oposiciones\/wp-content\/uploads\/2021\/11\/prevision-ejercicios-distintas-categorias-1-150x150.jpg 150w, https:\/\/www.emplea-te.com\/noticias-oposiciones\/wp-content\/uploads\/2021\/11\/prevision-ejercicios-distintas-categorias-1-768x768.jpg 768w\" sizes=\"(max-width: 709px) 85vw, (max-width: 909px) 67vw, (max-width: 1362px) 62vw, 840px\" \/><\/p>\n<p>&nbsp;<\/p>\n<p>Os mantendremos informados de cualquier actualizaci\u00f3n de la informaci\u00f3n.<\/p>\n<p><a href=\"http:\/\/www.emplea-te.com\" target=\"_blank\" rel=\"noopener\">Os recordamos que en nuestros grupos presenciales y on line, preparamos el temario com\u00fan de legislaci\u00f3n para estas categor\u00edas.\u00a0<\/a><\/p>\n<p>&nbsp;<\/p>\n","protected":false},"excerpt":{"rendered":"<p>Se ha publicado en la Web del SERGAS la actualizaci\u00f3n de la informaci\u00f3n correspondiente a la previsi\u00f3n de fecha para la realizaci\u00f3n de distintos procesos selectivos que ya est\u00e1n en marcha. Desde este enlace puedes acceder al nuevo cronograma: Previsi\u00f3n realizaci\u00f3n ex\u00e1menes &nbsp; &nbsp; Os mantendremos informados de cualquier actualizaci\u00f3n de la informaci\u00f3n. Os recordamos &hellip; <a href=\"https:\/\/www.emplea-te.com\/noticias-oposiciones\/sergas-publicada-fecha-estimada-de-realizacion-de-distintos-procesos-selectivos-que-ya-estan-en-curso\/\" class=\"more-link\">Continuar leyendo<span class=\"screen-reader-text\"> \u00abSERGAS. Publicada fecha estimada de realizaci\u00f3n de distintos procesos selectivos que ya est\u00e1n en curso.\u00bb<\/span><\/a><\/p>\n","protected":false},"author":1,"featured_media":0,"comment_status":"closed","ping_status":"closed","sticky":false,"template":"","format":"standard","meta":{"footnotes":""},"categories":[18],"tags":[71],"class_list":["post-5515","post","type-post","status-publish","format-standard","hentry","category-oposiciones-sergas","tag-fecha-examenes"],"yoast_head":"<!-- This site is optimized with the Yoast SEO plugin v27.3 - https:\/\/yoast.com\/product\/yoast-seo-wordpress\/ -->\n<title>Procesos selectivos SERGAS. Previsi\u00f3n de fechas para la realizaci\u00f3n de distintos procesos selectivos que ya est\u00e1n en curso.<\/title>\n<meta name=\"description\" content=\"Procesos selectivos SERGAS. Previsi\u00f3n de fechas para la realizaci\u00f3n de distintos procesos selectivos que ya est\u00e1n en curso.\" \/>\n<meta name=\"robots\" content=\"index, follow, max-snippet:-1, max-image-preview:large, max-video-preview:-1\" \/>\n<link rel=\"canonical\" href=\"https:\/\/www.emplea-te.com\/noticias-oposiciones\/sergas-publicada-fecha-estimada-de-realizacion-de-distintos-procesos-selectivos-que-ya-estan-en-curso\/\" \/>\n<meta property=\"og:locale\" content=\"es_ES\" \/>\n<meta property=\"og:type\" content=\"article\" \/>\n<meta property=\"og:title\" content=\"Procesos selectivos SERGAS. Previsi\u00f3n de fechas para la realizaci\u00f3n de distintos procesos selectivos que ya est\u00e1n en curso.\" \/>\n<meta property=\"og:description\" content=\"Procesos selectivos SERGAS. Previsi\u00f3n de fechas para la realizaci\u00f3n de distintos procesos selectivos que ya est\u00e1n en curso.\" \/>\n<meta property=\"og:url\" content=\"https:\/\/www.emplea-te.com\/noticias-oposiciones\/sergas-publicada-fecha-estimada-de-realizacion-de-distintos-procesos-selectivos-que-ya-estan-en-curso\/\" \/>\n<meta property=\"og:site_name\" content=\"Noticas de oposiciones por Academia Emplea-te\" \/>\n<meta property=\"article:publisher\" content=\"https:\/\/www.facebook.com\/AcademiaEmpleate\/\" \/>\n<meta property=\"article:published_time\" content=\"2021-11-04T09:58:31+00:00\" \/>\n<meta property=\"og:image\" content=\"https:\/\/www.emplea-te.com\/noticias-oposiciones\/wp-content\/uploads\/2021\/11\/prevision-ejercicios-distintas-categorias-1.jpg\" \/>\n<meta name=\"author\" content=\"Empleate\" \/>\n<meta name=\"twitter:card\" content=\"summary_large_image\" \/>\n<meta name=\"twitter:creator\" content=\"@Emplea_Te\" \/>\n<meta name=\"twitter:site\" content=\"@Emplea_Te\" \/>\n<meta name=\"twitter:label1\" content=\"Escrito por\" \/>\n\t<meta name=\"twitter:data1\" content=\"Empleate\" \/>\n<script type=\"application\/ld+json\" class=\"yoast-schema-graph\">{\"@context\":\"https:\\\/\\\/schema.org\",\"@graph\":[{\"@type\":\"Article\",\"@id\":\"https:\\\/\\\/www.emplea-te.com\\\/noticias-oposiciones\\\/sergas-publicada-fecha-estimada-de-realizacion-de-distintos-procesos-selectivos-que-ya-estan-en-curso\\\/#article\",\"isPartOf\":{\"@id\":\"https:\\\/\\\/www.emplea-te.com\\\/noticias-oposiciones\\\/sergas-publicada-fecha-estimada-de-realizacion-de-distintos-procesos-selectivos-que-ya-estan-en-curso\\\/\"},\"author\":{\"name\":\"Empleate\",\"@id\":\"https:\\\/\\\/www.emplea-te.com\\\/noticias-oposiciones\\\/#\\\/schema\\\/person\\\/d1bc587e1af2b95e9c32aba1795509a6\"},\"headline\":\"SERGAS. Publicada fecha estimada de realizaci\u00f3n de distintos procesos selectivos que ya est\u00e1n en curso.\",\"datePublished\":\"2021-11-04T09:58:31+00:00\",\"mainEntityOfPage\":{\"@id\":\"https:\\\/\\\/www.emplea-te.com\\\/noticias-oposiciones\\\/sergas-publicada-fecha-estimada-de-realizacion-de-distintos-procesos-selectivos-que-ya-estan-en-curso\\\/\"},\"wordCount\":103,\"publisher\":{\"@id\":\"https:\\\/\\\/www.emplea-te.com\\\/noticias-oposiciones\\\/#organization\"},\"image\":{\"@id\":\"https:\\\/\\\/www.emplea-te.com\\\/noticias-oposiciones\\\/sergas-publicada-fecha-estimada-de-realizacion-de-distintos-procesos-selectivos-que-ya-estan-en-curso\\\/#primaryimage\"},\"thumbnailUrl\":\"https:\\\/\\\/www.emplea-te.com\\\/noticias-oposiciones\\\/wp-content\\\/uploads\\\/2021\\\/11\\\/prevision-ejercicios-distintas-categorias-1.jpg\",\"keywords\":[\"Fecha ex\u00e1menes\"],\"articleSection\":[\"Oposiciones SERGAS\"],\"inLanguage\":\"es\"},{\"@type\":\"WebPage\",\"@id\":\"https:\\\/\\\/www.emplea-te.com\\\/noticias-oposiciones\\\/sergas-publicada-fecha-estimada-de-realizacion-de-distintos-procesos-selectivos-que-ya-estan-en-curso\\\/\",\"url\":\"https:\\\/\\\/www.emplea-te.com\\\/noticias-oposiciones\\\/sergas-publicada-fecha-estimada-de-realizacion-de-distintos-procesos-selectivos-que-ya-estan-en-curso\\\/\",\"name\":\"Procesos selectivos SERGAS. Previsi\u00f3n de fechas para la realizaci\u00f3n de distintos procesos selectivos que ya est\u00e1n en curso.\",\"isPartOf\":{\"@id\":\"https:\\\/\\\/www.emplea-te.com\\\/noticias-oposiciones\\\/#website\"},\"primaryImageOfPage\":{\"@id\":\"https:\\\/\\\/www.emplea-te.com\\\/noticias-oposiciones\\\/sergas-publicada-fecha-estimada-de-realizacion-de-distintos-procesos-selectivos-que-ya-estan-en-curso\\\/#primaryimage\"},\"image\":{\"@id\":\"https:\\\/\\\/www.emplea-te.com\\\/noticias-oposiciones\\\/sergas-publicada-fecha-estimada-de-realizacion-de-distintos-procesos-selectivos-que-ya-estan-en-curso\\\/#primaryimage\"},\"thumbnailUrl\":\"https:\\\/\\\/www.emplea-te.com\\\/noticias-oposiciones\\\/wp-content\\\/uploads\\\/2021\\\/11\\\/prevision-ejercicios-distintas-categorias-1.jpg\",\"datePublished\":\"2021-11-04T09:58:31+00:00\",\"description\":\"Procesos selectivos SERGAS. Previsi\u00f3n de fechas para la realizaci\u00f3n de distintos procesos selectivos que ya est\u00e1n en curso.\",\"breadcrumb\":{\"@id\":\"https:\\\/\\\/www.emplea-te.com\\\/noticias-oposiciones\\\/sergas-publicada-fecha-estimada-de-realizacion-de-distintos-procesos-selectivos-que-ya-estan-en-curso\\\/#breadcrumb\"},\"inLanguage\":\"es\",\"potentialAction\":[{\"@type\":\"ReadAction\",\"target\":[\"https:\\\/\\\/www.emplea-te.com\\\/noticias-oposiciones\\\/sergas-publicada-fecha-estimada-de-realizacion-de-distintos-procesos-selectivos-que-ya-estan-en-curso\\\/\"]}]},{\"@type\":\"ImageObject\",\"inLanguage\":\"es\",\"@id\":\"https:\\\/\\\/www.emplea-te.com\\\/noticias-oposiciones\\\/sergas-publicada-fecha-estimada-de-realizacion-de-distintos-procesos-selectivos-que-ya-estan-en-curso\\\/#primaryimage\",\"url\":\"https:\\\/\\\/www.emplea-te.com\\\/noticias-oposiciones\\\/wp-content\\\/uploads\\\/2021\\\/11\\\/prevision-ejercicios-distintas-categorias-1.jpg\",\"contentUrl\":\"https:\\\/\\\/www.emplea-te.com\\\/noticias-oposiciones\\\/wp-content\\\/uploads\\\/2021\\\/11\\\/prevision-ejercicios-distintas-categorias-1.jpg\",\"width\":1080,\"height\":1080},{\"@type\":\"BreadcrumbList\",\"@id\":\"https:\\\/\\\/www.emplea-te.com\\\/noticias-oposiciones\\\/sergas-publicada-fecha-estimada-de-realizacion-de-distintos-procesos-selectivos-que-ya-estan-en-curso\\\/#breadcrumb\",\"itemListElement\":[{\"@type\":\"ListItem\",\"position\":1,\"name\":\"Noticias Oposiciones\",\"item\":\"https:\\\/\\\/www.emplea-te.com\\\/noticias-oposiciones\\\/\"},{\"@type\":\"ListItem\",\"position\":2,\"name\":\"Oposiciones SERGAS\",\"item\":\"https:\\\/\\\/www.emplea-te.com\\\/noticias-oposiciones\\\/categoria\\\/oposiciones-sergas\\\/\"},{\"@type\":\"ListItem\",\"position\":3,\"name\":\"SERGAS. Publicada fecha estimada de realizaci\u00f3n de distintos procesos selectivos que ya est\u00e1n en curso.\"}]},{\"@type\":\"WebSite\",\"@id\":\"https:\\\/\\\/www.emplea-te.com\\\/noticias-oposiciones\\\/#website\",\"url\":\"https:\\\/\\\/www.emplea-te.com\\\/noticias-oposiciones\\\/\",\"name\":\"Noticas de oposiciones por Academia Emplea-te\",\"description\":\"Toda la actualidad de las ofertas y convocatorias.\",\"publisher\":{\"@id\":\"https:\\\/\\\/www.emplea-te.com\\\/noticias-oposiciones\\\/#organization\"},\"potentialAction\":[{\"@type\":\"SearchAction\",\"target\":{\"@type\":\"EntryPoint\",\"urlTemplate\":\"https:\\\/\\\/www.emplea-te.com\\\/noticias-oposiciones\\\/?s={search_term_string}\"},\"query-input\":{\"@type\":\"PropertyValueSpecification\",\"valueRequired\":true,\"valueName\":\"search_term_string\"}}],\"inLanguage\":\"es\"},{\"@type\":\"Organization\",\"@id\":\"https:\\\/\\\/www.emplea-te.com\\\/noticias-oposiciones\\\/#organization\",\"name\":\"Academia de oposiciones Empl\u00e9ate\",\"url\":\"https:\\\/\\\/www.emplea-te.com\\\/noticias-oposiciones\\\/\",\"logo\":{\"@type\":\"ImageObject\",\"inLanguage\":\"es\",\"@id\":\"https:\\\/\\\/www.emplea-te.com\\\/noticias-oposiciones\\\/#\\\/schema\\\/logo\\\/image\\\/\",\"url\":\"https:\\\/\\\/www.emplea-te.com\\\/noticias-oposiciones\\\/wp-content\\\/uploads\\\/2019\\\/04\\\/empleate.jpg\",\"contentUrl\":\"https:\\\/\\\/www.emplea-te.com\\\/noticias-oposiciones\\\/wp-content\\\/uploads\\\/2019\\\/04\\\/empleate.jpg\",\"width\":250,\"height\":150,\"caption\":\"Academia de oposiciones Empl\u00e9ate\"},\"image\":{\"@id\":\"https:\\\/\\\/www.emplea-te.com\\\/noticias-oposiciones\\\/#\\\/schema\\\/logo\\\/image\\\/\"},\"sameAs\":[\"https:\\\/\\\/www.facebook.com\\\/AcademiaEmpleate\\\/\",\"https:\\\/\\\/x.com\\\/Emplea_Te\",\"https:\\\/\\\/www.instagram.com\\\/academia_empleate\\\/\"]},{\"@type\":\"Person\",\"@id\":\"https:\\\/\\\/www.emplea-te.com\\\/noticias-oposiciones\\\/#\\\/schema\\\/person\\\/d1bc587e1af2b95e9c32aba1795509a6\",\"name\":\"Empleate\"}]}<\/script>\n<!-- \/ Yoast SEO plugin. -->","yoast_head_json":{"title":"Procesos selectivos SERGAS. Previsi\u00f3n de fechas para la realizaci\u00f3n de distintos procesos selectivos que ya est\u00e1n en curso.","description":"Procesos selectivos SERGAS. Previsi\u00f3n de fechas para la realizaci\u00f3n de distintos procesos selectivos que ya est\u00e1n en curso.","robots":{"index":"index","follow":"follow","max-snippet":"max-snippet:-1","max-image-preview":"max-image-preview:large","max-video-preview":"max-video-preview:-1"},"canonical":"https:\/\/www.emplea-te.com\/noticias-oposiciones\/sergas-publicada-fecha-estimada-de-realizacion-de-distintos-procesos-selectivos-que-ya-estan-en-curso\/","og_locale":"es_ES","og_type":"article","og_title":"Procesos selectivos SERGAS. Previsi\u00f3n de fechas para la realizaci\u00f3n de distintos procesos selectivos que ya est\u00e1n en curso.","og_description":"Procesos selectivos SERGAS. Previsi\u00f3n de fechas para la realizaci\u00f3n de distintos procesos selectivos que ya est\u00e1n en curso.","og_url":"https:\/\/www.emplea-te.com\/noticias-oposiciones\/sergas-publicada-fecha-estimada-de-realizacion-de-distintos-procesos-selectivos-que-ya-estan-en-curso\/","og_site_name":"Noticas de oposiciones por Academia Emplea-te","article_publisher":"https:\/\/www.facebook.com\/AcademiaEmpleate\/","article_published_time":"2021-11-04T09:58:31+00:00","og_image":[{"url":"https:\/\/www.emplea-te.com\/noticias-oposiciones\/wp-content\/uploads\/2021\/11\/prevision-ejercicios-distintas-categorias-1.jpg","type":"","width":"","height":""}],"author":"Empleate","twitter_card":"summary_large_image","twitter_creator":"@Emplea_Te","twitter_site":"@Emplea_Te","twitter_misc":{"Escrito por":"Empleate"},"schema":{"@context":"https:\/\/schema.org","@graph":[{"@type":"Article","@id":"https:\/\/www.emplea-te.com\/noticias-oposiciones\/sergas-publicada-fecha-estimada-de-realizacion-de-distintos-procesos-selectivos-que-ya-estan-en-curso\/#article","isPartOf":{"@id":"https:\/\/www.emplea-te.com\/noticias-oposiciones\/sergas-publicada-fecha-estimada-de-realizacion-de-distintos-procesos-selectivos-que-ya-estan-en-curso\/"},"author":{"name":"Empleate","@id":"https:\/\/www.emplea-te.com\/noticias-oposiciones\/#\/schema\/person\/d1bc587e1af2b95e9c32aba1795509a6"},"headline":"SERGAS. Publicada fecha estimada de realizaci\u00f3n de distintos procesos selectivos que ya est\u00e1n en curso.","datePublished":"2021-11-04T09:58:31+00:00","mainEntityOfPage":{"@id":"https:\/\/www.emplea-te.com\/noticias-oposiciones\/sergas-publicada-fecha-estimada-de-realizacion-de-distintos-procesos-selectivos-que-ya-estan-en-curso\/"},"wordCount":103,"publisher":{"@id":"https:\/\/www.emplea-te.com\/noticias-oposiciones\/#organization"},"image":{"@id":"https:\/\/www.emplea-te.com\/noticias-oposiciones\/sergas-publicada-fecha-estimada-de-realizacion-de-distintos-procesos-selectivos-que-ya-estan-en-curso\/#primaryimage"},"thumbnailUrl":"https:\/\/www.emplea-te.com\/noticias-oposiciones\/wp-content\/uploads\/2021\/11\/prevision-ejercicios-distintas-categorias-1.jpg","keywords":["Fecha ex\u00e1menes"],"articleSection":["Oposiciones SERGAS"],"inLanguage":"es"},{"@type":"WebPage","@id":"https:\/\/www.emplea-te.com\/noticias-oposiciones\/sergas-publicada-fecha-estimada-de-realizacion-de-distintos-procesos-selectivos-que-ya-estan-en-curso\/","url":"https:\/\/www.emplea-te.com\/noticias-oposiciones\/sergas-publicada-fecha-estimada-de-realizacion-de-distintos-procesos-selectivos-que-ya-estan-en-curso\/","name":"Procesos selectivos SERGAS. Previsi\u00f3n de fechas para la realizaci\u00f3n de distintos procesos selectivos que ya est\u00e1n en curso.","isPartOf":{"@id":"https:\/\/www.emplea-te.com\/noticias-oposiciones\/#website"},"primaryImageOfPage":{"@id":"https:\/\/www.emplea-te.com\/noticias-oposiciones\/sergas-publicada-fecha-estimada-de-realizacion-de-distintos-procesos-selectivos-que-ya-estan-en-curso\/#primaryimage"},"image":{"@id":"https:\/\/www.emplea-te.com\/noticias-oposiciones\/sergas-publicada-fecha-estimada-de-realizacion-de-distintos-procesos-selectivos-que-ya-estan-en-curso\/#primaryimage"},"thumbnailUrl":"https:\/\/www.emplea-te.com\/noticias-oposiciones\/wp-content\/uploads\/2021\/11\/prevision-ejercicios-distintas-categorias-1.jpg","datePublished":"2021-11-04T09:58:31+00:00","description":"Procesos selectivos SERGAS. Previsi\u00f3n de fechas para la realizaci\u00f3n de distintos procesos selectivos que ya est\u00e1n en curso.","breadcrumb":{"@id":"https:\/\/www.emplea-te.com\/noticias-oposiciones\/sergas-publicada-fecha-estimada-de-realizacion-de-distintos-procesos-selectivos-que-ya-estan-en-curso\/#breadcrumb"},"inLanguage":"es","potentialAction":[{"@type":"ReadAction","target":["https:\/\/www.emplea-te.com\/noticias-oposiciones\/sergas-publicada-fecha-estimada-de-realizacion-de-distintos-procesos-selectivos-que-ya-estan-en-curso\/"]}]},{"@type":"ImageObject","inLanguage":"es","@id":"https:\/\/www.emplea-te.com\/noticias-oposiciones\/sergas-publicada-fecha-estimada-de-realizacion-de-distintos-procesos-selectivos-que-ya-estan-en-curso\/#primaryimage","url":"https:\/\/www.emplea-te.com\/noticias-oposiciones\/wp-content\/uploads\/2021\/11\/prevision-ejercicios-distintas-categorias-1.jpg","contentUrl":"https:\/\/www.emplea-te.com\/noticias-oposiciones\/wp-content\/uploads\/2021\/11\/prevision-ejercicios-distintas-categorias-1.jpg","width":1080,"height":1080},{"@type":"BreadcrumbList","@id":"https:\/\/www.emplea-te.com\/noticias-oposiciones\/sergas-publicada-fecha-estimada-de-realizacion-de-distintos-procesos-selectivos-que-ya-estan-en-curso\/#breadcrumb","itemListElement":[{"@type":"ListItem","position":1,"name":"Noticias Oposiciones","item":"https:\/\/www.emplea-te.com\/noticias-oposiciones\/"},{"@type":"ListItem","position":2,"name":"Oposiciones SERGAS","item":"https:\/\/www.emplea-te.com\/noticias-oposiciones\/categoria\/oposiciones-sergas\/"},{"@type":"ListItem","position":3,"name":"SERGAS. Publicada fecha estimada de realizaci\u00f3n de distintos procesos selectivos que ya est\u00e1n en curso."}]},{"@type":"WebSite","@id":"https:\/\/www.emplea-te.com\/noticias-oposiciones\/#website","url":"https:\/\/www.emplea-te.com\/noticias-oposiciones\/","name":"Noticas de oposiciones por Academia Emplea-te","description":"Toda la actualidad de las ofertas y convocatorias.","publisher":{"@id":"https:\/\/www.emplea-te.com\/noticias-oposiciones\/#organization"},"potentialAction":[{"@type":"SearchAction","target":{"@type":"EntryPoint","urlTemplate":"https:\/\/www.emplea-te.com\/noticias-oposiciones\/?s={search_term_string}"},"query-input":{"@type":"PropertyValueSpecification","valueRequired":true,"valueName":"search_term_string"}}],"inLanguage":"es"},{"@type":"Organization","@id":"https:\/\/www.emplea-te.com\/noticias-oposiciones\/#organization","name":"Academia de oposiciones Empl\u00e9ate","url":"https:\/\/www.emplea-te.com\/noticias-oposiciones\/","logo":{"@type":"ImageObject","inLanguage":"es","@id":"https:\/\/www.emplea-te.com\/noticias-oposiciones\/#\/schema\/logo\/image\/","url":"https:\/\/www.emplea-te.com\/noticias-oposiciones\/wp-content\/uploads\/2019\/04\/empleate.jpg","contentUrl":"https:\/\/www.emplea-te.com\/noticias-oposiciones\/wp-content\/uploads\/2019\/04\/empleate.jpg","width":250,"height":150,"caption":"Academia de oposiciones Empl\u00e9ate"},"image":{"@id":"https:\/\/www.emplea-te.com\/noticias-oposiciones\/#\/schema\/logo\/image\/"},"sameAs":["https:\/\/www.facebook.com\/AcademiaEmpleate\/","https:\/\/x.com\/Emplea_Te","https:\/\/www.instagram.com\/academia_empleate\/"]},{"@type":"Person","@id":"https:\/\/www.emplea-te.com\/noticias-oposiciones\/#\/schema\/person\/d1bc587e1af2b95e9c32aba1795509a6","name":"Empleate"}]}},"_links":{"self":[{"href":"https:\/\/www.emplea-te.com\/noticias-oposiciones\/wp-json\/wp\/v2\/posts\/5515","targetHints":{"allow":["GET"]}}],"collection":[{"href":"https:\/\/www.emplea-te.com\/noticias-oposiciones\/wp-json\/wp\/v2\/posts"}],"about":[{"href":"https:\/\/www.emplea-te.com\/noticias-oposiciones\/wp-json\/wp\/v2\/types\/post"}],"author":[{"embeddable":true,"href":"https:\/\/www.emplea-te.com\/noticias-oposiciones\/wp-json\/wp\/v2\/users\/1"}],"replies":[{"embeddable":true,"href":"https:\/\/www.emplea-te.com\/noticias-oposiciones\/wp-json\/wp\/v2\/comments?post=5515"}],"version-history":[{"count":1,"href":"https:\/\/www.emplea-te.com\/noticias-oposiciones\/wp-json\/wp\/v2\/posts\/5515\/revisions"}],"predecessor-version":[{"id":5518,"href":"https:\/\/www.emplea-te.com\/noticias-oposiciones\/wp-json\/wp\/v2\/posts\/5515\/revisions\/5518"}],"wp:attachment":[{"href":"https:\/\/www.emplea-te.com\/noticias-oposiciones\/wp-json\/wp\/v2\/media?parent=5515"}],"wp:term":[{"taxonomy":"category","embeddable":true,"href":"https:\/\/www.emplea-te.com\/noticias-oposiciones\/wp-json\/wp\/v2\/categories?post=5515"},{"taxonomy":"post_tag","embeddable":true,"href":"https:\/\/www.emplea-te.com\/noticias-oposiciones\/wp-json\/wp\/v2\/tags?post=5515"}],"curies":[{"name":"wp","href":"https:\/\/api.w.org\/{rel}","templated":true}]}}