{"id":5542,"date":"2021-11-09T10:26:19","date_gmt":"2021-11-09T09:26:19","guid":{"rendered":"https:\/\/www.emplea-te.com\/noticias-oposiciones\/?p=5542"},"modified":"2021-11-09T10:26:19","modified_gmt":"2021-11-09T09:26:19","slug":"ayuntamiento-de-touro-se-publican-las-bases-que-regiran-el-proceso-selectivo-para-cubrir-una-plaza-de-auxiliar-administrativo-c2-con-caracter-temporal","status":"publish","type":"post","link":"https:\/\/www.emplea-te.com\/noticias-oposiciones\/ayuntamiento-de-touro-se-publican-las-bases-que-regiran-el-proceso-selectivo-para-cubrir-una-plaza-de-auxiliar-administrativo-c2-con-caracter-temporal\/","title":{"rendered":"Ayuntamiento de Touro. Se publican las bases que regir\u00e1n el proceso selectivo para cubrir una plaza de Auxiliar Administrativo C2 con car\u00e1cter temporal."},"content":{"rendered":"<p>Ayuntamiento de Touro.<\/p>\n<p>Se publica en el BOP de la Provincia de A Coru\u00f1a de hoy, d\u00eda 9 d noviembre de 2021, las Bases que regir\u00e1n el proceso selectivo para cubrir una plaza de Auxiliar Administrativo C2 con car\u00e1cter laboral temporal.<\/p>\n<p>El plazo para presentar instancias ser\u00e1 de 10 d\u00edas naturales contados a partir del d\u00eda siguiente a esta publicaci\u00f3n en el BOP de la provincia de A Coru\u00f1a.<\/p>\n<p><a href=\"https:\/\/bop.dicoruna.es\/bopportal\/publicado\/2021\/11\/09\/2021_0000007837.pdf\" target=\"_blank\" rel=\"noopener\">Desde este enlace puedes acceder a la publicaci\u00f3n de las bases en el BOP<\/a><\/p>\n<p>&nbsp;<\/p>\n","protected":false},"excerpt":{"rendered":"<p>Ayuntamiento de Touro. Se publica en el BOP de la Provincia de A Coru\u00f1a de hoy, d\u00eda 9 d noviembre de 2021, las Bases que regir\u00e1n el proceso selectivo para cubrir una plaza de Auxiliar Administrativo C2 con car\u00e1cter laboral temporal. El plazo para presentar instancias ser\u00e1 de 10 d\u00edas naturales contados a partir del &hellip; <a href=\"https:\/\/www.emplea-te.com\/noticias-oposiciones\/ayuntamiento-de-touro-se-publican-las-bases-que-regiran-el-proceso-selectivo-para-cubrir-una-plaza-de-auxiliar-administrativo-c2-con-caracter-temporal\/\" class=\"more-link\">Continuar leyendo<span class=\"screen-reader-text\"> \u00abAyuntamiento de Touro. Se publican las bases que regir\u00e1n el proceso selectivo para cubrir una plaza de Auxiliar Administrativo C2 con car\u00e1cter temporal.\u00bb<\/span><\/a><\/p>\n","protected":false},"author":1,"featured_media":0,"comment_status":"closed","ping_status":"closed","sticky":false,"template":"","format":"standard","meta":{"footnotes":""},"categories":[37,56],"tags":[49],"class_list":["post-5542","post","type-post","status-publish","format-standard","hentry","category-convocatorias-ayuntamientos","category-oposiciones-autonomicas-galicia","tag-convocatorias-de-oposiciones"],"yoast_head":"<!-- This site is optimized with the Yoast SEO plugin v27.5 - https:\/\/yoast.com\/product\/yoast-seo-wordpress\/ -->\n<title>Ayuntamiento de Touro. Publicadas bases regidoras de proceso selectivo para cubrir una plaza de Auxiliar Administrativo C2 como personal laboral temporal.<\/title>\n<meta name=\"description\" content=\"Ayuntamiento de Touro. Publicadas bases regidoras de proceso selectivo para cubrir una plaza de Auxiliar Administrativo C2 como personal laboral temporal.\" \/>\n<meta name=\"robots\" content=\"index, follow, max-snippet:-1, max-image-preview:large, max-video-preview:-1\" \/>\n<link rel=\"canonical\" href=\"https:\/\/www.emplea-te.com\/noticias-oposiciones\/ayuntamiento-de-touro-se-publican-las-bases-que-regiran-el-proceso-selectivo-para-cubrir-una-plaza-de-auxiliar-administrativo-c2-con-caracter-temporal\/\" \/>\n<meta property=\"og:locale\" content=\"es_ES\" \/>\n<meta property=\"og:type\" content=\"article\" \/>\n<meta property=\"og:title\" content=\"Ayuntamiento de Touro. Publicadas bases regidoras de proceso selectivo para cubrir una plaza de Auxiliar Administrativo C2 como personal laboral temporal.\" \/>\n<meta property=\"og:description\" content=\"Ayuntamiento de Touro. Publicadas bases regidoras de proceso selectivo para cubrir una plaza de Auxiliar Administrativo C2 como personal laboral temporal.\" \/>\n<meta property=\"og:url\" content=\"https:\/\/www.emplea-te.com\/noticias-oposiciones\/ayuntamiento-de-touro-se-publican-las-bases-que-regiran-el-proceso-selectivo-para-cubrir-una-plaza-de-auxiliar-administrativo-c2-con-caracter-temporal\/\" \/>\n<meta property=\"og:site_name\" content=\"Noticas de oposiciones por Academia Emplea-te\" \/>\n<meta property=\"article:publisher\" content=\"https:\/\/www.facebook.com\/AcademiaEmpleate\/\" \/>\n<meta property=\"article:published_time\" content=\"2021-11-09T09:26:19+00:00\" \/>\n<meta name=\"author\" content=\"Empleate\" \/>\n<meta name=\"twitter:card\" content=\"summary_large_image\" \/>\n<meta name=\"twitter:creator\" content=\"@Emplea_Te\" \/>\n<meta name=\"twitter:site\" content=\"@Emplea_Te\" \/>\n<meta name=\"twitter:label1\" content=\"Escrito por\" \/>\n\t<meta name=\"twitter:data1\" content=\"Empleate\" \/>\n\t<meta name=\"twitter:label2\" content=\"Tiempo de lectura\" \/>\n\t<meta name=\"twitter:data2\" content=\"1 minuto\" \/>\n<script type=\"application\/ld+json\" class=\"yoast-schema-graph\">{\"@context\":\"https:\\\/\\\/schema.org\",\"@graph\":[{\"@type\":\"Article\",\"@id\":\"https:\\\/\\\/www.emplea-te.com\\\/noticias-oposiciones\\\/ayuntamiento-de-touro-se-publican-las-bases-que-regiran-el-proceso-selectivo-para-cubrir-una-plaza-de-auxiliar-administrativo-c2-con-caracter-temporal\\\/#article\",\"isPartOf\":{\"@id\":\"https:\\\/\\\/www.emplea-te.com\\\/noticias-oposiciones\\\/ayuntamiento-de-touro-se-publican-las-bases-que-regiran-el-proceso-selectivo-para-cubrir-una-plaza-de-auxiliar-administrativo-c2-con-caracter-temporal\\\/\"},\"author\":{\"name\":\"Empleate\",\"@id\":\"https:\\\/\\\/www.emplea-te.com\\\/noticias-oposiciones\\\/#\\\/schema\\\/person\\\/d1bc587e1af2b95e9c32aba1795509a6\"},\"headline\":\"Ayuntamiento de Touro. Se publican las bases que regir\u00e1n el proceso selectivo para cubrir una plaza de Auxiliar Administrativo C2 con car\u00e1cter temporal.\",\"datePublished\":\"2021-11-09T09:26:19+00:00\",\"mainEntityOfPage\":{\"@id\":\"https:\\\/\\\/www.emplea-te.com\\\/noticias-oposiciones\\\/ayuntamiento-de-touro-se-publican-las-bases-que-regiran-el-proceso-selectivo-para-cubrir-una-plaza-de-auxiliar-administrativo-c2-con-caracter-temporal\\\/\"},\"wordCount\":115,\"publisher\":{\"@id\":\"https:\\\/\\\/www.emplea-te.com\\\/noticias-oposiciones\\\/#organization\"},\"keywords\":[\"Convocatoria\"],\"articleSection\":[\"Convocatorias Ayuntamientos\",\"Oposiciones Auton\u00f3micas Galicia\"],\"inLanguage\":\"es\"},{\"@type\":\"WebPage\",\"@id\":\"https:\\\/\\\/www.emplea-te.com\\\/noticias-oposiciones\\\/ayuntamiento-de-touro-se-publican-las-bases-que-regiran-el-proceso-selectivo-para-cubrir-una-plaza-de-auxiliar-administrativo-c2-con-caracter-temporal\\\/\",\"url\":\"https:\\\/\\\/www.emplea-te.com\\\/noticias-oposiciones\\\/ayuntamiento-de-touro-se-publican-las-bases-que-regiran-el-proceso-selectivo-para-cubrir-una-plaza-de-auxiliar-administrativo-c2-con-caracter-temporal\\\/\",\"name\":\"Ayuntamiento de Touro. Publicadas bases regidoras de proceso selectivo para cubrir una plaza de Auxiliar Administrativo C2 como personal laboral temporal.\",\"isPartOf\":{\"@id\":\"https:\\\/\\\/www.emplea-te.com\\\/noticias-oposiciones\\\/#website\"},\"datePublished\":\"2021-11-09T09:26:19+00:00\",\"description\":\"Ayuntamiento de Touro. Publicadas bases regidoras de proceso selectivo para cubrir una plaza de Auxiliar Administrativo C2 como personal laboral temporal.\",\"breadcrumb\":{\"@id\":\"https:\\\/\\\/www.emplea-te.com\\\/noticias-oposiciones\\\/ayuntamiento-de-touro-se-publican-las-bases-que-regiran-el-proceso-selectivo-para-cubrir-una-plaza-de-auxiliar-administrativo-c2-con-caracter-temporal\\\/#breadcrumb\"},\"inLanguage\":\"es\",\"potentialAction\":[{\"@type\":\"ReadAction\",\"target\":[\"https:\\\/\\\/www.emplea-te.com\\\/noticias-oposiciones\\\/ayuntamiento-de-touro-se-publican-las-bases-que-regiran-el-proceso-selectivo-para-cubrir-una-plaza-de-auxiliar-administrativo-c2-con-caracter-temporal\\\/\"]}]},{\"@type\":\"BreadcrumbList\",\"@id\":\"https:\\\/\\\/www.emplea-te.com\\\/noticias-oposiciones\\\/ayuntamiento-de-touro-se-publican-las-bases-que-regiran-el-proceso-selectivo-para-cubrir-una-plaza-de-auxiliar-administrativo-c2-con-caracter-temporal\\\/#breadcrumb\",\"itemListElement\":[{\"@type\":\"ListItem\",\"position\":1,\"name\":\"Noticias Oposiciones\",\"item\":\"https:\\\/\\\/www.emplea-te.com\\\/noticias-oposiciones\\\/\"},{\"@type\":\"ListItem\",\"position\":2,\"name\":\"Oposiciones Auton\u00f3micas Galicia\",\"item\":\"https:\\\/\\\/www.emplea-te.com\\\/noticias-oposiciones\\\/categoria\\\/oposiciones-autonomicas-galicia\\\/\"},{\"@type\":\"ListItem\",\"position\":3,\"name\":\"Ayuntamiento de Touro. Se publican las bases que regir\u00e1n el proceso selectivo para cubrir una plaza de Auxiliar Administrativo C2 con car\u00e1cter temporal.\"}]},{\"@type\":\"WebSite\",\"@id\":\"https:\\\/\\\/www.emplea-te.com\\\/noticias-oposiciones\\\/#website\",\"url\":\"https:\\\/\\\/www.emplea-te.com\\\/noticias-oposiciones\\\/\",\"name\":\"Noticas de oposiciones por Academia Emplea-te\",\"description\":\"Toda la actualidad de las ofertas y convocatorias.\",\"publisher\":{\"@id\":\"https:\\\/\\\/www.emplea-te.com\\\/noticias-oposiciones\\\/#organization\"},\"potentialAction\":[{\"@type\":\"SearchAction\",\"target\":{\"@type\":\"EntryPoint\",\"urlTemplate\":\"https:\\\/\\\/www.emplea-te.com\\\/noticias-oposiciones\\\/?s={search_term_string}\"},\"query-input\":{\"@type\":\"PropertyValueSpecification\",\"valueRequired\":true,\"valueName\":\"search_term_string\"}}],\"inLanguage\":\"es\"},{\"@type\":\"Organization\",\"@id\":\"https:\\\/\\\/www.emplea-te.com\\\/noticias-oposiciones\\\/#organization\",\"name\":\"Academia de oposiciones Empl\u00e9ate\",\"url\":\"https:\\\/\\\/www.emplea-te.com\\\/noticias-oposiciones\\\/\",\"logo\":{\"@type\":\"ImageObject\",\"inLanguage\":\"es\",\"@id\":\"https:\\\/\\\/www.emplea-te.com\\\/noticias-oposiciones\\\/#\\\/schema\\\/logo\\\/image\\\/\",\"url\":\"https:\\\/\\\/www.emplea-te.com\\\/noticias-oposiciones\\\/wp-content\\\/uploads\\\/2019\\\/04\\\/empleate.jpg\",\"contentUrl\":\"https:\\\/\\\/www.emplea-te.com\\\/noticias-oposiciones\\\/wp-content\\\/uploads\\\/2019\\\/04\\\/empleate.jpg\",\"width\":250,\"height\":150,\"caption\":\"Academia de oposiciones Empl\u00e9ate\"},\"image\":{\"@id\":\"https:\\\/\\\/www.emplea-te.com\\\/noticias-oposiciones\\\/#\\\/schema\\\/logo\\\/image\\\/\"},\"sameAs\":[\"https:\\\/\\\/www.facebook.com\\\/AcademiaEmpleate\\\/\",\"https:\\\/\\\/x.com\\\/Emplea_Te\",\"https:\\\/\\\/www.instagram.com\\\/academia_empleate\\\/\"]},{\"@type\":\"Person\",\"@id\":\"https:\\\/\\\/www.emplea-te.com\\\/noticias-oposiciones\\\/#\\\/schema\\\/person\\\/d1bc587e1af2b95e9c32aba1795509a6\",\"name\":\"Empleate\"}]}<\/script>\n<!-- \/ Yoast SEO plugin. -->","yoast_head_json":{"title":"Ayuntamiento de Touro. Publicadas bases regidoras de proceso selectivo para cubrir una plaza de Auxiliar Administrativo C2 como personal laboral temporal.","description":"Ayuntamiento de Touro. Publicadas bases regidoras de proceso selectivo para cubrir una plaza de Auxiliar Administrativo C2 como personal laboral temporal.","robots":{"index":"index","follow":"follow","max-snippet":"max-snippet:-1","max-image-preview":"max-image-preview:large","max-video-preview":"max-video-preview:-1"},"canonical":"https:\/\/www.emplea-te.com\/noticias-oposiciones\/ayuntamiento-de-touro-se-publican-las-bases-que-regiran-el-proceso-selectivo-para-cubrir-una-plaza-de-auxiliar-administrativo-c2-con-caracter-temporal\/","og_locale":"es_ES","og_type":"article","og_title":"Ayuntamiento de Touro. Publicadas bases regidoras de proceso selectivo para cubrir una plaza de Auxiliar Administrativo C2 como personal laboral temporal.","og_description":"Ayuntamiento de Touro. Publicadas bases regidoras de proceso selectivo para cubrir una plaza de Auxiliar Administrativo C2 como personal laboral temporal.","og_url":"https:\/\/www.emplea-te.com\/noticias-oposiciones\/ayuntamiento-de-touro-se-publican-las-bases-que-regiran-el-proceso-selectivo-para-cubrir-una-plaza-de-auxiliar-administrativo-c2-con-caracter-temporal\/","og_site_name":"Noticas de oposiciones por Academia Emplea-te","article_publisher":"https:\/\/www.facebook.com\/AcademiaEmpleate\/","article_published_time":"2021-11-09T09:26:19+00:00","author":"Empleate","twitter_card":"summary_large_image","twitter_creator":"@Emplea_Te","twitter_site":"@Emplea_Te","twitter_misc":{"Escrito por":"Empleate","Tiempo de lectura":"1 minuto"},"schema":{"@context":"https:\/\/schema.org","@graph":[{"@type":"Article","@id":"https:\/\/www.emplea-te.com\/noticias-oposiciones\/ayuntamiento-de-touro-se-publican-las-bases-que-regiran-el-proceso-selectivo-para-cubrir-una-plaza-de-auxiliar-administrativo-c2-con-caracter-temporal\/#article","isPartOf":{"@id":"https:\/\/www.emplea-te.com\/noticias-oposiciones\/ayuntamiento-de-touro-se-publican-las-bases-que-regiran-el-proceso-selectivo-para-cubrir-una-plaza-de-auxiliar-administrativo-c2-con-caracter-temporal\/"},"author":{"name":"Empleate","@id":"https:\/\/www.emplea-te.com\/noticias-oposiciones\/#\/schema\/person\/d1bc587e1af2b95e9c32aba1795509a6"},"headline":"Ayuntamiento de Touro. Se publican las bases que regir\u00e1n el proceso selectivo para cubrir una plaza de Auxiliar Administrativo C2 con car\u00e1cter temporal.","datePublished":"2021-11-09T09:26:19+00:00","mainEntityOfPage":{"@id":"https:\/\/www.emplea-te.com\/noticias-oposiciones\/ayuntamiento-de-touro-se-publican-las-bases-que-regiran-el-proceso-selectivo-para-cubrir-una-plaza-de-auxiliar-administrativo-c2-con-caracter-temporal\/"},"wordCount":115,"publisher":{"@id":"https:\/\/www.emplea-te.com\/noticias-oposiciones\/#organization"},"keywords":["Convocatoria"],"articleSection":["Convocatorias Ayuntamientos","Oposiciones Auton\u00f3micas Galicia"],"inLanguage":"es"},{"@type":"WebPage","@id":"https:\/\/www.emplea-te.com\/noticias-oposiciones\/ayuntamiento-de-touro-se-publican-las-bases-que-regiran-el-proceso-selectivo-para-cubrir-una-plaza-de-auxiliar-administrativo-c2-con-caracter-temporal\/","url":"https:\/\/www.emplea-te.com\/noticias-oposiciones\/ayuntamiento-de-touro-se-publican-las-bases-que-regiran-el-proceso-selectivo-para-cubrir-una-plaza-de-auxiliar-administrativo-c2-con-caracter-temporal\/","name":"Ayuntamiento de Touro. Publicadas bases regidoras de proceso selectivo para cubrir una plaza de Auxiliar Administrativo C2 como personal laboral temporal.","isPartOf":{"@id":"https:\/\/www.emplea-te.com\/noticias-oposiciones\/#website"},"datePublished":"2021-11-09T09:26:19+00:00","description":"Ayuntamiento de Touro. Publicadas bases regidoras de proceso selectivo para cubrir una plaza de Auxiliar Administrativo C2 como personal laboral temporal.","breadcrumb":{"@id":"https:\/\/www.emplea-te.com\/noticias-oposiciones\/ayuntamiento-de-touro-se-publican-las-bases-que-regiran-el-proceso-selectivo-para-cubrir-una-plaza-de-auxiliar-administrativo-c2-con-caracter-temporal\/#breadcrumb"},"inLanguage":"es","potentialAction":[{"@type":"ReadAction","target":["https:\/\/www.emplea-te.com\/noticias-oposiciones\/ayuntamiento-de-touro-se-publican-las-bases-que-regiran-el-proceso-selectivo-para-cubrir-una-plaza-de-auxiliar-administrativo-c2-con-caracter-temporal\/"]}]},{"@type":"BreadcrumbList","@id":"https:\/\/www.emplea-te.com\/noticias-oposiciones\/ayuntamiento-de-touro-se-publican-las-bases-que-regiran-el-proceso-selectivo-para-cubrir-una-plaza-de-auxiliar-administrativo-c2-con-caracter-temporal\/#breadcrumb","itemListElement":[{"@type":"ListItem","position":1,"name":"Noticias Oposiciones","item":"https:\/\/www.emplea-te.com\/noticias-oposiciones\/"},{"@type":"ListItem","position":2,"name":"Oposiciones Auton\u00f3micas Galicia","item":"https:\/\/www.emplea-te.com\/noticias-oposiciones\/categoria\/oposiciones-autonomicas-galicia\/"},{"@type":"ListItem","position":3,"name":"Ayuntamiento de Touro. Se publican las bases que regir\u00e1n el proceso selectivo para cubrir una plaza de Auxiliar Administrativo C2 con car\u00e1cter temporal."}]},{"@type":"WebSite","@id":"https:\/\/www.emplea-te.com\/noticias-oposiciones\/#website","url":"https:\/\/www.emplea-te.com\/noticias-oposiciones\/","name":"Noticas de oposiciones por Academia Emplea-te","description":"Toda la actualidad de las ofertas y convocatorias.","publisher":{"@id":"https:\/\/www.emplea-te.com\/noticias-oposiciones\/#organization"},"potentialAction":[{"@type":"SearchAction","target":{"@type":"EntryPoint","urlTemplate":"https:\/\/www.emplea-te.com\/noticias-oposiciones\/?s={search_term_string}"},"query-input":{"@type":"PropertyValueSpecification","valueRequired":true,"valueName":"search_term_string"}}],"inLanguage":"es"},{"@type":"Organization","@id":"https:\/\/www.emplea-te.com\/noticias-oposiciones\/#organization","name":"Academia de oposiciones Empl\u00e9ate","url":"https:\/\/www.emplea-te.com\/noticias-oposiciones\/","logo":{"@type":"ImageObject","inLanguage":"es","@id":"https:\/\/www.emplea-te.com\/noticias-oposiciones\/#\/schema\/logo\/image\/","url":"https:\/\/www.emplea-te.com\/noticias-oposiciones\/wp-content\/uploads\/2019\/04\/empleate.jpg","contentUrl":"https:\/\/www.emplea-te.com\/noticias-oposiciones\/wp-content\/uploads\/2019\/04\/empleate.jpg","width":250,"height":150,"caption":"Academia de oposiciones Empl\u00e9ate"},"image":{"@id":"https:\/\/www.emplea-te.com\/noticias-oposiciones\/#\/schema\/logo\/image\/"},"sameAs":["https:\/\/www.facebook.com\/AcademiaEmpleate\/","https:\/\/x.com\/Emplea_Te","https:\/\/www.instagram.com\/academia_empleate\/"]},{"@type":"Person","@id":"https:\/\/www.emplea-te.com\/noticias-oposiciones\/#\/schema\/person\/d1bc587e1af2b95e9c32aba1795509a6","name":"Empleate"}]}},"_links":{"self":[{"href":"https:\/\/www.emplea-te.com\/noticias-oposiciones\/wp-json\/wp\/v2\/posts\/5542","targetHints":{"allow":["GET"]}}],"collection":[{"href":"https:\/\/www.emplea-te.com\/noticias-oposiciones\/wp-json\/wp\/v2\/posts"}],"about":[{"href":"https:\/\/www.emplea-te.com\/noticias-oposiciones\/wp-json\/wp\/v2\/types\/post"}],"author":[{"embeddable":true,"href":"https:\/\/www.emplea-te.com\/noticias-oposiciones\/wp-json\/wp\/v2\/users\/1"}],"replies":[{"embeddable":true,"href":"https:\/\/www.emplea-te.com\/noticias-oposiciones\/wp-json\/wp\/v2\/comments?post=5542"}],"version-history":[{"count":1,"href":"https:\/\/www.emplea-te.com\/noticias-oposiciones\/wp-json\/wp\/v2\/posts\/5542\/revisions"}],"predecessor-version":[{"id":5543,"href":"https:\/\/www.emplea-te.com\/noticias-oposiciones\/wp-json\/wp\/v2\/posts\/5542\/revisions\/5543"}],"wp:attachment":[{"href":"https:\/\/www.emplea-te.com\/noticias-oposiciones\/wp-json\/wp\/v2\/media?parent=5542"}],"wp:term":[{"taxonomy":"category","embeddable":true,"href":"https:\/\/www.emplea-te.com\/noticias-oposiciones\/wp-json\/wp\/v2\/categories?post=5542"},{"taxonomy":"post_tag","embeddable":true,"href":"https:\/\/www.emplea-te.com\/noticias-oposiciones\/wp-json\/wp\/v2\/tags?post=5542"}],"curies":[{"name":"wp","href":"https:\/\/api.w.org\/{rel}","templated":true}]}}