{"id":5551,"date":"2021-11-10T09:55:12","date_gmt":"2021-11-10T08:55:12","guid":{"rendered":"https:\/\/www.emplea-te.com\/noticias-oposiciones\/?p=5551"},"modified":"2021-11-10T09:55:12","modified_gmt":"2021-11-10T08:55:12","slug":"ayuntamiento-de-madrid-convocadas-36-plazas-de-tecnico-de-gestion-a2-de-la-administracion-plazo-para-presentar-instancias-abierto-hasta-el-dia-10-de-diciembre","status":"publish","type":"post","link":"https:\/\/www.emplea-te.com\/noticias-oposiciones\/ayuntamiento-de-madrid-convocadas-36-plazas-de-tecnico-de-gestion-a2-de-la-administracion-plazo-para-presentar-instancias-abierto-hasta-el-dia-10-de-diciembre\/","title":{"rendered":"Ayuntamiento de Madrid. Convocadas 36 plazas de T\u00e9cnico de Gesti\u00f3n A2 de la Administraci\u00f3n . Plazo para presentar instancias abierto hasta el d\u00eda 10 de diciembre."},"content":{"rendered":"<p>Ayuntamiento de Madrid:<\/p>\n<p>Se publica en el BOE de hoy, d\u00eda 10 de noviembre de 2021, la Resoluci\u00f3n referente a la convocatoria para cubrir 36 plazas de T\u00e9cnico de Gesti\u00f3n A2 por el sistema de oposici\u00f3n.<\/p>\n<p><a href=\"https:\/\/www.boe.es\/boe\/dias\/2021\/11\/10\/pdfs\/BOE-A-2021-18383.pdf\" target=\"_blank\" rel=\"noopener\">Enlace a Resoluci\u00f3n por la que se publica la convocatoria<\/a><\/p>\n<p><a href=\"https:\/\/academiamadrid.emplea-te.com\/oposicion\/oposicion-tecnico-de-gestion-a2-ayuntamiento-de-madrid\/\" target=\"_blank\" rel=\"noopener\"><strong>Prep\u00e1rate en nuestros Grupos Presenciales y On line.\u00a0<\/strong><\/a><\/p>\n<p>Las <strong>bases generales<\/strong> por las que se regir\u00e1n los procesos selectivos se han publicado en el \u00ab<a href=\"https:\/\/sede.madrid.es\/portal\/site\/tramites\/menuitem.b4c91589e7f6a5d829da39e5a8a409a0\/?vgnextoid=b8c99840f2833710VgnVCM2000001f4a900aRCRD&amp;vgnextchannel=741d814231ede410VgnVCM1000000b205a0aRCRD&amp;vgnextfmt=default\" target=\"_blank\" rel=\"noopener\">Bolet\u00edn Oficial del Ayuntamiento de Madrid\u00bb n\u00famero 8683, de 14 de julio de 2020.<\/a><\/p>\n<p>El <strong>plazo de presentaci\u00f3n de solicitudes<\/strong> ser\u00e1 de veinte d\u00edas h\u00e1biles a contar desde el siguiente al de la publicaci\u00f3n de esta resoluci\u00f3n en el \u00abBolet\u00edn Oficial del Estado\u00bb.<br \/>\nPor tanto el <strong>plazo est\u00e1 abierto desde el d\u00eda 11 de noviembre de 2021 hasta el d\u00eda 10 de diciembre de 2021.<\/strong><\/p>\n<p>Los<strong> sucesivos anuncios referentes a esta convocatoria<\/strong>, cuando procedan de<br \/>\nconformidad con las bases, se har\u00e1n p\u00fablicos en el \u00abBolet\u00edn Oficial del Ayuntamiento de Madrid\u00bb o en su tabl\u00f3n de edictos.<\/p>\n<p>&nbsp;<\/p>\n<p>&nbsp;<\/p>\n","protected":false},"excerpt":{"rendered":"<p>Ayuntamiento de Madrid: Se publica en el BOE de hoy, d\u00eda 10 de noviembre de 2021, la Resoluci\u00f3n referente a la convocatoria para cubrir 36 plazas de T\u00e9cnico de Gesti\u00f3n A2 por el sistema de oposici\u00f3n. Enlace a Resoluci\u00f3n por la que se publica la convocatoria Prep\u00e1rate en nuestros Grupos Presenciales y On line.\u00a0 Las &hellip; <a href=\"https:\/\/www.emplea-te.com\/noticias-oposiciones\/ayuntamiento-de-madrid-convocadas-36-plazas-de-tecnico-de-gestion-a2-de-la-administracion-plazo-para-presentar-instancias-abierto-hasta-el-dia-10-de-diciembre\/\" class=\"more-link\">Continuar leyendo<span class=\"screen-reader-text\"> \u00abAyuntamiento de Madrid. Convocadas 36 plazas de T\u00e9cnico de Gesti\u00f3n A2 de la Administraci\u00f3n . Plazo para presentar instancias abierto hasta el d\u00eda 10 de diciembre.\u00bb<\/span><\/a><\/p>\n","protected":false},"author":1,"featured_media":0,"comment_status":"closed","ping_status":"closed","sticky":false,"template":"","format":"standard","meta":{"footnotes":""},"categories":[109],"tags":[49],"class_list":["post-5551","post","type-post","status-publish","format-standard","hentry","category-oposiciones-madrid","tag-convocatorias-de-oposiciones"],"yoast_head":"<!-- This site is optimized with the Yoast SEO plugin v27.5 - https:\/\/yoast.com\/product\/yoast-seo-wordpress\/ -->\n<title>Ayuntamiento de Madrid. Convocatoria 36 plazas T\u00e9cnico de Gesti\u00f3n A2.<\/title>\n<meta name=\"description\" content=\"Ayuntamiento de Madrid. Convocadas 36 plazas de T\u00e9cnico de Gesti\u00f3n A2. Plazo de instancias abierto hasta el d\u00eda 10 de diciembre de 2021.\" \/>\n<meta name=\"robots\" content=\"index, follow, max-snippet:-1, max-image-preview:large, max-video-preview:-1\" \/>\n<link rel=\"canonical\" href=\"https:\/\/www.emplea-te.com\/noticias-oposiciones\/ayuntamiento-de-madrid-convocadas-36-plazas-de-tecnico-de-gestion-a2-de-la-administracion-plazo-para-presentar-instancias-abierto-hasta-el-dia-10-de-diciembre\/\" \/>\n<meta property=\"og:locale\" content=\"es_ES\" \/>\n<meta property=\"og:type\" content=\"article\" \/>\n<meta property=\"og:title\" content=\"Ayuntamiento de Madrid. Convocatoria 36 plazas T\u00e9cnico de Gesti\u00f3n A2.\" \/>\n<meta property=\"og:description\" content=\"Ayuntamiento de Madrid. Convocadas 36 plazas de T\u00e9cnico de Gesti\u00f3n A2. Plazo de instancias abierto hasta el d\u00eda 10 de diciembre de 2021.\" \/>\n<meta property=\"og:url\" content=\"https:\/\/www.emplea-te.com\/noticias-oposiciones\/ayuntamiento-de-madrid-convocadas-36-plazas-de-tecnico-de-gestion-a2-de-la-administracion-plazo-para-presentar-instancias-abierto-hasta-el-dia-10-de-diciembre\/\" \/>\n<meta property=\"og:site_name\" content=\"Noticas de oposiciones por Academia Emplea-te\" \/>\n<meta property=\"article:publisher\" content=\"https:\/\/www.facebook.com\/AcademiaEmpleate\/\" \/>\n<meta property=\"article:published_time\" content=\"2021-11-10T08:55:12+00:00\" \/>\n<meta name=\"author\" content=\"Empleate\" \/>\n<meta name=\"twitter:card\" content=\"summary_large_image\" \/>\n<meta name=\"twitter:creator\" content=\"@Emplea_Te\" \/>\n<meta name=\"twitter:site\" content=\"@Emplea_Te\" \/>\n<meta name=\"twitter:label1\" content=\"Escrito por\" \/>\n\t<meta name=\"twitter:data1\" content=\"Empleate\" \/>\n\t<meta name=\"twitter:label2\" content=\"Tiempo de lectura\" \/>\n\t<meta name=\"twitter:data2\" content=\"1 minuto\" \/>\n<script type=\"application\/ld+json\" class=\"yoast-schema-graph\">{\"@context\":\"https:\\\/\\\/schema.org\",\"@graph\":[{\"@type\":\"Article\",\"@id\":\"https:\\\/\\\/www.emplea-te.com\\\/noticias-oposiciones\\\/ayuntamiento-de-madrid-convocadas-36-plazas-de-tecnico-de-gestion-a2-de-la-administracion-plazo-para-presentar-instancias-abierto-hasta-el-dia-10-de-diciembre\\\/#article\",\"isPartOf\":{\"@id\":\"https:\\\/\\\/www.emplea-te.com\\\/noticias-oposiciones\\\/ayuntamiento-de-madrid-convocadas-36-plazas-de-tecnico-de-gestion-a2-de-la-administracion-plazo-para-presentar-instancias-abierto-hasta-el-dia-10-de-diciembre\\\/\"},\"author\":{\"name\":\"Empleate\",\"@id\":\"https:\\\/\\\/www.emplea-te.com\\\/noticias-oposiciones\\\/#\\\/schema\\\/person\\\/d1bc587e1af2b95e9c32aba1795509a6\"},\"headline\":\"Ayuntamiento de Madrid. Convocadas 36 plazas de T\u00e9cnico de Gesti\u00f3n A2 de la Administraci\u00f3n . Plazo para presentar instancias abierto hasta el d\u00eda 10 de diciembre.\",\"datePublished\":\"2021-11-10T08:55:12+00:00\",\"mainEntityOfPage\":{\"@id\":\"https:\\\/\\\/www.emplea-te.com\\\/noticias-oposiciones\\\/ayuntamiento-de-madrid-convocadas-36-plazas-de-tecnico-de-gestion-a2-de-la-administracion-plazo-para-presentar-instancias-abierto-hasta-el-dia-10-de-diciembre\\\/\"},\"wordCount\":207,\"publisher\":{\"@id\":\"https:\\\/\\\/www.emplea-te.com\\\/noticias-oposiciones\\\/#organization\"},\"keywords\":[\"Convocatoria\"],\"articleSection\":[\"Oposiciones Madrid.\"],\"inLanguage\":\"es\"},{\"@type\":\"WebPage\",\"@id\":\"https:\\\/\\\/www.emplea-te.com\\\/noticias-oposiciones\\\/ayuntamiento-de-madrid-convocadas-36-plazas-de-tecnico-de-gestion-a2-de-la-administracion-plazo-para-presentar-instancias-abierto-hasta-el-dia-10-de-diciembre\\\/\",\"url\":\"https:\\\/\\\/www.emplea-te.com\\\/noticias-oposiciones\\\/ayuntamiento-de-madrid-convocadas-36-plazas-de-tecnico-de-gestion-a2-de-la-administracion-plazo-para-presentar-instancias-abierto-hasta-el-dia-10-de-diciembre\\\/\",\"name\":\"Ayuntamiento de Madrid. Convocatoria 36 plazas T\u00e9cnico de Gesti\u00f3n A2.\",\"isPartOf\":{\"@id\":\"https:\\\/\\\/www.emplea-te.com\\\/noticias-oposiciones\\\/#website\"},\"datePublished\":\"2021-11-10T08:55:12+00:00\",\"description\":\"Ayuntamiento de Madrid. Convocadas 36 plazas de T\u00e9cnico de Gesti\u00f3n A2. Plazo de instancias abierto hasta el d\u00eda 10 de diciembre de 2021.\",\"breadcrumb\":{\"@id\":\"https:\\\/\\\/www.emplea-te.com\\\/noticias-oposiciones\\\/ayuntamiento-de-madrid-convocadas-36-plazas-de-tecnico-de-gestion-a2-de-la-administracion-plazo-para-presentar-instancias-abierto-hasta-el-dia-10-de-diciembre\\\/#breadcrumb\"},\"inLanguage\":\"es\",\"potentialAction\":[{\"@type\":\"ReadAction\",\"target\":[\"https:\\\/\\\/www.emplea-te.com\\\/noticias-oposiciones\\\/ayuntamiento-de-madrid-convocadas-36-plazas-de-tecnico-de-gestion-a2-de-la-administracion-plazo-para-presentar-instancias-abierto-hasta-el-dia-10-de-diciembre\\\/\"]}]},{\"@type\":\"BreadcrumbList\",\"@id\":\"https:\\\/\\\/www.emplea-te.com\\\/noticias-oposiciones\\\/ayuntamiento-de-madrid-convocadas-36-plazas-de-tecnico-de-gestion-a2-de-la-administracion-plazo-para-presentar-instancias-abierto-hasta-el-dia-10-de-diciembre\\\/#breadcrumb\",\"itemListElement\":[{\"@type\":\"ListItem\",\"position\":1,\"name\":\"Noticias Oposiciones\",\"item\":\"https:\\\/\\\/www.emplea-te.com\\\/noticias-oposiciones\\\/\"},{\"@type\":\"ListItem\",\"position\":2,\"name\":\"Oposiciones Madrid.\",\"item\":\"https:\\\/\\\/www.emplea-te.com\\\/noticias-oposiciones\\\/categoria\\\/oposiciones-madrid\\\/\"},{\"@type\":\"ListItem\",\"position\":3,\"name\":\"Ayuntamiento de Madrid. Convocadas 36 plazas de T\u00e9cnico de Gesti\u00f3n A2 de la Administraci\u00f3n . Plazo para presentar instancias abierto hasta el d\u00eda 10 de diciembre.\"}]},{\"@type\":\"WebSite\",\"@id\":\"https:\\\/\\\/www.emplea-te.com\\\/noticias-oposiciones\\\/#website\",\"url\":\"https:\\\/\\\/www.emplea-te.com\\\/noticias-oposiciones\\\/\",\"name\":\"Noticas de oposiciones por Academia Emplea-te\",\"description\":\"Toda la actualidad de las ofertas y convocatorias.\",\"publisher\":{\"@id\":\"https:\\\/\\\/www.emplea-te.com\\\/noticias-oposiciones\\\/#organization\"},\"potentialAction\":[{\"@type\":\"SearchAction\",\"target\":{\"@type\":\"EntryPoint\",\"urlTemplate\":\"https:\\\/\\\/www.emplea-te.com\\\/noticias-oposiciones\\\/?s={search_term_string}\"},\"query-input\":{\"@type\":\"PropertyValueSpecification\",\"valueRequired\":true,\"valueName\":\"search_term_string\"}}],\"inLanguage\":\"es\"},{\"@type\":\"Organization\",\"@id\":\"https:\\\/\\\/www.emplea-te.com\\\/noticias-oposiciones\\\/#organization\",\"name\":\"Academia de oposiciones Empl\u00e9ate\",\"url\":\"https:\\\/\\\/www.emplea-te.com\\\/noticias-oposiciones\\\/\",\"logo\":{\"@type\":\"ImageObject\",\"inLanguage\":\"es\",\"@id\":\"https:\\\/\\\/www.emplea-te.com\\\/noticias-oposiciones\\\/#\\\/schema\\\/logo\\\/image\\\/\",\"url\":\"https:\\\/\\\/www.emplea-te.com\\\/noticias-oposiciones\\\/wp-content\\\/uploads\\\/2019\\\/04\\\/empleate.jpg\",\"contentUrl\":\"https:\\\/\\\/www.emplea-te.com\\\/noticias-oposiciones\\\/wp-content\\\/uploads\\\/2019\\\/04\\\/empleate.jpg\",\"width\":250,\"height\":150,\"caption\":\"Academia de oposiciones Empl\u00e9ate\"},\"image\":{\"@id\":\"https:\\\/\\\/www.emplea-te.com\\\/noticias-oposiciones\\\/#\\\/schema\\\/logo\\\/image\\\/\"},\"sameAs\":[\"https:\\\/\\\/www.facebook.com\\\/AcademiaEmpleate\\\/\",\"https:\\\/\\\/x.com\\\/Emplea_Te\",\"https:\\\/\\\/www.instagram.com\\\/academia_empleate\\\/\"]},{\"@type\":\"Person\",\"@id\":\"https:\\\/\\\/www.emplea-te.com\\\/noticias-oposiciones\\\/#\\\/schema\\\/person\\\/d1bc587e1af2b95e9c32aba1795509a6\",\"name\":\"Empleate\"}]}<\/script>\n<!-- \/ Yoast SEO plugin. -->","yoast_head_json":{"title":"Ayuntamiento de Madrid. Convocatoria 36 plazas T\u00e9cnico de Gesti\u00f3n A2.","description":"Ayuntamiento de Madrid. Convocadas 36 plazas de T\u00e9cnico de Gesti\u00f3n A2. Plazo de instancias abierto hasta el d\u00eda 10 de diciembre de 2021.","robots":{"index":"index","follow":"follow","max-snippet":"max-snippet:-1","max-image-preview":"max-image-preview:large","max-video-preview":"max-video-preview:-1"},"canonical":"https:\/\/www.emplea-te.com\/noticias-oposiciones\/ayuntamiento-de-madrid-convocadas-36-plazas-de-tecnico-de-gestion-a2-de-la-administracion-plazo-para-presentar-instancias-abierto-hasta-el-dia-10-de-diciembre\/","og_locale":"es_ES","og_type":"article","og_title":"Ayuntamiento de Madrid. Convocatoria 36 plazas T\u00e9cnico de Gesti\u00f3n A2.","og_description":"Ayuntamiento de Madrid. Convocadas 36 plazas de T\u00e9cnico de Gesti\u00f3n A2. Plazo de instancias abierto hasta el d\u00eda 10 de diciembre de 2021.","og_url":"https:\/\/www.emplea-te.com\/noticias-oposiciones\/ayuntamiento-de-madrid-convocadas-36-plazas-de-tecnico-de-gestion-a2-de-la-administracion-plazo-para-presentar-instancias-abierto-hasta-el-dia-10-de-diciembre\/","og_site_name":"Noticas de oposiciones por Academia Emplea-te","article_publisher":"https:\/\/www.facebook.com\/AcademiaEmpleate\/","article_published_time":"2021-11-10T08:55:12+00:00","author":"Empleate","twitter_card":"summary_large_image","twitter_creator":"@Emplea_Te","twitter_site":"@Emplea_Te","twitter_misc":{"Escrito por":"Empleate","Tiempo de lectura":"1 minuto"},"schema":{"@context":"https:\/\/schema.org","@graph":[{"@type":"Article","@id":"https:\/\/www.emplea-te.com\/noticias-oposiciones\/ayuntamiento-de-madrid-convocadas-36-plazas-de-tecnico-de-gestion-a2-de-la-administracion-plazo-para-presentar-instancias-abierto-hasta-el-dia-10-de-diciembre\/#article","isPartOf":{"@id":"https:\/\/www.emplea-te.com\/noticias-oposiciones\/ayuntamiento-de-madrid-convocadas-36-plazas-de-tecnico-de-gestion-a2-de-la-administracion-plazo-para-presentar-instancias-abierto-hasta-el-dia-10-de-diciembre\/"},"author":{"name":"Empleate","@id":"https:\/\/www.emplea-te.com\/noticias-oposiciones\/#\/schema\/person\/d1bc587e1af2b95e9c32aba1795509a6"},"headline":"Ayuntamiento de Madrid. Convocadas 36 plazas de T\u00e9cnico de Gesti\u00f3n A2 de la Administraci\u00f3n . Plazo para presentar instancias abierto hasta el d\u00eda 10 de diciembre.","datePublished":"2021-11-10T08:55:12+00:00","mainEntityOfPage":{"@id":"https:\/\/www.emplea-te.com\/noticias-oposiciones\/ayuntamiento-de-madrid-convocadas-36-plazas-de-tecnico-de-gestion-a2-de-la-administracion-plazo-para-presentar-instancias-abierto-hasta-el-dia-10-de-diciembre\/"},"wordCount":207,"publisher":{"@id":"https:\/\/www.emplea-te.com\/noticias-oposiciones\/#organization"},"keywords":["Convocatoria"],"articleSection":["Oposiciones Madrid."],"inLanguage":"es"},{"@type":"WebPage","@id":"https:\/\/www.emplea-te.com\/noticias-oposiciones\/ayuntamiento-de-madrid-convocadas-36-plazas-de-tecnico-de-gestion-a2-de-la-administracion-plazo-para-presentar-instancias-abierto-hasta-el-dia-10-de-diciembre\/","url":"https:\/\/www.emplea-te.com\/noticias-oposiciones\/ayuntamiento-de-madrid-convocadas-36-plazas-de-tecnico-de-gestion-a2-de-la-administracion-plazo-para-presentar-instancias-abierto-hasta-el-dia-10-de-diciembre\/","name":"Ayuntamiento de Madrid. Convocatoria 36 plazas T\u00e9cnico de Gesti\u00f3n A2.","isPartOf":{"@id":"https:\/\/www.emplea-te.com\/noticias-oposiciones\/#website"},"datePublished":"2021-11-10T08:55:12+00:00","description":"Ayuntamiento de Madrid. Convocadas 36 plazas de T\u00e9cnico de Gesti\u00f3n A2. Plazo de instancias abierto hasta el d\u00eda 10 de diciembre de 2021.","breadcrumb":{"@id":"https:\/\/www.emplea-te.com\/noticias-oposiciones\/ayuntamiento-de-madrid-convocadas-36-plazas-de-tecnico-de-gestion-a2-de-la-administracion-plazo-para-presentar-instancias-abierto-hasta-el-dia-10-de-diciembre\/#breadcrumb"},"inLanguage":"es","potentialAction":[{"@type":"ReadAction","target":["https:\/\/www.emplea-te.com\/noticias-oposiciones\/ayuntamiento-de-madrid-convocadas-36-plazas-de-tecnico-de-gestion-a2-de-la-administracion-plazo-para-presentar-instancias-abierto-hasta-el-dia-10-de-diciembre\/"]}]},{"@type":"BreadcrumbList","@id":"https:\/\/www.emplea-te.com\/noticias-oposiciones\/ayuntamiento-de-madrid-convocadas-36-plazas-de-tecnico-de-gestion-a2-de-la-administracion-plazo-para-presentar-instancias-abierto-hasta-el-dia-10-de-diciembre\/#breadcrumb","itemListElement":[{"@type":"ListItem","position":1,"name":"Noticias Oposiciones","item":"https:\/\/www.emplea-te.com\/noticias-oposiciones\/"},{"@type":"ListItem","position":2,"name":"Oposiciones Madrid.","item":"https:\/\/www.emplea-te.com\/noticias-oposiciones\/categoria\/oposiciones-madrid\/"},{"@type":"ListItem","position":3,"name":"Ayuntamiento de Madrid. Convocadas 36 plazas de T\u00e9cnico de Gesti\u00f3n A2 de la Administraci\u00f3n . Plazo para presentar instancias abierto hasta el d\u00eda 10 de diciembre."}]},{"@type":"WebSite","@id":"https:\/\/www.emplea-te.com\/noticias-oposiciones\/#website","url":"https:\/\/www.emplea-te.com\/noticias-oposiciones\/","name":"Noticas de oposiciones por Academia Emplea-te","description":"Toda la actualidad de las ofertas y convocatorias.","publisher":{"@id":"https:\/\/www.emplea-te.com\/noticias-oposiciones\/#organization"},"potentialAction":[{"@type":"SearchAction","target":{"@type":"EntryPoint","urlTemplate":"https:\/\/www.emplea-te.com\/noticias-oposiciones\/?s={search_term_string}"},"query-input":{"@type":"PropertyValueSpecification","valueRequired":true,"valueName":"search_term_string"}}],"inLanguage":"es"},{"@type":"Organization","@id":"https:\/\/www.emplea-te.com\/noticias-oposiciones\/#organization","name":"Academia de oposiciones Empl\u00e9ate","url":"https:\/\/www.emplea-te.com\/noticias-oposiciones\/","logo":{"@type":"ImageObject","inLanguage":"es","@id":"https:\/\/www.emplea-te.com\/noticias-oposiciones\/#\/schema\/logo\/image\/","url":"https:\/\/www.emplea-te.com\/noticias-oposiciones\/wp-content\/uploads\/2019\/04\/empleate.jpg","contentUrl":"https:\/\/www.emplea-te.com\/noticias-oposiciones\/wp-content\/uploads\/2019\/04\/empleate.jpg","width":250,"height":150,"caption":"Academia de oposiciones Empl\u00e9ate"},"image":{"@id":"https:\/\/www.emplea-te.com\/noticias-oposiciones\/#\/schema\/logo\/image\/"},"sameAs":["https:\/\/www.facebook.com\/AcademiaEmpleate\/","https:\/\/x.com\/Emplea_Te","https:\/\/www.instagram.com\/academia_empleate\/"]},{"@type":"Person","@id":"https:\/\/www.emplea-te.com\/noticias-oposiciones\/#\/schema\/person\/d1bc587e1af2b95e9c32aba1795509a6","name":"Empleate"}]}},"_links":{"self":[{"href":"https:\/\/www.emplea-te.com\/noticias-oposiciones\/wp-json\/wp\/v2\/posts\/5551","targetHints":{"allow":["GET"]}}],"collection":[{"href":"https:\/\/www.emplea-te.com\/noticias-oposiciones\/wp-json\/wp\/v2\/posts"}],"about":[{"href":"https:\/\/www.emplea-te.com\/noticias-oposiciones\/wp-json\/wp\/v2\/types\/post"}],"author":[{"embeddable":true,"href":"https:\/\/www.emplea-te.com\/noticias-oposiciones\/wp-json\/wp\/v2\/users\/1"}],"replies":[{"embeddable":true,"href":"https:\/\/www.emplea-te.com\/noticias-oposiciones\/wp-json\/wp\/v2\/comments?post=5551"}],"version-history":[{"count":1,"href":"https:\/\/www.emplea-te.com\/noticias-oposiciones\/wp-json\/wp\/v2\/posts\/5551\/revisions"}],"predecessor-version":[{"id":5552,"href":"https:\/\/www.emplea-te.com\/noticias-oposiciones\/wp-json\/wp\/v2\/posts\/5551\/revisions\/5552"}],"wp:attachment":[{"href":"https:\/\/www.emplea-te.com\/noticias-oposiciones\/wp-json\/wp\/v2\/media?parent=5551"}],"wp:term":[{"taxonomy":"category","embeddable":true,"href":"https:\/\/www.emplea-te.com\/noticias-oposiciones\/wp-json\/wp\/v2\/categories?post=5551"},{"taxonomy":"post_tag","embeddable":true,"href":"https:\/\/www.emplea-te.com\/noticias-oposiciones\/wp-json\/wp\/v2\/tags?post=5551"}],"curies":[{"name":"wp","href":"https:\/\/api.w.org\/{rel}","templated":true}]}}