{"id":5577,"date":"2021-11-15T19:05:55","date_gmt":"2021-11-15T18:05:55","guid":{"rendered":"https:\/\/www.emplea-te.com\/noticias-oposiciones\/?p=5577"},"modified":"2021-11-17T18:31:31","modified_gmt":"2021-11-17T17:31:31","slug":"ayuntamiento-de-boadilla-del-monte-madrid-ampliacion-de-las-plazas-de-auxiliar-administrativo-c2-objeto-de-convocatoria-de-los-procesos-selectivos-de-estabilizacion-y-consolidacion","status":"publish","type":"post","link":"https:\/\/www.emplea-te.com\/noticias-oposiciones\/ayuntamiento-de-boadilla-del-monte-madrid-ampliacion-de-las-plazas-de-auxiliar-administrativo-c2-objeto-de-convocatoria-de-los-procesos-selectivos-de-estabilizacion-y-consolidacion\/","title":{"rendered":"Ayuntamiento de Boadilla del Monte (Madrid). Ampliaci\u00f3n de las plazas de Auxiliar Administrativo C2 objeto de convocatoria de los procesos selectivos de estabilizaci\u00f3n y consolidaci\u00f3n"},"content":{"rendered":"<p>Se publica en el BOCM de fecha 12 de noviembre de 2021, el Decreto\u00a0 por el que se amplia el n\u00famero de plazas de Auxiliar Administrativo C2,\u00a0 objeto de convocatoria de los procesos selectivos de estabilizaci\u00f3n y consolidaci\u00f3n de empleo del Ayuntamiento de Boadilla del Monte para ser cubiertas por el sistema de concurso-oposici\u00f3n.<\/p>\n<p>Resultando un total de plazas objeto de convocatoria:<\/p>\n<p>12 plazas de auxiliar Administrativo C2 (proceso extraordinario de consolidaci\u00f3n)<br \/>\n17 plazas de Auxiliar Administrativo C2 (proceso extraordinario de estabilizaci\u00f3n)<\/p>\n<p><a href=\"http:\/\/www.bocm.es\/boletin\/CM_Orden_BOCM\/2021\/11\/12\/BOCM-20211112-63.PDF\" target=\"_blank\" rel=\"noopener\">Desde este enlace puedes acceder al Decreto con el contenido \u00edntegro publicado en el BOCM\u00a0<\/a><\/p>\n<p><a href=\"https:\/\/academiamadrid.emplea-te.com\/\" target=\"_blank\" rel=\"noopener\"><strong>\u00a1Inf\u00f3rmate de c\u00f3mo puedes preparar en nuestros grupos Presenciales y On line!<\/strong><\/a><\/p>\n<p>&nbsp;<\/p>\n","protected":false},"excerpt":{"rendered":"<p>Se publica en el BOCM de fecha 12 de noviembre de 2021, el Decreto\u00a0 por el que se amplia el n\u00famero de plazas de Auxiliar Administrativo C2,\u00a0 objeto de convocatoria de los procesos selectivos de estabilizaci\u00f3n y consolidaci\u00f3n de empleo del Ayuntamiento de Boadilla del Monte para ser cubiertas por el sistema de concurso-oposici\u00f3n. Resultando &hellip; <a href=\"https:\/\/www.emplea-te.com\/noticias-oposiciones\/ayuntamiento-de-boadilla-del-monte-madrid-ampliacion-de-las-plazas-de-auxiliar-administrativo-c2-objeto-de-convocatoria-de-los-procesos-selectivos-de-estabilizacion-y-consolidacion\/\" class=\"more-link\">Continuar leyendo<span class=\"screen-reader-text\"> \u00abAyuntamiento de Boadilla del Monte (Madrid). Ampliaci\u00f3n de las plazas de Auxiliar Administrativo C2 objeto de convocatoria de los procesos selectivos de estabilizaci\u00f3n y consolidaci\u00f3n\u00bb<\/span><\/a><\/p>\n","protected":false},"author":1,"featured_media":0,"comment_status":"closed","ping_status":"closed","sticky":false,"template":"","format":"standard","meta":{"footnotes":""},"categories":[109],"tags":[49],"class_list":["post-5577","post","type-post","status-publish","format-standard","hentry","category-oposiciones-madrid","tag-convocatorias-de-oposiciones"],"yoast_head":"<!-- This site is optimized with the Yoast SEO plugin v27.5 - https:\/\/yoast.com\/product\/yoast-seo-wordpress\/ -->\n<title>Ayuntamiento de Boadilla del Monte. Ampliaci\u00f3n de las plazas de Auxiliar Administrativo C2 objeto de convocatoria de los procesos selectivos de estabilizaci\u00f3n y consolidaci\u00f3n<\/title>\n<meta name=\"description\" content=\"Ayuntamiento de Boadilla del Monte. Ampliaci\u00f3n de las plazas de Auxiliar Administrativo C2 objeto de convocatoria de los procesos selectivos de estabilizaci\u00f3n y consolidaci\u00f3n\" \/>\n<meta name=\"robots\" content=\"index, follow, max-snippet:-1, max-image-preview:large, max-video-preview:-1\" \/>\n<link rel=\"canonical\" href=\"https:\/\/www.emplea-te.com\/noticias-oposiciones\/ayuntamiento-de-boadilla-del-monte-madrid-ampliacion-de-las-plazas-de-auxiliar-administrativo-c2-objeto-de-convocatoria-de-los-procesos-selectivos-de-estabilizacion-y-consolidacion\/\" \/>\n<meta property=\"og:locale\" content=\"es_ES\" \/>\n<meta property=\"og:type\" content=\"article\" \/>\n<meta property=\"og:title\" content=\"Ayuntamiento de Boadilla del Monte. Ampliaci\u00f3n de las plazas de Auxiliar Administrativo C2 objeto de convocatoria de los procesos selectivos de estabilizaci\u00f3n y consolidaci\u00f3n\" \/>\n<meta property=\"og:description\" content=\"Ayuntamiento de Boadilla del Monte. Ampliaci\u00f3n de las plazas de Auxiliar Administrativo C2 objeto de convocatoria de los procesos selectivos de estabilizaci\u00f3n y consolidaci\u00f3n\" \/>\n<meta property=\"og:url\" content=\"https:\/\/www.emplea-te.com\/noticias-oposiciones\/ayuntamiento-de-boadilla-del-monte-madrid-ampliacion-de-las-plazas-de-auxiliar-administrativo-c2-objeto-de-convocatoria-de-los-procesos-selectivos-de-estabilizacion-y-consolidacion\/\" \/>\n<meta property=\"og:site_name\" content=\"Noticas de oposiciones por Academia Emplea-te\" \/>\n<meta property=\"article:publisher\" content=\"https:\/\/www.facebook.com\/AcademiaEmpleate\/\" \/>\n<meta property=\"article:published_time\" content=\"2021-11-15T18:05:55+00:00\" \/>\n<meta property=\"article:modified_time\" content=\"2021-11-17T17:31:31+00:00\" \/>\n<meta name=\"author\" content=\"Empleate\" \/>\n<meta name=\"twitter:card\" content=\"summary_large_image\" \/>\n<meta name=\"twitter:creator\" content=\"@Emplea_Te\" \/>\n<meta name=\"twitter:site\" content=\"@Emplea_Te\" \/>\n<meta name=\"twitter:label1\" content=\"Escrito por\" \/>\n\t<meta name=\"twitter:data1\" content=\"Empleate\" \/>\n\t<meta name=\"twitter:label2\" content=\"Tiempo de lectura\" \/>\n\t<meta name=\"twitter:data2\" content=\"1 minuto\" \/>\n<script type=\"application\/ld+json\" class=\"yoast-schema-graph\">{\"@context\":\"https:\\\/\\\/schema.org\",\"@graph\":[{\"@type\":\"Article\",\"@id\":\"https:\\\/\\\/www.emplea-te.com\\\/noticias-oposiciones\\\/ayuntamiento-de-boadilla-del-monte-madrid-ampliacion-de-las-plazas-de-auxiliar-administrativo-c2-objeto-de-convocatoria-de-los-procesos-selectivos-de-estabilizacion-y-consolidacion\\\/#article\",\"isPartOf\":{\"@id\":\"https:\\\/\\\/www.emplea-te.com\\\/noticias-oposiciones\\\/ayuntamiento-de-boadilla-del-monte-madrid-ampliacion-de-las-plazas-de-auxiliar-administrativo-c2-objeto-de-convocatoria-de-los-procesos-selectivos-de-estabilizacion-y-consolidacion\\\/\"},\"author\":{\"name\":\"Empleate\",\"@id\":\"https:\\\/\\\/www.emplea-te.com\\\/noticias-oposiciones\\\/#\\\/schema\\\/person\\\/d1bc587e1af2b95e9c32aba1795509a6\"},\"headline\":\"Ayuntamiento de Boadilla del Monte (Madrid). Ampliaci\u00f3n de las plazas de Auxiliar Administrativo C2 objeto de convocatoria de los procesos selectivos de estabilizaci\u00f3n y consolidaci\u00f3n\",\"datePublished\":\"2021-11-15T18:05:55+00:00\",\"dateModified\":\"2021-11-17T17:31:31+00:00\",\"mainEntityOfPage\":{\"@id\":\"https:\\\/\\\/www.emplea-te.com\\\/noticias-oposiciones\\\/ayuntamiento-de-boadilla-del-monte-madrid-ampliacion-de-las-plazas-de-auxiliar-administrativo-c2-objeto-de-convocatoria-de-los-procesos-selectivos-de-estabilizacion-y-consolidacion\\\/\"},\"wordCount\":142,\"publisher\":{\"@id\":\"https:\\\/\\\/www.emplea-te.com\\\/noticias-oposiciones\\\/#organization\"},\"keywords\":[\"Convocatoria\"],\"articleSection\":[\"Oposiciones Madrid.\"],\"inLanguage\":\"es\"},{\"@type\":\"WebPage\",\"@id\":\"https:\\\/\\\/www.emplea-te.com\\\/noticias-oposiciones\\\/ayuntamiento-de-boadilla-del-monte-madrid-ampliacion-de-las-plazas-de-auxiliar-administrativo-c2-objeto-de-convocatoria-de-los-procesos-selectivos-de-estabilizacion-y-consolidacion\\\/\",\"url\":\"https:\\\/\\\/www.emplea-te.com\\\/noticias-oposiciones\\\/ayuntamiento-de-boadilla-del-monte-madrid-ampliacion-de-las-plazas-de-auxiliar-administrativo-c2-objeto-de-convocatoria-de-los-procesos-selectivos-de-estabilizacion-y-consolidacion\\\/\",\"name\":\"Ayuntamiento de Boadilla del Monte. Ampliaci\u00f3n de las plazas de Auxiliar Administrativo C2 objeto de convocatoria de los procesos selectivos de estabilizaci\u00f3n y consolidaci\u00f3n\",\"isPartOf\":{\"@id\":\"https:\\\/\\\/www.emplea-te.com\\\/noticias-oposiciones\\\/#website\"},\"datePublished\":\"2021-11-15T18:05:55+00:00\",\"dateModified\":\"2021-11-17T17:31:31+00:00\",\"description\":\"Ayuntamiento de Boadilla del Monte. Ampliaci\u00f3n de las plazas de Auxiliar Administrativo C2 objeto de convocatoria de los procesos selectivos de estabilizaci\u00f3n y consolidaci\u00f3n\",\"breadcrumb\":{\"@id\":\"https:\\\/\\\/www.emplea-te.com\\\/noticias-oposiciones\\\/ayuntamiento-de-boadilla-del-monte-madrid-ampliacion-de-las-plazas-de-auxiliar-administrativo-c2-objeto-de-convocatoria-de-los-procesos-selectivos-de-estabilizacion-y-consolidacion\\\/#breadcrumb\"},\"inLanguage\":\"es\",\"potentialAction\":[{\"@type\":\"ReadAction\",\"target\":[\"https:\\\/\\\/www.emplea-te.com\\\/noticias-oposiciones\\\/ayuntamiento-de-boadilla-del-monte-madrid-ampliacion-de-las-plazas-de-auxiliar-administrativo-c2-objeto-de-convocatoria-de-los-procesos-selectivos-de-estabilizacion-y-consolidacion\\\/\"]}]},{\"@type\":\"BreadcrumbList\",\"@id\":\"https:\\\/\\\/www.emplea-te.com\\\/noticias-oposiciones\\\/ayuntamiento-de-boadilla-del-monte-madrid-ampliacion-de-las-plazas-de-auxiliar-administrativo-c2-objeto-de-convocatoria-de-los-procesos-selectivos-de-estabilizacion-y-consolidacion\\\/#breadcrumb\",\"itemListElement\":[{\"@type\":\"ListItem\",\"position\":1,\"name\":\"Noticias Oposiciones\",\"item\":\"https:\\\/\\\/www.emplea-te.com\\\/noticias-oposiciones\\\/\"},{\"@type\":\"ListItem\",\"position\":2,\"name\":\"Oposiciones Madrid.\",\"item\":\"https:\\\/\\\/www.emplea-te.com\\\/noticias-oposiciones\\\/categoria\\\/oposiciones-madrid\\\/\"},{\"@type\":\"ListItem\",\"position\":3,\"name\":\"Ayuntamiento de Boadilla del Monte (Madrid). Ampliaci\u00f3n de las plazas de Auxiliar Administrativo C2 objeto de convocatoria de los procesos selectivos de estabilizaci\u00f3n y consolidaci\u00f3n\"}]},{\"@type\":\"WebSite\",\"@id\":\"https:\\\/\\\/www.emplea-te.com\\\/noticias-oposiciones\\\/#website\",\"url\":\"https:\\\/\\\/www.emplea-te.com\\\/noticias-oposiciones\\\/\",\"name\":\"Noticas de oposiciones por Academia Emplea-te\",\"description\":\"Toda la actualidad de las ofertas y convocatorias.\",\"publisher\":{\"@id\":\"https:\\\/\\\/www.emplea-te.com\\\/noticias-oposiciones\\\/#organization\"},\"potentialAction\":[{\"@type\":\"SearchAction\",\"target\":{\"@type\":\"EntryPoint\",\"urlTemplate\":\"https:\\\/\\\/www.emplea-te.com\\\/noticias-oposiciones\\\/?s={search_term_string}\"},\"query-input\":{\"@type\":\"PropertyValueSpecification\",\"valueRequired\":true,\"valueName\":\"search_term_string\"}}],\"inLanguage\":\"es\"},{\"@type\":\"Organization\",\"@id\":\"https:\\\/\\\/www.emplea-te.com\\\/noticias-oposiciones\\\/#organization\",\"name\":\"Academia de oposiciones Empl\u00e9ate\",\"url\":\"https:\\\/\\\/www.emplea-te.com\\\/noticias-oposiciones\\\/\",\"logo\":{\"@type\":\"ImageObject\",\"inLanguage\":\"es\",\"@id\":\"https:\\\/\\\/www.emplea-te.com\\\/noticias-oposiciones\\\/#\\\/schema\\\/logo\\\/image\\\/\",\"url\":\"https:\\\/\\\/www.emplea-te.com\\\/noticias-oposiciones\\\/wp-content\\\/uploads\\\/2019\\\/04\\\/empleate.jpg\",\"contentUrl\":\"https:\\\/\\\/www.emplea-te.com\\\/noticias-oposiciones\\\/wp-content\\\/uploads\\\/2019\\\/04\\\/empleate.jpg\",\"width\":250,\"height\":150,\"caption\":\"Academia de oposiciones Empl\u00e9ate\"},\"image\":{\"@id\":\"https:\\\/\\\/www.emplea-te.com\\\/noticias-oposiciones\\\/#\\\/schema\\\/logo\\\/image\\\/\"},\"sameAs\":[\"https:\\\/\\\/www.facebook.com\\\/AcademiaEmpleate\\\/\",\"https:\\\/\\\/x.com\\\/Emplea_Te\",\"https:\\\/\\\/www.instagram.com\\\/academia_empleate\\\/\"]},{\"@type\":\"Person\",\"@id\":\"https:\\\/\\\/www.emplea-te.com\\\/noticias-oposiciones\\\/#\\\/schema\\\/person\\\/d1bc587e1af2b95e9c32aba1795509a6\",\"name\":\"Empleate\"}]}<\/script>\n<!-- \/ Yoast SEO plugin. -->","yoast_head_json":{"title":"Ayuntamiento de Boadilla del Monte. Ampliaci\u00f3n de las plazas de Auxiliar Administrativo C2 objeto de convocatoria de los procesos selectivos de estabilizaci\u00f3n y consolidaci\u00f3n","description":"Ayuntamiento de Boadilla del Monte. Ampliaci\u00f3n de las plazas de Auxiliar Administrativo C2 objeto de convocatoria de los procesos selectivos de estabilizaci\u00f3n y consolidaci\u00f3n","robots":{"index":"index","follow":"follow","max-snippet":"max-snippet:-1","max-image-preview":"max-image-preview:large","max-video-preview":"max-video-preview:-1"},"canonical":"https:\/\/www.emplea-te.com\/noticias-oposiciones\/ayuntamiento-de-boadilla-del-monte-madrid-ampliacion-de-las-plazas-de-auxiliar-administrativo-c2-objeto-de-convocatoria-de-los-procesos-selectivos-de-estabilizacion-y-consolidacion\/","og_locale":"es_ES","og_type":"article","og_title":"Ayuntamiento de Boadilla del Monte. Ampliaci\u00f3n de las plazas de Auxiliar Administrativo C2 objeto de convocatoria de los procesos selectivos de estabilizaci\u00f3n y consolidaci\u00f3n","og_description":"Ayuntamiento de Boadilla del Monte. Ampliaci\u00f3n de las plazas de Auxiliar Administrativo C2 objeto de convocatoria de los procesos selectivos de estabilizaci\u00f3n y consolidaci\u00f3n","og_url":"https:\/\/www.emplea-te.com\/noticias-oposiciones\/ayuntamiento-de-boadilla-del-monte-madrid-ampliacion-de-las-plazas-de-auxiliar-administrativo-c2-objeto-de-convocatoria-de-los-procesos-selectivos-de-estabilizacion-y-consolidacion\/","og_site_name":"Noticas de oposiciones por Academia Emplea-te","article_publisher":"https:\/\/www.facebook.com\/AcademiaEmpleate\/","article_published_time":"2021-11-15T18:05:55+00:00","article_modified_time":"2021-11-17T17:31:31+00:00","author":"Empleate","twitter_card":"summary_large_image","twitter_creator":"@Emplea_Te","twitter_site":"@Emplea_Te","twitter_misc":{"Escrito por":"Empleate","Tiempo de lectura":"1 minuto"},"schema":{"@context":"https:\/\/schema.org","@graph":[{"@type":"Article","@id":"https:\/\/www.emplea-te.com\/noticias-oposiciones\/ayuntamiento-de-boadilla-del-monte-madrid-ampliacion-de-las-plazas-de-auxiliar-administrativo-c2-objeto-de-convocatoria-de-los-procesos-selectivos-de-estabilizacion-y-consolidacion\/#article","isPartOf":{"@id":"https:\/\/www.emplea-te.com\/noticias-oposiciones\/ayuntamiento-de-boadilla-del-monte-madrid-ampliacion-de-las-plazas-de-auxiliar-administrativo-c2-objeto-de-convocatoria-de-los-procesos-selectivos-de-estabilizacion-y-consolidacion\/"},"author":{"name":"Empleate","@id":"https:\/\/www.emplea-te.com\/noticias-oposiciones\/#\/schema\/person\/d1bc587e1af2b95e9c32aba1795509a6"},"headline":"Ayuntamiento de Boadilla del Monte (Madrid). Ampliaci\u00f3n de las plazas de Auxiliar Administrativo C2 objeto de convocatoria de los procesos selectivos de estabilizaci\u00f3n y consolidaci\u00f3n","datePublished":"2021-11-15T18:05:55+00:00","dateModified":"2021-11-17T17:31:31+00:00","mainEntityOfPage":{"@id":"https:\/\/www.emplea-te.com\/noticias-oposiciones\/ayuntamiento-de-boadilla-del-monte-madrid-ampliacion-de-las-plazas-de-auxiliar-administrativo-c2-objeto-de-convocatoria-de-los-procesos-selectivos-de-estabilizacion-y-consolidacion\/"},"wordCount":142,"publisher":{"@id":"https:\/\/www.emplea-te.com\/noticias-oposiciones\/#organization"},"keywords":["Convocatoria"],"articleSection":["Oposiciones Madrid."],"inLanguage":"es"},{"@type":"WebPage","@id":"https:\/\/www.emplea-te.com\/noticias-oposiciones\/ayuntamiento-de-boadilla-del-monte-madrid-ampliacion-de-las-plazas-de-auxiliar-administrativo-c2-objeto-de-convocatoria-de-los-procesos-selectivos-de-estabilizacion-y-consolidacion\/","url":"https:\/\/www.emplea-te.com\/noticias-oposiciones\/ayuntamiento-de-boadilla-del-monte-madrid-ampliacion-de-las-plazas-de-auxiliar-administrativo-c2-objeto-de-convocatoria-de-los-procesos-selectivos-de-estabilizacion-y-consolidacion\/","name":"Ayuntamiento de Boadilla del Monte. Ampliaci\u00f3n de las plazas de Auxiliar Administrativo C2 objeto de convocatoria de los procesos selectivos de estabilizaci\u00f3n y consolidaci\u00f3n","isPartOf":{"@id":"https:\/\/www.emplea-te.com\/noticias-oposiciones\/#website"},"datePublished":"2021-11-15T18:05:55+00:00","dateModified":"2021-11-17T17:31:31+00:00","description":"Ayuntamiento de Boadilla del Monte. Ampliaci\u00f3n de las plazas de Auxiliar Administrativo C2 objeto de convocatoria de los procesos selectivos de estabilizaci\u00f3n y consolidaci\u00f3n","breadcrumb":{"@id":"https:\/\/www.emplea-te.com\/noticias-oposiciones\/ayuntamiento-de-boadilla-del-monte-madrid-ampliacion-de-las-plazas-de-auxiliar-administrativo-c2-objeto-de-convocatoria-de-los-procesos-selectivos-de-estabilizacion-y-consolidacion\/#breadcrumb"},"inLanguage":"es","potentialAction":[{"@type":"ReadAction","target":["https:\/\/www.emplea-te.com\/noticias-oposiciones\/ayuntamiento-de-boadilla-del-monte-madrid-ampliacion-de-las-plazas-de-auxiliar-administrativo-c2-objeto-de-convocatoria-de-los-procesos-selectivos-de-estabilizacion-y-consolidacion\/"]}]},{"@type":"BreadcrumbList","@id":"https:\/\/www.emplea-te.com\/noticias-oposiciones\/ayuntamiento-de-boadilla-del-monte-madrid-ampliacion-de-las-plazas-de-auxiliar-administrativo-c2-objeto-de-convocatoria-de-los-procesos-selectivos-de-estabilizacion-y-consolidacion\/#breadcrumb","itemListElement":[{"@type":"ListItem","position":1,"name":"Noticias Oposiciones","item":"https:\/\/www.emplea-te.com\/noticias-oposiciones\/"},{"@type":"ListItem","position":2,"name":"Oposiciones Madrid.","item":"https:\/\/www.emplea-te.com\/noticias-oposiciones\/categoria\/oposiciones-madrid\/"},{"@type":"ListItem","position":3,"name":"Ayuntamiento de Boadilla del Monte (Madrid). Ampliaci\u00f3n de las plazas de Auxiliar Administrativo C2 objeto de convocatoria de los procesos selectivos de estabilizaci\u00f3n y consolidaci\u00f3n"}]},{"@type":"WebSite","@id":"https:\/\/www.emplea-te.com\/noticias-oposiciones\/#website","url":"https:\/\/www.emplea-te.com\/noticias-oposiciones\/","name":"Noticas de oposiciones por Academia Emplea-te","description":"Toda la actualidad de las ofertas y convocatorias.","publisher":{"@id":"https:\/\/www.emplea-te.com\/noticias-oposiciones\/#organization"},"potentialAction":[{"@type":"SearchAction","target":{"@type":"EntryPoint","urlTemplate":"https:\/\/www.emplea-te.com\/noticias-oposiciones\/?s={search_term_string}"},"query-input":{"@type":"PropertyValueSpecification","valueRequired":true,"valueName":"search_term_string"}}],"inLanguage":"es"},{"@type":"Organization","@id":"https:\/\/www.emplea-te.com\/noticias-oposiciones\/#organization","name":"Academia de oposiciones Empl\u00e9ate","url":"https:\/\/www.emplea-te.com\/noticias-oposiciones\/","logo":{"@type":"ImageObject","inLanguage":"es","@id":"https:\/\/www.emplea-te.com\/noticias-oposiciones\/#\/schema\/logo\/image\/","url":"https:\/\/www.emplea-te.com\/noticias-oposiciones\/wp-content\/uploads\/2019\/04\/empleate.jpg","contentUrl":"https:\/\/www.emplea-te.com\/noticias-oposiciones\/wp-content\/uploads\/2019\/04\/empleate.jpg","width":250,"height":150,"caption":"Academia de oposiciones Empl\u00e9ate"},"image":{"@id":"https:\/\/www.emplea-te.com\/noticias-oposiciones\/#\/schema\/logo\/image\/"},"sameAs":["https:\/\/www.facebook.com\/AcademiaEmpleate\/","https:\/\/x.com\/Emplea_Te","https:\/\/www.instagram.com\/academia_empleate\/"]},{"@type":"Person","@id":"https:\/\/www.emplea-te.com\/noticias-oposiciones\/#\/schema\/person\/d1bc587e1af2b95e9c32aba1795509a6","name":"Empleate"}]}},"_links":{"self":[{"href":"https:\/\/www.emplea-te.com\/noticias-oposiciones\/wp-json\/wp\/v2\/posts\/5577","targetHints":{"allow":["GET"]}}],"collection":[{"href":"https:\/\/www.emplea-te.com\/noticias-oposiciones\/wp-json\/wp\/v2\/posts"}],"about":[{"href":"https:\/\/www.emplea-te.com\/noticias-oposiciones\/wp-json\/wp\/v2\/types\/post"}],"author":[{"embeddable":true,"href":"https:\/\/www.emplea-te.com\/noticias-oposiciones\/wp-json\/wp\/v2\/users\/1"}],"replies":[{"embeddable":true,"href":"https:\/\/www.emplea-te.com\/noticias-oposiciones\/wp-json\/wp\/v2\/comments?post=5577"}],"version-history":[{"count":1,"href":"https:\/\/www.emplea-te.com\/noticias-oposiciones\/wp-json\/wp\/v2\/posts\/5577\/revisions"}],"predecessor-version":[{"id":5578,"href":"https:\/\/www.emplea-te.com\/noticias-oposiciones\/wp-json\/wp\/v2\/posts\/5577\/revisions\/5578"}],"wp:attachment":[{"href":"https:\/\/www.emplea-te.com\/noticias-oposiciones\/wp-json\/wp\/v2\/media?parent=5577"}],"wp:term":[{"taxonomy":"category","embeddable":true,"href":"https:\/\/www.emplea-te.com\/noticias-oposiciones\/wp-json\/wp\/v2\/categories?post=5577"},{"taxonomy":"post_tag","embeddable":true,"href":"https:\/\/www.emplea-te.com\/noticias-oposiciones\/wp-json\/wp\/v2\/tags?post=5577"}],"curies":[{"name":"wp","href":"https:\/\/api.w.org\/{rel}","templated":true}]}}