{"id":5583,"date":"2021-11-17T10:18:10","date_gmt":"2021-11-17T09:18:10","guid":{"rendered":"https:\/\/www.emplea-te.com\/noticias-oposiciones\/?p=5583"},"modified":"2021-11-17T10:18:10","modified_gmt":"2021-11-17T09:18:10","slug":"ayuntamiento-de-vilagarcia-de-arousa-publicado-anuncio-de-oep-2021","status":"publish","type":"post","link":"https:\/\/www.emplea-te.com\/noticias-oposiciones\/ayuntamiento-de-vilagarcia-de-arousa-publicado-anuncio-de-oep-2021\/","title":{"rendered":"Ayuntamiento de Vilagarcia de Arousa. Publicado Anuncio de OEP 2021"},"content":{"rendered":"<p>Se publica en el DOG de hoy, d\u00eda 17 de noviembre de 2021, el Anuncio con la OEP 2021 del Ayuntamiento de Vilagarc\u00eda de Arousa.<\/p>\n<p><a href=\"https:\/\/www.xunta.gal\/dog\/Publicados\/2021\/20211117\/AnuncioL260-261021-0001_gl.html\" target=\"_blank\" rel=\"noopener\">Enlace al Anuncio con la OEP 2021<\/a><\/p>\n<p>De entre las plazas ofertadas destacamos 1 plaza de T\u00e9cnico de Administraci\u00f3n General A1 que puedes preparar en nuestros Grupos Presenciales y On line.<\/p>\n<p><strong><a href=\"http:\/\/www.emplea-te.com\" target=\"_blank\" rel=\"noopener\">Inf\u00f3rmate de nuestra preparaci\u00f3n en grupos presenciales y on line.\u00a0<\/a><\/strong><\/p>\n<p>La totalidad de la OEP 2021 del Ayuntamiento de Vilagarc\u00eda de Arousa comprende las siguientes plazas:<\/p>\n<table id=\"table-1\">\n<tbody>\n<tr>\n<td>\n<p class=\"basic-paragraph\"><span>Grupo<\/span><\/p>\n<\/td>\n<td>\n<p class=\"basic-paragraph\"><span>Nombre de la plaza<\/span><\/p>\n<\/td>\n<td>\n<p class=\"basic-paragraph\"><span>Escala \/ clase \/ categor\u00eda<\/span><\/p>\n<\/td>\n<td>\n<p class=\"basic-paragraph\"><span>NO<\/span><\/p>\n<\/td>\n<\/tr>\n<tr>\n<td>\n<p class=\"basic-paragraph\"><span>A1<\/span><\/p>\n<\/td>\n<td>\n<p class=\"basic-paragraph\"><span>T\u00e9cnico de administraci\u00f3n general<\/span><\/p>\n<\/td>\n<td>\n<p class=\"basic-paragraph\"><span>Administraci\u00f3n general \/ t\u00e9cnica<\/span><\/p>\n<\/td>\n<td>\n<p class=\"basic-paragraph\"><span>1<\/span><\/p>\n<\/td>\n<\/tr>\n<tr>\n<td>\n<p class=\"basic-paragraph\"><span>A2<\/span><\/p>\n<\/td>\n<td>\n<p class=\"basic-paragraph\"><span>Trabajador social<\/span><\/p>\n<\/td>\n<td>\n<p class=\"basic-paragraph\"><span>Administraci\u00f3n especial \/ t\u00e9cnica \/ de medios<\/span><\/p>\n<\/td>\n<td>\n<p class=\"basic-paragraph\"><span>1<\/span><\/p>\n<\/td>\n<\/tr>\n<tr>\n<td>\n<p class=\"basic-paragraph\"><span>C1<\/span><\/p>\n<\/td>\n<td>\n<p class=\"basic-paragraph\"><span>Polic\u00eda<\/span><\/p>\n<\/td>\n<td>\n<p class=\"basic-paragraph\"><span>Administraci\u00f3n especial \/ servicios especiales \/ local \/ polic\u00eda b\u00e1sica<\/span><\/p>\n<\/td>\n<td>\n<p class=\"basic-paragraph\"><span>2<\/span><\/p>\n<\/td>\n<\/tr>\n<\/tbody>\n<\/table>\n","protected":false},"excerpt":{"rendered":"<p>Se publica en el DOG de hoy, d\u00eda 17 de noviembre de 2021, el Anuncio con la OEP 2021 del Ayuntamiento de Vilagarc\u00eda de Arousa. Enlace al Anuncio con la OEP 2021 De entre las plazas ofertadas destacamos 1 plaza de T\u00e9cnico de Administraci\u00f3n General A1 que puedes preparar en nuestros Grupos Presenciales y On &hellip; <a href=\"https:\/\/www.emplea-te.com\/noticias-oposiciones\/ayuntamiento-de-vilagarcia-de-arousa-publicado-anuncio-de-oep-2021\/\" class=\"more-link\">Continuar leyendo<span class=\"screen-reader-text\"> \u00abAyuntamiento de Vilagarcia de Arousa. Publicado Anuncio de OEP 2021\u00bb<\/span><\/a><\/p>\n","protected":false},"author":1,"featured_media":0,"comment_status":"closed","ping_status":"closed","sticky":false,"template":"","format":"standard","meta":{"footnotes":""},"categories":[98,56],"tags":[84],"class_list":["post-5583","post","type-post","status-publish","format-standard","hentry","category-oep-2021-ayuntamientos","category-oposiciones-autonomicas-galicia","tag-oferta-de-empleo-publico"],"yoast_head":"<!-- This site is optimized with the Yoast SEO plugin v27.5 - https:\/\/yoast.com\/product\/yoast-seo-wordpress\/ -->\n<title>Anuncio de la OEP 2021 para el Ayuntamiento de Vilagarc\u00eda de Arousa.<\/title>\n<meta name=\"description\" content=\"Anuncio de la OEP 2021 para el Ayuntamiento de Vilagarc\u00eda de Arousa. Inf\u00f3rmate en el enlace.\" \/>\n<meta name=\"robots\" content=\"index, follow, max-snippet:-1, max-image-preview:large, max-video-preview:-1\" \/>\n<link rel=\"canonical\" href=\"https:\/\/www.emplea-te.com\/noticias-oposiciones\/ayuntamiento-de-vilagarcia-de-arousa-publicado-anuncio-de-oep-2021\/\" \/>\n<meta property=\"og:locale\" content=\"es_ES\" \/>\n<meta property=\"og:type\" content=\"article\" \/>\n<meta property=\"og:title\" content=\"Anuncio de la OEP 2021 para el Ayuntamiento de Vilagarc\u00eda de Arousa.\" \/>\n<meta property=\"og:description\" content=\"Anuncio de la OEP 2021 para el Ayuntamiento de Vilagarc\u00eda de Arousa. Inf\u00f3rmate en el enlace.\" \/>\n<meta property=\"og:url\" content=\"https:\/\/www.emplea-te.com\/noticias-oposiciones\/ayuntamiento-de-vilagarcia-de-arousa-publicado-anuncio-de-oep-2021\/\" \/>\n<meta property=\"og:site_name\" content=\"Noticas de oposiciones por Academia Emplea-te\" \/>\n<meta property=\"article:publisher\" content=\"https:\/\/www.facebook.com\/AcademiaEmpleate\/\" \/>\n<meta property=\"article:published_time\" content=\"2021-11-17T09:18:10+00:00\" \/>\n<meta name=\"author\" content=\"Empleate\" \/>\n<meta name=\"twitter:card\" content=\"summary_large_image\" \/>\n<meta name=\"twitter:creator\" content=\"@Emplea_Te\" \/>\n<meta name=\"twitter:site\" content=\"@Emplea_Te\" \/>\n<meta name=\"twitter:label1\" content=\"Escrito por\" \/>\n\t<meta name=\"twitter:data1\" content=\"Empleate\" \/>\n\t<meta name=\"twitter:label2\" content=\"Tiempo de lectura\" \/>\n\t<meta name=\"twitter:data2\" content=\"1 minuto\" \/>\n<script type=\"application\/ld+json\" class=\"yoast-schema-graph\">{\"@context\":\"https:\\\/\\\/schema.org\",\"@graph\":[{\"@type\":\"Article\",\"@id\":\"https:\\\/\\\/www.emplea-te.com\\\/noticias-oposiciones\\\/ayuntamiento-de-vilagarcia-de-arousa-publicado-anuncio-de-oep-2021\\\/#article\",\"isPartOf\":{\"@id\":\"https:\\\/\\\/www.emplea-te.com\\\/noticias-oposiciones\\\/ayuntamiento-de-vilagarcia-de-arousa-publicado-anuncio-de-oep-2021\\\/\"},\"author\":{\"name\":\"Empleate\",\"@id\":\"https:\\\/\\\/www.emplea-te.com\\\/noticias-oposiciones\\\/#\\\/schema\\\/person\\\/d1bc587e1af2b95e9c32aba1795509a6\"},\"headline\":\"Ayuntamiento de Vilagarcia de Arousa. Publicado Anuncio de OEP 2021\",\"datePublished\":\"2021-11-17T09:18:10+00:00\",\"mainEntityOfPage\":{\"@id\":\"https:\\\/\\\/www.emplea-te.com\\\/noticias-oposiciones\\\/ayuntamiento-de-vilagarcia-de-arousa-publicado-anuncio-de-oep-2021\\\/\"},\"wordCount\":137,\"publisher\":{\"@id\":\"https:\\\/\\\/www.emplea-te.com\\\/noticias-oposiciones\\\/#organization\"},\"keywords\":[\"Oferta de Empleo P\u00fablico\"],\"articleSection\":[\"OEP 2021 Ayuntamientos\",\"Oposiciones Auton\u00f3micas Galicia\"],\"inLanguage\":\"es\"},{\"@type\":\"WebPage\",\"@id\":\"https:\\\/\\\/www.emplea-te.com\\\/noticias-oposiciones\\\/ayuntamiento-de-vilagarcia-de-arousa-publicado-anuncio-de-oep-2021\\\/\",\"url\":\"https:\\\/\\\/www.emplea-te.com\\\/noticias-oposiciones\\\/ayuntamiento-de-vilagarcia-de-arousa-publicado-anuncio-de-oep-2021\\\/\",\"name\":\"Anuncio de la OEP 2021 para el Ayuntamiento de Vilagarc\u00eda de Arousa.\",\"isPartOf\":{\"@id\":\"https:\\\/\\\/www.emplea-te.com\\\/noticias-oposiciones\\\/#website\"},\"datePublished\":\"2021-11-17T09:18:10+00:00\",\"description\":\"Anuncio de la OEP 2021 para el Ayuntamiento de Vilagarc\u00eda de Arousa. Inf\u00f3rmate en el enlace.\",\"breadcrumb\":{\"@id\":\"https:\\\/\\\/www.emplea-te.com\\\/noticias-oposiciones\\\/ayuntamiento-de-vilagarcia-de-arousa-publicado-anuncio-de-oep-2021\\\/#breadcrumb\"},\"inLanguage\":\"es\",\"potentialAction\":[{\"@type\":\"ReadAction\",\"target\":[\"https:\\\/\\\/www.emplea-te.com\\\/noticias-oposiciones\\\/ayuntamiento-de-vilagarcia-de-arousa-publicado-anuncio-de-oep-2021\\\/\"]}]},{\"@type\":\"BreadcrumbList\",\"@id\":\"https:\\\/\\\/www.emplea-te.com\\\/noticias-oposiciones\\\/ayuntamiento-de-vilagarcia-de-arousa-publicado-anuncio-de-oep-2021\\\/#breadcrumb\",\"itemListElement\":[{\"@type\":\"ListItem\",\"position\":1,\"name\":\"Noticias Oposiciones\",\"item\":\"https:\\\/\\\/www.emplea-te.com\\\/noticias-oposiciones\\\/\"},{\"@type\":\"ListItem\",\"position\":2,\"name\":\"Oposiciones Auton\u00f3micas Galicia\",\"item\":\"https:\\\/\\\/www.emplea-te.com\\\/noticias-oposiciones\\\/categoria\\\/oposiciones-autonomicas-galicia\\\/\"},{\"@type\":\"ListItem\",\"position\":3,\"name\":\"Ayuntamiento de Vilagarcia de Arousa. Publicado Anuncio de OEP 2021\"}]},{\"@type\":\"WebSite\",\"@id\":\"https:\\\/\\\/www.emplea-te.com\\\/noticias-oposiciones\\\/#website\",\"url\":\"https:\\\/\\\/www.emplea-te.com\\\/noticias-oposiciones\\\/\",\"name\":\"Noticas de oposiciones por Academia Emplea-te\",\"description\":\"Toda la actualidad de las ofertas y convocatorias.\",\"publisher\":{\"@id\":\"https:\\\/\\\/www.emplea-te.com\\\/noticias-oposiciones\\\/#organization\"},\"potentialAction\":[{\"@type\":\"SearchAction\",\"target\":{\"@type\":\"EntryPoint\",\"urlTemplate\":\"https:\\\/\\\/www.emplea-te.com\\\/noticias-oposiciones\\\/?s={search_term_string}\"},\"query-input\":{\"@type\":\"PropertyValueSpecification\",\"valueRequired\":true,\"valueName\":\"search_term_string\"}}],\"inLanguage\":\"es\"},{\"@type\":\"Organization\",\"@id\":\"https:\\\/\\\/www.emplea-te.com\\\/noticias-oposiciones\\\/#organization\",\"name\":\"Academia de oposiciones Empl\u00e9ate\",\"url\":\"https:\\\/\\\/www.emplea-te.com\\\/noticias-oposiciones\\\/\",\"logo\":{\"@type\":\"ImageObject\",\"inLanguage\":\"es\",\"@id\":\"https:\\\/\\\/www.emplea-te.com\\\/noticias-oposiciones\\\/#\\\/schema\\\/logo\\\/image\\\/\",\"url\":\"https:\\\/\\\/www.emplea-te.com\\\/noticias-oposiciones\\\/wp-content\\\/uploads\\\/2019\\\/04\\\/empleate.jpg\",\"contentUrl\":\"https:\\\/\\\/www.emplea-te.com\\\/noticias-oposiciones\\\/wp-content\\\/uploads\\\/2019\\\/04\\\/empleate.jpg\",\"width\":250,\"height\":150,\"caption\":\"Academia de oposiciones Empl\u00e9ate\"},\"image\":{\"@id\":\"https:\\\/\\\/www.emplea-te.com\\\/noticias-oposiciones\\\/#\\\/schema\\\/logo\\\/image\\\/\"},\"sameAs\":[\"https:\\\/\\\/www.facebook.com\\\/AcademiaEmpleate\\\/\",\"https:\\\/\\\/x.com\\\/Emplea_Te\",\"https:\\\/\\\/www.instagram.com\\\/academia_empleate\\\/\"]},{\"@type\":\"Person\",\"@id\":\"https:\\\/\\\/www.emplea-te.com\\\/noticias-oposiciones\\\/#\\\/schema\\\/person\\\/d1bc587e1af2b95e9c32aba1795509a6\",\"name\":\"Empleate\"}]}<\/script>\n<!-- \/ Yoast SEO plugin. -->","yoast_head_json":{"title":"Anuncio de la OEP 2021 para el Ayuntamiento de Vilagarc\u00eda de Arousa.","description":"Anuncio de la OEP 2021 para el Ayuntamiento de Vilagarc\u00eda de Arousa. Inf\u00f3rmate en el enlace.","robots":{"index":"index","follow":"follow","max-snippet":"max-snippet:-1","max-image-preview":"max-image-preview:large","max-video-preview":"max-video-preview:-1"},"canonical":"https:\/\/www.emplea-te.com\/noticias-oposiciones\/ayuntamiento-de-vilagarcia-de-arousa-publicado-anuncio-de-oep-2021\/","og_locale":"es_ES","og_type":"article","og_title":"Anuncio de la OEP 2021 para el Ayuntamiento de Vilagarc\u00eda de Arousa.","og_description":"Anuncio de la OEP 2021 para el Ayuntamiento de Vilagarc\u00eda de Arousa. Inf\u00f3rmate en el enlace.","og_url":"https:\/\/www.emplea-te.com\/noticias-oposiciones\/ayuntamiento-de-vilagarcia-de-arousa-publicado-anuncio-de-oep-2021\/","og_site_name":"Noticas de oposiciones por Academia Emplea-te","article_publisher":"https:\/\/www.facebook.com\/AcademiaEmpleate\/","article_published_time":"2021-11-17T09:18:10+00:00","author":"Empleate","twitter_card":"summary_large_image","twitter_creator":"@Emplea_Te","twitter_site":"@Emplea_Te","twitter_misc":{"Escrito por":"Empleate","Tiempo de lectura":"1 minuto"},"schema":{"@context":"https:\/\/schema.org","@graph":[{"@type":"Article","@id":"https:\/\/www.emplea-te.com\/noticias-oposiciones\/ayuntamiento-de-vilagarcia-de-arousa-publicado-anuncio-de-oep-2021\/#article","isPartOf":{"@id":"https:\/\/www.emplea-te.com\/noticias-oposiciones\/ayuntamiento-de-vilagarcia-de-arousa-publicado-anuncio-de-oep-2021\/"},"author":{"name":"Empleate","@id":"https:\/\/www.emplea-te.com\/noticias-oposiciones\/#\/schema\/person\/d1bc587e1af2b95e9c32aba1795509a6"},"headline":"Ayuntamiento de Vilagarcia de Arousa. Publicado Anuncio de OEP 2021","datePublished":"2021-11-17T09:18:10+00:00","mainEntityOfPage":{"@id":"https:\/\/www.emplea-te.com\/noticias-oposiciones\/ayuntamiento-de-vilagarcia-de-arousa-publicado-anuncio-de-oep-2021\/"},"wordCount":137,"publisher":{"@id":"https:\/\/www.emplea-te.com\/noticias-oposiciones\/#organization"},"keywords":["Oferta de Empleo P\u00fablico"],"articleSection":["OEP 2021 Ayuntamientos","Oposiciones Auton\u00f3micas Galicia"],"inLanguage":"es"},{"@type":"WebPage","@id":"https:\/\/www.emplea-te.com\/noticias-oposiciones\/ayuntamiento-de-vilagarcia-de-arousa-publicado-anuncio-de-oep-2021\/","url":"https:\/\/www.emplea-te.com\/noticias-oposiciones\/ayuntamiento-de-vilagarcia-de-arousa-publicado-anuncio-de-oep-2021\/","name":"Anuncio de la OEP 2021 para el Ayuntamiento de Vilagarc\u00eda de Arousa.","isPartOf":{"@id":"https:\/\/www.emplea-te.com\/noticias-oposiciones\/#website"},"datePublished":"2021-11-17T09:18:10+00:00","description":"Anuncio de la OEP 2021 para el Ayuntamiento de Vilagarc\u00eda de Arousa. Inf\u00f3rmate en el enlace.","breadcrumb":{"@id":"https:\/\/www.emplea-te.com\/noticias-oposiciones\/ayuntamiento-de-vilagarcia-de-arousa-publicado-anuncio-de-oep-2021\/#breadcrumb"},"inLanguage":"es","potentialAction":[{"@type":"ReadAction","target":["https:\/\/www.emplea-te.com\/noticias-oposiciones\/ayuntamiento-de-vilagarcia-de-arousa-publicado-anuncio-de-oep-2021\/"]}]},{"@type":"BreadcrumbList","@id":"https:\/\/www.emplea-te.com\/noticias-oposiciones\/ayuntamiento-de-vilagarcia-de-arousa-publicado-anuncio-de-oep-2021\/#breadcrumb","itemListElement":[{"@type":"ListItem","position":1,"name":"Noticias Oposiciones","item":"https:\/\/www.emplea-te.com\/noticias-oposiciones\/"},{"@type":"ListItem","position":2,"name":"Oposiciones Auton\u00f3micas Galicia","item":"https:\/\/www.emplea-te.com\/noticias-oposiciones\/categoria\/oposiciones-autonomicas-galicia\/"},{"@type":"ListItem","position":3,"name":"Ayuntamiento de Vilagarcia de Arousa. Publicado Anuncio de OEP 2021"}]},{"@type":"WebSite","@id":"https:\/\/www.emplea-te.com\/noticias-oposiciones\/#website","url":"https:\/\/www.emplea-te.com\/noticias-oposiciones\/","name":"Noticas de oposiciones por Academia Emplea-te","description":"Toda la actualidad de las ofertas y convocatorias.","publisher":{"@id":"https:\/\/www.emplea-te.com\/noticias-oposiciones\/#organization"},"potentialAction":[{"@type":"SearchAction","target":{"@type":"EntryPoint","urlTemplate":"https:\/\/www.emplea-te.com\/noticias-oposiciones\/?s={search_term_string}"},"query-input":{"@type":"PropertyValueSpecification","valueRequired":true,"valueName":"search_term_string"}}],"inLanguage":"es"},{"@type":"Organization","@id":"https:\/\/www.emplea-te.com\/noticias-oposiciones\/#organization","name":"Academia de oposiciones Empl\u00e9ate","url":"https:\/\/www.emplea-te.com\/noticias-oposiciones\/","logo":{"@type":"ImageObject","inLanguage":"es","@id":"https:\/\/www.emplea-te.com\/noticias-oposiciones\/#\/schema\/logo\/image\/","url":"https:\/\/www.emplea-te.com\/noticias-oposiciones\/wp-content\/uploads\/2019\/04\/empleate.jpg","contentUrl":"https:\/\/www.emplea-te.com\/noticias-oposiciones\/wp-content\/uploads\/2019\/04\/empleate.jpg","width":250,"height":150,"caption":"Academia de oposiciones Empl\u00e9ate"},"image":{"@id":"https:\/\/www.emplea-te.com\/noticias-oposiciones\/#\/schema\/logo\/image\/"},"sameAs":["https:\/\/www.facebook.com\/AcademiaEmpleate\/","https:\/\/x.com\/Emplea_Te","https:\/\/www.instagram.com\/academia_empleate\/"]},{"@type":"Person","@id":"https:\/\/www.emplea-te.com\/noticias-oposiciones\/#\/schema\/person\/d1bc587e1af2b95e9c32aba1795509a6","name":"Empleate"}]}},"_links":{"self":[{"href":"https:\/\/www.emplea-te.com\/noticias-oposiciones\/wp-json\/wp\/v2\/posts\/5583","targetHints":{"allow":["GET"]}}],"collection":[{"href":"https:\/\/www.emplea-te.com\/noticias-oposiciones\/wp-json\/wp\/v2\/posts"}],"about":[{"href":"https:\/\/www.emplea-te.com\/noticias-oposiciones\/wp-json\/wp\/v2\/types\/post"}],"author":[{"embeddable":true,"href":"https:\/\/www.emplea-te.com\/noticias-oposiciones\/wp-json\/wp\/v2\/users\/1"}],"replies":[{"embeddable":true,"href":"https:\/\/www.emplea-te.com\/noticias-oposiciones\/wp-json\/wp\/v2\/comments?post=5583"}],"version-history":[{"count":1,"href":"https:\/\/www.emplea-te.com\/noticias-oposiciones\/wp-json\/wp\/v2\/posts\/5583\/revisions"}],"predecessor-version":[{"id":5584,"href":"https:\/\/www.emplea-te.com\/noticias-oposiciones\/wp-json\/wp\/v2\/posts\/5583\/revisions\/5584"}],"wp:attachment":[{"href":"https:\/\/www.emplea-te.com\/noticias-oposiciones\/wp-json\/wp\/v2\/media?parent=5583"}],"wp:term":[{"taxonomy":"category","embeddable":true,"href":"https:\/\/www.emplea-te.com\/noticias-oposiciones\/wp-json\/wp\/v2\/categories?post=5583"},{"taxonomy":"post_tag","embeddable":true,"href":"https:\/\/www.emplea-te.com\/noticias-oposiciones\/wp-json\/wp\/v2\/tags?post=5583"}],"curies":[{"name":"wp","href":"https:\/\/api.w.org\/{rel}","templated":true}]}}