{"id":5585,"date":"2021-11-17T10:30:25","date_gmt":"2021-11-17T09:30:25","guid":{"rendered":"https:\/\/www.emplea-te.com\/noticias-oposiciones\/?p=5585"},"modified":"2021-11-17T10:30:25","modified_gmt":"2021-11-17T09:30:25","slug":"ayuntamiento-de-bergondo-publicadas-las-bases-especificas-de-la-convocatoria-para-cubrir-1-plaza-de-administrativo-c1-por-oposicion","status":"publish","type":"post","link":"https:\/\/www.emplea-te.com\/noticias-oposiciones\/ayuntamiento-de-bergondo-publicadas-las-bases-especificas-de-la-convocatoria-para-cubrir-1-plaza-de-administrativo-c1-por-oposicion\/","title":{"rendered":"Ayuntamiento de Bergondo. Publicadas las bases espec\u00edficas de la convocatoria para cubrir 1 plaza de Administrativo C1 por oposici\u00f3n."},"content":{"rendered":"<p>Se publican en el BOP de la Provincia de A Coru\u00f1a de hoy, d\u00eda 17 de noviembre de 2021,\u00a0 las Bases espec\u00edficas y convocatoria de vacante incluidas en la oferta de empleo p\u00fablico del a\u00f1o 2021 para cubrir una plaza de Administrativo C1 perteneciente a la OEP 2021 por el sistema de oposici\u00f3n .<\/p>\n<p><a href=\"https:\/\/bop.dicoruna.es\/bopportal\/publicado\/2021\/11\/17\/2021_0000008025.html\" target=\"_blank\" rel=\"noopener\">Desde este enlace puedes acceder a las bases que regir\u00e1n este proceso selectivo.<\/a><\/p>\n<p><strong>Fases de la Oposici\u00f3n:\u00a0<\/strong><\/p>\n<p>&nbsp;<\/p>\n<p><strong>La oposici\u00f3n constar\u00e1 de cinco ejercicios,<\/strong> cada uno de los cuales ser\u00e1 obligatorio y eliminatorio, por lo que los candidatos que no hayan alcanzado la calificaci\u00f3n m\u00ednima establecida para cada uno de ellos no podr\u00e1n pasar al siguiente ejercicio.<\/p>\n<p><strong>Primer ejercicio:<\/strong><\/p>\n<p>Consistir\u00e1 en contestar, por escrito, un cuestionario tipo test de 50 preguntas, con cuatro alternativas de respuesta de las cuales solo una ser\u00e1 correcta, sobre el contenido de la parte general del programa que figura en el Anexo II de estas bases. El tiempo m\u00e1ximo para realizar este ejercicio ser\u00e1 de 60 minutos. Cada respuesta correcta agregar\u00e1 0.2 puntos. Cada respuesta incorrecta restar\u00e1 0.05 puntos.<\/p>\n<p>El ejercicio se calificar\u00e1 de 0 a 10 puntos, y se requerir\u00e1 un m\u00ednimo de 5 puntos para aprobarlo. El postulante que no alcance los 5 puntos ser\u00e1 eliminado del proceso de selecci\u00f3n.<\/p>\n<p><strong>Segundo ejercicio:<\/strong><\/p>\n<p>Consistir\u00e1 en la presentaci\u00f3n, por escrito, de dos temas, elegidos por los candidatos de un m\u00ednimo de tres tomados aleatoriamente por la Corte, antes del ejercicio del ejercicio, de los cuales conforman la parte espec\u00edfica del programa adjunto a estos. Normas. El tiempo m\u00e1ximo para este ejercicio ser\u00e1 de dos horas.<\/p>\n<p>En este ejercicio se valorar\u00e1 la formaci\u00f3n general, la claridad y orden de las ideas, la facilidad de exposici\u00f3n escrita y la capacidad de s\u00edntesis. Una vez finalizado el tiempo de presentaci\u00f3n por escrito, el tribunal puede determinar la lectura individualizada del ejercicio y puede requerir que el solicitante proporcione aclaraciones explicativas con respecto a la presentaci\u00f3n por escrito.<\/p>\n<p>El ejercicio se calificar\u00e1 de 0 a 10 puntos, y se requerir\u00e1 un m\u00ednimo de 5 puntos para aprobarlo. El postulante que no alcance los 5 puntos ser\u00e1 eliminado del proceso de selecci\u00f3n.<\/p>\n<p>Corresponder\u00e1 al tribunal determinar el nivel de conocimiento requerido para lograr la puntuaci\u00f3n m\u00ednima.<\/p>\n<p><strong>Tercer ejercicio:<\/strong><\/p>\n<p>De car\u00e1cter pr\u00e1ctico. Consistir\u00e1 en demostrar el conocimiento del r\u00e9gimen jur\u00eddico de las administraciones p\u00fablicas y en concreto del r\u00e9gimen local, as\u00ed como el resto de materias del Anexo II a trav\u00e9s de uno o m\u00e1s ejercicios pr\u00e1cticos propuestos por el tribunal a desarrollar en un plazo m\u00e1ximo de dos horas. Los postulantes podr\u00e1n venir con reglamento en formato papel sin comentarios y sin ir acompa\u00f1ados de libros de formularios o manuales. En este ejercicio se valorar\u00e1 el conocimiento de la normativa y la resoluci\u00f3n de los problemas pr\u00e1cticos planteados, as\u00ed como la capacidad de redacci\u00f3n y s\u00edntesis, la claridad, el orden de las ideas y la facilidad de presentaci\u00f3n escrita.<\/p>\n<p>El ejercicio se calificar\u00e1 de 0 a 10 puntos, y se requerir\u00e1 un m\u00ednimo de 5 puntos para aprobarlo. El postulante que no alcance los 5 puntos ser\u00e1 eliminado del proceso de selecci\u00f3n.<\/p>\n<p>Corresponder\u00e1 al tribunal determinar el nivel de conocimiento requerido para lograr la puntuaci\u00f3n m\u00ednima.<\/p>\n<p><strong>Cuarto ejercicio:<\/strong><\/p>\n<p>Conocimiento del gallego. Consistir\u00e1 en la realizaci\u00f3n de una prueba escrita que sirva para acreditar el conocimiento de la lengua gallega, sin perjuicio de que el tribunal pueda formular preguntas para valorar tambi\u00e9n la expresi\u00f3n oral en gallego del solicitante, en un tiempo m\u00e1ximo de 30 minutos.<\/p>\n<p>Ser\u00e1 de car\u00e1cter obligatorio y eliminatorio, salvo aquellos opositores que en la solicitud de admisi\u00f3n en el proceso de selecci\u00f3n declaren estar en posesi\u00f3n del certificado CELGA nivel 4 o haber superado los estudios conducentes a la convalidaci\u00f3n del nivel de competencia en gallego equivalente. a CELGA 4 de acuerdo con la Orden de 16 de julio de 2007 de la Conseller\u00eda de Cultura, Educaci\u00f3n y Ordenaci\u00f3n Universitaria, modificada por la ORDEN de 10 de febrero de 2014, o estar en condiciones de obtenerlos a m\u00e1s tardar en el plazo de presentaci\u00f3n de solicitudes.<\/p>\n<p>El ejercicio se calificar\u00e1 como apto o no apto. Los solicitantes que no est\u00e9n calificados ser\u00e1n eliminados.<\/p>\n<p>Depender\u00e1 de la corte determinar el nivel de conocimiento requerido para lograr la calificaci\u00f3n de ajuste.<\/p>\n<p><strong>Calificaci\u00f3n final<\/strong><\/p>\n<p>La calificaci\u00f3n final de la oposici\u00f3n ser\u00e1 el resultado de la suma de las puntuaciones otorgadas por el tribunal en cada uno de los ejercicios que componen la fase de oposici\u00f3n.<\/p>\n<p>En caso de empate, se dar\u00e1 preferencia al candidato que haya obtenido la puntuaci\u00f3n m\u00e1s alta en el tercer a\u00f1o; en caso de persistir un empate, el que hab\u00eda obtenido la mayor puntuaci\u00f3n en el segundo ejercicio y de persistir, el que obtuvo el mayor n\u00famero de aciertos en el primer ejercicio. Si a pesar de ello persiste el empate, se resolver\u00e1 mediante sorteo p\u00fablico ante al menos dos miembros del Tribunal, uno de los cuales ser\u00e1 necesariamente el Secretario del mismo.<\/p>\n<p><a href=\"https:\/\/bop.dicoruna.es\/bopportal\/publicado\/2021\/11\/17\/2021_0000008025.html\" target=\"_blank\" rel=\"noopener\">El temario para este proceso selectivo puedes consultarlo en este enlace<\/a><\/p>\n<p><a href=\"http:\/\/www.emplea-te.com\" target=\"_blank\" rel=\"noopener\">Inf\u00f3rmate de nuestros grupos Presenciales y On line para preparar estas oposiciones.\u00a0<\/a><\/p>\n","protected":false},"excerpt":{"rendered":"<p>Se publican en el BOP de la Provincia de A Coru\u00f1a de hoy, d\u00eda 17 de noviembre de 2021,\u00a0 las Bases espec\u00edficas y convocatoria de vacante incluidas en la oferta de empleo p\u00fablico del a\u00f1o 2021 para cubrir una plaza de Administrativo C1 perteneciente a la OEP 2021 por el sistema de oposici\u00f3n . Desde &hellip; <a href=\"https:\/\/www.emplea-te.com\/noticias-oposiciones\/ayuntamiento-de-bergondo-publicadas-las-bases-especificas-de-la-convocatoria-para-cubrir-1-plaza-de-administrativo-c1-por-oposicion\/\" class=\"more-link\">Continuar leyendo<span class=\"screen-reader-text\"> \u00abAyuntamiento de Bergondo. Publicadas las bases espec\u00edficas de la convocatoria para cubrir 1 plaza de Administrativo C1 por oposici\u00f3n.\u00bb<\/span><\/a><\/p>\n","protected":false},"author":1,"featured_media":0,"comment_status":"closed","ping_status":"closed","sticky":false,"template":"","format":"standard","meta":{"footnotes":""},"categories":[37,56],"tags":[49],"class_list":["post-5585","post","type-post","status-publish","format-standard","hentry","category-convocatorias-ayuntamientos","category-oposiciones-autonomicas-galicia","tag-convocatorias-de-oposiciones"],"yoast_head":"<!-- This site is optimized with the Yoast SEO plugin v27.5 - https:\/\/yoast.com\/product\/yoast-seo-wordpress\/ -->\n<title>Ayto. de Bergondo. Bases convocatoria plaza de Administrativo C1<\/title>\n<meta name=\"description\" content=\"Ayuntamiento de Bergondo. Publicadas las bases que regir\u00e1n la convocatoria de una plaza de Administrativo C1\" \/>\n<meta name=\"robots\" content=\"index, follow, max-snippet:-1, max-image-preview:large, max-video-preview:-1\" \/>\n<link rel=\"canonical\" href=\"https:\/\/www.emplea-te.com\/noticias-oposiciones\/ayuntamiento-de-bergondo-publicadas-las-bases-especificas-de-la-convocatoria-para-cubrir-1-plaza-de-administrativo-c1-por-oposicion\/\" \/>\n<meta property=\"og:locale\" content=\"es_ES\" \/>\n<meta property=\"og:type\" content=\"article\" \/>\n<meta property=\"og:title\" content=\"Ayto. de Bergondo. Bases convocatoria plaza de Administrativo C1\" \/>\n<meta property=\"og:description\" content=\"Ayuntamiento de Bergondo. Publicadas las bases que regir\u00e1n la convocatoria de una plaza de Administrativo C1\" \/>\n<meta property=\"og:url\" content=\"https:\/\/www.emplea-te.com\/noticias-oposiciones\/ayuntamiento-de-bergondo-publicadas-las-bases-especificas-de-la-convocatoria-para-cubrir-1-plaza-de-administrativo-c1-por-oposicion\/\" \/>\n<meta property=\"og:site_name\" content=\"Noticas de oposiciones por Academia Emplea-te\" \/>\n<meta property=\"article:publisher\" content=\"https:\/\/www.facebook.com\/AcademiaEmpleate\/\" \/>\n<meta property=\"article:published_time\" content=\"2021-11-17T09:30:25+00:00\" \/>\n<meta name=\"author\" content=\"Empleate\" \/>\n<meta name=\"twitter:card\" content=\"summary_large_image\" \/>\n<meta name=\"twitter:creator\" content=\"@Emplea_Te\" \/>\n<meta name=\"twitter:site\" content=\"@Emplea_Te\" \/>\n<meta name=\"twitter:label1\" content=\"Escrito por\" \/>\n\t<meta name=\"twitter:data1\" content=\"Empleate\" \/>\n\t<meta name=\"twitter:label2\" content=\"Tiempo de lectura\" \/>\n\t<meta name=\"twitter:data2\" content=\"4 minutos\" \/>\n<script type=\"application\/ld+json\" class=\"yoast-schema-graph\">{\"@context\":\"https:\\\/\\\/schema.org\",\"@graph\":[{\"@type\":\"Article\",\"@id\":\"https:\\\/\\\/www.emplea-te.com\\\/noticias-oposiciones\\\/ayuntamiento-de-bergondo-publicadas-las-bases-especificas-de-la-convocatoria-para-cubrir-1-plaza-de-administrativo-c1-por-oposicion\\\/#article\",\"isPartOf\":{\"@id\":\"https:\\\/\\\/www.emplea-te.com\\\/noticias-oposiciones\\\/ayuntamiento-de-bergondo-publicadas-las-bases-especificas-de-la-convocatoria-para-cubrir-1-plaza-de-administrativo-c1-por-oposicion\\\/\"},\"author\":{\"name\":\"Empleate\",\"@id\":\"https:\\\/\\\/www.emplea-te.com\\\/noticias-oposiciones\\\/#\\\/schema\\\/person\\\/d1bc587e1af2b95e9c32aba1795509a6\"},\"headline\":\"Ayuntamiento de Bergondo. Publicadas las bases espec\u00edficas de la convocatoria para cubrir 1 plaza de Administrativo C1 por oposici\u00f3n.\",\"datePublished\":\"2021-11-17T09:30:25+00:00\",\"mainEntityOfPage\":{\"@id\":\"https:\\\/\\\/www.emplea-te.com\\\/noticias-oposiciones\\\/ayuntamiento-de-bergondo-publicadas-las-bases-especificas-de-la-convocatoria-para-cubrir-1-plaza-de-administrativo-c1-por-oposicion\\\/\"},\"wordCount\":914,\"publisher\":{\"@id\":\"https:\\\/\\\/www.emplea-te.com\\\/noticias-oposiciones\\\/#organization\"},\"keywords\":[\"Convocatoria\"],\"articleSection\":[\"Convocatorias Ayuntamientos\",\"Oposiciones Auton\u00f3micas Galicia\"],\"inLanguage\":\"es\"},{\"@type\":\"WebPage\",\"@id\":\"https:\\\/\\\/www.emplea-te.com\\\/noticias-oposiciones\\\/ayuntamiento-de-bergondo-publicadas-las-bases-especificas-de-la-convocatoria-para-cubrir-1-plaza-de-administrativo-c1-por-oposicion\\\/\",\"url\":\"https:\\\/\\\/www.emplea-te.com\\\/noticias-oposiciones\\\/ayuntamiento-de-bergondo-publicadas-las-bases-especificas-de-la-convocatoria-para-cubrir-1-plaza-de-administrativo-c1-por-oposicion\\\/\",\"name\":\"Ayto. de Bergondo. Bases convocatoria plaza de Administrativo C1\",\"isPartOf\":{\"@id\":\"https:\\\/\\\/www.emplea-te.com\\\/noticias-oposiciones\\\/#website\"},\"datePublished\":\"2021-11-17T09:30:25+00:00\",\"description\":\"Ayuntamiento de Bergondo. Publicadas las bases que regir\u00e1n la convocatoria de una plaza de Administrativo C1\",\"breadcrumb\":{\"@id\":\"https:\\\/\\\/www.emplea-te.com\\\/noticias-oposiciones\\\/ayuntamiento-de-bergondo-publicadas-las-bases-especificas-de-la-convocatoria-para-cubrir-1-plaza-de-administrativo-c1-por-oposicion\\\/#breadcrumb\"},\"inLanguage\":\"es\",\"potentialAction\":[{\"@type\":\"ReadAction\",\"target\":[\"https:\\\/\\\/www.emplea-te.com\\\/noticias-oposiciones\\\/ayuntamiento-de-bergondo-publicadas-las-bases-especificas-de-la-convocatoria-para-cubrir-1-plaza-de-administrativo-c1-por-oposicion\\\/\"]}]},{\"@type\":\"BreadcrumbList\",\"@id\":\"https:\\\/\\\/www.emplea-te.com\\\/noticias-oposiciones\\\/ayuntamiento-de-bergondo-publicadas-las-bases-especificas-de-la-convocatoria-para-cubrir-1-plaza-de-administrativo-c1-por-oposicion\\\/#breadcrumb\",\"itemListElement\":[{\"@type\":\"ListItem\",\"position\":1,\"name\":\"Noticias Oposiciones\",\"item\":\"https:\\\/\\\/www.emplea-te.com\\\/noticias-oposiciones\\\/\"},{\"@type\":\"ListItem\",\"position\":2,\"name\":\"Oposiciones Auton\u00f3micas Galicia\",\"item\":\"https:\\\/\\\/www.emplea-te.com\\\/noticias-oposiciones\\\/categoria\\\/oposiciones-autonomicas-galicia\\\/\"},{\"@type\":\"ListItem\",\"position\":3,\"name\":\"Ayuntamiento de Bergondo. Publicadas las bases espec\u00edficas de la convocatoria para cubrir 1 plaza de Administrativo C1 por oposici\u00f3n.\"}]},{\"@type\":\"WebSite\",\"@id\":\"https:\\\/\\\/www.emplea-te.com\\\/noticias-oposiciones\\\/#website\",\"url\":\"https:\\\/\\\/www.emplea-te.com\\\/noticias-oposiciones\\\/\",\"name\":\"Noticas de oposiciones por Academia Emplea-te\",\"description\":\"Toda la actualidad de las ofertas y convocatorias.\",\"publisher\":{\"@id\":\"https:\\\/\\\/www.emplea-te.com\\\/noticias-oposiciones\\\/#organization\"},\"potentialAction\":[{\"@type\":\"SearchAction\",\"target\":{\"@type\":\"EntryPoint\",\"urlTemplate\":\"https:\\\/\\\/www.emplea-te.com\\\/noticias-oposiciones\\\/?s={search_term_string}\"},\"query-input\":{\"@type\":\"PropertyValueSpecification\",\"valueRequired\":true,\"valueName\":\"search_term_string\"}}],\"inLanguage\":\"es\"},{\"@type\":\"Organization\",\"@id\":\"https:\\\/\\\/www.emplea-te.com\\\/noticias-oposiciones\\\/#organization\",\"name\":\"Academia de oposiciones Empl\u00e9ate\",\"url\":\"https:\\\/\\\/www.emplea-te.com\\\/noticias-oposiciones\\\/\",\"logo\":{\"@type\":\"ImageObject\",\"inLanguage\":\"es\",\"@id\":\"https:\\\/\\\/www.emplea-te.com\\\/noticias-oposiciones\\\/#\\\/schema\\\/logo\\\/image\\\/\",\"url\":\"https:\\\/\\\/www.emplea-te.com\\\/noticias-oposiciones\\\/wp-content\\\/uploads\\\/2019\\\/04\\\/empleate.jpg\",\"contentUrl\":\"https:\\\/\\\/www.emplea-te.com\\\/noticias-oposiciones\\\/wp-content\\\/uploads\\\/2019\\\/04\\\/empleate.jpg\",\"width\":250,\"height\":150,\"caption\":\"Academia de oposiciones Empl\u00e9ate\"},\"image\":{\"@id\":\"https:\\\/\\\/www.emplea-te.com\\\/noticias-oposiciones\\\/#\\\/schema\\\/logo\\\/image\\\/\"},\"sameAs\":[\"https:\\\/\\\/www.facebook.com\\\/AcademiaEmpleate\\\/\",\"https:\\\/\\\/x.com\\\/Emplea_Te\",\"https:\\\/\\\/www.instagram.com\\\/academia_empleate\\\/\"]},{\"@type\":\"Person\",\"@id\":\"https:\\\/\\\/www.emplea-te.com\\\/noticias-oposiciones\\\/#\\\/schema\\\/person\\\/d1bc587e1af2b95e9c32aba1795509a6\",\"name\":\"Empleate\"}]}<\/script>\n<!-- \/ Yoast SEO plugin. -->","yoast_head_json":{"title":"Ayto. de Bergondo. Bases convocatoria plaza de Administrativo C1","description":"Ayuntamiento de Bergondo. Publicadas las bases que regir\u00e1n la convocatoria de una plaza de Administrativo C1","robots":{"index":"index","follow":"follow","max-snippet":"max-snippet:-1","max-image-preview":"max-image-preview:large","max-video-preview":"max-video-preview:-1"},"canonical":"https:\/\/www.emplea-te.com\/noticias-oposiciones\/ayuntamiento-de-bergondo-publicadas-las-bases-especificas-de-la-convocatoria-para-cubrir-1-plaza-de-administrativo-c1-por-oposicion\/","og_locale":"es_ES","og_type":"article","og_title":"Ayto. de Bergondo. Bases convocatoria plaza de Administrativo C1","og_description":"Ayuntamiento de Bergondo. Publicadas las bases que regir\u00e1n la convocatoria de una plaza de Administrativo C1","og_url":"https:\/\/www.emplea-te.com\/noticias-oposiciones\/ayuntamiento-de-bergondo-publicadas-las-bases-especificas-de-la-convocatoria-para-cubrir-1-plaza-de-administrativo-c1-por-oposicion\/","og_site_name":"Noticas de oposiciones por Academia Emplea-te","article_publisher":"https:\/\/www.facebook.com\/AcademiaEmpleate\/","article_published_time":"2021-11-17T09:30:25+00:00","author":"Empleate","twitter_card":"summary_large_image","twitter_creator":"@Emplea_Te","twitter_site":"@Emplea_Te","twitter_misc":{"Escrito por":"Empleate","Tiempo de lectura":"4 minutos"},"schema":{"@context":"https:\/\/schema.org","@graph":[{"@type":"Article","@id":"https:\/\/www.emplea-te.com\/noticias-oposiciones\/ayuntamiento-de-bergondo-publicadas-las-bases-especificas-de-la-convocatoria-para-cubrir-1-plaza-de-administrativo-c1-por-oposicion\/#article","isPartOf":{"@id":"https:\/\/www.emplea-te.com\/noticias-oposiciones\/ayuntamiento-de-bergondo-publicadas-las-bases-especificas-de-la-convocatoria-para-cubrir-1-plaza-de-administrativo-c1-por-oposicion\/"},"author":{"name":"Empleate","@id":"https:\/\/www.emplea-te.com\/noticias-oposiciones\/#\/schema\/person\/d1bc587e1af2b95e9c32aba1795509a6"},"headline":"Ayuntamiento de Bergondo. Publicadas las bases espec\u00edficas de la convocatoria para cubrir 1 plaza de Administrativo C1 por oposici\u00f3n.","datePublished":"2021-11-17T09:30:25+00:00","mainEntityOfPage":{"@id":"https:\/\/www.emplea-te.com\/noticias-oposiciones\/ayuntamiento-de-bergondo-publicadas-las-bases-especificas-de-la-convocatoria-para-cubrir-1-plaza-de-administrativo-c1-por-oposicion\/"},"wordCount":914,"publisher":{"@id":"https:\/\/www.emplea-te.com\/noticias-oposiciones\/#organization"},"keywords":["Convocatoria"],"articleSection":["Convocatorias Ayuntamientos","Oposiciones Auton\u00f3micas Galicia"],"inLanguage":"es"},{"@type":"WebPage","@id":"https:\/\/www.emplea-te.com\/noticias-oposiciones\/ayuntamiento-de-bergondo-publicadas-las-bases-especificas-de-la-convocatoria-para-cubrir-1-plaza-de-administrativo-c1-por-oposicion\/","url":"https:\/\/www.emplea-te.com\/noticias-oposiciones\/ayuntamiento-de-bergondo-publicadas-las-bases-especificas-de-la-convocatoria-para-cubrir-1-plaza-de-administrativo-c1-por-oposicion\/","name":"Ayto. de Bergondo. Bases convocatoria plaza de Administrativo C1","isPartOf":{"@id":"https:\/\/www.emplea-te.com\/noticias-oposiciones\/#website"},"datePublished":"2021-11-17T09:30:25+00:00","description":"Ayuntamiento de Bergondo. Publicadas las bases que regir\u00e1n la convocatoria de una plaza de Administrativo C1","breadcrumb":{"@id":"https:\/\/www.emplea-te.com\/noticias-oposiciones\/ayuntamiento-de-bergondo-publicadas-las-bases-especificas-de-la-convocatoria-para-cubrir-1-plaza-de-administrativo-c1-por-oposicion\/#breadcrumb"},"inLanguage":"es","potentialAction":[{"@type":"ReadAction","target":["https:\/\/www.emplea-te.com\/noticias-oposiciones\/ayuntamiento-de-bergondo-publicadas-las-bases-especificas-de-la-convocatoria-para-cubrir-1-plaza-de-administrativo-c1-por-oposicion\/"]}]},{"@type":"BreadcrumbList","@id":"https:\/\/www.emplea-te.com\/noticias-oposiciones\/ayuntamiento-de-bergondo-publicadas-las-bases-especificas-de-la-convocatoria-para-cubrir-1-plaza-de-administrativo-c1-por-oposicion\/#breadcrumb","itemListElement":[{"@type":"ListItem","position":1,"name":"Noticias Oposiciones","item":"https:\/\/www.emplea-te.com\/noticias-oposiciones\/"},{"@type":"ListItem","position":2,"name":"Oposiciones Auton\u00f3micas Galicia","item":"https:\/\/www.emplea-te.com\/noticias-oposiciones\/categoria\/oposiciones-autonomicas-galicia\/"},{"@type":"ListItem","position":3,"name":"Ayuntamiento de Bergondo. Publicadas las bases espec\u00edficas de la convocatoria para cubrir 1 plaza de Administrativo C1 por oposici\u00f3n."}]},{"@type":"WebSite","@id":"https:\/\/www.emplea-te.com\/noticias-oposiciones\/#website","url":"https:\/\/www.emplea-te.com\/noticias-oposiciones\/","name":"Noticas de oposiciones por Academia Emplea-te","description":"Toda la actualidad de las ofertas y convocatorias.","publisher":{"@id":"https:\/\/www.emplea-te.com\/noticias-oposiciones\/#organization"},"potentialAction":[{"@type":"SearchAction","target":{"@type":"EntryPoint","urlTemplate":"https:\/\/www.emplea-te.com\/noticias-oposiciones\/?s={search_term_string}"},"query-input":{"@type":"PropertyValueSpecification","valueRequired":true,"valueName":"search_term_string"}}],"inLanguage":"es"},{"@type":"Organization","@id":"https:\/\/www.emplea-te.com\/noticias-oposiciones\/#organization","name":"Academia de oposiciones Empl\u00e9ate","url":"https:\/\/www.emplea-te.com\/noticias-oposiciones\/","logo":{"@type":"ImageObject","inLanguage":"es","@id":"https:\/\/www.emplea-te.com\/noticias-oposiciones\/#\/schema\/logo\/image\/","url":"https:\/\/www.emplea-te.com\/noticias-oposiciones\/wp-content\/uploads\/2019\/04\/empleate.jpg","contentUrl":"https:\/\/www.emplea-te.com\/noticias-oposiciones\/wp-content\/uploads\/2019\/04\/empleate.jpg","width":250,"height":150,"caption":"Academia de oposiciones Empl\u00e9ate"},"image":{"@id":"https:\/\/www.emplea-te.com\/noticias-oposiciones\/#\/schema\/logo\/image\/"},"sameAs":["https:\/\/www.facebook.com\/AcademiaEmpleate\/","https:\/\/x.com\/Emplea_Te","https:\/\/www.instagram.com\/academia_empleate\/"]},{"@type":"Person","@id":"https:\/\/www.emplea-te.com\/noticias-oposiciones\/#\/schema\/person\/d1bc587e1af2b95e9c32aba1795509a6","name":"Empleate"}]}},"_links":{"self":[{"href":"https:\/\/www.emplea-te.com\/noticias-oposiciones\/wp-json\/wp\/v2\/posts\/5585","targetHints":{"allow":["GET"]}}],"collection":[{"href":"https:\/\/www.emplea-te.com\/noticias-oposiciones\/wp-json\/wp\/v2\/posts"}],"about":[{"href":"https:\/\/www.emplea-te.com\/noticias-oposiciones\/wp-json\/wp\/v2\/types\/post"}],"author":[{"embeddable":true,"href":"https:\/\/www.emplea-te.com\/noticias-oposiciones\/wp-json\/wp\/v2\/users\/1"}],"replies":[{"embeddable":true,"href":"https:\/\/www.emplea-te.com\/noticias-oposiciones\/wp-json\/wp\/v2\/comments?post=5585"}],"version-history":[{"count":1,"href":"https:\/\/www.emplea-te.com\/noticias-oposiciones\/wp-json\/wp\/v2\/posts\/5585\/revisions"}],"predecessor-version":[{"id":5586,"href":"https:\/\/www.emplea-te.com\/noticias-oposiciones\/wp-json\/wp\/v2\/posts\/5585\/revisions\/5586"}],"wp:attachment":[{"href":"https:\/\/www.emplea-te.com\/noticias-oposiciones\/wp-json\/wp\/v2\/media?parent=5585"}],"wp:term":[{"taxonomy":"category","embeddable":true,"href":"https:\/\/www.emplea-te.com\/noticias-oposiciones\/wp-json\/wp\/v2\/categories?post=5585"},{"taxonomy":"post_tag","embeddable":true,"href":"https:\/\/www.emplea-te.com\/noticias-oposiciones\/wp-json\/wp\/v2\/tags?post=5585"}],"curies":[{"name":"wp","href":"https:\/\/api.w.org\/{rel}","templated":true}]}}