{"id":5652,"date":"2021-11-29T12:02:50","date_gmt":"2021-11-29T11:02:50","guid":{"rendered":"https:\/\/www.emplea-te.com\/noticias-oposiciones\/?p=5652"},"modified":"2021-11-29T12:02:50","modified_gmt":"2021-11-29T11:02:50","slug":"universidad-carlos-iii-de-madrid-publicada-en-el-bocm-la-resolucion-con-la-resena-de-la-convocatoria-para-cubrir-28-plazas-de-auxiliar-administrativo-c2","status":"publish","type":"post","link":"https:\/\/www.emplea-te.com\/noticias-oposiciones\/universidad-carlos-iii-de-madrid-publicada-en-el-bocm-la-resolucion-con-la-resena-de-la-convocatoria-para-cubrir-28-plazas-de-auxiliar-administrativo-c2\/","title":{"rendered":"Universidad Carlos III de Madrid. Publicada en el BOCM la Resoluci\u00f3n con la rese\u00f1a de la convocatoria para cubrir 28 plazas de Auxiliar Administrativo C2."},"content":{"rendered":"<p>RESOLUCI\u00d3N de 26 de noviembre de 2021, de la Universidad Carlos III de<br \/>\nMadrid, por la que se publica rese\u00f1a de la Resoluci\u00f3n de 16 de noviembre de 2021, de convocatoria del proceso selectivo para el ingreso en la Escala de Auxiliar Administrativa de esta Universidad.<\/p>\n<p>El texto \u00edntegro de la Resoluci\u00f3n es objeto de publicaci\u00f3n en el \u201c<a href=\"https:\/\/www.boe.es\/boe\/dias\/2021\/11\/25\/pdfs\/BOE-A-2021-19438.pdf\" target=\"_blank\" rel=\"noopener\">Bolet\u00edn Oficial del Estado\u201d<\/a>, as\u00ed como en la p\u00e1gina web de la Universidad (<a href=\"http:\/\/www.uc3m.es\" target=\"_blank\" rel=\"noopener\">www.uc3m.es<\/a>).<br \/>\nDe conformidad con lo dispuesto en las bases de la convocatoria, el plazo de presentaci\u00f3n de solicitudes se abrir\u00e1 el d\u00eda siguiente a la publicaci\u00f3n del anuncio de la presente convocatoria en el \u201c<a href=\"https:\/\/www.uc3m.es\/ss\/Satellite\/Empleo\/es\/Detalle\/Ficha_C\/1371282175882\/1371272205359\/%23NUEVO%23_Convocatoria_Proceso_Selectivo_de_la_Escala_Auxiliar_de_Administracion__(Subgrupo_C2)\" target=\"_blank\" rel=\"noopener\">Bolet\u00edn Electr\u00f3nico de la Universidad Carlos III de Madrid<\/a>\u201d.<\/p>\n<p><a href=\"https:\/\/academiamadrid.emplea-te.com\/oposicion\/oposicion-auxiliar-administrativo-c2-universidad-carlos-iii\/\" target=\"_blank\" rel=\"noopener\">Prep\u00e1rate en nuestros grupos Presenciales y On line.\u00a0<\/a><\/p>\n<p>&nbsp;<\/p>\n<p>&nbsp;<\/p>\n","protected":false},"excerpt":{"rendered":"<p>RESOLUCI\u00d3N de 26 de noviembre de 2021, de la Universidad Carlos III de Madrid, por la que se publica rese\u00f1a de la Resoluci\u00f3n de 16 de noviembre de 2021, de convocatoria del proceso selectivo para el ingreso en la Escala de Auxiliar Administrativa de esta Universidad. El texto \u00edntegro de la Resoluci\u00f3n es objeto de &hellip; <a href=\"https:\/\/www.emplea-te.com\/noticias-oposiciones\/universidad-carlos-iii-de-madrid-publicada-en-el-bocm-la-resolucion-con-la-resena-de-la-convocatoria-para-cubrir-28-plazas-de-auxiliar-administrativo-c2\/\" class=\"more-link\">Continuar leyendo<span class=\"screen-reader-text\"> \u00abUniversidad Carlos III de Madrid. Publicada en el BOCM la Resoluci\u00f3n con la rese\u00f1a de la convocatoria para cubrir 28 plazas de Auxiliar Administrativo C2.\u00bb<\/span><\/a><\/p>\n","protected":false},"author":1,"featured_media":0,"comment_status":"closed","ping_status":"closed","sticky":false,"template":"","format":"standard","meta":{"footnotes":""},"categories":[109,110],"tags":[82,49],"class_list":["post-5652","post","type-post","status-publish","format-standard","hentry","category-oposiciones-madrid","category-p-a-s-universidades-madrid","tag-acceso-libre","tag-convocatorias-de-oposiciones"],"yoast_head":"<!-- This site is optimized with the Yoast SEO plugin v27.5 - https:\/\/yoast.com\/product\/yoast-seo-wordpress\/ -->\n<title>Universidad Carlos III de Madrid. Convocadas plazas Aux. Administrativo.<\/title>\n<meta name=\"description\" content=\"Universidad Carlos III de Madrid. Publicada convocatoria para cubrir 28 plazas de Auxiliar Administrativo C2\" \/>\n<meta name=\"robots\" content=\"index, follow, max-snippet:-1, max-image-preview:large, max-video-preview:-1\" \/>\n<link rel=\"canonical\" href=\"https:\/\/www.emplea-te.com\/noticias-oposiciones\/universidad-carlos-iii-de-madrid-publicada-en-el-bocm-la-resolucion-con-la-resena-de-la-convocatoria-para-cubrir-28-plazas-de-auxiliar-administrativo-c2\/\" \/>\n<meta property=\"og:locale\" content=\"es_ES\" \/>\n<meta property=\"og:type\" content=\"article\" \/>\n<meta property=\"og:title\" content=\"Universidad Carlos III de Madrid. Convocadas plazas Aux. Administrativo.\" \/>\n<meta property=\"og:description\" content=\"Universidad Carlos III de Madrid. Publicada convocatoria para cubrir 28 plazas de Auxiliar Administrativo C2\" \/>\n<meta property=\"og:url\" content=\"https:\/\/www.emplea-te.com\/noticias-oposiciones\/universidad-carlos-iii-de-madrid-publicada-en-el-bocm-la-resolucion-con-la-resena-de-la-convocatoria-para-cubrir-28-plazas-de-auxiliar-administrativo-c2\/\" \/>\n<meta property=\"og:site_name\" content=\"Noticas de oposiciones por Academia Emplea-te\" \/>\n<meta property=\"article:publisher\" content=\"https:\/\/www.facebook.com\/AcademiaEmpleate\/\" \/>\n<meta property=\"article:published_time\" content=\"2021-11-29T11:02:50+00:00\" \/>\n<meta name=\"author\" content=\"Empleate\" \/>\n<meta name=\"twitter:card\" content=\"summary_large_image\" \/>\n<meta name=\"twitter:creator\" content=\"@Emplea_Te\" \/>\n<meta name=\"twitter:site\" content=\"@Emplea_Te\" \/>\n<meta name=\"twitter:label1\" content=\"Escrito por\" \/>\n\t<meta name=\"twitter:data1\" content=\"Empleate\" \/>\n\t<meta name=\"twitter:label2\" content=\"Tiempo de lectura\" \/>\n\t<meta name=\"twitter:data2\" content=\"1 minuto\" \/>\n<script type=\"application\/ld+json\" class=\"yoast-schema-graph\">{\"@context\":\"https:\\\/\\\/schema.org\",\"@graph\":[{\"@type\":\"Article\",\"@id\":\"https:\\\/\\\/www.emplea-te.com\\\/noticias-oposiciones\\\/universidad-carlos-iii-de-madrid-publicada-en-el-bocm-la-resolucion-con-la-resena-de-la-convocatoria-para-cubrir-28-plazas-de-auxiliar-administrativo-c2\\\/#article\",\"isPartOf\":{\"@id\":\"https:\\\/\\\/www.emplea-te.com\\\/noticias-oposiciones\\\/universidad-carlos-iii-de-madrid-publicada-en-el-bocm-la-resolucion-con-la-resena-de-la-convocatoria-para-cubrir-28-plazas-de-auxiliar-administrativo-c2\\\/\"},\"author\":{\"name\":\"Empleate\",\"@id\":\"https:\\\/\\\/www.emplea-te.com\\\/noticias-oposiciones\\\/#\\\/schema\\\/person\\\/d1bc587e1af2b95e9c32aba1795509a6\"},\"headline\":\"Universidad Carlos III de Madrid. Publicada en el BOCM la Resoluci\u00f3n con la rese\u00f1a de la convocatoria para cubrir 28 plazas de Auxiliar Administrativo C2.\",\"datePublished\":\"2021-11-29T11:02:50+00:00\",\"mainEntityOfPage\":{\"@id\":\"https:\\\/\\\/www.emplea-te.com\\\/noticias-oposiciones\\\/universidad-carlos-iii-de-madrid-publicada-en-el-bocm-la-resolucion-con-la-resena-de-la-convocatoria-para-cubrir-28-plazas-de-auxiliar-administrativo-c2\\\/\"},\"wordCount\":162,\"publisher\":{\"@id\":\"https:\\\/\\\/www.emplea-te.com\\\/noticias-oposiciones\\\/#organization\"},\"keywords\":[\"Acceso libre\",\"Convocatoria\"],\"articleSection\":[\"Oposiciones Madrid.\",\"P.A.S Universidades Madrid\"],\"inLanguage\":\"es\"},{\"@type\":\"WebPage\",\"@id\":\"https:\\\/\\\/www.emplea-te.com\\\/noticias-oposiciones\\\/universidad-carlos-iii-de-madrid-publicada-en-el-bocm-la-resolucion-con-la-resena-de-la-convocatoria-para-cubrir-28-plazas-de-auxiliar-administrativo-c2\\\/\",\"url\":\"https:\\\/\\\/www.emplea-te.com\\\/noticias-oposiciones\\\/universidad-carlos-iii-de-madrid-publicada-en-el-bocm-la-resolucion-con-la-resena-de-la-convocatoria-para-cubrir-28-plazas-de-auxiliar-administrativo-c2\\\/\",\"name\":\"Universidad Carlos III de Madrid. Convocadas plazas Aux. Administrativo.\",\"isPartOf\":{\"@id\":\"https:\\\/\\\/www.emplea-te.com\\\/noticias-oposiciones\\\/#website\"},\"datePublished\":\"2021-11-29T11:02:50+00:00\",\"description\":\"Universidad Carlos III de Madrid. Publicada convocatoria para cubrir 28 plazas de Auxiliar Administrativo C2\",\"breadcrumb\":{\"@id\":\"https:\\\/\\\/www.emplea-te.com\\\/noticias-oposiciones\\\/universidad-carlos-iii-de-madrid-publicada-en-el-bocm-la-resolucion-con-la-resena-de-la-convocatoria-para-cubrir-28-plazas-de-auxiliar-administrativo-c2\\\/#breadcrumb\"},\"inLanguage\":\"es\",\"potentialAction\":[{\"@type\":\"ReadAction\",\"target\":[\"https:\\\/\\\/www.emplea-te.com\\\/noticias-oposiciones\\\/universidad-carlos-iii-de-madrid-publicada-en-el-bocm-la-resolucion-con-la-resena-de-la-convocatoria-para-cubrir-28-plazas-de-auxiliar-administrativo-c2\\\/\"]}]},{\"@type\":\"BreadcrumbList\",\"@id\":\"https:\\\/\\\/www.emplea-te.com\\\/noticias-oposiciones\\\/universidad-carlos-iii-de-madrid-publicada-en-el-bocm-la-resolucion-con-la-resena-de-la-convocatoria-para-cubrir-28-plazas-de-auxiliar-administrativo-c2\\\/#breadcrumb\",\"itemListElement\":[{\"@type\":\"ListItem\",\"position\":1,\"name\":\"Noticias Oposiciones\",\"item\":\"https:\\\/\\\/www.emplea-te.com\\\/noticias-oposiciones\\\/\"},{\"@type\":\"ListItem\",\"position\":2,\"name\":\"Oposiciones Madrid.\",\"item\":\"https:\\\/\\\/www.emplea-te.com\\\/noticias-oposiciones\\\/categoria\\\/oposiciones-madrid\\\/\"},{\"@type\":\"ListItem\",\"position\":3,\"name\":\"Universidad Carlos III de Madrid. Publicada en el BOCM la Resoluci\u00f3n con la rese\u00f1a de la convocatoria para cubrir 28 plazas de Auxiliar Administrativo C2.\"}]},{\"@type\":\"WebSite\",\"@id\":\"https:\\\/\\\/www.emplea-te.com\\\/noticias-oposiciones\\\/#website\",\"url\":\"https:\\\/\\\/www.emplea-te.com\\\/noticias-oposiciones\\\/\",\"name\":\"Noticas de oposiciones por Academia Emplea-te\",\"description\":\"Toda la actualidad de las ofertas y convocatorias.\",\"publisher\":{\"@id\":\"https:\\\/\\\/www.emplea-te.com\\\/noticias-oposiciones\\\/#organization\"},\"potentialAction\":[{\"@type\":\"SearchAction\",\"target\":{\"@type\":\"EntryPoint\",\"urlTemplate\":\"https:\\\/\\\/www.emplea-te.com\\\/noticias-oposiciones\\\/?s={search_term_string}\"},\"query-input\":{\"@type\":\"PropertyValueSpecification\",\"valueRequired\":true,\"valueName\":\"search_term_string\"}}],\"inLanguage\":\"es\"},{\"@type\":\"Organization\",\"@id\":\"https:\\\/\\\/www.emplea-te.com\\\/noticias-oposiciones\\\/#organization\",\"name\":\"Academia de oposiciones Empl\u00e9ate\",\"url\":\"https:\\\/\\\/www.emplea-te.com\\\/noticias-oposiciones\\\/\",\"logo\":{\"@type\":\"ImageObject\",\"inLanguage\":\"es\",\"@id\":\"https:\\\/\\\/www.emplea-te.com\\\/noticias-oposiciones\\\/#\\\/schema\\\/logo\\\/image\\\/\",\"url\":\"https:\\\/\\\/www.emplea-te.com\\\/noticias-oposiciones\\\/wp-content\\\/uploads\\\/2019\\\/04\\\/empleate.jpg\",\"contentUrl\":\"https:\\\/\\\/www.emplea-te.com\\\/noticias-oposiciones\\\/wp-content\\\/uploads\\\/2019\\\/04\\\/empleate.jpg\",\"width\":250,\"height\":150,\"caption\":\"Academia de oposiciones Empl\u00e9ate\"},\"image\":{\"@id\":\"https:\\\/\\\/www.emplea-te.com\\\/noticias-oposiciones\\\/#\\\/schema\\\/logo\\\/image\\\/\"},\"sameAs\":[\"https:\\\/\\\/www.facebook.com\\\/AcademiaEmpleate\\\/\",\"https:\\\/\\\/x.com\\\/Emplea_Te\",\"https:\\\/\\\/www.instagram.com\\\/academia_empleate\\\/\"]},{\"@type\":\"Person\",\"@id\":\"https:\\\/\\\/www.emplea-te.com\\\/noticias-oposiciones\\\/#\\\/schema\\\/person\\\/d1bc587e1af2b95e9c32aba1795509a6\",\"name\":\"Empleate\"}]}<\/script>\n<!-- \/ Yoast SEO plugin. -->","yoast_head_json":{"title":"Universidad Carlos III de Madrid. Convocadas plazas Aux. Administrativo.","description":"Universidad Carlos III de Madrid. Publicada convocatoria para cubrir 28 plazas de Auxiliar Administrativo C2","robots":{"index":"index","follow":"follow","max-snippet":"max-snippet:-1","max-image-preview":"max-image-preview:large","max-video-preview":"max-video-preview:-1"},"canonical":"https:\/\/www.emplea-te.com\/noticias-oposiciones\/universidad-carlos-iii-de-madrid-publicada-en-el-bocm-la-resolucion-con-la-resena-de-la-convocatoria-para-cubrir-28-plazas-de-auxiliar-administrativo-c2\/","og_locale":"es_ES","og_type":"article","og_title":"Universidad Carlos III de Madrid. Convocadas plazas Aux. Administrativo.","og_description":"Universidad Carlos III de Madrid. Publicada convocatoria para cubrir 28 plazas de Auxiliar Administrativo C2","og_url":"https:\/\/www.emplea-te.com\/noticias-oposiciones\/universidad-carlos-iii-de-madrid-publicada-en-el-bocm-la-resolucion-con-la-resena-de-la-convocatoria-para-cubrir-28-plazas-de-auxiliar-administrativo-c2\/","og_site_name":"Noticas de oposiciones por Academia Emplea-te","article_publisher":"https:\/\/www.facebook.com\/AcademiaEmpleate\/","article_published_time":"2021-11-29T11:02:50+00:00","author":"Empleate","twitter_card":"summary_large_image","twitter_creator":"@Emplea_Te","twitter_site":"@Emplea_Te","twitter_misc":{"Escrito por":"Empleate","Tiempo de lectura":"1 minuto"},"schema":{"@context":"https:\/\/schema.org","@graph":[{"@type":"Article","@id":"https:\/\/www.emplea-te.com\/noticias-oposiciones\/universidad-carlos-iii-de-madrid-publicada-en-el-bocm-la-resolucion-con-la-resena-de-la-convocatoria-para-cubrir-28-plazas-de-auxiliar-administrativo-c2\/#article","isPartOf":{"@id":"https:\/\/www.emplea-te.com\/noticias-oposiciones\/universidad-carlos-iii-de-madrid-publicada-en-el-bocm-la-resolucion-con-la-resena-de-la-convocatoria-para-cubrir-28-plazas-de-auxiliar-administrativo-c2\/"},"author":{"name":"Empleate","@id":"https:\/\/www.emplea-te.com\/noticias-oposiciones\/#\/schema\/person\/d1bc587e1af2b95e9c32aba1795509a6"},"headline":"Universidad Carlos III de Madrid. Publicada en el BOCM la Resoluci\u00f3n con la rese\u00f1a de la convocatoria para cubrir 28 plazas de Auxiliar Administrativo C2.","datePublished":"2021-11-29T11:02:50+00:00","mainEntityOfPage":{"@id":"https:\/\/www.emplea-te.com\/noticias-oposiciones\/universidad-carlos-iii-de-madrid-publicada-en-el-bocm-la-resolucion-con-la-resena-de-la-convocatoria-para-cubrir-28-plazas-de-auxiliar-administrativo-c2\/"},"wordCount":162,"publisher":{"@id":"https:\/\/www.emplea-te.com\/noticias-oposiciones\/#organization"},"keywords":["Acceso libre","Convocatoria"],"articleSection":["Oposiciones Madrid.","P.A.S Universidades Madrid"],"inLanguage":"es"},{"@type":"WebPage","@id":"https:\/\/www.emplea-te.com\/noticias-oposiciones\/universidad-carlos-iii-de-madrid-publicada-en-el-bocm-la-resolucion-con-la-resena-de-la-convocatoria-para-cubrir-28-plazas-de-auxiliar-administrativo-c2\/","url":"https:\/\/www.emplea-te.com\/noticias-oposiciones\/universidad-carlos-iii-de-madrid-publicada-en-el-bocm-la-resolucion-con-la-resena-de-la-convocatoria-para-cubrir-28-plazas-de-auxiliar-administrativo-c2\/","name":"Universidad Carlos III de Madrid. Convocadas plazas Aux. Administrativo.","isPartOf":{"@id":"https:\/\/www.emplea-te.com\/noticias-oposiciones\/#website"},"datePublished":"2021-11-29T11:02:50+00:00","description":"Universidad Carlos III de Madrid. Publicada convocatoria para cubrir 28 plazas de Auxiliar Administrativo C2","breadcrumb":{"@id":"https:\/\/www.emplea-te.com\/noticias-oposiciones\/universidad-carlos-iii-de-madrid-publicada-en-el-bocm-la-resolucion-con-la-resena-de-la-convocatoria-para-cubrir-28-plazas-de-auxiliar-administrativo-c2\/#breadcrumb"},"inLanguage":"es","potentialAction":[{"@type":"ReadAction","target":["https:\/\/www.emplea-te.com\/noticias-oposiciones\/universidad-carlos-iii-de-madrid-publicada-en-el-bocm-la-resolucion-con-la-resena-de-la-convocatoria-para-cubrir-28-plazas-de-auxiliar-administrativo-c2\/"]}]},{"@type":"BreadcrumbList","@id":"https:\/\/www.emplea-te.com\/noticias-oposiciones\/universidad-carlos-iii-de-madrid-publicada-en-el-bocm-la-resolucion-con-la-resena-de-la-convocatoria-para-cubrir-28-plazas-de-auxiliar-administrativo-c2\/#breadcrumb","itemListElement":[{"@type":"ListItem","position":1,"name":"Noticias Oposiciones","item":"https:\/\/www.emplea-te.com\/noticias-oposiciones\/"},{"@type":"ListItem","position":2,"name":"Oposiciones Madrid.","item":"https:\/\/www.emplea-te.com\/noticias-oposiciones\/categoria\/oposiciones-madrid\/"},{"@type":"ListItem","position":3,"name":"Universidad Carlos III de Madrid. Publicada en el BOCM la Resoluci\u00f3n con la rese\u00f1a de la convocatoria para cubrir 28 plazas de Auxiliar Administrativo C2."}]},{"@type":"WebSite","@id":"https:\/\/www.emplea-te.com\/noticias-oposiciones\/#website","url":"https:\/\/www.emplea-te.com\/noticias-oposiciones\/","name":"Noticas de oposiciones por Academia Emplea-te","description":"Toda la actualidad de las ofertas y convocatorias.","publisher":{"@id":"https:\/\/www.emplea-te.com\/noticias-oposiciones\/#organization"},"potentialAction":[{"@type":"SearchAction","target":{"@type":"EntryPoint","urlTemplate":"https:\/\/www.emplea-te.com\/noticias-oposiciones\/?s={search_term_string}"},"query-input":{"@type":"PropertyValueSpecification","valueRequired":true,"valueName":"search_term_string"}}],"inLanguage":"es"},{"@type":"Organization","@id":"https:\/\/www.emplea-te.com\/noticias-oposiciones\/#organization","name":"Academia de oposiciones Empl\u00e9ate","url":"https:\/\/www.emplea-te.com\/noticias-oposiciones\/","logo":{"@type":"ImageObject","inLanguage":"es","@id":"https:\/\/www.emplea-te.com\/noticias-oposiciones\/#\/schema\/logo\/image\/","url":"https:\/\/www.emplea-te.com\/noticias-oposiciones\/wp-content\/uploads\/2019\/04\/empleate.jpg","contentUrl":"https:\/\/www.emplea-te.com\/noticias-oposiciones\/wp-content\/uploads\/2019\/04\/empleate.jpg","width":250,"height":150,"caption":"Academia de oposiciones Empl\u00e9ate"},"image":{"@id":"https:\/\/www.emplea-te.com\/noticias-oposiciones\/#\/schema\/logo\/image\/"},"sameAs":["https:\/\/www.facebook.com\/AcademiaEmpleate\/","https:\/\/x.com\/Emplea_Te","https:\/\/www.instagram.com\/academia_empleate\/"]},{"@type":"Person","@id":"https:\/\/www.emplea-te.com\/noticias-oposiciones\/#\/schema\/person\/d1bc587e1af2b95e9c32aba1795509a6","name":"Empleate"}]}},"_links":{"self":[{"href":"https:\/\/www.emplea-te.com\/noticias-oposiciones\/wp-json\/wp\/v2\/posts\/5652","targetHints":{"allow":["GET"]}}],"collection":[{"href":"https:\/\/www.emplea-te.com\/noticias-oposiciones\/wp-json\/wp\/v2\/posts"}],"about":[{"href":"https:\/\/www.emplea-te.com\/noticias-oposiciones\/wp-json\/wp\/v2\/types\/post"}],"author":[{"embeddable":true,"href":"https:\/\/www.emplea-te.com\/noticias-oposiciones\/wp-json\/wp\/v2\/users\/1"}],"replies":[{"embeddable":true,"href":"https:\/\/www.emplea-te.com\/noticias-oposiciones\/wp-json\/wp\/v2\/comments?post=5652"}],"version-history":[{"count":1,"href":"https:\/\/www.emplea-te.com\/noticias-oposiciones\/wp-json\/wp\/v2\/posts\/5652\/revisions"}],"predecessor-version":[{"id":5653,"href":"https:\/\/www.emplea-te.com\/noticias-oposiciones\/wp-json\/wp\/v2\/posts\/5652\/revisions\/5653"}],"wp:attachment":[{"href":"https:\/\/www.emplea-te.com\/noticias-oposiciones\/wp-json\/wp\/v2\/media?parent=5652"}],"wp:term":[{"taxonomy":"category","embeddable":true,"href":"https:\/\/www.emplea-te.com\/noticias-oposiciones\/wp-json\/wp\/v2\/categories?post=5652"},{"taxonomy":"post_tag","embeddable":true,"href":"https:\/\/www.emplea-te.com\/noticias-oposiciones\/wp-json\/wp\/v2\/tags?post=5652"}],"curies":[{"name":"wp","href":"https:\/\/api.w.org\/{rel}","templated":true}]}}