{"id":6002,"date":"2022-02-01T10:13:14","date_gmt":"2022-02-01T09:13:14","guid":{"rendered":"https:\/\/www.emplea-te.com\/noticias-oposiciones\/?p=6002"},"modified":"2022-02-01T10:13:14","modified_gmt":"2022-02-01T09:13:14","slug":"xunta-de-galicia-resolucion-con-el-procedimiento-de-acreditacion-de-meritos-de-subalterno-a-p","status":"publish","type":"post","link":"https:\/\/www.emplea-te.com\/noticias-oposiciones\/xunta-de-galicia-resolucion-con-el-procedimiento-de-acreditacion-de-meritos-de-subalterno-a-p\/","title":{"rendered":"Xunta de Galicia. Resoluci\u00f3n con el procedimiento de acreditaci\u00f3n de m\u00e9ritos de Subalterno A.P"},"content":{"rendered":"<p>Se publica en la Sede Electr\u00f3nica de la Web de Funci\u00f3n P\u00fablica de la Xunta de Galicia, la Resoluci\u00f3n referente al procedimiento de acreditaci\u00f3n de m\u00e9ritos en la fase de concurso del proceso selectivo para el ingreso en la categor\u00eda de Subalternos A.P de la Xunta de Galicia.<\/p>\n<p>El plazo para presentar los m\u00e9ritos es de 10 d\u00edas h\u00e1biles a contar a partir del d\u00eda siguiente a esta publicaci\u00f3n en el DOG.<\/p>\n<p><a href=\"https:\/\/www.xunta.gal\/funcion-publica\/expediente-administrativo\" target=\"_blank\" rel=\"noopener\">Para comprobar los m\u00e9ritos que tienen acreditados, los candidatos han de entrar en este enlace y seguir los pasos indicados.\u00a0<\/a><\/p>\n<p><a href=\"http:\/\/www.xunta.es\/rcp\/listas\/rcp_opo\/opo_visor_novas.jsp?urlAcceso=126E76Y106R126Z61U122R124O120T121B126W109Q121T121A117A120D63T52E52W124H124K124Y51E125W122U115Z121H102Z51N108S102F113T52N105H125F107N117A52E75P122X115W104A110Z116V115Y102K119G110C116W120W52W84Z85V74V55X53W54R61X52H55K53O58W58O52I85X75D72I51R117O105Q107E117N75B111W117J55J112A125S105N116U127R&amp;controlAcceso=122W107P75P127C121P120J108Z125J105G53B53V54W53H55S55F53O55Q55V122O110T106N111J114H53P115O108C78N117J\" target=\"_blank\" rel=\"noopener\"><strong>Enlace a Resoluci\u00f3n publicada en la Web de Funci\u00f3n P\u00fablica de la Xunta de Galicia.\u00a0<\/strong><\/a><\/p>\n<p>&nbsp;<\/p>\n","protected":false},"excerpt":{"rendered":"<p>Se publica en la Sede Electr\u00f3nica de la Web de Funci\u00f3n P\u00fablica de la Xunta de Galicia, la Resoluci\u00f3n referente al procedimiento de acreditaci\u00f3n de m\u00e9ritos en la fase de concurso del proceso selectivo para el ingreso en la categor\u00eda de Subalternos A.P de la Xunta de Galicia. El plazo para presentar los m\u00e9ritos es &hellip; <a href=\"https:\/\/www.emplea-te.com\/noticias-oposiciones\/xunta-de-galicia-resolucion-con-el-procedimiento-de-acreditacion-de-meritos-de-subalterno-a-p\/\" class=\"more-link\">Continuar leyendo<span class=\"screen-reader-text\"> \u00abXunta de Galicia. Resoluci\u00f3n con el procedimiento de acreditaci\u00f3n de m\u00e9ritos de Subalterno A.P\u00bb<\/span><\/a><\/p>\n","protected":false},"author":1,"featured_media":0,"comment_status":"closed","ping_status":"closed","sticky":false,"template":"","format":"standard","meta":{"footnotes":""},"categories":[4],"tags":[],"class_list":["post-6002","post","type-post","status-publish","format-standard","hentry","category-oposiciones-xunta"],"yoast_head":"<!-- This site is optimized with the Yoast SEO plugin v27.5 - https:\/\/yoast.com\/product\/yoast-seo-wordpress\/ -->\n<title>Xunta de Galicia. Procedimiento acreditaci\u00f3n m\u00e9ritos Subalterno A.P<\/title>\n<meta name=\"description\" content=\"Xunta de Galicia. Procedimiento acreditaci\u00f3n m\u00e9ritos Subalterno A.P\" \/>\n<meta name=\"robots\" content=\"index, follow, max-snippet:-1, max-image-preview:large, max-video-preview:-1\" \/>\n<link rel=\"canonical\" href=\"https:\/\/www.emplea-te.com\/noticias-oposiciones\/xunta-de-galicia-resolucion-con-el-procedimiento-de-acreditacion-de-meritos-de-subalterno-a-p\/\" \/>\n<meta property=\"og:locale\" content=\"es_ES\" \/>\n<meta property=\"og:type\" content=\"article\" \/>\n<meta property=\"og:title\" content=\"Xunta de Galicia. Procedimiento acreditaci\u00f3n m\u00e9ritos Subalterno A.P\" \/>\n<meta property=\"og:description\" content=\"Xunta de Galicia. Procedimiento acreditaci\u00f3n m\u00e9ritos Subalterno A.P\" \/>\n<meta property=\"og:url\" content=\"https:\/\/www.emplea-te.com\/noticias-oposiciones\/xunta-de-galicia-resolucion-con-el-procedimiento-de-acreditacion-de-meritos-de-subalterno-a-p\/\" \/>\n<meta property=\"og:site_name\" content=\"Noticas de oposiciones por Academia Emplea-te\" \/>\n<meta property=\"article:publisher\" content=\"https:\/\/www.facebook.com\/AcademiaEmpleate\/\" \/>\n<meta property=\"article:published_time\" content=\"2022-02-01T09:13:14+00:00\" \/>\n<meta name=\"author\" content=\"Empleate\" \/>\n<meta name=\"twitter:card\" content=\"summary_large_image\" \/>\n<meta name=\"twitter:creator\" content=\"@Emplea_Te\" \/>\n<meta name=\"twitter:site\" content=\"@Emplea_Te\" \/>\n<meta name=\"twitter:label1\" content=\"Escrito por\" \/>\n\t<meta name=\"twitter:data1\" content=\"Empleate\" \/>\n\t<meta name=\"twitter:label2\" content=\"Tiempo de lectura\" \/>\n\t<meta name=\"twitter:data2\" content=\"1 minuto\" \/>\n<script type=\"application\/ld+json\" class=\"yoast-schema-graph\">{\"@context\":\"https:\\\/\\\/schema.org\",\"@graph\":[{\"@type\":\"Article\",\"@id\":\"https:\\\/\\\/www.emplea-te.com\\\/noticias-oposiciones\\\/xunta-de-galicia-resolucion-con-el-procedimiento-de-acreditacion-de-meritos-de-subalterno-a-p\\\/#article\",\"isPartOf\":{\"@id\":\"https:\\\/\\\/www.emplea-te.com\\\/noticias-oposiciones\\\/xunta-de-galicia-resolucion-con-el-procedimiento-de-acreditacion-de-meritos-de-subalterno-a-p\\\/\"},\"author\":{\"name\":\"Empleate\",\"@id\":\"https:\\\/\\\/www.emplea-te.com\\\/noticias-oposiciones\\\/#\\\/schema\\\/person\\\/d1bc587e1af2b95e9c32aba1795509a6\"},\"headline\":\"Xunta de Galicia. Resoluci\u00f3n con el procedimiento de acreditaci\u00f3n de m\u00e9ritos de Subalterno A.P\",\"datePublished\":\"2022-02-01T09:13:14+00:00\",\"mainEntityOfPage\":{\"@id\":\"https:\\\/\\\/www.emplea-te.com\\\/noticias-oposiciones\\\/xunta-de-galicia-resolucion-con-el-procedimiento-de-acreditacion-de-meritos-de-subalterno-a-p\\\/\"},\"wordCount\":142,\"publisher\":{\"@id\":\"https:\\\/\\\/www.emplea-te.com\\\/noticias-oposiciones\\\/#organization\"},\"articleSection\":[\"Oposiciones Xunta\"],\"inLanguage\":\"es\"},{\"@type\":\"WebPage\",\"@id\":\"https:\\\/\\\/www.emplea-te.com\\\/noticias-oposiciones\\\/xunta-de-galicia-resolucion-con-el-procedimiento-de-acreditacion-de-meritos-de-subalterno-a-p\\\/\",\"url\":\"https:\\\/\\\/www.emplea-te.com\\\/noticias-oposiciones\\\/xunta-de-galicia-resolucion-con-el-procedimiento-de-acreditacion-de-meritos-de-subalterno-a-p\\\/\",\"name\":\"Xunta de Galicia. Procedimiento acreditaci\u00f3n m\u00e9ritos Subalterno A.P\",\"isPartOf\":{\"@id\":\"https:\\\/\\\/www.emplea-te.com\\\/noticias-oposiciones\\\/#website\"},\"datePublished\":\"2022-02-01T09:13:14+00:00\",\"description\":\"Xunta de Galicia. Procedimiento acreditaci\u00f3n m\u00e9ritos Subalterno A.P\",\"breadcrumb\":{\"@id\":\"https:\\\/\\\/www.emplea-te.com\\\/noticias-oposiciones\\\/xunta-de-galicia-resolucion-con-el-procedimiento-de-acreditacion-de-meritos-de-subalterno-a-p\\\/#breadcrumb\"},\"inLanguage\":\"es\",\"potentialAction\":[{\"@type\":\"ReadAction\",\"target\":[\"https:\\\/\\\/www.emplea-te.com\\\/noticias-oposiciones\\\/xunta-de-galicia-resolucion-con-el-procedimiento-de-acreditacion-de-meritos-de-subalterno-a-p\\\/\"]}]},{\"@type\":\"BreadcrumbList\",\"@id\":\"https:\\\/\\\/www.emplea-te.com\\\/noticias-oposiciones\\\/xunta-de-galicia-resolucion-con-el-procedimiento-de-acreditacion-de-meritos-de-subalterno-a-p\\\/#breadcrumb\",\"itemListElement\":[{\"@type\":\"ListItem\",\"position\":1,\"name\":\"Noticias Oposiciones\",\"item\":\"https:\\\/\\\/www.emplea-te.com\\\/noticias-oposiciones\\\/\"},{\"@type\":\"ListItem\",\"position\":2,\"name\":\"Oposiciones Xunta\",\"item\":\"https:\\\/\\\/www.emplea-te.com\\\/noticias-oposiciones\\\/categoria\\\/oposiciones-xunta\\\/\"},{\"@type\":\"ListItem\",\"position\":3,\"name\":\"Xunta de Galicia. Resoluci\u00f3n con el procedimiento de acreditaci\u00f3n de m\u00e9ritos de Subalterno A.P\"}]},{\"@type\":\"WebSite\",\"@id\":\"https:\\\/\\\/www.emplea-te.com\\\/noticias-oposiciones\\\/#website\",\"url\":\"https:\\\/\\\/www.emplea-te.com\\\/noticias-oposiciones\\\/\",\"name\":\"Noticas de oposiciones por Academia Emplea-te\",\"description\":\"Toda la actualidad de las ofertas y convocatorias.\",\"publisher\":{\"@id\":\"https:\\\/\\\/www.emplea-te.com\\\/noticias-oposiciones\\\/#organization\"},\"potentialAction\":[{\"@type\":\"SearchAction\",\"target\":{\"@type\":\"EntryPoint\",\"urlTemplate\":\"https:\\\/\\\/www.emplea-te.com\\\/noticias-oposiciones\\\/?s={search_term_string}\"},\"query-input\":{\"@type\":\"PropertyValueSpecification\",\"valueRequired\":true,\"valueName\":\"search_term_string\"}}],\"inLanguage\":\"es\"},{\"@type\":\"Organization\",\"@id\":\"https:\\\/\\\/www.emplea-te.com\\\/noticias-oposiciones\\\/#organization\",\"name\":\"Academia de oposiciones Empl\u00e9ate\",\"url\":\"https:\\\/\\\/www.emplea-te.com\\\/noticias-oposiciones\\\/\",\"logo\":{\"@type\":\"ImageObject\",\"inLanguage\":\"es\",\"@id\":\"https:\\\/\\\/www.emplea-te.com\\\/noticias-oposiciones\\\/#\\\/schema\\\/logo\\\/image\\\/\",\"url\":\"https:\\\/\\\/www.emplea-te.com\\\/noticias-oposiciones\\\/wp-content\\\/uploads\\\/2019\\\/04\\\/empleate.jpg\",\"contentUrl\":\"https:\\\/\\\/www.emplea-te.com\\\/noticias-oposiciones\\\/wp-content\\\/uploads\\\/2019\\\/04\\\/empleate.jpg\",\"width\":250,\"height\":150,\"caption\":\"Academia de oposiciones Empl\u00e9ate\"},\"image\":{\"@id\":\"https:\\\/\\\/www.emplea-te.com\\\/noticias-oposiciones\\\/#\\\/schema\\\/logo\\\/image\\\/\"},\"sameAs\":[\"https:\\\/\\\/www.facebook.com\\\/AcademiaEmpleate\\\/\",\"https:\\\/\\\/x.com\\\/Emplea_Te\",\"https:\\\/\\\/www.instagram.com\\\/academia_empleate\\\/\"]},{\"@type\":\"Person\",\"@id\":\"https:\\\/\\\/www.emplea-te.com\\\/noticias-oposiciones\\\/#\\\/schema\\\/person\\\/d1bc587e1af2b95e9c32aba1795509a6\",\"name\":\"Empleate\"}]}<\/script>\n<!-- \/ Yoast SEO plugin. -->","yoast_head_json":{"title":"Xunta de Galicia. Procedimiento acreditaci\u00f3n m\u00e9ritos Subalterno A.P","description":"Xunta de Galicia. Procedimiento acreditaci\u00f3n m\u00e9ritos Subalterno A.P","robots":{"index":"index","follow":"follow","max-snippet":"max-snippet:-1","max-image-preview":"max-image-preview:large","max-video-preview":"max-video-preview:-1"},"canonical":"https:\/\/www.emplea-te.com\/noticias-oposiciones\/xunta-de-galicia-resolucion-con-el-procedimiento-de-acreditacion-de-meritos-de-subalterno-a-p\/","og_locale":"es_ES","og_type":"article","og_title":"Xunta de Galicia. Procedimiento acreditaci\u00f3n m\u00e9ritos Subalterno A.P","og_description":"Xunta de Galicia. Procedimiento acreditaci\u00f3n m\u00e9ritos Subalterno A.P","og_url":"https:\/\/www.emplea-te.com\/noticias-oposiciones\/xunta-de-galicia-resolucion-con-el-procedimiento-de-acreditacion-de-meritos-de-subalterno-a-p\/","og_site_name":"Noticas de oposiciones por Academia Emplea-te","article_publisher":"https:\/\/www.facebook.com\/AcademiaEmpleate\/","article_published_time":"2022-02-01T09:13:14+00:00","author":"Empleate","twitter_card":"summary_large_image","twitter_creator":"@Emplea_Te","twitter_site":"@Emplea_Te","twitter_misc":{"Escrito por":"Empleate","Tiempo de lectura":"1 minuto"},"schema":{"@context":"https:\/\/schema.org","@graph":[{"@type":"Article","@id":"https:\/\/www.emplea-te.com\/noticias-oposiciones\/xunta-de-galicia-resolucion-con-el-procedimiento-de-acreditacion-de-meritos-de-subalterno-a-p\/#article","isPartOf":{"@id":"https:\/\/www.emplea-te.com\/noticias-oposiciones\/xunta-de-galicia-resolucion-con-el-procedimiento-de-acreditacion-de-meritos-de-subalterno-a-p\/"},"author":{"name":"Empleate","@id":"https:\/\/www.emplea-te.com\/noticias-oposiciones\/#\/schema\/person\/d1bc587e1af2b95e9c32aba1795509a6"},"headline":"Xunta de Galicia. Resoluci\u00f3n con el procedimiento de acreditaci\u00f3n de m\u00e9ritos de Subalterno A.P","datePublished":"2022-02-01T09:13:14+00:00","mainEntityOfPage":{"@id":"https:\/\/www.emplea-te.com\/noticias-oposiciones\/xunta-de-galicia-resolucion-con-el-procedimiento-de-acreditacion-de-meritos-de-subalterno-a-p\/"},"wordCount":142,"publisher":{"@id":"https:\/\/www.emplea-te.com\/noticias-oposiciones\/#organization"},"articleSection":["Oposiciones Xunta"],"inLanguage":"es"},{"@type":"WebPage","@id":"https:\/\/www.emplea-te.com\/noticias-oposiciones\/xunta-de-galicia-resolucion-con-el-procedimiento-de-acreditacion-de-meritos-de-subalterno-a-p\/","url":"https:\/\/www.emplea-te.com\/noticias-oposiciones\/xunta-de-galicia-resolucion-con-el-procedimiento-de-acreditacion-de-meritos-de-subalterno-a-p\/","name":"Xunta de Galicia. Procedimiento acreditaci\u00f3n m\u00e9ritos Subalterno A.P","isPartOf":{"@id":"https:\/\/www.emplea-te.com\/noticias-oposiciones\/#website"},"datePublished":"2022-02-01T09:13:14+00:00","description":"Xunta de Galicia. Procedimiento acreditaci\u00f3n m\u00e9ritos Subalterno A.P","breadcrumb":{"@id":"https:\/\/www.emplea-te.com\/noticias-oposiciones\/xunta-de-galicia-resolucion-con-el-procedimiento-de-acreditacion-de-meritos-de-subalterno-a-p\/#breadcrumb"},"inLanguage":"es","potentialAction":[{"@type":"ReadAction","target":["https:\/\/www.emplea-te.com\/noticias-oposiciones\/xunta-de-galicia-resolucion-con-el-procedimiento-de-acreditacion-de-meritos-de-subalterno-a-p\/"]}]},{"@type":"BreadcrumbList","@id":"https:\/\/www.emplea-te.com\/noticias-oposiciones\/xunta-de-galicia-resolucion-con-el-procedimiento-de-acreditacion-de-meritos-de-subalterno-a-p\/#breadcrumb","itemListElement":[{"@type":"ListItem","position":1,"name":"Noticias Oposiciones","item":"https:\/\/www.emplea-te.com\/noticias-oposiciones\/"},{"@type":"ListItem","position":2,"name":"Oposiciones Xunta","item":"https:\/\/www.emplea-te.com\/noticias-oposiciones\/categoria\/oposiciones-xunta\/"},{"@type":"ListItem","position":3,"name":"Xunta de Galicia. Resoluci\u00f3n con el procedimiento de acreditaci\u00f3n de m\u00e9ritos de Subalterno A.P"}]},{"@type":"WebSite","@id":"https:\/\/www.emplea-te.com\/noticias-oposiciones\/#website","url":"https:\/\/www.emplea-te.com\/noticias-oposiciones\/","name":"Noticas de oposiciones por Academia Emplea-te","description":"Toda la actualidad de las ofertas y convocatorias.","publisher":{"@id":"https:\/\/www.emplea-te.com\/noticias-oposiciones\/#organization"},"potentialAction":[{"@type":"SearchAction","target":{"@type":"EntryPoint","urlTemplate":"https:\/\/www.emplea-te.com\/noticias-oposiciones\/?s={search_term_string}"},"query-input":{"@type":"PropertyValueSpecification","valueRequired":true,"valueName":"search_term_string"}}],"inLanguage":"es"},{"@type":"Organization","@id":"https:\/\/www.emplea-te.com\/noticias-oposiciones\/#organization","name":"Academia de oposiciones Empl\u00e9ate","url":"https:\/\/www.emplea-te.com\/noticias-oposiciones\/","logo":{"@type":"ImageObject","inLanguage":"es","@id":"https:\/\/www.emplea-te.com\/noticias-oposiciones\/#\/schema\/logo\/image\/","url":"https:\/\/www.emplea-te.com\/noticias-oposiciones\/wp-content\/uploads\/2019\/04\/empleate.jpg","contentUrl":"https:\/\/www.emplea-te.com\/noticias-oposiciones\/wp-content\/uploads\/2019\/04\/empleate.jpg","width":250,"height":150,"caption":"Academia de oposiciones Empl\u00e9ate"},"image":{"@id":"https:\/\/www.emplea-te.com\/noticias-oposiciones\/#\/schema\/logo\/image\/"},"sameAs":["https:\/\/www.facebook.com\/AcademiaEmpleate\/","https:\/\/x.com\/Emplea_Te","https:\/\/www.instagram.com\/academia_empleate\/"]},{"@type":"Person","@id":"https:\/\/www.emplea-te.com\/noticias-oposiciones\/#\/schema\/person\/d1bc587e1af2b95e9c32aba1795509a6","name":"Empleate"}]}},"_links":{"self":[{"href":"https:\/\/www.emplea-te.com\/noticias-oposiciones\/wp-json\/wp\/v2\/posts\/6002","targetHints":{"allow":["GET"]}}],"collection":[{"href":"https:\/\/www.emplea-te.com\/noticias-oposiciones\/wp-json\/wp\/v2\/posts"}],"about":[{"href":"https:\/\/www.emplea-te.com\/noticias-oposiciones\/wp-json\/wp\/v2\/types\/post"}],"author":[{"embeddable":true,"href":"https:\/\/www.emplea-te.com\/noticias-oposiciones\/wp-json\/wp\/v2\/users\/1"}],"replies":[{"embeddable":true,"href":"https:\/\/www.emplea-te.com\/noticias-oposiciones\/wp-json\/wp\/v2\/comments?post=6002"}],"version-history":[{"count":1,"href":"https:\/\/www.emplea-te.com\/noticias-oposiciones\/wp-json\/wp\/v2\/posts\/6002\/revisions"}],"predecessor-version":[{"id":6003,"href":"https:\/\/www.emplea-te.com\/noticias-oposiciones\/wp-json\/wp\/v2\/posts\/6002\/revisions\/6003"}],"wp:attachment":[{"href":"https:\/\/www.emplea-te.com\/noticias-oposiciones\/wp-json\/wp\/v2\/media?parent=6002"}],"wp:term":[{"taxonomy":"category","embeddable":true,"href":"https:\/\/www.emplea-te.com\/noticias-oposiciones\/wp-json\/wp\/v2\/categories?post=6002"},{"taxonomy":"post_tag","embeddable":true,"href":"https:\/\/www.emplea-te.com\/noticias-oposiciones\/wp-json\/wp\/v2\/tags?post=6002"}],"curies":[{"name":"wp","href":"https:\/\/api.w.org\/{rel}","templated":true}]}}