{"id":6012,"date":"2022-02-02T10:29:19","date_gmt":"2022-02-02T09:29:19","guid":{"rendered":"https:\/\/www.emplea-te.com\/noticias-oposiciones\/?p=6012"},"modified":"2022-02-02T10:29:19","modified_gmt":"2022-02-02T09:29:19","slug":"sergas-relaciones-definitivas-de-aspirantes-admitidos-y-excluidos-y-exentos-y-no-exentos-de-realizar-la-prueba-de-gallego-de-distintas-categorias","status":"publish","type":"post","link":"https:\/\/www.emplea-te.com\/noticias-oposiciones\/sergas-relaciones-definitivas-de-aspirantes-admitidos-y-excluidos-y-exentos-y-no-exentos-de-realizar-la-prueba-de-gallego-de-distintas-categorias\/","title":{"rendered":"SERGAS. Relaciones definitivas de aspirantes admitidos y excluidos y exentos y no exentos de realizar la prueba de gallego de distintas categor\u00edas."},"content":{"rendered":"<p>Se publican en el DOG de hoy, d\u00eda 02 de febrero de 2022, las Resoluciones de la Direcci\u00f3n de Recursos Humanos del SERGAS,\u00a0 por las que se hacen p\u00fablicas las Relaciones Definitivas de aspirantes admitidos y excluidos y exentos y no exentos de realizar la prueba de gallego de distintas Categor\u00edas convocadas por Resoluci\u00f3n de 18 de Junio de 2021.<\/p>\n<p><a href=\"https:\/\/www.xunta.gal\/dog\/Publicados\/2022\/20220202\/AnuncioG0003-210122-0009_gl.html\" target=\"_blank\" rel=\"noopener\">RESOLUCI\u00d3N de 19 de enero de 2022, de la Direcci\u00f3n General de Recursos Humanos, por la que se declaran, con car\u00e1cter definitivo, las personas aspirantes admitidas y excluidas, as\u00ed como las exentas y no exentas del ejercicio de la lengua gallega, en el concurso-oposici\u00f3n de el ingreso en las categor\u00edas de calefactor, electricista, plomero y mec\u00e1nico, convocada por Resoluci\u00f3n de 18 de junio de 2021.<\/a><\/p>\n<p><a href=\"https:\/\/www.xunta.gal\/dog\/Publicados\/2022\/20220202\/AnuncioG0003-210122-0007_gl.html\" target=\"_blank\" rel=\"noopener\">RESOLUCI\u00d3N de 19 de enero de 2022, de la Direcci\u00f3n General de Recursos Humanos, por la que se declaran, con car\u00e1cter definitivo, las personas aspirantes admitidas y excluidas, as\u00ed como las exentas y no exentas del ejercicio de la lengua gallega, en el concurso-oposici\u00f3n de el ingreso en las categor\u00edas de costurera, lavandera y herrero, convocada por Resoluci\u00f3n de 18 de junio de 2021.<\/a><\/p>\n<p><a href=\"https:\/\/www.xunta.gal\/dog\/Publicados\/2022\/20220202\/AnuncioG0003-210122-0005_gl.html\" target=\"_blank\" rel=\"noopener\">RESOLUCI\u00d3N de 19 de enero de 2022, de la Direcci\u00f3n General de Recursos Humanos, por la que se declaran, con car\u00e1cter definitivo, las personas aspirantes admitidas y excluidas, as\u00ed como las exentas y no exentas del ejercicio de la lengua gallega, en el concurso-oposici\u00f3n de la inscripci\u00f3n en la categor\u00eda de conductor, convocada por Resoluci\u00f3n de 18 de junio de 2021.<\/a><\/p>\n<p>Las <strong>listas con el listado definitivo de admitidos y excluidos<\/strong>, indicando el motivo de la exclusi\u00f3n, y los declarados exentos y no exentos de realizar el ejercicio de gallego, <strong>se pueden consultar en la p\u00e1gina web del Servicio Gallego de Salud (<a href=\"http:\/\/www.sergas.es\" target=\"_blank\" rel=\"noopener\">www.sergas.es<\/a>) ).<\/strong><\/p>\n<p>Adem\u00e1s, el <strong>estado de cada solicitud<\/strong> puede ser <strong>consultado por el solicitante<\/strong> <strong>en su expediente electr\u00f3nico personal en Fides\/expediente-e\/secci\u00f3n de procesos.<\/strong><\/p>\n<p><a href=\"https:\/\/www.emplea-te.com\/11\/oposiciones-de-sanidad\" target=\"_blank\" rel=\"noopener\"><strong>Prepara el temario com\u00fan de estas categorias del SERGAS en nuestros grupos presenciales con n\u00famero reducido de alumn@s.\u00a0<\/strong><\/a><br \/>\n<strong>Tambi\u00e9n tenemos disponible la formaci\u00f3n online.\u00a0<\/strong><\/p>\n<p>&nbsp;<\/p>\n<p>&nbsp;<\/p>\n","protected":false},"excerpt":{"rendered":"<p>Se publican en el DOG de hoy, d\u00eda 02 de febrero de 2022, las Resoluciones de la Direcci\u00f3n de Recursos Humanos del SERGAS,\u00a0 por las que se hacen p\u00fablicas las Relaciones Definitivas de aspirantes admitidos y excluidos y exentos y no exentos de realizar la prueba de gallego de distintas Categor\u00edas convocadas por Resoluci\u00f3n de &hellip; <a href=\"https:\/\/www.emplea-te.com\/noticias-oposiciones\/sergas-relaciones-definitivas-de-aspirantes-admitidos-y-excluidos-y-exentos-y-no-exentos-de-realizar-la-prueba-de-gallego-de-distintas-categorias\/\" class=\"more-link\">Continuar leyendo<span class=\"screen-reader-text\"> \u00abSERGAS. Relaciones definitivas de aspirantes admitidos y excluidos y exentos y no exentos de realizar la prueba de gallego de distintas categor\u00edas.\u00bb<\/span><\/a><\/p>\n","protected":false},"author":1,"featured_media":0,"comment_status":"closed","ping_status":"closed","sticky":false,"template":"","format":"standard","meta":{"footnotes":""},"categories":[18],"tags":[87],"class_list":["post-6012","post","type-post","status-publish","format-standard","hentry","category-oposiciones-sergas","tag-listados-definitivos-de-aspirantes-admitidos-y-excluidos"],"yoast_head":"<!-- This site is optimized with the Yoast SEO plugin v27.5 - https:\/\/yoast.com\/product\/yoast-seo-wordpress\/ -->\n<title>SERGAS. Resoluci\u00f3n RRHH procesos selectivos distintas categor\u00edas.<\/title>\n<meta name=\"description\" content=\"SERGAS. Relaci\u00f3n definitiva aspirantes admitidos y excluidos y exentos y no exentos de realizar la prueba de gallego de distintas categor\u00edas.\" \/>\n<meta name=\"robots\" content=\"index, follow, max-snippet:-1, max-image-preview:large, max-video-preview:-1\" \/>\n<link rel=\"canonical\" href=\"https:\/\/www.emplea-te.com\/noticias-oposiciones\/sergas-relaciones-definitivas-de-aspirantes-admitidos-y-excluidos-y-exentos-y-no-exentos-de-realizar-la-prueba-de-gallego-de-distintas-categorias\/\" \/>\n<meta property=\"og:locale\" content=\"es_ES\" \/>\n<meta property=\"og:type\" content=\"article\" \/>\n<meta property=\"og:title\" content=\"SERGAS. Resoluci\u00f3n RRHH procesos selectivos distintas categor\u00edas.\" \/>\n<meta property=\"og:description\" content=\"SERGAS. Relaci\u00f3n definitiva aspirantes admitidos y excluidos y exentos y no exentos de realizar la prueba de gallego de distintas categor\u00edas.\" \/>\n<meta property=\"og:url\" content=\"https:\/\/www.emplea-te.com\/noticias-oposiciones\/sergas-relaciones-definitivas-de-aspirantes-admitidos-y-excluidos-y-exentos-y-no-exentos-de-realizar-la-prueba-de-gallego-de-distintas-categorias\/\" \/>\n<meta property=\"og:site_name\" content=\"Noticas de oposiciones por Academia Emplea-te\" \/>\n<meta property=\"article:publisher\" content=\"https:\/\/www.facebook.com\/AcademiaEmpleate\/\" \/>\n<meta property=\"article:published_time\" content=\"2022-02-02T09:29:19+00:00\" \/>\n<meta name=\"author\" content=\"Empleate\" \/>\n<meta name=\"twitter:card\" content=\"summary_large_image\" \/>\n<meta name=\"twitter:creator\" content=\"@Emplea_Te\" \/>\n<meta name=\"twitter:site\" content=\"@Emplea_Te\" \/>\n<meta name=\"twitter:label1\" content=\"Escrito por\" \/>\n\t<meta name=\"twitter:data1\" content=\"Empleate\" \/>\n\t<meta name=\"twitter:label2\" content=\"Tiempo de lectura\" \/>\n\t<meta name=\"twitter:data2\" content=\"2 minutos\" \/>\n<script type=\"application\/ld+json\" class=\"yoast-schema-graph\">{\"@context\":\"https:\\\/\\\/schema.org\",\"@graph\":[{\"@type\":\"Article\",\"@id\":\"https:\\\/\\\/www.emplea-te.com\\\/noticias-oposiciones\\\/sergas-relaciones-definitivas-de-aspirantes-admitidos-y-excluidos-y-exentos-y-no-exentos-de-realizar-la-prueba-de-gallego-de-distintas-categorias\\\/#article\",\"isPartOf\":{\"@id\":\"https:\\\/\\\/www.emplea-te.com\\\/noticias-oposiciones\\\/sergas-relaciones-definitivas-de-aspirantes-admitidos-y-excluidos-y-exentos-y-no-exentos-de-realizar-la-prueba-de-gallego-de-distintas-categorias\\\/\"},\"author\":{\"name\":\"Empleate\",\"@id\":\"https:\\\/\\\/www.emplea-te.com\\\/noticias-oposiciones\\\/#\\\/schema\\\/person\\\/d1bc587e1af2b95e9c32aba1795509a6\"},\"headline\":\"SERGAS. Relaciones definitivas de aspirantes admitidos y excluidos y exentos y no exentos de realizar la prueba de gallego de distintas categor\u00edas.\",\"datePublished\":\"2022-02-02T09:29:19+00:00\",\"mainEntityOfPage\":{\"@id\":\"https:\\\/\\\/www.emplea-te.com\\\/noticias-oposiciones\\\/sergas-relaciones-definitivas-de-aspirantes-admitidos-y-excluidos-y-exentos-y-no-exentos-de-realizar-la-prueba-de-gallego-de-distintas-categorias\\\/\"},\"wordCount\":385,\"publisher\":{\"@id\":\"https:\\\/\\\/www.emplea-te.com\\\/noticias-oposiciones\\\/#organization\"},\"keywords\":[\"Listados Definitivos de aspirantes admitidos y excluidos\"],\"articleSection\":[\"Oposiciones SERGAS\"],\"inLanguage\":\"es\"},{\"@type\":\"WebPage\",\"@id\":\"https:\\\/\\\/www.emplea-te.com\\\/noticias-oposiciones\\\/sergas-relaciones-definitivas-de-aspirantes-admitidos-y-excluidos-y-exentos-y-no-exentos-de-realizar-la-prueba-de-gallego-de-distintas-categorias\\\/\",\"url\":\"https:\\\/\\\/www.emplea-te.com\\\/noticias-oposiciones\\\/sergas-relaciones-definitivas-de-aspirantes-admitidos-y-excluidos-y-exentos-y-no-exentos-de-realizar-la-prueba-de-gallego-de-distintas-categorias\\\/\",\"name\":\"SERGAS. Resoluci\u00f3n RRHH procesos selectivos distintas categor\u00edas.\",\"isPartOf\":{\"@id\":\"https:\\\/\\\/www.emplea-te.com\\\/noticias-oposiciones\\\/#website\"},\"datePublished\":\"2022-02-02T09:29:19+00:00\",\"description\":\"SERGAS. Relaci\u00f3n definitiva aspirantes admitidos y excluidos y exentos y no exentos de realizar la prueba de gallego de distintas categor\u00edas.\",\"breadcrumb\":{\"@id\":\"https:\\\/\\\/www.emplea-te.com\\\/noticias-oposiciones\\\/sergas-relaciones-definitivas-de-aspirantes-admitidos-y-excluidos-y-exentos-y-no-exentos-de-realizar-la-prueba-de-gallego-de-distintas-categorias\\\/#breadcrumb\"},\"inLanguage\":\"es\",\"potentialAction\":[{\"@type\":\"ReadAction\",\"target\":[\"https:\\\/\\\/www.emplea-te.com\\\/noticias-oposiciones\\\/sergas-relaciones-definitivas-de-aspirantes-admitidos-y-excluidos-y-exentos-y-no-exentos-de-realizar-la-prueba-de-gallego-de-distintas-categorias\\\/\"]}]},{\"@type\":\"BreadcrumbList\",\"@id\":\"https:\\\/\\\/www.emplea-te.com\\\/noticias-oposiciones\\\/sergas-relaciones-definitivas-de-aspirantes-admitidos-y-excluidos-y-exentos-y-no-exentos-de-realizar-la-prueba-de-gallego-de-distintas-categorias\\\/#breadcrumb\",\"itemListElement\":[{\"@type\":\"ListItem\",\"position\":1,\"name\":\"Noticias Oposiciones\",\"item\":\"https:\\\/\\\/www.emplea-te.com\\\/noticias-oposiciones\\\/\"},{\"@type\":\"ListItem\",\"position\":2,\"name\":\"Oposiciones SERGAS\",\"item\":\"https:\\\/\\\/www.emplea-te.com\\\/noticias-oposiciones\\\/categoria\\\/oposiciones-sergas\\\/\"},{\"@type\":\"ListItem\",\"position\":3,\"name\":\"SERGAS. Relaciones definitivas de aspirantes admitidos y excluidos y exentos y no exentos de realizar la prueba de gallego de distintas categor\u00edas.\"}]},{\"@type\":\"WebSite\",\"@id\":\"https:\\\/\\\/www.emplea-te.com\\\/noticias-oposiciones\\\/#website\",\"url\":\"https:\\\/\\\/www.emplea-te.com\\\/noticias-oposiciones\\\/\",\"name\":\"Noticas de oposiciones por Academia Emplea-te\",\"description\":\"Toda la actualidad de las ofertas y convocatorias.\",\"publisher\":{\"@id\":\"https:\\\/\\\/www.emplea-te.com\\\/noticias-oposiciones\\\/#organization\"},\"potentialAction\":[{\"@type\":\"SearchAction\",\"target\":{\"@type\":\"EntryPoint\",\"urlTemplate\":\"https:\\\/\\\/www.emplea-te.com\\\/noticias-oposiciones\\\/?s={search_term_string}\"},\"query-input\":{\"@type\":\"PropertyValueSpecification\",\"valueRequired\":true,\"valueName\":\"search_term_string\"}}],\"inLanguage\":\"es\"},{\"@type\":\"Organization\",\"@id\":\"https:\\\/\\\/www.emplea-te.com\\\/noticias-oposiciones\\\/#organization\",\"name\":\"Academia de oposiciones Empl\u00e9ate\",\"url\":\"https:\\\/\\\/www.emplea-te.com\\\/noticias-oposiciones\\\/\",\"logo\":{\"@type\":\"ImageObject\",\"inLanguage\":\"es\",\"@id\":\"https:\\\/\\\/www.emplea-te.com\\\/noticias-oposiciones\\\/#\\\/schema\\\/logo\\\/image\\\/\",\"url\":\"https:\\\/\\\/www.emplea-te.com\\\/noticias-oposiciones\\\/wp-content\\\/uploads\\\/2019\\\/04\\\/empleate.jpg\",\"contentUrl\":\"https:\\\/\\\/www.emplea-te.com\\\/noticias-oposiciones\\\/wp-content\\\/uploads\\\/2019\\\/04\\\/empleate.jpg\",\"width\":250,\"height\":150,\"caption\":\"Academia de oposiciones Empl\u00e9ate\"},\"image\":{\"@id\":\"https:\\\/\\\/www.emplea-te.com\\\/noticias-oposiciones\\\/#\\\/schema\\\/logo\\\/image\\\/\"},\"sameAs\":[\"https:\\\/\\\/www.facebook.com\\\/AcademiaEmpleate\\\/\",\"https:\\\/\\\/x.com\\\/Emplea_Te\",\"https:\\\/\\\/www.instagram.com\\\/academia_empleate\\\/\"]},{\"@type\":\"Person\",\"@id\":\"https:\\\/\\\/www.emplea-te.com\\\/noticias-oposiciones\\\/#\\\/schema\\\/person\\\/d1bc587e1af2b95e9c32aba1795509a6\",\"name\":\"Empleate\"}]}<\/script>\n<!-- \/ Yoast SEO plugin. -->","yoast_head_json":{"title":"SERGAS. Resoluci\u00f3n RRHH procesos selectivos distintas categor\u00edas.","description":"SERGAS. Relaci\u00f3n definitiva aspirantes admitidos y excluidos y exentos y no exentos de realizar la prueba de gallego de distintas categor\u00edas.","robots":{"index":"index","follow":"follow","max-snippet":"max-snippet:-1","max-image-preview":"max-image-preview:large","max-video-preview":"max-video-preview:-1"},"canonical":"https:\/\/www.emplea-te.com\/noticias-oposiciones\/sergas-relaciones-definitivas-de-aspirantes-admitidos-y-excluidos-y-exentos-y-no-exentos-de-realizar-la-prueba-de-gallego-de-distintas-categorias\/","og_locale":"es_ES","og_type":"article","og_title":"SERGAS. Resoluci\u00f3n RRHH procesos selectivos distintas categor\u00edas.","og_description":"SERGAS. Relaci\u00f3n definitiva aspirantes admitidos y excluidos y exentos y no exentos de realizar la prueba de gallego de distintas categor\u00edas.","og_url":"https:\/\/www.emplea-te.com\/noticias-oposiciones\/sergas-relaciones-definitivas-de-aspirantes-admitidos-y-excluidos-y-exentos-y-no-exentos-de-realizar-la-prueba-de-gallego-de-distintas-categorias\/","og_site_name":"Noticas de oposiciones por Academia Emplea-te","article_publisher":"https:\/\/www.facebook.com\/AcademiaEmpleate\/","article_published_time":"2022-02-02T09:29:19+00:00","author":"Empleate","twitter_card":"summary_large_image","twitter_creator":"@Emplea_Te","twitter_site":"@Emplea_Te","twitter_misc":{"Escrito por":"Empleate","Tiempo de lectura":"2 minutos"},"schema":{"@context":"https:\/\/schema.org","@graph":[{"@type":"Article","@id":"https:\/\/www.emplea-te.com\/noticias-oposiciones\/sergas-relaciones-definitivas-de-aspirantes-admitidos-y-excluidos-y-exentos-y-no-exentos-de-realizar-la-prueba-de-gallego-de-distintas-categorias\/#article","isPartOf":{"@id":"https:\/\/www.emplea-te.com\/noticias-oposiciones\/sergas-relaciones-definitivas-de-aspirantes-admitidos-y-excluidos-y-exentos-y-no-exentos-de-realizar-la-prueba-de-gallego-de-distintas-categorias\/"},"author":{"name":"Empleate","@id":"https:\/\/www.emplea-te.com\/noticias-oposiciones\/#\/schema\/person\/d1bc587e1af2b95e9c32aba1795509a6"},"headline":"SERGAS. Relaciones definitivas de aspirantes admitidos y excluidos y exentos y no exentos de realizar la prueba de gallego de distintas categor\u00edas.","datePublished":"2022-02-02T09:29:19+00:00","mainEntityOfPage":{"@id":"https:\/\/www.emplea-te.com\/noticias-oposiciones\/sergas-relaciones-definitivas-de-aspirantes-admitidos-y-excluidos-y-exentos-y-no-exentos-de-realizar-la-prueba-de-gallego-de-distintas-categorias\/"},"wordCount":385,"publisher":{"@id":"https:\/\/www.emplea-te.com\/noticias-oposiciones\/#organization"},"keywords":["Listados Definitivos de aspirantes admitidos y excluidos"],"articleSection":["Oposiciones SERGAS"],"inLanguage":"es"},{"@type":"WebPage","@id":"https:\/\/www.emplea-te.com\/noticias-oposiciones\/sergas-relaciones-definitivas-de-aspirantes-admitidos-y-excluidos-y-exentos-y-no-exentos-de-realizar-la-prueba-de-gallego-de-distintas-categorias\/","url":"https:\/\/www.emplea-te.com\/noticias-oposiciones\/sergas-relaciones-definitivas-de-aspirantes-admitidos-y-excluidos-y-exentos-y-no-exentos-de-realizar-la-prueba-de-gallego-de-distintas-categorias\/","name":"SERGAS. Resoluci\u00f3n RRHH procesos selectivos distintas categor\u00edas.","isPartOf":{"@id":"https:\/\/www.emplea-te.com\/noticias-oposiciones\/#website"},"datePublished":"2022-02-02T09:29:19+00:00","description":"SERGAS. Relaci\u00f3n definitiva aspirantes admitidos y excluidos y exentos y no exentos de realizar la prueba de gallego de distintas categor\u00edas.","breadcrumb":{"@id":"https:\/\/www.emplea-te.com\/noticias-oposiciones\/sergas-relaciones-definitivas-de-aspirantes-admitidos-y-excluidos-y-exentos-y-no-exentos-de-realizar-la-prueba-de-gallego-de-distintas-categorias\/#breadcrumb"},"inLanguage":"es","potentialAction":[{"@type":"ReadAction","target":["https:\/\/www.emplea-te.com\/noticias-oposiciones\/sergas-relaciones-definitivas-de-aspirantes-admitidos-y-excluidos-y-exentos-y-no-exentos-de-realizar-la-prueba-de-gallego-de-distintas-categorias\/"]}]},{"@type":"BreadcrumbList","@id":"https:\/\/www.emplea-te.com\/noticias-oposiciones\/sergas-relaciones-definitivas-de-aspirantes-admitidos-y-excluidos-y-exentos-y-no-exentos-de-realizar-la-prueba-de-gallego-de-distintas-categorias\/#breadcrumb","itemListElement":[{"@type":"ListItem","position":1,"name":"Noticias Oposiciones","item":"https:\/\/www.emplea-te.com\/noticias-oposiciones\/"},{"@type":"ListItem","position":2,"name":"Oposiciones SERGAS","item":"https:\/\/www.emplea-te.com\/noticias-oposiciones\/categoria\/oposiciones-sergas\/"},{"@type":"ListItem","position":3,"name":"SERGAS. Relaciones definitivas de aspirantes admitidos y excluidos y exentos y no exentos de realizar la prueba de gallego de distintas categor\u00edas."}]},{"@type":"WebSite","@id":"https:\/\/www.emplea-te.com\/noticias-oposiciones\/#website","url":"https:\/\/www.emplea-te.com\/noticias-oposiciones\/","name":"Noticas de oposiciones por Academia Emplea-te","description":"Toda la actualidad de las ofertas y convocatorias.","publisher":{"@id":"https:\/\/www.emplea-te.com\/noticias-oposiciones\/#organization"},"potentialAction":[{"@type":"SearchAction","target":{"@type":"EntryPoint","urlTemplate":"https:\/\/www.emplea-te.com\/noticias-oposiciones\/?s={search_term_string}"},"query-input":{"@type":"PropertyValueSpecification","valueRequired":true,"valueName":"search_term_string"}}],"inLanguage":"es"},{"@type":"Organization","@id":"https:\/\/www.emplea-te.com\/noticias-oposiciones\/#organization","name":"Academia de oposiciones Empl\u00e9ate","url":"https:\/\/www.emplea-te.com\/noticias-oposiciones\/","logo":{"@type":"ImageObject","inLanguage":"es","@id":"https:\/\/www.emplea-te.com\/noticias-oposiciones\/#\/schema\/logo\/image\/","url":"https:\/\/www.emplea-te.com\/noticias-oposiciones\/wp-content\/uploads\/2019\/04\/empleate.jpg","contentUrl":"https:\/\/www.emplea-te.com\/noticias-oposiciones\/wp-content\/uploads\/2019\/04\/empleate.jpg","width":250,"height":150,"caption":"Academia de oposiciones Empl\u00e9ate"},"image":{"@id":"https:\/\/www.emplea-te.com\/noticias-oposiciones\/#\/schema\/logo\/image\/"},"sameAs":["https:\/\/www.facebook.com\/AcademiaEmpleate\/","https:\/\/x.com\/Emplea_Te","https:\/\/www.instagram.com\/academia_empleate\/"]},{"@type":"Person","@id":"https:\/\/www.emplea-te.com\/noticias-oposiciones\/#\/schema\/person\/d1bc587e1af2b95e9c32aba1795509a6","name":"Empleate"}]}},"_links":{"self":[{"href":"https:\/\/www.emplea-te.com\/noticias-oposiciones\/wp-json\/wp\/v2\/posts\/6012","targetHints":{"allow":["GET"]}}],"collection":[{"href":"https:\/\/www.emplea-te.com\/noticias-oposiciones\/wp-json\/wp\/v2\/posts"}],"about":[{"href":"https:\/\/www.emplea-te.com\/noticias-oposiciones\/wp-json\/wp\/v2\/types\/post"}],"author":[{"embeddable":true,"href":"https:\/\/www.emplea-te.com\/noticias-oposiciones\/wp-json\/wp\/v2\/users\/1"}],"replies":[{"embeddable":true,"href":"https:\/\/www.emplea-te.com\/noticias-oposiciones\/wp-json\/wp\/v2\/comments?post=6012"}],"version-history":[{"count":1,"href":"https:\/\/www.emplea-te.com\/noticias-oposiciones\/wp-json\/wp\/v2\/posts\/6012\/revisions"}],"predecessor-version":[{"id":6013,"href":"https:\/\/www.emplea-te.com\/noticias-oposiciones\/wp-json\/wp\/v2\/posts\/6012\/revisions\/6013"}],"wp:attachment":[{"href":"https:\/\/www.emplea-te.com\/noticias-oposiciones\/wp-json\/wp\/v2\/media?parent=6012"}],"wp:term":[{"taxonomy":"category","embeddable":true,"href":"https:\/\/www.emplea-te.com\/noticias-oposiciones\/wp-json\/wp\/v2\/categories?post=6012"},{"taxonomy":"post_tag","embeddable":true,"href":"https:\/\/www.emplea-te.com\/noticias-oposiciones\/wp-json\/wp\/v2\/tags?post=6012"}],"curies":[{"name":"wp","href":"https:\/\/api.w.org\/{rel}","templated":true}]}}