{"id":6129,"date":"2022-02-17T10:36:53","date_gmt":"2022-02-17T09:36:53","guid":{"rendered":"https:\/\/www.emplea-te.com\/noticias-oposiciones\/?p=6129"},"modified":"2022-02-17T10:36:53","modified_gmt":"2022-02-17T09:36:53","slug":"xunta-de-galicia-cuerpo-superior-a1-convocado-por-orden-de-22-de-noviembre-de-2019-publicacion-de-diversos-acuerdos","status":"publish","type":"post","link":"https:\/\/www.emplea-te.com\/noticias-oposiciones\/xunta-de-galicia-cuerpo-superior-a1-convocado-por-orden-de-22-de-noviembre-de-2019-publicacion-de-diversos-acuerdos\/","title":{"rendered":"Xunta de Galicia. Cuerpo Superior A1 convocado por Orden de 22 de noviembre de 2019. Publicaci\u00f3n de diversos acuerdos."},"content":{"rendered":"<p>Se publica en la Web de Funci\u00f3n P\u00fablica de la Xunta de Galicia la Resoluci\u00f3n\u00a0 \u00a0referente al proceso selectivo para el ingreso en el Cuerpo Superior de la Administraci\u00f3n A1 con diversos Acuerdos:<\/p>\n<p>Ning\u00fan aspirante que haya superado el segundo ejercicio tendr\u00e1 que realizar el ejercicio de gallego por haber acreditado el certificado correspondiente.<\/p>\n<p>Se da por finalizada la fase de oposici\u00f3n.<\/p>\n<p><a href=\"http:\/\/www.xunta.es\/rcp\/listas\/rcp_opo\/opo_visor_novas.jsp?urlAcceso=119P124P123X110P102D126I106C78E54Y126Q109F121N121Q117W120I63V52R52D124V124J124A51B125A122I115T121T102U51B108V102P113C52H105S125D107I117U52T75U122H115F104U110H116A115X102E119M110K116O120Q52Q55B53U54V62D52T70H54R52C87X106Z120P54F58C53Z55U55Q53T55D55O100A70M54G51N117C105J107U127D105Z120H112W119M53X105E122R71D114Z&amp;controlAcceso=105B109C116G111R116P75K59N119H115R105D54A60P53R55N55J53D55E55B58B83D111J105J103D123H103U104Z104Z124B\" target=\"_blank\" rel=\"noopener\">Desde este enlace puedes acceder al contenido de la Resoluci\u00f3n con los distintos Acuerdos publicados en la Web de la Xunta de Galicia.\u00a0<\/a><\/p>\n","protected":false},"excerpt":{"rendered":"<p>Se publica en la Web de Funci\u00f3n P\u00fablica de la Xunta de Galicia la Resoluci\u00f3n\u00a0 \u00a0referente al proceso selectivo para el ingreso en el Cuerpo Superior de la Administraci\u00f3n A1 con diversos Acuerdos: Ning\u00fan aspirante que haya superado el segundo ejercicio tendr\u00e1 que realizar el ejercicio de gallego por haber acreditado el certificado correspondiente. Se &hellip; <a href=\"https:\/\/www.emplea-te.com\/noticias-oposiciones\/xunta-de-galicia-cuerpo-superior-a1-convocado-por-orden-de-22-de-noviembre-de-2019-publicacion-de-diversos-acuerdos\/\" class=\"more-link\">Continuar leyendo<span class=\"screen-reader-text\"> \u00abXunta de Galicia. Cuerpo Superior A1 convocado por Orden de 22 de noviembre de 2019. Publicaci\u00f3n de diversos acuerdos.\u00bb<\/span><\/a><\/p>\n","protected":false},"author":1,"featured_media":0,"comment_status":"closed","ping_status":"closed","sticky":false,"template":"","format":"standard","meta":{"footnotes":""},"categories":[4],"tags":[82],"class_list":["post-6129","post","type-post","status-publish","format-standard","hentry","category-oposiciones-xunta","tag-acceso-libre"],"yoast_head":"<!-- This site is optimized with the Yoast SEO plugin v27.5 - https:\/\/yoast.com\/product\/yoast-seo-wordpress\/ -->\n<title>Xunta de Galicia. Cuerpo Superior A1 acceso libre. Acuerdos publicados.<\/title>\n<meta name=\"description\" content=\"Xunta de Galicia. Cuerpo Superior de la Administraci\u00f3n A1 acceso libre. Publicados distintos Acuerdos.\" \/>\n<meta name=\"robots\" content=\"index, follow, max-snippet:-1, max-image-preview:large, max-video-preview:-1\" \/>\n<link rel=\"canonical\" href=\"https:\/\/www.emplea-te.com\/noticias-oposiciones\/xunta-de-galicia-cuerpo-superior-a1-convocado-por-orden-de-22-de-noviembre-de-2019-publicacion-de-diversos-acuerdos\/\" \/>\n<meta property=\"og:locale\" content=\"es_ES\" \/>\n<meta property=\"og:type\" content=\"article\" \/>\n<meta property=\"og:title\" content=\"Xunta de Galicia. Cuerpo Superior A1 acceso libre. Acuerdos publicados.\" \/>\n<meta property=\"og:description\" content=\"Xunta de Galicia. Cuerpo Superior de la Administraci\u00f3n A1 acceso libre. Publicados distintos Acuerdos.\" \/>\n<meta property=\"og:url\" content=\"https:\/\/www.emplea-te.com\/noticias-oposiciones\/xunta-de-galicia-cuerpo-superior-a1-convocado-por-orden-de-22-de-noviembre-de-2019-publicacion-de-diversos-acuerdos\/\" \/>\n<meta property=\"og:site_name\" content=\"Noticas de oposiciones por Academia Emplea-te\" \/>\n<meta property=\"article:publisher\" content=\"https:\/\/www.facebook.com\/AcademiaEmpleate\/\" \/>\n<meta property=\"article:published_time\" content=\"2022-02-17T09:36:53+00:00\" \/>\n<meta name=\"author\" content=\"Empleate\" \/>\n<meta name=\"twitter:card\" content=\"summary_large_image\" \/>\n<meta name=\"twitter:creator\" content=\"@Emplea_Te\" \/>\n<meta name=\"twitter:site\" content=\"@Emplea_Te\" \/>\n<meta name=\"twitter:label1\" content=\"Escrito por\" \/>\n\t<meta name=\"twitter:data1\" content=\"Empleate\" \/>\n<script type=\"application\/ld+json\" class=\"yoast-schema-graph\">{\"@context\":\"https:\\\/\\\/schema.org\",\"@graph\":[{\"@type\":\"Article\",\"@id\":\"https:\\\/\\\/www.emplea-te.com\\\/noticias-oposiciones\\\/xunta-de-galicia-cuerpo-superior-a1-convocado-por-orden-de-22-de-noviembre-de-2019-publicacion-de-diversos-acuerdos\\\/#article\",\"isPartOf\":{\"@id\":\"https:\\\/\\\/www.emplea-te.com\\\/noticias-oposiciones\\\/xunta-de-galicia-cuerpo-superior-a1-convocado-por-orden-de-22-de-noviembre-de-2019-publicacion-de-diversos-acuerdos\\\/\"},\"author\":{\"name\":\"Empleate\",\"@id\":\"https:\\\/\\\/www.emplea-te.com\\\/noticias-oposiciones\\\/#\\\/schema\\\/person\\\/d1bc587e1af2b95e9c32aba1795509a6\"},\"headline\":\"Xunta de Galicia. Cuerpo Superior A1 convocado por Orden de 22 de noviembre de 2019. Publicaci\u00f3n de diversos acuerdos.\",\"datePublished\":\"2022-02-17T09:36:53+00:00\",\"mainEntityOfPage\":{\"@id\":\"https:\\\/\\\/www.emplea-te.com\\\/noticias-oposiciones\\\/xunta-de-galicia-cuerpo-superior-a1-convocado-por-orden-de-22-de-noviembre-de-2019-publicacion-de-diversos-acuerdos\\\/\"},\"wordCount\":110,\"publisher\":{\"@id\":\"https:\\\/\\\/www.emplea-te.com\\\/noticias-oposiciones\\\/#organization\"},\"keywords\":[\"Acceso libre\"],\"articleSection\":[\"Oposiciones Xunta\"],\"inLanguage\":\"es\"},{\"@type\":\"WebPage\",\"@id\":\"https:\\\/\\\/www.emplea-te.com\\\/noticias-oposiciones\\\/xunta-de-galicia-cuerpo-superior-a1-convocado-por-orden-de-22-de-noviembre-de-2019-publicacion-de-diversos-acuerdos\\\/\",\"url\":\"https:\\\/\\\/www.emplea-te.com\\\/noticias-oposiciones\\\/xunta-de-galicia-cuerpo-superior-a1-convocado-por-orden-de-22-de-noviembre-de-2019-publicacion-de-diversos-acuerdos\\\/\",\"name\":\"Xunta de Galicia. Cuerpo Superior A1 acceso libre. Acuerdos publicados.\",\"isPartOf\":{\"@id\":\"https:\\\/\\\/www.emplea-te.com\\\/noticias-oposiciones\\\/#website\"},\"datePublished\":\"2022-02-17T09:36:53+00:00\",\"description\":\"Xunta de Galicia. Cuerpo Superior de la Administraci\u00f3n A1 acceso libre. Publicados distintos Acuerdos.\",\"breadcrumb\":{\"@id\":\"https:\\\/\\\/www.emplea-te.com\\\/noticias-oposiciones\\\/xunta-de-galicia-cuerpo-superior-a1-convocado-por-orden-de-22-de-noviembre-de-2019-publicacion-de-diversos-acuerdos\\\/#breadcrumb\"},\"inLanguage\":\"es\",\"potentialAction\":[{\"@type\":\"ReadAction\",\"target\":[\"https:\\\/\\\/www.emplea-te.com\\\/noticias-oposiciones\\\/xunta-de-galicia-cuerpo-superior-a1-convocado-por-orden-de-22-de-noviembre-de-2019-publicacion-de-diversos-acuerdos\\\/\"]}]},{\"@type\":\"BreadcrumbList\",\"@id\":\"https:\\\/\\\/www.emplea-te.com\\\/noticias-oposiciones\\\/xunta-de-galicia-cuerpo-superior-a1-convocado-por-orden-de-22-de-noviembre-de-2019-publicacion-de-diversos-acuerdos\\\/#breadcrumb\",\"itemListElement\":[{\"@type\":\"ListItem\",\"position\":1,\"name\":\"Noticias Oposiciones\",\"item\":\"https:\\\/\\\/www.emplea-te.com\\\/noticias-oposiciones\\\/\"},{\"@type\":\"ListItem\",\"position\":2,\"name\":\"Oposiciones Xunta\",\"item\":\"https:\\\/\\\/www.emplea-te.com\\\/noticias-oposiciones\\\/categoria\\\/oposiciones-xunta\\\/\"},{\"@type\":\"ListItem\",\"position\":3,\"name\":\"Xunta de Galicia. Cuerpo Superior A1 convocado por Orden de 22 de noviembre de 2019. Publicaci\u00f3n de diversos acuerdos.\"}]},{\"@type\":\"WebSite\",\"@id\":\"https:\\\/\\\/www.emplea-te.com\\\/noticias-oposiciones\\\/#website\",\"url\":\"https:\\\/\\\/www.emplea-te.com\\\/noticias-oposiciones\\\/\",\"name\":\"Noticas de oposiciones por Academia Emplea-te\",\"description\":\"Toda la actualidad de las ofertas y convocatorias.\",\"publisher\":{\"@id\":\"https:\\\/\\\/www.emplea-te.com\\\/noticias-oposiciones\\\/#organization\"},\"potentialAction\":[{\"@type\":\"SearchAction\",\"target\":{\"@type\":\"EntryPoint\",\"urlTemplate\":\"https:\\\/\\\/www.emplea-te.com\\\/noticias-oposiciones\\\/?s={search_term_string}\"},\"query-input\":{\"@type\":\"PropertyValueSpecification\",\"valueRequired\":true,\"valueName\":\"search_term_string\"}}],\"inLanguage\":\"es\"},{\"@type\":\"Organization\",\"@id\":\"https:\\\/\\\/www.emplea-te.com\\\/noticias-oposiciones\\\/#organization\",\"name\":\"Academia de oposiciones Empl\u00e9ate\",\"url\":\"https:\\\/\\\/www.emplea-te.com\\\/noticias-oposiciones\\\/\",\"logo\":{\"@type\":\"ImageObject\",\"inLanguage\":\"es\",\"@id\":\"https:\\\/\\\/www.emplea-te.com\\\/noticias-oposiciones\\\/#\\\/schema\\\/logo\\\/image\\\/\",\"url\":\"https:\\\/\\\/www.emplea-te.com\\\/noticias-oposiciones\\\/wp-content\\\/uploads\\\/2019\\\/04\\\/empleate.jpg\",\"contentUrl\":\"https:\\\/\\\/www.emplea-te.com\\\/noticias-oposiciones\\\/wp-content\\\/uploads\\\/2019\\\/04\\\/empleate.jpg\",\"width\":250,\"height\":150,\"caption\":\"Academia de oposiciones Empl\u00e9ate\"},\"image\":{\"@id\":\"https:\\\/\\\/www.emplea-te.com\\\/noticias-oposiciones\\\/#\\\/schema\\\/logo\\\/image\\\/\"},\"sameAs\":[\"https:\\\/\\\/www.facebook.com\\\/AcademiaEmpleate\\\/\",\"https:\\\/\\\/x.com\\\/Emplea_Te\",\"https:\\\/\\\/www.instagram.com\\\/academia_empleate\\\/\"]},{\"@type\":\"Person\",\"@id\":\"https:\\\/\\\/www.emplea-te.com\\\/noticias-oposiciones\\\/#\\\/schema\\\/person\\\/d1bc587e1af2b95e9c32aba1795509a6\",\"name\":\"Empleate\"}]}<\/script>\n<!-- \/ Yoast SEO plugin. -->","yoast_head_json":{"title":"Xunta de Galicia. Cuerpo Superior A1 acceso libre. Acuerdos publicados.","description":"Xunta de Galicia. Cuerpo Superior de la Administraci\u00f3n A1 acceso libre. Publicados distintos Acuerdos.","robots":{"index":"index","follow":"follow","max-snippet":"max-snippet:-1","max-image-preview":"max-image-preview:large","max-video-preview":"max-video-preview:-1"},"canonical":"https:\/\/www.emplea-te.com\/noticias-oposiciones\/xunta-de-galicia-cuerpo-superior-a1-convocado-por-orden-de-22-de-noviembre-de-2019-publicacion-de-diversos-acuerdos\/","og_locale":"es_ES","og_type":"article","og_title":"Xunta de Galicia. Cuerpo Superior A1 acceso libre. Acuerdos publicados.","og_description":"Xunta de Galicia. Cuerpo Superior de la Administraci\u00f3n A1 acceso libre. Publicados distintos Acuerdos.","og_url":"https:\/\/www.emplea-te.com\/noticias-oposiciones\/xunta-de-galicia-cuerpo-superior-a1-convocado-por-orden-de-22-de-noviembre-de-2019-publicacion-de-diversos-acuerdos\/","og_site_name":"Noticas de oposiciones por Academia Emplea-te","article_publisher":"https:\/\/www.facebook.com\/AcademiaEmpleate\/","article_published_time":"2022-02-17T09:36:53+00:00","author":"Empleate","twitter_card":"summary_large_image","twitter_creator":"@Emplea_Te","twitter_site":"@Emplea_Te","twitter_misc":{"Escrito por":"Empleate"},"schema":{"@context":"https:\/\/schema.org","@graph":[{"@type":"Article","@id":"https:\/\/www.emplea-te.com\/noticias-oposiciones\/xunta-de-galicia-cuerpo-superior-a1-convocado-por-orden-de-22-de-noviembre-de-2019-publicacion-de-diversos-acuerdos\/#article","isPartOf":{"@id":"https:\/\/www.emplea-te.com\/noticias-oposiciones\/xunta-de-galicia-cuerpo-superior-a1-convocado-por-orden-de-22-de-noviembre-de-2019-publicacion-de-diversos-acuerdos\/"},"author":{"name":"Empleate","@id":"https:\/\/www.emplea-te.com\/noticias-oposiciones\/#\/schema\/person\/d1bc587e1af2b95e9c32aba1795509a6"},"headline":"Xunta de Galicia. Cuerpo Superior A1 convocado por Orden de 22 de noviembre de 2019. Publicaci\u00f3n de diversos acuerdos.","datePublished":"2022-02-17T09:36:53+00:00","mainEntityOfPage":{"@id":"https:\/\/www.emplea-te.com\/noticias-oposiciones\/xunta-de-galicia-cuerpo-superior-a1-convocado-por-orden-de-22-de-noviembre-de-2019-publicacion-de-diversos-acuerdos\/"},"wordCount":110,"publisher":{"@id":"https:\/\/www.emplea-te.com\/noticias-oposiciones\/#organization"},"keywords":["Acceso libre"],"articleSection":["Oposiciones Xunta"],"inLanguage":"es"},{"@type":"WebPage","@id":"https:\/\/www.emplea-te.com\/noticias-oposiciones\/xunta-de-galicia-cuerpo-superior-a1-convocado-por-orden-de-22-de-noviembre-de-2019-publicacion-de-diversos-acuerdos\/","url":"https:\/\/www.emplea-te.com\/noticias-oposiciones\/xunta-de-galicia-cuerpo-superior-a1-convocado-por-orden-de-22-de-noviembre-de-2019-publicacion-de-diversos-acuerdos\/","name":"Xunta de Galicia. Cuerpo Superior A1 acceso libre. Acuerdos publicados.","isPartOf":{"@id":"https:\/\/www.emplea-te.com\/noticias-oposiciones\/#website"},"datePublished":"2022-02-17T09:36:53+00:00","description":"Xunta de Galicia. Cuerpo Superior de la Administraci\u00f3n A1 acceso libre. Publicados distintos Acuerdos.","breadcrumb":{"@id":"https:\/\/www.emplea-te.com\/noticias-oposiciones\/xunta-de-galicia-cuerpo-superior-a1-convocado-por-orden-de-22-de-noviembre-de-2019-publicacion-de-diversos-acuerdos\/#breadcrumb"},"inLanguage":"es","potentialAction":[{"@type":"ReadAction","target":["https:\/\/www.emplea-te.com\/noticias-oposiciones\/xunta-de-galicia-cuerpo-superior-a1-convocado-por-orden-de-22-de-noviembre-de-2019-publicacion-de-diversos-acuerdos\/"]}]},{"@type":"BreadcrumbList","@id":"https:\/\/www.emplea-te.com\/noticias-oposiciones\/xunta-de-galicia-cuerpo-superior-a1-convocado-por-orden-de-22-de-noviembre-de-2019-publicacion-de-diversos-acuerdos\/#breadcrumb","itemListElement":[{"@type":"ListItem","position":1,"name":"Noticias Oposiciones","item":"https:\/\/www.emplea-te.com\/noticias-oposiciones\/"},{"@type":"ListItem","position":2,"name":"Oposiciones Xunta","item":"https:\/\/www.emplea-te.com\/noticias-oposiciones\/categoria\/oposiciones-xunta\/"},{"@type":"ListItem","position":3,"name":"Xunta de Galicia. Cuerpo Superior A1 convocado por Orden de 22 de noviembre de 2019. Publicaci\u00f3n de diversos acuerdos."}]},{"@type":"WebSite","@id":"https:\/\/www.emplea-te.com\/noticias-oposiciones\/#website","url":"https:\/\/www.emplea-te.com\/noticias-oposiciones\/","name":"Noticas de oposiciones por Academia Emplea-te","description":"Toda la actualidad de las ofertas y convocatorias.","publisher":{"@id":"https:\/\/www.emplea-te.com\/noticias-oposiciones\/#organization"},"potentialAction":[{"@type":"SearchAction","target":{"@type":"EntryPoint","urlTemplate":"https:\/\/www.emplea-te.com\/noticias-oposiciones\/?s={search_term_string}"},"query-input":{"@type":"PropertyValueSpecification","valueRequired":true,"valueName":"search_term_string"}}],"inLanguage":"es"},{"@type":"Organization","@id":"https:\/\/www.emplea-te.com\/noticias-oposiciones\/#organization","name":"Academia de oposiciones Empl\u00e9ate","url":"https:\/\/www.emplea-te.com\/noticias-oposiciones\/","logo":{"@type":"ImageObject","inLanguage":"es","@id":"https:\/\/www.emplea-te.com\/noticias-oposiciones\/#\/schema\/logo\/image\/","url":"https:\/\/www.emplea-te.com\/noticias-oposiciones\/wp-content\/uploads\/2019\/04\/empleate.jpg","contentUrl":"https:\/\/www.emplea-te.com\/noticias-oposiciones\/wp-content\/uploads\/2019\/04\/empleate.jpg","width":250,"height":150,"caption":"Academia de oposiciones Empl\u00e9ate"},"image":{"@id":"https:\/\/www.emplea-te.com\/noticias-oposiciones\/#\/schema\/logo\/image\/"},"sameAs":["https:\/\/www.facebook.com\/AcademiaEmpleate\/","https:\/\/x.com\/Emplea_Te","https:\/\/www.instagram.com\/academia_empleate\/"]},{"@type":"Person","@id":"https:\/\/www.emplea-te.com\/noticias-oposiciones\/#\/schema\/person\/d1bc587e1af2b95e9c32aba1795509a6","name":"Empleate"}]}},"_links":{"self":[{"href":"https:\/\/www.emplea-te.com\/noticias-oposiciones\/wp-json\/wp\/v2\/posts\/6129","targetHints":{"allow":["GET"]}}],"collection":[{"href":"https:\/\/www.emplea-te.com\/noticias-oposiciones\/wp-json\/wp\/v2\/posts"}],"about":[{"href":"https:\/\/www.emplea-te.com\/noticias-oposiciones\/wp-json\/wp\/v2\/types\/post"}],"author":[{"embeddable":true,"href":"https:\/\/www.emplea-te.com\/noticias-oposiciones\/wp-json\/wp\/v2\/users\/1"}],"replies":[{"embeddable":true,"href":"https:\/\/www.emplea-te.com\/noticias-oposiciones\/wp-json\/wp\/v2\/comments?post=6129"}],"version-history":[{"count":1,"href":"https:\/\/www.emplea-te.com\/noticias-oposiciones\/wp-json\/wp\/v2\/posts\/6129\/revisions"}],"predecessor-version":[{"id":6130,"href":"https:\/\/www.emplea-te.com\/noticias-oposiciones\/wp-json\/wp\/v2\/posts\/6129\/revisions\/6130"}],"wp:attachment":[{"href":"https:\/\/www.emplea-te.com\/noticias-oposiciones\/wp-json\/wp\/v2\/media?parent=6129"}],"wp:term":[{"taxonomy":"category","embeddable":true,"href":"https:\/\/www.emplea-te.com\/noticias-oposiciones\/wp-json\/wp\/v2\/categories?post=6129"},{"taxonomy":"post_tag","embeddable":true,"href":"https:\/\/www.emplea-te.com\/noticias-oposiciones\/wp-json\/wp\/v2\/tags?post=6129"}],"curies":[{"name":"wp","href":"https:\/\/api.w.org\/{rel}","templated":true}]}}