{"id":6131,"date":"2022-02-17T10:47:03","date_gmt":"2022-02-17T09:47:03","guid":{"rendered":"https:\/\/www.emplea-te.com\/noticias-oposiciones\/?p=6131"},"modified":"2022-02-17T10:47:03","modified_gmt":"2022-02-17T09:47:03","slug":"cuerpos-generales-del-estado-se-publica-la-nota-informativa-sobre-los-procesos-selectivos-encomendados-a-la-comision-permanente-de-seleccion","status":"publish","type":"post","link":"https:\/\/www.emplea-te.com\/noticias-oposiciones\/cuerpos-generales-del-estado-se-publica-la-nota-informativa-sobre-los-procesos-selectivos-encomendados-a-la-comision-permanente-de-seleccion\/","title":{"rendered":"Cuerpos Generales del Estado. Se publica la Nota Informativa sobre los procesos selectivos encomendados a la comisi\u00f3n permanente de selecci\u00f3n."},"content":{"rendered":"<p>Se publica en la Web del INAP la Nota Informativa sobre los procesos selectivos encomendados a la comisi\u00f3n permanente de selecci\u00f3n de los Cuerpos Generales del Estado.<\/p>\n<p>Sin perjuicio de lo establecido en las bases especificas 9 y 10 de la Resoluci\u00f3n de 26 de mayo de 2021 de la Secretar\u00eda de Estado de Pol\u00edtica Territorial y Funci\u00f3n P\u00fablica, la Comisi\u00f3n Permanente de Selecci\u00f3n informa,<br \/>\nque el n\u00famero de plazas convocadas y de opositores admitidos en los procesos selectivos convocados en mediante dicha Resoluci\u00f3n, as\u00ed como de los presentados provisionales en los ejercicios que se celebraron el d\u00eda 12 de febrero han sido los siguientes:<\/p>\n<p><img decoding=\"async\" class=\"alignnone size-full wp-image-6132\" src=\"https:\/\/www.emplea-te.com\/noticias-oposiciones\/wp-content\/uploads\/2022\/02\/Nota_CPS_opositores_febrero_datos_ZISDWQVS6Q_154AB89SD658_page-0001.jpg\" alt=\"\" width=\"1241\" height=\"1754\" srcset=\"https:\/\/www.emplea-te.com\/noticias-oposiciones\/wp-content\/uploads\/2022\/02\/Nota_CPS_opositores_febrero_datos_ZISDWQVS6Q_154AB89SD658_page-0001.jpg 1241w, https:\/\/www.emplea-te.com\/noticias-oposiciones\/wp-content\/uploads\/2022\/02\/Nota_CPS_opositores_febrero_datos_ZISDWQVS6Q_154AB89SD658_page-0001-212x300.jpg 212w, https:\/\/www.emplea-te.com\/noticias-oposiciones\/wp-content\/uploads\/2022\/02\/Nota_CPS_opositores_febrero_datos_ZISDWQVS6Q_154AB89SD658_page-0001-725x1024.jpg 725w, https:\/\/www.emplea-te.com\/noticias-oposiciones\/wp-content\/uploads\/2022\/02\/Nota_CPS_opositores_febrero_datos_ZISDWQVS6Q_154AB89SD658_page-0001-768x1085.jpg 768w, https:\/\/www.emplea-te.com\/noticias-oposiciones\/wp-content\/uploads\/2022\/02\/Nota_CPS_opositores_febrero_datos_ZISDWQVS6Q_154AB89SD658_page-0001-1087x1536.jpg 1087w, https:\/\/www.emplea-te.com\/noticias-oposiciones\/wp-content\/uploads\/2022\/02\/Nota_CPS_opositores_febrero_datos_ZISDWQVS6Q_154AB89SD658_page-0001-1200x1696.jpg 1200w\" sizes=\"(max-width: 709px) 85vw, (max-width: 909px) 67vw, (max-width: 1362px) 62vw, 840px\" \/><\/p>\n<p>&nbsp;<\/p>\n<p><a href=\"https:\/\/sede.inap.gob.es\/documents\/59312\/1925662\/Nota_CPS_opositores_febrero_datos_ZISDWQVS6Q_154AB89SD658.pdf\/697a21b7-cc0f-8cc1-3a4a-9a59295d3768\" target=\"_blank\" rel=\"noopener\">Desde este enlace puedes acceder a la Nota Informativa con el contenido \u00edntegro publicada en la web del INAP<\/a><\/p>\n","protected":false},"excerpt":{"rendered":"<p>Se publica en la Web del INAP la Nota Informativa sobre los procesos selectivos encomendados a la comisi\u00f3n permanente de selecci\u00f3n de los Cuerpos Generales del Estado. Sin perjuicio de lo establecido en las bases especificas 9 y 10 de la Resoluci\u00f3n de 26 de mayo de 2021 de la Secretar\u00eda de Estado de Pol\u00edtica &hellip; <a href=\"https:\/\/www.emplea-te.com\/noticias-oposiciones\/cuerpos-generales-del-estado-se-publica-la-nota-informativa-sobre-los-procesos-selectivos-encomendados-a-la-comision-permanente-de-seleccion\/\" class=\"more-link\">Continuar leyendo<span class=\"screen-reader-text\"> \u00abCuerpos Generales del Estado. Se publica la Nota Informativa sobre los procesos selectivos encomendados a la comisi\u00f3n permanente de selecci\u00f3n.\u00bb<\/span><\/a><\/p>\n","protected":false},"author":1,"featured_media":0,"comment_status":"closed","ping_status":"closed","sticky":false,"template":"","format":"standard","meta":{"footnotes":""},"categories":[47,7],"tags":[82,49],"class_list":["post-6131","post","type-post","status-publish","format-standard","hentry","category-administracion-general-del-estado","category-oposiciones-administracion-general-del-estado","tag-acceso-libre","tag-convocatorias-de-oposiciones"],"yoast_head":"<!-- This site is optimized with the Yoast SEO plugin v27.5 - https:\/\/yoast.com\/product\/yoast-seo-wordpress\/ -->\n<title>Nota Informativa Procesos selectivos Administraci\u00f3n General Estado.<\/title>\n<meta name=\"description\" content=\"Cuerpos Generales de la Administraci\u00f3n del Estado. Nota informativa procesos selectivos.\" \/>\n<meta name=\"robots\" content=\"index, follow, max-snippet:-1, max-image-preview:large, max-video-preview:-1\" \/>\n<link rel=\"canonical\" href=\"https:\/\/www.emplea-te.com\/noticias-oposiciones\/cuerpos-generales-del-estado-se-publica-la-nota-informativa-sobre-los-procesos-selectivos-encomendados-a-la-comision-permanente-de-seleccion\/\" \/>\n<meta property=\"og:locale\" content=\"es_ES\" \/>\n<meta property=\"og:type\" content=\"article\" \/>\n<meta property=\"og:title\" content=\"Nota Informativa Procesos selectivos Administraci\u00f3n General Estado.\" \/>\n<meta property=\"og:description\" content=\"Cuerpos Generales de la Administraci\u00f3n del Estado. Nota informativa procesos selectivos.\" \/>\n<meta property=\"og:url\" content=\"https:\/\/www.emplea-te.com\/noticias-oposiciones\/cuerpos-generales-del-estado-se-publica-la-nota-informativa-sobre-los-procesos-selectivos-encomendados-a-la-comision-permanente-de-seleccion\/\" \/>\n<meta property=\"og:site_name\" content=\"Noticas de oposiciones por Academia Emplea-te\" \/>\n<meta property=\"article:publisher\" content=\"https:\/\/www.facebook.com\/AcademiaEmpleate\/\" \/>\n<meta property=\"article:published_time\" content=\"2022-02-17T09:47:03+00:00\" \/>\n<meta property=\"og:image\" content=\"https:\/\/www.emplea-te.com\/noticias-oposiciones\/wp-content\/uploads\/2022\/02\/Nota_CPS_opositores_febrero_datos_ZISDWQVS6Q_154AB89SD658_page-0001.jpg\" \/>\n<meta name=\"author\" content=\"Empleate\" \/>\n<meta name=\"twitter:card\" content=\"summary_large_image\" \/>\n<meta name=\"twitter:creator\" content=\"@Emplea_Te\" \/>\n<meta name=\"twitter:site\" content=\"@Emplea_Te\" \/>\n<meta name=\"twitter:label1\" content=\"Escrito por\" \/>\n\t<meta name=\"twitter:data1\" content=\"Empleate\" \/>\n\t<meta name=\"twitter:label2\" content=\"Tiempo de lectura\" \/>\n\t<meta name=\"twitter:data2\" content=\"1 minuto\" \/>\n<script type=\"application\/ld+json\" class=\"yoast-schema-graph\">{\"@context\":\"https:\\\/\\\/schema.org\",\"@graph\":[{\"@type\":\"Article\",\"@id\":\"https:\\\/\\\/www.emplea-te.com\\\/noticias-oposiciones\\\/cuerpos-generales-del-estado-se-publica-la-nota-informativa-sobre-los-procesos-selectivos-encomendados-a-la-comision-permanente-de-seleccion\\\/#article\",\"isPartOf\":{\"@id\":\"https:\\\/\\\/www.emplea-te.com\\\/noticias-oposiciones\\\/cuerpos-generales-del-estado-se-publica-la-nota-informativa-sobre-los-procesos-selectivos-encomendados-a-la-comision-permanente-de-seleccion\\\/\"},\"author\":{\"name\":\"Empleate\",\"@id\":\"https:\\\/\\\/www.emplea-te.com\\\/noticias-oposiciones\\\/#\\\/schema\\\/person\\\/d1bc587e1af2b95e9c32aba1795509a6\"},\"headline\":\"Cuerpos Generales del Estado. Se publica la Nota Informativa sobre los procesos selectivos encomendados a la comisi\u00f3n permanente de selecci\u00f3n.\",\"datePublished\":\"2022-02-17T09:47:03+00:00\",\"mainEntityOfPage\":{\"@id\":\"https:\\\/\\\/www.emplea-te.com\\\/noticias-oposiciones\\\/cuerpos-generales-del-estado-se-publica-la-nota-informativa-sobre-los-procesos-selectivos-encomendados-a-la-comision-permanente-de-seleccion\\\/\"},\"wordCount\":154,\"publisher\":{\"@id\":\"https:\\\/\\\/www.emplea-te.com\\\/noticias-oposiciones\\\/#organization\"},\"image\":{\"@id\":\"https:\\\/\\\/www.emplea-te.com\\\/noticias-oposiciones\\\/cuerpos-generales-del-estado-se-publica-la-nota-informativa-sobre-los-procesos-selectivos-encomendados-a-la-comision-permanente-de-seleccion\\\/#primaryimage\"},\"thumbnailUrl\":\"https:\\\/\\\/www.emplea-te.com\\\/noticias-oposiciones\\\/wp-content\\\/uploads\\\/2022\\\/02\\\/Nota_CPS_opositores_febrero_datos_ZISDWQVS6Q_154AB89SD658_page-0001.jpg\",\"keywords\":[\"Acceso libre\",\"Convocatoria\"],\"articleSection\":[\"Administraci\u00f3n General del Estado.\",\"Oposiciones Administraci\u00f3n General del Estado\"],\"inLanguage\":\"es\"},{\"@type\":\"WebPage\",\"@id\":\"https:\\\/\\\/www.emplea-te.com\\\/noticias-oposiciones\\\/cuerpos-generales-del-estado-se-publica-la-nota-informativa-sobre-los-procesos-selectivos-encomendados-a-la-comision-permanente-de-seleccion\\\/\",\"url\":\"https:\\\/\\\/www.emplea-te.com\\\/noticias-oposiciones\\\/cuerpos-generales-del-estado-se-publica-la-nota-informativa-sobre-los-procesos-selectivos-encomendados-a-la-comision-permanente-de-seleccion\\\/\",\"name\":\"Nota Informativa Procesos selectivos Administraci\u00f3n General Estado.\",\"isPartOf\":{\"@id\":\"https:\\\/\\\/www.emplea-te.com\\\/noticias-oposiciones\\\/#website\"},\"primaryImageOfPage\":{\"@id\":\"https:\\\/\\\/www.emplea-te.com\\\/noticias-oposiciones\\\/cuerpos-generales-del-estado-se-publica-la-nota-informativa-sobre-los-procesos-selectivos-encomendados-a-la-comision-permanente-de-seleccion\\\/#primaryimage\"},\"image\":{\"@id\":\"https:\\\/\\\/www.emplea-te.com\\\/noticias-oposiciones\\\/cuerpos-generales-del-estado-se-publica-la-nota-informativa-sobre-los-procesos-selectivos-encomendados-a-la-comision-permanente-de-seleccion\\\/#primaryimage\"},\"thumbnailUrl\":\"https:\\\/\\\/www.emplea-te.com\\\/noticias-oposiciones\\\/wp-content\\\/uploads\\\/2022\\\/02\\\/Nota_CPS_opositores_febrero_datos_ZISDWQVS6Q_154AB89SD658_page-0001.jpg\",\"datePublished\":\"2022-02-17T09:47:03+00:00\",\"description\":\"Cuerpos Generales de la Administraci\u00f3n del Estado. Nota informativa procesos selectivos.\",\"breadcrumb\":{\"@id\":\"https:\\\/\\\/www.emplea-te.com\\\/noticias-oposiciones\\\/cuerpos-generales-del-estado-se-publica-la-nota-informativa-sobre-los-procesos-selectivos-encomendados-a-la-comision-permanente-de-seleccion\\\/#breadcrumb\"},\"inLanguage\":\"es\",\"potentialAction\":[{\"@type\":\"ReadAction\",\"target\":[\"https:\\\/\\\/www.emplea-te.com\\\/noticias-oposiciones\\\/cuerpos-generales-del-estado-se-publica-la-nota-informativa-sobre-los-procesos-selectivos-encomendados-a-la-comision-permanente-de-seleccion\\\/\"]}]},{\"@type\":\"ImageObject\",\"inLanguage\":\"es\",\"@id\":\"https:\\\/\\\/www.emplea-te.com\\\/noticias-oposiciones\\\/cuerpos-generales-del-estado-se-publica-la-nota-informativa-sobre-los-procesos-selectivos-encomendados-a-la-comision-permanente-de-seleccion\\\/#primaryimage\",\"url\":\"https:\\\/\\\/www.emplea-te.com\\\/noticias-oposiciones\\\/wp-content\\\/uploads\\\/2022\\\/02\\\/Nota_CPS_opositores_febrero_datos_ZISDWQVS6Q_154AB89SD658_page-0001.jpg\",\"contentUrl\":\"https:\\\/\\\/www.emplea-te.com\\\/noticias-oposiciones\\\/wp-content\\\/uploads\\\/2022\\\/02\\\/Nota_CPS_opositores_febrero_datos_ZISDWQVS6Q_154AB89SD658_page-0001.jpg\",\"width\":1241,\"height\":1754},{\"@type\":\"BreadcrumbList\",\"@id\":\"https:\\\/\\\/www.emplea-te.com\\\/noticias-oposiciones\\\/cuerpos-generales-del-estado-se-publica-la-nota-informativa-sobre-los-procesos-selectivos-encomendados-a-la-comision-permanente-de-seleccion\\\/#breadcrumb\",\"itemListElement\":[{\"@type\":\"ListItem\",\"position\":1,\"name\":\"Noticias Oposiciones\",\"item\":\"https:\\\/\\\/www.emplea-te.com\\\/noticias-oposiciones\\\/\"},{\"@type\":\"ListItem\",\"position\":2,\"name\":\"Oposiciones Administraci\u00f3n General del Estado\",\"item\":\"https:\\\/\\\/www.emplea-te.com\\\/noticias-oposiciones\\\/categoria\\\/oposiciones-administracion-general-del-estado\\\/\"},{\"@type\":\"ListItem\",\"position\":3,\"name\":\"Cuerpos Generales del Estado. Se publica la Nota Informativa sobre los procesos selectivos encomendados a la comisi\u00f3n permanente de selecci\u00f3n.\"}]},{\"@type\":\"WebSite\",\"@id\":\"https:\\\/\\\/www.emplea-te.com\\\/noticias-oposiciones\\\/#website\",\"url\":\"https:\\\/\\\/www.emplea-te.com\\\/noticias-oposiciones\\\/\",\"name\":\"Noticas de oposiciones por Academia Emplea-te\",\"description\":\"Toda la actualidad de las ofertas y convocatorias.\",\"publisher\":{\"@id\":\"https:\\\/\\\/www.emplea-te.com\\\/noticias-oposiciones\\\/#organization\"},\"potentialAction\":[{\"@type\":\"SearchAction\",\"target\":{\"@type\":\"EntryPoint\",\"urlTemplate\":\"https:\\\/\\\/www.emplea-te.com\\\/noticias-oposiciones\\\/?s={search_term_string}\"},\"query-input\":{\"@type\":\"PropertyValueSpecification\",\"valueRequired\":true,\"valueName\":\"search_term_string\"}}],\"inLanguage\":\"es\"},{\"@type\":\"Organization\",\"@id\":\"https:\\\/\\\/www.emplea-te.com\\\/noticias-oposiciones\\\/#organization\",\"name\":\"Academia de oposiciones Empl\u00e9ate\",\"url\":\"https:\\\/\\\/www.emplea-te.com\\\/noticias-oposiciones\\\/\",\"logo\":{\"@type\":\"ImageObject\",\"inLanguage\":\"es\",\"@id\":\"https:\\\/\\\/www.emplea-te.com\\\/noticias-oposiciones\\\/#\\\/schema\\\/logo\\\/image\\\/\",\"url\":\"https:\\\/\\\/www.emplea-te.com\\\/noticias-oposiciones\\\/wp-content\\\/uploads\\\/2019\\\/04\\\/empleate.jpg\",\"contentUrl\":\"https:\\\/\\\/www.emplea-te.com\\\/noticias-oposiciones\\\/wp-content\\\/uploads\\\/2019\\\/04\\\/empleate.jpg\",\"width\":250,\"height\":150,\"caption\":\"Academia de oposiciones Empl\u00e9ate\"},\"image\":{\"@id\":\"https:\\\/\\\/www.emplea-te.com\\\/noticias-oposiciones\\\/#\\\/schema\\\/logo\\\/image\\\/\"},\"sameAs\":[\"https:\\\/\\\/www.facebook.com\\\/AcademiaEmpleate\\\/\",\"https:\\\/\\\/x.com\\\/Emplea_Te\",\"https:\\\/\\\/www.instagram.com\\\/academia_empleate\\\/\"]},{\"@type\":\"Person\",\"@id\":\"https:\\\/\\\/www.emplea-te.com\\\/noticias-oposiciones\\\/#\\\/schema\\\/person\\\/d1bc587e1af2b95e9c32aba1795509a6\",\"name\":\"Empleate\"}]}<\/script>\n<!-- \/ Yoast SEO plugin. -->","yoast_head_json":{"title":"Nota Informativa Procesos selectivos Administraci\u00f3n General Estado.","description":"Cuerpos Generales de la Administraci\u00f3n del Estado. Nota informativa procesos selectivos.","robots":{"index":"index","follow":"follow","max-snippet":"max-snippet:-1","max-image-preview":"max-image-preview:large","max-video-preview":"max-video-preview:-1"},"canonical":"https:\/\/www.emplea-te.com\/noticias-oposiciones\/cuerpos-generales-del-estado-se-publica-la-nota-informativa-sobre-los-procesos-selectivos-encomendados-a-la-comision-permanente-de-seleccion\/","og_locale":"es_ES","og_type":"article","og_title":"Nota Informativa Procesos selectivos Administraci\u00f3n General Estado.","og_description":"Cuerpos Generales de la Administraci\u00f3n del Estado. Nota informativa procesos selectivos.","og_url":"https:\/\/www.emplea-te.com\/noticias-oposiciones\/cuerpos-generales-del-estado-se-publica-la-nota-informativa-sobre-los-procesos-selectivos-encomendados-a-la-comision-permanente-de-seleccion\/","og_site_name":"Noticas de oposiciones por Academia Emplea-te","article_publisher":"https:\/\/www.facebook.com\/AcademiaEmpleate\/","article_published_time":"2022-02-17T09:47:03+00:00","og_image":[{"url":"https:\/\/www.emplea-te.com\/noticias-oposiciones\/wp-content\/uploads\/2022\/02\/Nota_CPS_opositores_febrero_datos_ZISDWQVS6Q_154AB89SD658_page-0001.jpg","type":"","width":"","height":""}],"author":"Empleate","twitter_card":"summary_large_image","twitter_creator":"@Emplea_Te","twitter_site":"@Emplea_Te","twitter_misc":{"Escrito por":"Empleate","Tiempo de lectura":"1 minuto"},"schema":{"@context":"https:\/\/schema.org","@graph":[{"@type":"Article","@id":"https:\/\/www.emplea-te.com\/noticias-oposiciones\/cuerpos-generales-del-estado-se-publica-la-nota-informativa-sobre-los-procesos-selectivos-encomendados-a-la-comision-permanente-de-seleccion\/#article","isPartOf":{"@id":"https:\/\/www.emplea-te.com\/noticias-oposiciones\/cuerpos-generales-del-estado-se-publica-la-nota-informativa-sobre-los-procesos-selectivos-encomendados-a-la-comision-permanente-de-seleccion\/"},"author":{"name":"Empleate","@id":"https:\/\/www.emplea-te.com\/noticias-oposiciones\/#\/schema\/person\/d1bc587e1af2b95e9c32aba1795509a6"},"headline":"Cuerpos Generales del Estado. Se publica la Nota Informativa sobre los procesos selectivos encomendados a la comisi\u00f3n permanente de selecci\u00f3n.","datePublished":"2022-02-17T09:47:03+00:00","mainEntityOfPage":{"@id":"https:\/\/www.emplea-te.com\/noticias-oposiciones\/cuerpos-generales-del-estado-se-publica-la-nota-informativa-sobre-los-procesos-selectivos-encomendados-a-la-comision-permanente-de-seleccion\/"},"wordCount":154,"publisher":{"@id":"https:\/\/www.emplea-te.com\/noticias-oposiciones\/#organization"},"image":{"@id":"https:\/\/www.emplea-te.com\/noticias-oposiciones\/cuerpos-generales-del-estado-se-publica-la-nota-informativa-sobre-los-procesos-selectivos-encomendados-a-la-comision-permanente-de-seleccion\/#primaryimage"},"thumbnailUrl":"https:\/\/www.emplea-te.com\/noticias-oposiciones\/wp-content\/uploads\/2022\/02\/Nota_CPS_opositores_febrero_datos_ZISDWQVS6Q_154AB89SD658_page-0001.jpg","keywords":["Acceso libre","Convocatoria"],"articleSection":["Administraci\u00f3n General del Estado.","Oposiciones Administraci\u00f3n General del Estado"],"inLanguage":"es"},{"@type":"WebPage","@id":"https:\/\/www.emplea-te.com\/noticias-oposiciones\/cuerpos-generales-del-estado-se-publica-la-nota-informativa-sobre-los-procesos-selectivos-encomendados-a-la-comision-permanente-de-seleccion\/","url":"https:\/\/www.emplea-te.com\/noticias-oposiciones\/cuerpos-generales-del-estado-se-publica-la-nota-informativa-sobre-los-procesos-selectivos-encomendados-a-la-comision-permanente-de-seleccion\/","name":"Nota Informativa Procesos selectivos Administraci\u00f3n General Estado.","isPartOf":{"@id":"https:\/\/www.emplea-te.com\/noticias-oposiciones\/#website"},"primaryImageOfPage":{"@id":"https:\/\/www.emplea-te.com\/noticias-oposiciones\/cuerpos-generales-del-estado-se-publica-la-nota-informativa-sobre-los-procesos-selectivos-encomendados-a-la-comision-permanente-de-seleccion\/#primaryimage"},"image":{"@id":"https:\/\/www.emplea-te.com\/noticias-oposiciones\/cuerpos-generales-del-estado-se-publica-la-nota-informativa-sobre-los-procesos-selectivos-encomendados-a-la-comision-permanente-de-seleccion\/#primaryimage"},"thumbnailUrl":"https:\/\/www.emplea-te.com\/noticias-oposiciones\/wp-content\/uploads\/2022\/02\/Nota_CPS_opositores_febrero_datos_ZISDWQVS6Q_154AB89SD658_page-0001.jpg","datePublished":"2022-02-17T09:47:03+00:00","description":"Cuerpos Generales de la Administraci\u00f3n del Estado. Nota informativa procesos selectivos.","breadcrumb":{"@id":"https:\/\/www.emplea-te.com\/noticias-oposiciones\/cuerpos-generales-del-estado-se-publica-la-nota-informativa-sobre-los-procesos-selectivos-encomendados-a-la-comision-permanente-de-seleccion\/#breadcrumb"},"inLanguage":"es","potentialAction":[{"@type":"ReadAction","target":["https:\/\/www.emplea-te.com\/noticias-oposiciones\/cuerpos-generales-del-estado-se-publica-la-nota-informativa-sobre-los-procesos-selectivos-encomendados-a-la-comision-permanente-de-seleccion\/"]}]},{"@type":"ImageObject","inLanguage":"es","@id":"https:\/\/www.emplea-te.com\/noticias-oposiciones\/cuerpos-generales-del-estado-se-publica-la-nota-informativa-sobre-los-procesos-selectivos-encomendados-a-la-comision-permanente-de-seleccion\/#primaryimage","url":"https:\/\/www.emplea-te.com\/noticias-oposiciones\/wp-content\/uploads\/2022\/02\/Nota_CPS_opositores_febrero_datos_ZISDWQVS6Q_154AB89SD658_page-0001.jpg","contentUrl":"https:\/\/www.emplea-te.com\/noticias-oposiciones\/wp-content\/uploads\/2022\/02\/Nota_CPS_opositores_febrero_datos_ZISDWQVS6Q_154AB89SD658_page-0001.jpg","width":1241,"height":1754},{"@type":"BreadcrumbList","@id":"https:\/\/www.emplea-te.com\/noticias-oposiciones\/cuerpos-generales-del-estado-se-publica-la-nota-informativa-sobre-los-procesos-selectivos-encomendados-a-la-comision-permanente-de-seleccion\/#breadcrumb","itemListElement":[{"@type":"ListItem","position":1,"name":"Noticias Oposiciones","item":"https:\/\/www.emplea-te.com\/noticias-oposiciones\/"},{"@type":"ListItem","position":2,"name":"Oposiciones Administraci\u00f3n General del Estado","item":"https:\/\/www.emplea-te.com\/noticias-oposiciones\/categoria\/oposiciones-administracion-general-del-estado\/"},{"@type":"ListItem","position":3,"name":"Cuerpos Generales del Estado. Se publica la Nota Informativa sobre los procesos selectivos encomendados a la comisi\u00f3n permanente de selecci\u00f3n."}]},{"@type":"WebSite","@id":"https:\/\/www.emplea-te.com\/noticias-oposiciones\/#website","url":"https:\/\/www.emplea-te.com\/noticias-oposiciones\/","name":"Noticas de oposiciones por Academia Emplea-te","description":"Toda la actualidad de las ofertas y convocatorias.","publisher":{"@id":"https:\/\/www.emplea-te.com\/noticias-oposiciones\/#organization"},"potentialAction":[{"@type":"SearchAction","target":{"@type":"EntryPoint","urlTemplate":"https:\/\/www.emplea-te.com\/noticias-oposiciones\/?s={search_term_string}"},"query-input":{"@type":"PropertyValueSpecification","valueRequired":true,"valueName":"search_term_string"}}],"inLanguage":"es"},{"@type":"Organization","@id":"https:\/\/www.emplea-te.com\/noticias-oposiciones\/#organization","name":"Academia de oposiciones Empl\u00e9ate","url":"https:\/\/www.emplea-te.com\/noticias-oposiciones\/","logo":{"@type":"ImageObject","inLanguage":"es","@id":"https:\/\/www.emplea-te.com\/noticias-oposiciones\/#\/schema\/logo\/image\/","url":"https:\/\/www.emplea-te.com\/noticias-oposiciones\/wp-content\/uploads\/2019\/04\/empleate.jpg","contentUrl":"https:\/\/www.emplea-te.com\/noticias-oposiciones\/wp-content\/uploads\/2019\/04\/empleate.jpg","width":250,"height":150,"caption":"Academia de oposiciones Empl\u00e9ate"},"image":{"@id":"https:\/\/www.emplea-te.com\/noticias-oposiciones\/#\/schema\/logo\/image\/"},"sameAs":["https:\/\/www.facebook.com\/AcademiaEmpleate\/","https:\/\/x.com\/Emplea_Te","https:\/\/www.instagram.com\/academia_empleate\/"]},{"@type":"Person","@id":"https:\/\/www.emplea-te.com\/noticias-oposiciones\/#\/schema\/person\/d1bc587e1af2b95e9c32aba1795509a6","name":"Empleate"}]}},"_links":{"self":[{"href":"https:\/\/www.emplea-te.com\/noticias-oposiciones\/wp-json\/wp\/v2\/posts\/6131","targetHints":{"allow":["GET"]}}],"collection":[{"href":"https:\/\/www.emplea-te.com\/noticias-oposiciones\/wp-json\/wp\/v2\/posts"}],"about":[{"href":"https:\/\/www.emplea-te.com\/noticias-oposiciones\/wp-json\/wp\/v2\/types\/post"}],"author":[{"embeddable":true,"href":"https:\/\/www.emplea-te.com\/noticias-oposiciones\/wp-json\/wp\/v2\/users\/1"}],"replies":[{"embeddable":true,"href":"https:\/\/www.emplea-te.com\/noticias-oposiciones\/wp-json\/wp\/v2\/comments?post=6131"}],"version-history":[{"count":1,"href":"https:\/\/www.emplea-te.com\/noticias-oposiciones\/wp-json\/wp\/v2\/posts\/6131\/revisions"}],"predecessor-version":[{"id":6133,"href":"https:\/\/www.emplea-te.com\/noticias-oposiciones\/wp-json\/wp\/v2\/posts\/6131\/revisions\/6133"}],"wp:attachment":[{"href":"https:\/\/www.emplea-te.com\/noticias-oposiciones\/wp-json\/wp\/v2\/media?parent=6131"}],"wp:term":[{"taxonomy":"category","embeddable":true,"href":"https:\/\/www.emplea-te.com\/noticias-oposiciones\/wp-json\/wp\/v2\/categories?post=6131"},{"taxonomy":"post_tag","embeddable":true,"href":"https:\/\/www.emplea-te.com\/noticias-oposiciones\/wp-json\/wp\/v2\/tags?post=6131"}],"curies":[{"name":"wp","href":"https:\/\/api.w.org\/{rel}","templated":true}]}}