{"id":6223,"date":"2022-03-01T09:57:46","date_gmt":"2022-03-01T08:57:46","guid":{"rendered":"https:\/\/www.emplea-te.com\/noticias-oposiciones\/?p=6223"},"modified":"2022-03-01T09:57:46","modified_gmt":"2022-03-01T08:57:46","slug":"xunta-de-galicia-apertura-y-cierre-de-determinadas-listas-para-la-incorporacion-de-nuevas-solicitudes-de-contratacion-temporal-de-personal-de-la-xunta-de-galicia","status":"publish","type":"post","link":"https:\/\/www.emplea-te.com\/noticias-oposiciones\/xunta-de-galicia-apertura-y-cierre-de-determinadas-listas-para-la-incorporacion-de-nuevas-solicitudes-de-contratacion-temporal-de-personal-de-la-xunta-de-galicia\/","title":{"rendered":"Xunta de Galicia. Apertura y cierre de determinadas listas para la incorporaci\u00f3n de nuevas solicitudes de contrataci\u00f3n temporal de personal de la Xunta de Galicia."},"content":{"rendered":"<p>Se publica en el DOG la Resoluci\u00f3n referente a la Apertura y cierre de determinadas listas para la incorporaci\u00f3n de nuevas solicitudes de contrataci\u00f3n temporal de personal de la Xunta de Galicia.<\/p>\n<p><strong>Se establece que<\/strong> :<br \/>\npodr\u00e1n presentarse nuevas solicitudes \u201ccuando la resoluci\u00f3n de apertura del plazo de presentaci\u00f3n de solicitudes sea publicada por la Direcci\u00f3n General competente en materia de Funci\u00f3n P\u00fablica y en el<strong> plazo establecido en ella\u00bb y, en el caso de listas elaboradas que se encuentren en gesti\u00f3n, desde el d\u00eda 1 de marzo hasta el d\u00eda 30 de abril.\u00a0<\/strong><\/p>\n<p>&nbsp;<\/p>\n<p><strong>Se ha resuelto:<\/p>\n<p><\/strong>Primero.<br \/>\nCerrar la incorporaci\u00f3n de nuevas solicitudes a las listas correspondientes a los grupos, categor\u00edas, cuerpos, escalas y especialidades que figuran en el Anexo I.<\/p>\n<p>Segundo.<br \/>\nReabrir las listas correspondientes a los grupos, categor\u00edas, cuerpos, escalas y especialidades indicados en el Anexo II.<\/p>\n<p>Tercera.<br \/>\nDetalle las listas correspondientes a los grupos, categor\u00edas, cuerpos, escalas y especialidades que se encuentran abiertas y en las que los interesados \u200b\u200bpodr\u00e1n presentar solicitud de inclusi\u00f3n en el per\u00edodo comprendido entre el 1 de marzo y el 30 de abril del presente a\u00f1o (Anexo III).<\/p>\n<p><strong>El estado, abierto o cerrado<\/strong> para la incorporaci\u00f3n de nuevas solicitudes, en el que <strong>se encuentra disponible cada lista puede consultarse en<\/strong> el portal web corporativo de la Xunta de Galicia,<strong><a href=\"https:\/\/www.xunta.gal\/funcion-publica\/contratacion-temporal\/xeracion-de-solicitudes\" target=\"_blank\" rel=\"noopener\"> http:\/\/funcionpublica.xunta.gal, en el ep\u00edgrafe &lt;Listas de contrataci\u00f3n&gt;.<\/a><\/strong><\/p>\n<p><a href=\"https:\/\/www.xunta.gal\/dog\/Publicados\/2022\/20220228\/AnuncioG0597-210222-0005_gl.html\" target=\"_blank\" rel=\"noopener\"><strong>Desde este enlace consulta las listas abiertas y cerradas que figuran como anexos a esta Resoluci\u00f3n.<\/strong><\/a><\/p>\n<p>&nbsp;<\/p>\n<p>&nbsp;<\/p>\n","protected":false},"excerpt":{"rendered":"<p>Se publica en el DOG la Resoluci\u00f3n referente a la Apertura y cierre de determinadas listas para la incorporaci\u00f3n de nuevas solicitudes de contrataci\u00f3n temporal de personal de la Xunta de Galicia. Se establece que : podr\u00e1n presentarse nuevas solicitudes \u201ccuando la resoluci\u00f3n de apertura del plazo de presentaci\u00f3n de solicitudes sea publicada por la &hellip; <a href=\"https:\/\/www.emplea-te.com\/noticias-oposiciones\/xunta-de-galicia-apertura-y-cierre-de-determinadas-listas-para-la-incorporacion-de-nuevas-solicitudes-de-contratacion-temporal-de-personal-de-la-xunta-de-galicia\/\" class=\"more-link\">Continuar leyendo<span class=\"screen-reader-text\"> \u00abXunta de Galicia. Apertura y cierre de determinadas listas para la incorporaci\u00f3n de nuevas solicitudes de contrataci\u00f3n temporal de personal de la Xunta de Galicia.\u00bb<\/span><\/a><\/p>\n","protected":false},"author":1,"featured_media":0,"comment_status":"closed","ping_status":"closed","sticky":false,"template":"","format":"standard","meta":{"footnotes":""},"categories":[4],"tags":[],"class_list":["post-6223","post","type-post","status-publish","format-standard","hentry","category-oposiciones-xunta"],"yoast_head":"<!-- This site is optimized with the Yoast SEO plugin v27.5 - https:\/\/yoast.com\/product\/yoast-seo-wordpress\/ -->\n<title>Xunta de Galicia. Apertura listas contrataci\u00f3n temporal.<\/title>\n<meta name=\"description\" content=\"Xunta de Galicia. Apertura y cierre de determinadas listas para la incorporaci\u00f3n de nuevas solicitudes de contrataci\u00f3n temporal de personal de la Xunta de Galicia.\" \/>\n<meta name=\"robots\" content=\"index, follow, max-snippet:-1, max-image-preview:large, max-video-preview:-1\" \/>\n<link rel=\"canonical\" href=\"https:\/\/www.emplea-te.com\/noticias-oposiciones\/xunta-de-galicia-apertura-y-cierre-de-determinadas-listas-para-la-incorporacion-de-nuevas-solicitudes-de-contratacion-temporal-de-personal-de-la-xunta-de-galicia\/\" \/>\n<meta property=\"og:locale\" content=\"es_ES\" \/>\n<meta property=\"og:type\" content=\"article\" \/>\n<meta property=\"og:title\" content=\"Xunta de Galicia. Apertura listas contrataci\u00f3n temporal.\" \/>\n<meta property=\"og:description\" content=\"Xunta de Galicia. Apertura y cierre de determinadas listas para la incorporaci\u00f3n de nuevas solicitudes de contrataci\u00f3n temporal de personal de la Xunta de Galicia.\" \/>\n<meta property=\"og:url\" content=\"https:\/\/www.emplea-te.com\/noticias-oposiciones\/xunta-de-galicia-apertura-y-cierre-de-determinadas-listas-para-la-incorporacion-de-nuevas-solicitudes-de-contratacion-temporal-de-personal-de-la-xunta-de-galicia\/\" \/>\n<meta property=\"og:site_name\" content=\"Noticas de oposiciones por Academia Emplea-te\" \/>\n<meta property=\"article:publisher\" content=\"https:\/\/www.facebook.com\/AcademiaEmpleate\/\" \/>\n<meta property=\"article:published_time\" content=\"2022-03-01T08:57:46+00:00\" \/>\n<meta name=\"author\" content=\"Empleate\" \/>\n<meta name=\"twitter:card\" content=\"summary_large_image\" \/>\n<meta name=\"twitter:creator\" content=\"@Emplea_Te\" \/>\n<meta name=\"twitter:site\" content=\"@Emplea_Te\" \/>\n<meta name=\"twitter:label1\" content=\"Escrito por\" \/>\n\t<meta name=\"twitter:data1\" content=\"Empleate\" \/>\n\t<meta name=\"twitter:label2\" content=\"Tiempo de lectura\" \/>\n\t<meta name=\"twitter:data2\" content=\"1 minuto\" \/>\n<script type=\"application\/ld+json\" class=\"yoast-schema-graph\">{\"@context\":\"https:\\\/\\\/schema.org\",\"@graph\":[{\"@type\":\"Article\",\"@id\":\"https:\\\/\\\/www.emplea-te.com\\\/noticias-oposiciones\\\/xunta-de-galicia-apertura-y-cierre-de-determinadas-listas-para-la-incorporacion-de-nuevas-solicitudes-de-contratacion-temporal-de-personal-de-la-xunta-de-galicia\\\/#article\",\"isPartOf\":{\"@id\":\"https:\\\/\\\/www.emplea-te.com\\\/noticias-oposiciones\\\/xunta-de-galicia-apertura-y-cierre-de-determinadas-listas-para-la-incorporacion-de-nuevas-solicitudes-de-contratacion-temporal-de-personal-de-la-xunta-de-galicia\\\/\"},\"author\":{\"name\":\"Empleate\",\"@id\":\"https:\\\/\\\/www.emplea-te.com\\\/noticias-oposiciones\\\/#\\\/schema\\\/person\\\/d1bc587e1af2b95e9c32aba1795509a6\"},\"headline\":\"Xunta de Galicia. Apertura y cierre de determinadas listas para la incorporaci\u00f3n de nuevas solicitudes de contrataci\u00f3n temporal de personal de la Xunta de Galicia.\",\"datePublished\":\"2022-03-01T08:57:46+00:00\",\"mainEntityOfPage\":{\"@id\":\"https:\\\/\\\/www.emplea-te.com\\\/noticias-oposiciones\\\/xunta-de-galicia-apertura-y-cierre-de-determinadas-listas-para-la-incorporacion-de-nuevas-solicitudes-de-contratacion-temporal-de-personal-de-la-xunta-de-galicia\\\/\"},\"wordCount\":295,\"publisher\":{\"@id\":\"https:\\\/\\\/www.emplea-te.com\\\/noticias-oposiciones\\\/#organization\"},\"articleSection\":[\"Oposiciones Xunta\"],\"inLanguage\":\"es\"},{\"@type\":\"WebPage\",\"@id\":\"https:\\\/\\\/www.emplea-te.com\\\/noticias-oposiciones\\\/xunta-de-galicia-apertura-y-cierre-de-determinadas-listas-para-la-incorporacion-de-nuevas-solicitudes-de-contratacion-temporal-de-personal-de-la-xunta-de-galicia\\\/\",\"url\":\"https:\\\/\\\/www.emplea-te.com\\\/noticias-oposiciones\\\/xunta-de-galicia-apertura-y-cierre-de-determinadas-listas-para-la-incorporacion-de-nuevas-solicitudes-de-contratacion-temporal-de-personal-de-la-xunta-de-galicia\\\/\",\"name\":\"Xunta de Galicia. Apertura listas contrataci\u00f3n temporal.\",\"isPartOf\":{\"@id\":\"https:\\\/\\\/www.emplea-te.com\\\/noticias-oposiciones\\\/#website\"},\"datePublished\":\"2022-03-01T08:57:46+00:00\",\"description\":\"Xunta de Galicia. Apertura y cierre de determinadas listas para la incorporaci\u00f3n de nuevas solicitudes de contrataci\u00f3n temporal de personal de la Xunta de Galicia.\",\"breadcrumb\":{\"@id\":\"https:\\\/\\\/www.emplea-te.com\\\/noticias-oposiciones\\\/xunta-de-galicia-apertura-y-cierre-de-determinadas-listas-para-la-incorporacion-de-nuevas-solicitudes-de-contratacion-temporal-de-personal-de-la-xunta-de-galicia\\\/#breadcrumb\"},\"inLanguage\":\"es\",\"potentialAction\":[{\"@type\":\"ReadAction\",\"target\":[\"https:\\\/\\\/www.emplea-te.com\\\/noticias-oposiciones\\\/xunta-de-galicia-apertura-y-cierre-de-determinadas-listas-para-la-incorporacion-de-nuevas-solicitudes-de-contratacion-temporal-de-personal-de-la-xunta-de-galicia\\\/\"]}]},{\"@type\":\"BreadcrumbList\",\"@id\":\"https:\\\/\\\/www.emplea-te.com\\\/noticias-oposiciones\\\/xunta-de-galicia-apertura-y-cierre-de-determinadas-listas-para-la-incorporacion-de-nuevas-solicitudes-de-contratacion-temporal-de-personal-de-la-xunta-de-galicia\\\/#breadcrumb\",\"itemListElement\":[{\"@type\":\"ListItem\",\"position\":1,\"name\":\"Noticias Oposiciones\",\"item\":\"https:\\\/\\\/www.emplea-te.com\\\/noticias-oposiciones\\\/\"},{\"@type\":\"ListItem\",\"position\":2,\"name\":\"Oposiciones Xunta\",\"item\":\"https:\\\/\\\/www.emplea-te.com\\\/noticias-oposiciones\\\/categoria\\\/oposiciones-xunta\\\/\"},{\"@type\":\"ListItem\",\"position\":3,\"name\":\"Xunta de Galicia. Apertura y cierre de determinadas listas para la incorporaci\u00f3n de nuevas solicitudes de contrataci\u00f3n temporal de personal de la Xunta de Galicia.\"}]},{\"@type\":\"WebSite\",\"@id\":\"https:\\\/\\\/www.emplea-te.com\\\/noticias-oposiciones\\\/#website\",\"url\":\"https:\\\/\\\/www.emplea-te.com\\\/noticias-oposiciones\\\/\",\"name\":\"Noticas de oposiciones por Academia Emplea-te\",\"description\":\"Toda la actualidad de las ofertas y convocatorias.\",\"publisher\":{\"@id\":\"https:\\\/\\\/www.emplea-te.com\\\/noticias-oposiciones\\\/#organization\"},\"potentialAction\":[{\"@type\":\"SearchAction\",\"target\":{\"@type\":\"EntryPoint\",\"urlTemplate\":\"https:\\\/\\\/www.emplea-te.com\\\/noticias-oposiciones\\\/?s={search_term_string}\"},\"query-input\":{\"@type\":\"PropertyValueSpecification\",\"valueRequired\":true,\"valueName\":\"search_term_string\"}}],\"inLanguage\":\"es\"},{\"@type\":\"Organization\",\"@id\":\"https:\\\/\\\/www.emplea-te.com\\\/noticias-oposiciones\\\/#organization\",\"name\":\"Academia de oposiciones Empl\u00e9ate\",\"url\":\"https:\\\/\\\/www.emplea-te.com\\\/noticias-oposiciones\\\/\",\"logo\":{\"@type\":\"ImageObject\",\"inLanguage\":\"es\",\"@id\":\"https:\\\/\\\/www.emplea-te.com\\\/noticias-oposiciones\\\/#\\\/schema\\\/logo\\\/image\\\/\",\"url\":\"https:\\\/\\\/www.emplea-te.com\\\/noticias-oposiciones\\\/wp-content\\\/uploads\\\/2019\\\/04\\\/empleate.jpg\",\"contentUrl\":\"https:\\\/\\\/www.emplea-te.com\\\/noticias-oposiciones\\\/wp-content\\\/uploads\\\/2019\\\/04\\\/empleate.jpg\",\"width\":250,\"height\":150,\"caption\":\"Academia de oposiciones Empl\u00e9ate\"},\"image\":{\"@id\":\"https:\\\/\\\/www.emplea-te.com\\\/noticias-oposiciones\\\/#\\\/schema\\\/logo\\\/image\\\/\"},\"sameAs\":[\"https:\\\/\\\/www.facebook.com\\\/AcademiaEmpleate\\\/\",\"https:\\\/\\\/x.com\\\/Emplea_Te\",\"https:\\\/\\\/www.instagram.com\\\/academia_empleate\\\/\"]},{\"@type\":\"Person\",\"@id\":\"https:\\\/\\\/www.emplea-te.com\\\/noticias-oposiciones\\\/#\\\/schema\\\/person\\\/d1bc587e1af2b95e9c32aba1795509a6\",\"name\":\"Empleate\"}]}<\/script>\n<!-- \/ Yoast SEO plugin. -->","yoast_head_json":{"title":"Xunta de Galicia. Apertura listas contrataci\u00f3n temporal.","description":"Xunta de Galicia. Apertura y cierre de determinadas listas para la incorporaci\u00f3n de nuevas solicitudes de contrataci\u00f3n temporal de personal de la Xunta de Galicia.","robots":{"index":"index","follow":"follow","max-snippet":"max-snippet:-1","max-image-preview":"max-image-preview:large","max-video-preview":"max-video-preview:-1"},"canonical":"https:\/\/www.emplea-te.com\/noticias-oposiciones\/xunta-de-galicia-apertura-y-cierre-de-determinadas-listas-para-la-incorporacion-de-nuevas-solicitudes-de-contratacion-temporal-de-personal-de-la-xunta-de-galicia\/","og_locale":"es_ES","og_type":"article","og_title":"Xunta de Galicia. Apertura listas contrataci\u00f3n temporal.","og_description":"Xunta de Galicia. Apertura y cierre de determinadas listas para la incorporaci\u00f3n de nuevas solicitudes de contrataci\u00f3n temporal de personal de la Xunta de Galicia.","og_url":"https:\/\/www.emplea-te.com\/noticias-oposiciones\/xunta-de-galicia-apertura-y-cierre-de-determinadas-listas-para-la-incorporacion-de-nuevas-solicitudes-de-contratacion-temporal-de-personal-de-la-xunta-de-galicia\/","og_site_name":"Noticas de oposiciones por Academia Emplea-te","article_publisher":"https:\/\/www.facebook.com\/AcademiaEmpleate\/","article_published_time":"2022-03-01T08:57:46+00:00","author":"Empleate","twitter_card":"summary_large_image","twitter_creator":"@Emplea_Te","twitter_site":"@Emplea_Te","twitter_misc":{"Escrito por":"Empleate","Tiempo de lectura":"1 minuto"},"schema":{"@context":"https:\/\/schema.org","@graph":[{"@type":"Article","@id":"https:\/\/www.emplea-te.com\/noticias-oposiciones\/xunta-de-galicia-apertura-y-cierre-de-determinadas-listas-para-la-incorporacion-de-nuevas-solicitudes-de-contratacion-temporal-de-personal-de-la-xunta-de-galicia\/#article","isPartOf":{"@id":"https:\/\/www.emplea-te.com\/noticias-oposiciones\/xunta-de-galicia-apertura-y-cierre-de-determinadas-listas-para-la-incorporacion-de-nuevas-solicitudes-de-contratacion-temporal-de-personal-de-la-xunta-de-galicia\/"},"author":{"name":"Empleate","@id":"https:\/\/www.emplea-te.com\/noticias-oposiciones\/#\/schema\/person\/d1bc587e1af2b95e9c32aba1795509a6"},"headline":"Xunta de Galicia. Apertura y cierre de determinadas listas para la incorporaci\u00f3n de nuevas solicitudes de contrataci\u00f3n temporal de personal de la Xunta de Galicia.","datePublished":"2022-03-01T08:57:46+00:00","mainEntityOfPage":{"@id":"https:\/\/www.emplea-te.com\/noticias-oposiciones\/xunta-de-galicia-apertura-y-cierre-de-determinadas-listas-para-la-incorporacion-de-nuevas-solicitudes-de-contratacion-temporal-de-personal-de-la-xunta-de-galicia\/"},"wordCount":295,"publisher":{"@id":"https:\/\/www.emplea-te.com\/noticias-oposiciones\/#organization"},"articleSection":["Oposiciones Xunta"],"inLanguage":"es"},{"@type":"WebPage","@id":"https:\/\/www.emplea-te.com\/noticias-oposiciones\/xunta-de-galicia-apertura-y-cierre-de-determinadas-listas-para-la-incorporacion-de-nuevas-solicitudes-de-contratacion-temporal-de-personal-de-la-xunta-de-galicia\/","url":"https:\/\/www.emplea-te.com\/noticias-oposiciones\/xunta-de-galicia-apertura-y-cierre-de-determinadas-listas-para-la-incorporacion-de-nuevas-solicitudes-de-contratacion-temporal-de-personal-de-la-xunta-de-galicia\/","name":"Xunta de Galicia. Apertura listas contrataci\u00f3n temporal.","isPartOf":{"@id":"https:\/\/www.emplea-te.com\/noticias-oposiciones\/#website"},"datePublished":"2022-03-01T08:57:46+00:00","description":"Xunta de Galicia. Apertura y cierre de determinadas listas para la incorporaci\u00f3n de nuevas solicitudes de contrataci\u00f3n temporal de personal de la Xunta de Galicia.","breadcrumb":{"@id":"https:\/\/www.emplea-te.com\/noticias-oposiciones\/xunta-de-galicia-apertura-y-cierre-de-determinadas-listas-para-la-incorporacion-de-nuevas-solicitudes-de-contratacion-temporal-de-personal-de-la-xunta-de-galicia\/#breadcrumb"},"inLanguage":"es","potentialAction":[{"@type":"ReadAction","target":["https:\/\/www.emplea-te.com\/noticias-oposiciones\/xunta-de-galicia-apertura-y-cierre-de-determinadas-listas-para-la-incorporacion-de-nuevas-solicitudes-de-contratacion-temporal-de-personal-de-la-xunta-de-galicia\/"]}]},{"@type":"BreadcrumbList","@id":"https:\/\/www.emplea-te.com\/noticias-oposiciones\/xunta-de-galicia-apertura-y-cierre-de-determinadas-listas-para-la-incorporacion-de-nuevas-solicitudes-de-contratacion-temporal-de-personal-de-la-xunta-de-galicia\/#breadcrumb","itemListElement":[{"@type":"ListItem","position":1,"name":"Noticias Oposiciones","item":"https:\/\/www.emplea-te.com\/noticias-oposiciones\/"},{"@type":"ListItem","position":2,"name":"Oposiciones Xunta","item":"https:\/\/www.emplea-te.com\/noticias-oposiciones\/categoria\/oposiciones-xunta\/"},{"@type":"ListItem","position":3,"name":"Xunta de Galicia. Apertura y cierre de determinadas listas para la incorporaci\u00f3n de nuevas solicitudes de contrataci\u00f3n temporal de personal de la Xunta de Galicia."}]},{"@type":"WebSite","@id":"https:\/\/www.emplea-te.com\/noticias-oposiciones\/#website","url":"https:\/\/www.emplea-te.com\/noticias-oposiciones\/","name":"Noticas de oposiciones por Academia Emplea-te","description":"Toda la actualidad de las ofertas y convocatorias.","publisher":{"@id":"https:\/\/www.emplea-te.com\/noticias-oposiciones\/#organization"},"potentialAction":[{"@type":"SearchAction","target":{"@type":"EntryPoint","urlTemplate":"https:\/\/www.emplea-te.com\/noticias-oposiciones\/?s={search_term_string}"},"query-input":{"@type":"PropertyValueSpecification","valueRequired":true,"valueName":"search_term_string"}}],"inLanguage":"es"},{"@type":"Organization","@id":"https:\/\/www.emplea-te.com\/noticias-oposiciones\/#organization","name":"Academia de oposiciones Empl\u00e9ate","url":"https:\/\/www.emplea-te.com\/noticias-oposiciones\/","logo":{"@type":"ImageObject","inLanguage":"es","@id":"https:\/\/www.emplea-te.com\/noticias-oposiciones\/#\/schema\/logo\/image\/","url":"https:\/\/www.emplea-te.com\/noticias-oposiciones\/wp-content\/uploads\/2019\/04\/empleate.jpg","contentUrl":"https:\/\/www.emplea-te.com\/noticias-oposiciones\/wp-content\/uploads\/2019\/04\/empleate.jpg","width":250,"height":150,"caption":"Academia de oposiciones Empl\u00e9ate"},"image":{"@id":"https:\/\/www.emplea-te.com\/noticias-oposiciones\/#\/schema\/logo\/image\/"},"sameAs":["https:\/\/www.facebook.com\/AcademiaEmpleate\/","https:\/\/x.com\/Emplea_Te","https:\/\/www.instagram.com\/academia_empleate\/"]},{"@type":"Person","@id":"https:\/\/www.emplea-te.com\/noticias-oposiciones\/#\/schema\/person\/d1bc587e1af2b95e9c32aba1795509a6","name":"Empleate"}]}},"_links":{"self":[{"href":"https:\/\/www.emplea-te.com\/noticias-oposiciones\/wp-json\/wp\/v2\/posts\/6223","targetHints":{"allow":["GET"]}}],"collection":[{"href":"https:\/\/www.emplea-te.com\/noticias-oposiciones\/wp-json\/wp\/v2\/posts"}],"about":[{"href":"https:\/\/www.emplea-te.com\/noticias-oposiciones\/wp-json\/wp\/v2\/types\/post"}],"author":[{"embeddable":true,"href":"https:\/\/www.emplea-te.com\/noticias-oposiciones\/wp-json\/wp\/v2\/users\/1"}],"replies":[{"embeddable":true,"href":"https:\/\/www.emplea-te.com\/noticias-oposiciones\/wp-json\/wp\/v2\/comments?post=6223"}],"version-history":[{"count":1,"href":"https:\/\/www.emplea-te.com\/noticias-oposiciones\/wp-json\/wp\/v2\/posts\/6223\/revisions"}],"predecessor-version":[{"id":6224,"href":"https:\/\/www.emplea-te.com\/noticias-oposiciones\/wp-json\/wp\/v2\/posts\/6223\/revisions\/6224"}],"wp:attachment":[{"href":"https:\/\/www.emplea-te.com\/noticias-oposiciones\/wp-json\/wp\/v2\/media?parent=6223"}],"wp:term":[{"taxonomy":"category","embeddable":true,"href":"https:\/\/www.emplea-te.com\/noticias-oposiciones\/wp-json\/wp\/v2\/categories?post=6223"},{"taxonomy":"post_tag","embeddable":true,"href":"https:\/\/www.emplea-te.com\/noticias-oposiciones\/wp-json\/wp\/v2\/tags?post=6223"}],"curies":[{"name":"wp","href":"https:\/\/api.w.org\/{rel}","templated":true}]}}