{"id":6225,"date":"2022-03-01T10:18:19","date_gmt":"2022-03-01T09:18:19","guid":{"rendered":"https:\/\/www.emplea-te.com\/noticias-oposiciones\/?p=6225"},"modified":"2022-03-01T10:28:38","modified_gmt":"2022-03-01T09:28:38","slug":"escuela-gallega-de-administracion-publica-resolucion-de-21-de-febrero-de-2022-por-la-que-se-convocan-las-actividades-de-formacion-para-el-personal-de-la-administracion-local-de-la-comunidad-autonoma","status":"publish","type":"post","link":"https:\/\/www.emplea-te.com\/noticias-oposiciones\/escuela-gallega-de-administracion-publica-resolucion-de-21-de-febrero-de-2022-por-la-que-se-convocan-las-actividades-de-formacion-para-el-personal-de-la-administracion-local-de-la-comunidad-autonoma\/","title":{"rendered":"Escuela Gallega de Administraci\u00f3n P\u00fablica: RESOLUCI\u00d3N de 21 de febrero de 2022 por la que se convocan las actividades de formaci\u00f3n para el personal de la Administraci\u00f3n local de la Comunidad Aut\u00f3noma de Galicia."},"content":{"rendered":"<p>Se publica en el DOG de hoy, d\u00eda 1 de marzo de 2022, la Resoluci\u00f3n por la que se convocan las actividades de formaci\u00f3n para el personal de la Administraci\u00f3n local de la Comunidad Aut\u00f3noma de Galicia.<\/p>\n<p><a href=\"https:\/\/www.xunta.gal\/dog\/Publicados\/2022\/20220301\/AnuncioO150-210222-0001_gl.html\" target=\"_blank\" rel=\"noopener\">Desde este enlace puedes acceder a la Resoluci\u00f3n con el contenido \u00edntegro publicada en el DOG.<\/a><\/p>\n<p>Resumimos algunos de los puntos de dicha Resoluci\u00f3n:<\/p>\n<p><strong>Requisitos para los participantes<\/strong><\/p>\n<p>1. En las acciones formativas convocadas por esta resoluci\u00f3n podr\u00e1n participar los funcionarios de las Administraciones locales con titulaci\u00f3n nacional y el resto del personal al servicio de las entidades locales de la Comunidad Aut\u00f3noma de Galicia, que se encuentren prestando servicios en otras administraciones p\u00fablicas de Galicia. .est\u00e9n en servicio activo (incluido el personal que haya disfrutado de excedencia por razones de conciliaci\u00f3n de la vida personal, familiar y laboral) y que re\u00fanan los requisitos establecidos en la presente convocatoria y para cada uno de los supuestos del Anexo II.<\/p>\n<p>Queda excluido el personal de las escalas de polic\u00edas locales y bomberos.<\/p>\n<p>2. Para las actividades realizadas en una modalidad que incluya la teleformaci\u00f3n, los interesados \u200b\u200bdeber\u00e1n disponer de una cuenta de correo electr\u00f3nico cuya direcci\u00f3n deber\u00e1 indicarse en la solicitud y un equipo inform\u00e1tico que cumpla los siguientes requisitos t\u00e9cnicos:<\/p>\n<p>&#8211; Una computadora con conexi\u00f3n a internet.<\/p>\n<p>&#8211; Un navegador web actualizado.<\/p>\n<p>Para las actividades impartidas en la modalidad de telepresencia, tambi\u00e9n dispondr\u00e1n de un manual de usuario en el enlace <a href=\"https:\/\/egap.xunta.gal\/ecloud\/index.php\/s\/ZKijmeiZ5ypS3jd\" target=\"_blank\" rel=\"noopener\">https:\/\/egap.xunta.gal\/ecloud\/index.php\/s\/ZKijmeiZ5ypS3jd<\/a> en el que se explica c\u00f3mo acceder a la plataforma de telepresencia y se describen los componentes que el equipo necesita para el funcionamiento b\u00e1sico de la plataforma.<\/p>\n<p><strong>\u00a0Desarrollo de actividades formativas<\/strong><\/p>\n<p>Los cursos se realizar\u00e1n con los requisitos, duraci\u00f3n y condiciones que se indiquen para cada uno de ellos en la convocatoria. La informaci\u00f3n sobre el desarrollo de las actividades, as\u00ed como sus posibles modificaciones, se actualizar\u00e1 y ampliar\u00e1 en la p\u00e1gina web &lt;<a href=\"https:\/\/egap.xunta.gal\" target=\"_blank\" rel=\"noopener\">https:\/\/egap.xunta.gal<\/a>&gt;.<\/p>\n<p><strong>\u00a0Solicitudes y plazos<\/strong><\/p>\n<p>1. El plazo de presentaci\u00f3n de solicitudes ser\u00e1 <strong>de diez d\u00edas<\/strong> <strong>a partir del d\u00eda siguiente al de la publicaci\u00f3n de esta resoluci\u00f3n en el Diario Oficial de Galicia .<\/strong><\/p>\n<p>2. Las <strong>solicitudes de participaci\u00f3n en actividades formativas s\u00f3lo podr\u00e1n realizarse a trav\u00e9s<\/strong> del formulario de inscripci\u00f3n en l\u00ednea disponible en <a href=\"http:\/\/www.egap.xunta.gal\/matricula\" target=\"_blank\" rel=\"noopener\">&lt;https:\/\/egap.xunta.gal\/matricula&gt;<\/a> a partir de las 8:00 horas del d\u00eda de inicio del plazo de presentaci\u00f3n de solicitudes y hasta las 23:55 horas. en la fecha de finalizaci\u00f3n. Las solicitudes se considerar\u00e1n presentadas una vez que el proceso de registro se haya completado correctamente.<\/p>\n<p>3. El <strong>n\u00famero m\u00e1ximo de cursos<\/strong> que se pueden solicitar est\u00e1 limitado a <strong>cinco.<\/strong><\/p>\n<p><strong>Publicaci\u00f3n de las relaciones de los alumnos seleccionados:<br \/>\n<\/strong><br \/>\nLa EGAP publicar\u00e1 en la direcci\u00f3n <a href=\"http:\/\/www.egap.xunta.gal\" target=\"_blank\" rel=\"noopener\">&lt;https:\/\/egap.xunta.gal&gt;<\/a> una relaci\u00f3n de las personas seleccionadas para participar en dicho curso, as\u00ed como un n\u00famero adecuado de reservas de acuerdo con lo previsto en el art\u00edculo 45.1. b) de la Ley 39\/.2015, de 1 de octubre, del procedimiento administrativo com\u00fan de las administraciones p\u00fablicas (BOE n\u00fam. 236, de 2 de octubre).<\/p>\n<p>El <strong>plazo para presentar alegaciones ser\u00e1 de diez d\u00edas<\/strong> desde su publicaci\u00f3n de conformidad con el art\u00edculo 68.1 de la Ley 39\/2015, de 1 de octubre, del procedimiento administrativo com\u00fan de las administraciones p\u00fablicas.<\/p>\n<p>Se entender\u00e1 que las personas que no est\u00e1n incluidas en la lista han sido excluidas por alguna de las causas previstas en las bases de la convocatoria u ocupan una posici\u00f3n m\u00e1s alejada en la lista de espera.<\/p>\n","protected":false},"excerpt":{"rendered":"<p>Se publica en el DOG de hoy, d\u00eda 1 de marzo de 2022, la Resoluci\u00f3n por la que se convocan las actividades de formaci\u00f3n para el personal de la Administraci\u00f3n local de la Comunidad Aut\u00f3noma de Galicia. Desde este enlace puedes acceder a la Resoluci\u00f3n con el contenido \u00edntegro publicada en el DOG. Resumimos algunos &hellip; <a href=\"https:\/\/www.emplea-te.com\/noticias-oposiciones\/escuela-gallega-de-administracion-publica-resolucion-de-21-de-febrero-de-2022-por-la-que-se-convocan-las-actividades-de-formacion-para-el-personal-de-la-administracion-local-de-la-comunidad-autonoma\/\" class=\"more-link\">Continuar leyendo<span class=\"screen-reader-text\"> \u00abEscuela Gallega de Administraci\u00f3n P\u00fablica: RESOLUCI\u00d3N de 21 de febrero de 2022 por la que se convocan las actividades de formaci\u00f3n para el personal de la Administraci\u00f3n local de la Comunidad Aut\u00f3noma de Galicia.\u00bb<\/span><\/a><\/p>\n","protected":false},"author":1,"featured_media":0,"comment_status":"closed","ping_status":"closed","sticky":false,"template":"","format":"standard","meta":{"footnotes":""},"categories":[4],"tags":[],"class_list":["post-6225","post","type-post","status-publish","format-standard","hentry","category-oposiciones-xunta"],"yoast_head":"<!-- This site is optimized with the Yoast SEO plugin v27.5 - https:\/\/yoast.com\/product\/yoast-seo-wordpress\/ -->\n<title>EGAP: Convocatoria cursos personal Administraci\u00f3n CCAA Galicia.<\/title>\n<meta name=\"description\" content=\"Escuela Gallega de Administraci\u00f3n P\u00fablica: se convocan las actividades de formaci\u00f3n para el personal de la Administraci\u00f3n local de la Comunidad Aut\u00f3noma de Galicia.\" \/>\n<meta name=\"robots\" content=\"index, follow, max-snippet:-1, max-image-preview:large, max-video-preview:-1\" \/>\n<link rel=\"canonical\" href=\"https:\/\/www.emplea-te.com\/noticias-oposiciones\/escuela-gallega-de-administracion-publica-resolucion-de-21-de-febrero-de-2022-por-la-que-se-convocan-las-actividades-de-formacion-para-el-personal-de-la-administracion-local-de-la-comunidad-autonoma\/\" \/>\n<meta property=\"og:locale\" content=\"es_ES\" \/>\n<meta property=\"og:type\" content=\"article\" \/>\n<meta property=\"og:title\" content=\"EGAP: Convocatoria cursos personal Administraci\u00f3n CCAA Galicia.\" \/>\n<meta property=\"og:description\" content=\"Escuela Gallega de Administraci\u00f3n P\u00fablica: se convocan las actividades de formaci\u00f3n para el personal de la Administraci\u00f3n local de la Comunidad Aut\u00f3noma de Galicia.\" \/>\n<meta property=\"og:url\" content=\"https:\/\/www.emplea-te.com\/noticias-oposiciones\/escuela-gallega-de-administracion-publica-resolucion-de-21-de-febrero-de-2022-por-la-que-se-convocan-las-actividades-de-formacion-para-el-personal-de-la-administracion-local-de-la-comunidad-autonoma\/\" \/>\n<meta property=\"og:site_name\" content=\"Noticas de oposiciones por Academia Emplea-te\" \/>\n<meta property=\"article:publisher\" content=\"https:\/\/www.facebook.com\/AcademiaEmpleate\/\" \/>\n<meta property=\"article:published_time\" content=\"2022-03-01T09:18:19+00:00\" \/>\n<meta property=\"article:modified_time\" content=\"2022-03-01T09:28:38+00:00\" \/>\n<meta name=\"author\" content=\"Empleate\" \/>\n<meta name=\"twitter:card\" content=\"summary_large_image\" \/>\n<meta name=\"twitter:creator\" content=\"@Emplea_Te\" \/>\n<meta name=\"twitter:site\" content=\"@Emplea_Te\" \/>\n<meta name=\"twitter:label1\" content=\"Escrito por\" \/>\n\t<meta name=\"twitter:data1\" content=\"Empleate\" \/>\n\t<meta name=\"twitter:label2\" content=\"Tiempo de lectura\" \/>\n\t<meta name=\"twitter:data2\" content=\"3 minutos\" \/>\n<script type=\"application\/ld+json\" class=\"yoast-schema-graph\">{\"@context\":\"https:\\\/\\\/schema.org\",\"@graph\":[{\"@type\":\"Article\",\"@id\":\"https:\\\/\\\/www.emplea-te.com\\\/noticias-oposiciones\\\/escuela-gallega-de-administracion-publica-resolucion-de-21-de-febrero-de-2022-por-la-que-se-convocan-las-actividades-de-formacion-para-el-personal-de-la-administracion-local-de-la-comunidad-autonoma\\\/#article\",\"isPartOf\":{\"@id\":\"https:\\\/\\\/www.emplea-te.com\\\/noticias-oposiciones\\\/escuela-gallega-de-administracion-publica-resolucion-de-21-de-febrero-de-2022-por-la-que-se-convocan-las-actividades-de-formacion-para-el-personal-de-la-administracion-local-de-la-comunidad-autonoma\\\/\"},\"author\":{\"name\":\"Empleate\",\"@id\":\"https:\\\/\\\/www.emplea-te.com\\\/noticias-oposiciones\\\/#\\\/schema\\\/person\\\/d1bc587e1af2b95e9c32aba1795509a6\"},\"headline\":\"Escuela Gallega de Administraci\u00f3n P\u00fablica: RESOLUCI\u00d3N de 21 de febrero de 2022 por la que se convocan las actividades de formaci\u00f3n para el personal de la Administraci\u00f3n local de la Comunidad Aut\u00f3noma de Galicia.\",\"datePublished\":\"2022-03-01T09:18:19+00:00\",\"dateModified\":\"2022-03-01T09:28:38+00:00\",\"mainEntityOfPage\":{\"@id\":\"https:\\\/\\\/www.emplea-te.com\\\/noticias-oposiciones\\\/escuela-gallega-de-administracion-publica-resolucion-de-21-de-febrero-de-2022-por-la-que-se-convocan-las-actividades-de-formacion-para-el-personal-de-la-administracion-local-de-la-comunidad-autonoma\\\/\"},\"wordCount\":673,\"publisher\":{\"@id\":\"https:\\\/\\\/www.emplea-te.com\\\/noticias-oposiciones\\\/#organization\"},\"articleSection\":[\"Oposiciones Xunta\"],\"inLanguage\":\"es\"},{\"@type\":\"WebPage\",\"@id\":\"https:\\\/\\\/www.emplea-te.com\\\/noticias-oposiciones\\\/escuela-gallega-de-administracion-publica-resolucion-de-21-de-febrero-de-2022-por-la-que-se-convocan-las-actividades-de-formacion-para-el-personal-de-la-administracion-local-de-la-comunidad-autonoma\\\/\",\"url\":\"https:\\\/\\\/www.emplea-te.com\\\/noticias-oposiciones\\\/escuela-gallega-de-administracion-publica-resolucion-de-21-de-febrero-de-2022-por-la-que-se-convocan-las-actividades-de-formacion-para-el-personal-de-la-administracion-local-de-la-comunidad-autonoma\\\/\",\"name\":\"EGAP: Convocatoria cursos personal Administraci\u00f3n CCAA Galicia.\",\"isPartOf\":{\"@id\":\"https:\\\/\\\/www.emplea-te.com\\\/noticias-oposiciones\\\/#website\"},\"datePublished\":\"2022-03-01T09:18:19+00:00\",\"dateModified\":\"2022-03-01T09:28:38+00:00\",\"description\":\"Escuela Gallega de Administraci\u00f3n P\u00fablica: se convocan las actividades de formaci\u00f3n para el personal de la Administraci\u00f3n local de la Comunidad Aut\u00f3noma de Galicia.\",\"breadcrumb\":{\"@id\":\"https:\\\/\\\/www.emplea-te.com\\\/noticias-oposiciones\\\/escuela-gallega-de-administracion-publica-resolucion-de-21-de-febrero-de-2022-por-la-que-se-convocan-las-actividades-de-formacion-para-el-personal-de-la-administracion-local-de-la-comunidad-autonoma\\\/#breadcrumb\"},\"inLanguage\":\"es\",\"potentialAction\":[{\"@type\":\"ReadAction\",\"target\":[\"https:\\\/\\\/www.emplea-te.com\\\/noticias-oposiciones\\\/escuela-gallega-de-administracion-publica-resolucion-de-21-de-febrero-de-2022-por-la-que-se-convocan-las-actividades-de-formacion-para-el-personal-de-la-administracion-local-de-la-comunidad-autonoma\\\/\"]}]},{\"@type\":\"BreadcrumbList\",\"@id\":\"https:\\\/\\\/www.emplea-te.com\\\/noticias-oposiciones\\\/escuela-gallega-de-administracion-publica-resolucion-de-21-de-febrero-de-2022-por-la-que-se-convocan-las-actividades-de-formacion-para-el-personal-de-la-administracion-local-de-la-comunidad-autonoma\\\/#breadcrumb\",\"itemListElement\":[{\"@type\":\"ListItem\",\"position\":1,\"name\":\"Noticias Oposiciones\",\"item\":\"https:\\\/\\\/www.emplea-te.com\\\/noticias-oposiciones\\\/\"},{\"@type\":\"ListItem\",\"position\":2,\"name\":\"Oposiciones Xunta\",\"item\":\"https:\\\/\\\/www.emplea-te.com\\\/noticias-oposiciones\\\/categoria\\\/oposiciones-xunta\\\/\"},{\"@type\":\"ListItem\",\"position\":3,\"name\":\"Escuela Gallega de Administraci\u00f3n P\u00fablica: RESOLUCI\u00d3N de 21 de febrero de 2022 por la que se convocan las actividades de formaci\u00f3n para el personal de la Administraci\u00f3n local de la Comunidad Aut\u00f3noma de Galicia.\"}]},{\"@type\":\"WebSite\",\"@id\":\"https:\\\/\\\/www.emplea-te.com\\\/noticias-oposiciones\\\/#website\",\"url\":\"https:\\\/\\\/www.emplea-te.com\\\/noticias-oposiciones\\\/\",\"name\":\"Noticas de oposiciones por Academia Emplea-te\",\"description\":\"Toda la actualidad de las ofertas y convocatorias.\",\"publisher\":{\"@id\":\"https:\\\/\\\/www.emplea-te.com\\\/noticias-oposiciones\\\/#organization\"},\"potentialAction\":[{\"@type\":\"SearchAction\",\"target\":{\"@type\":\"EntryPoint\",\"urlTemplate\":\"https:\\\/\\\/www.emplea-te.com\\\/noticias-oposiciones\\\/?s={search_term_string}\"},\"query-input\":{\"@type\":\"PropertyValueSpecification\",\"valueRequired\":true,\"valueName\":\"search_term_string\"}}],\"inLanguage\":\"es\"},{\"@type\":\"Organization\",\"@id\":\"https:\\\/\\\/www.emplea-te.com\\\/noticias-oposiciones\\\/#organization\",\"name\":\"Academia de oposiciones Empl\u00e9ate\",\"url\":\"https:\\\/\\\/www.emplea-te.com\\\/noticias-oposiciones\\\/\",\"logo\":{\"@type\":\"ImageObject\",\"inLanguage\":\"es\",\"@id\":\"https:\\\/\\\/www.emplea-te.com\\\/noticias-oposiciones\\\/#\\\/schema\\\/logo\\\/image\\\/\",\"url\":\"https:\\\/\\\/www.emplea-te.com\\\/noticias-oposiciones\\\/wp-content\\\/uploads\\\/2019\\\/04\\\/empleate.jpg\",\"contentUrl\":\"https:\\\/\\\/www.emplea-te.com\\\/noticias-oposiciones\\\/wp-content\\\/uploads\\\/2019\\\/04\\\/empleate.jpg\",\"width\":250,\"height\":150,\"caption\":\"Academia de oposiciones Empl\u00e9ate\"},\"image\":{\"@id\":\"https:\\\/\\\/www.emplea-te.com\\\/noticias-oposiciones\\\/#\\\/schema\\\/logo\\\/image\\\/\"},\"sameAs\":[\"https:\\\/\\\/www.facebook.com\\\/AcademiaEmpleate\\\/\",\"https:\\\/\\\/x.com\\\/Emplea_Te\",\"https:\\\/\\\/www.instagram.com\\\/academia_empleate\\\/\"]},{\"@type\":\"Person\",\"@id\":\"https:\\\/\\\/www.emplea-te.com\\\/noticias-oposiciones\\\/#\\\/schema\\\/person\\\/d1bc587e1af2b95e9c32aba1795509a6\",\"name\":\"Empleate\"}]}<\/script>\n<!-- \/ Yoast SEO plugin. -->","yoast_head_json":{"title":"EGAP: Convocatoria cursos personal Administraci\u00f3n CCAA Galicia.","description":"Escuela Gallega de Administraci\u00f3n P\u00fablica: se convocan las actividades de formaci\u00f3n para el personal de la Administraci\u00f3n local de la Comunidad Aut\u00f3noma de Galicia.","robots":{"index":"index","follow":"follow","max-snippet":"max-snippet:-1","max-image-preview":"max-image-preview:large","max-video-preview":"max-video-preview:-1"},"canonical":"https:\/\/www.emplea-te.com\/noticias-oposiciones\/escuela-gallega-de-administracion-publica-resolucion-de-21-de-febrero-de-2022-por-la-que-se-convocan-las-actividades-de-formacion-para-el-personal-de-la-administracion-local-de-la-comunidad-autonoma\/","og_locale":"es_ES","og_type":"article","og_title":"EGAP: Convocatoria cursos personal Administraci\u00f3n CCAA Galicia.","og_description":"Escuela Gallega de Administraci\u00f3n P\u00fablica: se convocan las actividades de formaci\u00f3n para el personal de la Administraci\u00f3n local de la Comunidad Aut\u00f3noma de Galicia.","og_url":"https:\/\/www.emplea-te.com\/noticias-oposiciones\/escuela-gallega-de-administracion-publica-resolucion-de-21-de-febrero-de-2022-por-la-que-se-convocan-las-actividades-de-formacion-para-el-personal-de-la-administracion-local-de-la-comunidad-autonoma\/","og_site_name":"Noticas de oposiciones por Academia Emplea-te","article_publisher":"https:\/\/www.facebook.com\/AcademiaEmpleate\/","article_published_time":"2022-03-01T09:18:19+00:00","article_modified_time":"2022-03-01T09:28:38+00:00","author":"Empleate","twitter_card":"summary_large_image","twitter_creator":"@Emplea_Te","twitter_site":"@Emplea_Te","twitter_misc":{"Escrito por":"Empleate","Tiempo de lectura":"3 minutos"},"schema":{"@context":"https:\/\/schema.org","@graph":[{"@type":"Article","@id":"https:\/\/www.emplea-te.com\/noticias-oposiciones\/escuela-gallega-de-administracion-publica-resolucion-de-21-de-febrero-de-2022-por-la-que-se-convocan-las-actividades-de-formacion-para-el-personal-de-la-administracion-local-de-la-comunidad-autonoma\/#article","isPartOf":{"@id":"https:\/\/www.emplea-te.com\/noticias-oposiciones\/escuela-gallega-de-administracion-publica-resolucion-de-21-de-febrero-de-2022-por-la-que-se-convocan-las-actividades-de-formacion-para-el-personal-de-la-administracion-local-de-la-comunidad-autonoma\/"},"author":{"name":"Empleate","@id":"https:\/\/www.emplea-te.com\/noticias-oposiciones\/#\/schema\/person\/d1bc587e1af2b95e9c32aba1795509a6"},"headline":"Escuela Gallega de Administraci\u00f3n P\u00fablica: RESOLUCI\u00d3N de 21 de febrero de 2022 por la que se convocan las actividades de formaci\u00f3n para el personal de la Administraci\u00f3n local de la Comunidad Aut\u00f3noma de Galicia.","datePublished":"2022-03-01T09:18:19+00:00","dateModified":"2022-03-01T09:28:38+00:00","mainEntityOfPage":{"@id":"https:\/\/www.emplea-te.com\/noticias-oposiciones\/escuela-gallega-de-administracion-publica-resolucion-de-21-de-febrero-de-2022-por-la-que-se-convocan-las-actividades-de-formacion-para-el-personal-de-la-administracion-local-de-la-comunidad-autonoma\/"},"wordCount":673,"publisher":{"@id":"https:\/\/www.emplea-te.com\/noticias-oposiciones\/#organization"},"articleSection":["Oposiciones Xunta"],"inLanguage":"es"},{"@type":"WebPage","@id":"https:\/\/www.emplea-te.com\/noticias-oposiciones\/escuela-gallega-de-administracion-publica-resolucion-de-21-de-febrero-de-2022-por-la-que-se-convocan-las-actividades-de-formacion-para-el-personal-de-la-administracion-local-de-la-comunidad-autonoma\/","url":"https:\/\/www.emplea-te.com\/noticias-oposiciones\/escuela-gallega-de-administracion-publica-resolucion-de-21-de-febrero-de-2022-por-la-que-se-convocan-las-actividades-de-formacion-para-el-personal-de-la-administracion-local-de-la-comunidad-autonoma\/","name":"EGAP: Convocatoria cursos personal Administraci\u00f3n CCAA Galicia.","isPartOf":{"@id":"https:\/\/www.emplea-te.com\/noticias-oposiciones\/#website"},"datePublished":"2022-03-01T09:18:19+00:00","dateModified":"2022-03-01T09:28:38+00:00","description":"Escuela Gallega de Administraci\u00f3n P\u00fablica: se convocan las actividades de formaci\u00f3n para el personal de la Administraci\u00f3n local de la Comunidad Aut\u00f3noma de Galicia.","breadcrumb":{"@id":"https:\/\/www.emplea-te.com\/noticias-oposiciones\/escuela-gallega-de-administracion-publica-resolucion-de-21-de-febrero-de-2022-por-la-que-se-convocan-las-actividades-de-formacion-para-el-personal-de-la-administracion-local-de-la-comunidad-autonoma\/#breadcrumb"},"inLanguage":"es","potentialAction":[{"@type":"ReadAction","target":["https:\/\/www.emplea-te.com\/noticias-oposiciones\/escuela-gallega-de-administracion-publica-resolucion-de-21-de-febrero-de-2022-por-la-que-se-convocan-las-actividades-de-formacion-para-el-personal-de-la-administracion-local-de-la-comunidad-autonoma\/"]}]},{"@type":"BreadcrumbList","@id":"https:\/\/www.emplea-te.com\/noticias-oposiciones\/escuela-gallega-de-administracion-publica-resolucion-de-21-de-febrero-de-2022-por-la-que-se-convocan-las-actividades-de-formacion-para-el-personal-de-la-administracion-local-de-la-comunidad-autonoma\/#breadcrumb","itemListElement":[{"@type":"ListItem","position":1,"name":"Noticias Oposiciones","item":"https:\/\/www.emplea-te.com\/noticias-oposiciones\/"},{"@type":"ListItem","position":2,"name":"Oposiciones Xunta","item":"https:\/\/www.emplea-te.com\/noticias-oposiciones\/categoria\/oposiciones-xunta\/"},{"@type":"ListItem","position":3,"name":"Escuela Gallega de Administraci\u00f3n P\u00fablica: RESOLUCI\u00d3N de 21 de febrero de 2022 por la que se convocan las actividades de formaci\u00f3n para el personal de la Administraci\u00f3n local de la Comunidad Aut\u00f3noma de Galicia."}]},{"@type":"WebSite","@id":"https:\/\/www.emplea-te.com\/noticias-oposiciones\/#website","url":"https:\/\/www.emplea-te.com\/noticias-oposiciones\/","name":"Noticas de oposiciones por Academia Emplea-te","description":"Toda la actualidad de las ofertas y convocatorias.","publisher":{"@id":"https:\/\/www.emplea-te.com\/noticias-oposiciones\/#organization"},"potentialAction":[{"@type":"SearchAction","target":{"@type":"EntryPoint","urlTemplate":"https:\/\/www.emplea-te.com\/noticias-oposiciones\/?s={search_term_string}"},"query-input":{"@type":"PropertyValueSpecification","valueRequired":true,"valueName":"search_term_string"}}],"inLanguage":"es"},{"@type":"Organization","@id":"https:\/\/www.emplea-te.com\/noticias-oposiciones\/#organization","name":"Academia de oposiciones Empl\u00e9ate","url":"https:\/\/www.emplea-te.com\/noticias-oposiciones\/","logo":{"@type":"ImageObject","inLanguage":"es","@id":"https:\/\/www.emplea-te.com\/noticias-oposiciones\/#\/schema\/logo\/image\/","url":"https:\/\/www.emplea-te.com\/noticias-oposiciones\/wp-content\/uploads\/2019\/04\/empleate.jpg","contentUrl":"https:\/\/www.emplea-te.com\/noticias-oposiciones\/wp-content\/uploads\/2019\/04\/empleate.jpg","width":250,"height":150,"caption":"Academia de oposiciones Empl\u00e9ate"},"image":{"@id":"https:\/\/www.emplea-te.com\/noticias-oposiciones\/#\/schema\/logo\/image\/"},"sameAs":["https:\/\/www.facebook.com\/AcademiaEmpleate\/","https:\/\/x.com\/Emplea_Te","https:\/\/www.instagram.com\/academia_empleate\/"]},{"@type":"Person","@id":"https:\/\/www.emplea-te.com\/noticias-oposiciones\/#\/schema\/person\/d1bc587e1af2b95e9c32aba1795509a6","name":"Empleate"}]}},"_links":{"self":[{"href":"https:\/\/www.emplea-te.com\/noticias-oposiciones\/wp-json\/wp\/v2\/posts\/6225","targetHints":{"allow":["GET"]}}],"collection":[{"href":"https:\/\/www.emplea-te.com\/noticias-oposiciones\/wp-json\/wp\/v2\/posts"}],"about":[{"href":"https:\/\/www.emplea-te.com\/noticias-oposiciones\/wp-json\/wp\/v2\/types\/post"}],"author":[{"embeddable":true,"href":"https:\/\/www.emplea-te.com\/noticias-oposiciones\/wp-json\/wp\/v2\/users\/1"}],"replies":[{"embeddable":true,"href":"https:\/\/www.emplea-te.com\/noticias-oposiciones\/wp-json\/wp\/v2\/comments?post=6225"}],"version-history":[{"count":2,"href":"https:\/\/www.emplea-te.com\/noticias-oposiciones\/wp-json\/wp\/v2\/posts\/6225\/revisions"}],"predecessor-version":[{"id":6229,"href":"https:\/\/www.emplea-te.com\/noticias-oposiciones\/wp-json\/wp\/v2\/posts\/6225\/revisions\/6229"}],"wp:attachment":[{"href":"https:\/\/www.emplea-te.com\/noticias-oposiciones\/wp-json\/wp\/v2\/media?parent=6225"}],"wp:term":[{"taxonomy":"category","embeddable":true,"href":"https:\/\/www.emplea-te.com\/noticias-oposiciones\/wp-json\/wp\/v2\/categories?post=6225"},{"taxonomy":"post_tag","embeddable":true,"href":"https:\/\/www.emplea-te.com\/noticias-oposiciones\/wp-json\/wp\/v2\/tags?post=6225"}],"curies":[{"name":"wp","href":"https:\/\/api.w.org\/{rel}","templated":true}]}}