{"id":6227,"date":"2022-03-01T10:27:37","date_gmt":"2022-03-01T09:27:37","guid":{"rendered":"https:\/\/www.emplea-te.com\/noticias-oposiciones\/?p=6227"},"modified":"2022-03-01T10:27:37","modified_gmt":"2022-03-01T09:27:37","slug":"egap-resolucion-de-21-de-febrero-de-2022-por-la-que-se-convocan-las-actividades-formativas-para-el-personal-al-servicio-de-la-administracion-de-justicia-de-galicia","status":"publish","type":"post","link":"https:\/\/www.emplea-te.com\/noticias-oposiciones\/egap-resolucion-de-21-de-febrero-de-2022-por-la-que-se-convocan-las-actividades-formativas-para-el-personal-al-servicio-de-la-administracion-de-justicia-de-galicia\/","title":{"rendered":"EGAP: RESOLUCI\u00d3N de 21 de febrero de 2022 por la que se convocan las actividades formativas para el personal al servicio de la Administraci\u00f3n de Justicia de Galicia."},"content":{"rendered":"<p>Se publica en el DOG de hoy, d\u00eda 1 de marzo de 2022, la RESOLUCI\u00d3N de 21 de febrero de 2022 por la que se convocan las actividades formativas para el personal al servicio de la Administraci\u00f3n de Justicia de Galicia.<\/p>\n<p><a href=\"https:\/\/www.xunta.gal\/dog\/Publicados\/2022\/20220301\/AnuncioO150-210222-0002_gl.html\" target=\"_blank\" rel=\"noopener\">Desde este enlace puedes acceder a la Resoluci\u00f3n \u00edntegra publicada en el DOG de hoy.\u00a0<\/a><\/p>\n<p>Resumimos algunos de los puntos de la Resoluci\u00f3n:<\/p>\n<p><strong>Requisitos para los participantes:<\/strong><\/p>\n<p>1. Los empleados p\u00fablicos y los miembros de las becas temporales de los <strong>\u00f3rganos de gesti\u00f3n procesal y administrativa, tramitaci\u00f3n procesal y administrativa<\/strong>, asistencia letrada y m\u00e9dicos forenses de la Administraci\u00f3n de Justicia de Galicia en situaci\u00f3n de situaci\u00f3n podr\u00e1n participar en las actividades formativas convocadas por esta resoluci\u00f3n el servicio activo (incluido el personal que haya disfrutado de excedencias para la conciliaci\u00f3n de la vida personal, familiar y laboral) y que re\u00fanan los requisitos establecidos en esta convocatoria.<\/p>\n<p>2. Los solicitantes de actividades de teleformaci\u00f3n deber\u00e1n disponer de una cuenta de correo electr\u00f3nico cuya direcci\u00f3n deber\u00e1 indicarse en la solicitud y de un equipo inform\u00e1tico que cumpla los siguientes requisitos t\u00e9cnicos:<\/p>\n<p>&#8211; Una computadora con conexi\u00f3n a internet.<\/p>\n<p>&#8211; Un navegador web actualizado.<\/p>\n<p>Segundo. Desarrollo de actividades formativas<\/p>\n<p>Los cursos se realizar\u00e1n con los requisitos, duraci\u00f3n y condiciones que se indiquen para cada uno de ellos en la convocatoria. La informaci\u00f3n sobre el desarrollo de las actividades, as\u00ed como sus posibles modificaciones, se actualizar\u00e1 y ampliar\u00e1 en la p\u00e1gina web &lt;<a href=\"https:\/\/egap.xunta.gal\" target=\"_blank\" rel=\"noopener\">https:\/\/egap.xunta.gal<\/a>&gt;.<\/p>\n<p><strong>Presentaci\u00f3n de solicitudes:<\/strong><\/p>\n<p>1. El plazo de presentaci\u00f3n de solicitudes ser\u00e1 de <strong>diez d\u00edas a partir del d\u00eda siguiente al de la publicaci\u00f3n de esta resoluci\u00f3n en el Diario Oficial de Galicia .<\/strong><\/p>\n<p>Las solicitudes de participaci\u00f3n en actividades formativas s\u00f3lo podr\u00e1n realizarse a trav\u00e9s del formulario de inscripci\u00f3n online disponible en &lt;<a href=\"https:\/\/egap.xunta.gal\/matricula\" target=\"_blank\" rel=\"noopener\">https:\/\/egap.xunta.gal\/matricula<\/a>&gt; a partir de las 8.00 horas del d\u00eda de inicio del plazo de presentaci\u00f3n de solicitudes y hasta las 23.55 horas del final fecha. Las solicitudes se considerar\u00e1n presentadas una vez que el proceso de registro se haya completado correctamente.<\/p>\n<p>2. El n\u00famero m\u00e1ximo de cursos que se pueden solicitar durante el per\u00edodo de solicitud se limita a cinco.<\/p>\n<p><strong>Publicaci\u00f3n de las relaciones de los alumnos seleccionados<\/strong><\/p>\n<p>1. La EGAP publicar\u00e1 en la direcci\u00f3n &lt;<a href=\"https:\/\/egap.xunta.gal\" target=\"_blank\" rel=\"noopener\">https:\/\/egap.xunta.gal<\/a>&gt; una relaci\u00f3n de las personas seleccionadas para participar en cada curso, as\u00ed como un n\u00famero adecuado de reservas de acuerdo con lo previsto en el art\u00edculo 45.1.b ) de la Ley 39\/2015, de 1 de octubre, del procedimiento administrativo com\u00fan de las administraciones p\u00fablicas.<\/p>\n<p>El plazo para presentar alegaciones ser\u00e1 de diez d\u00edas desde su publicaci\u00f3n de conformidad con el art\u00edculo 68.1 de la Ley 39\/2015, de 1 de octubre, del procedimiento administrativo com\u00fan de las administraciones p\u00fablicas.<\/p>\n<p>Se entender\u00e1 que las personas que no est\u00e1n incluidas en la lista han sido excluidas por alguna de las causas previstas en las bases de la convocatoria u ocupan una posici\u00f3n m\u00e1s alejada en la lista de espera.<\/p>\n<p>&nbsp;<\/p>\n<p>&nbsp;<\/p>\n","protected":false},"excerpt":{"rendered":"<p>Se publica en el DOG de hoy, d\u00eda 1 de marzo de 2022, la RESOLUCI\u00d3N de 21 de febrero de 2022 por la que se convocan las actividades formativas para el personal al servicio de la Administraci\u00f3n de Justicia de Galicia. Desde este enlace puedes acceder a la Resoluci\u00f3n \u00edntegra publicada en el DOG de &hellip; <a href=\"https:\/\/www.emplea-te.com\/noticias-oposiciones\/egap-resolucion-de-21-de-febrero-de-2022-por-la-que-se-convocan-las-actividades-formativas-para-el-personal-al-servicio-de-la-administracion-de-justicia-de-galicia\/\" class=\"more-link\">Continuar leyendo<span class=\"screen-reader-text\"> \u00abEGAP: RESOLUCI\u00d3N de 21 de febrero de 2022 por la que se convocan las actividades formativas para el personal al servicio de la Administraci\u00f3n de Justicia de Galicia.\u00bb<\/span><\/a><\/p>\n","protected":false},"author":1,"featured_media":0,"comment_status":"closed","ping_status":"closed","sticky":false,"template":"","format":"standard","meta":{"footnotes":""},"categories":[4],"tags":[],"class_list":["post-6227","post","type-post","status-publish","format-standard","hentry","category-oposiciones-xunta"],"yoast_head":"<!-- This site is optimized with the Yoast SEO plugin v27.5 - https:\/\/yoast.com\/product\/yoast-seo-wordpress\/ -->\n<title>EGAP: Convocatoria cursos Administraci\u00f3n de justicia de Galicia.<\/title>\n<meta name=\"description\" content=\"EGAP: RESOLUCI\u00d3N de 21 de febrero de 2022 por la que se convocan las actividades formativas para el personal al servicio de la Administraci\u00f3n de Justicia de Galicia.\" \/>\n<meta name=\"robots\" content=\"index, follow, max-snippet:-1, max-image-preview:large, max-video-preview:-1\" \/>\n<link rel=\"canonical\" href=\"https:\/\/www.emplea-te.com\/noticias-oposiciones\/egap-resolucion-de-21-de-febrero-de-2022-por-la-que-se-convocan-las-actividades-formativas-para-el-personal-al-servicio-de-la-administracion-de-justicia-de-galicia\/\" \/>\n<meta property=\"og:locale\" content=\"es_ES\" \/>\n<meta property=\"og:type\" content=\"article\" \/>\n<meta property=\"og:title\" content=\"EGAP: Convocatoria cursos Administraci\u00f3n de justicia de Galicia.\" \/>\n<meta property=\"og:description\" content=\"EGAP: RESOLUCI\u00d3N de 21 de febrero de 2022 por la que se convocan las actividades formativas para el personal al servicio de la Administraci\u00f3n de Justicia de Galicia.\" \/>\n<meta property=\"og:url\" content=\"https:\/\/www.emplea-te.com\/noticias-oposiciones\/egap-resolucion-de-21-de-febrero-de-2022-por-la-que-se-convocan-las-actividades-formativas-para-el-personal-al-servicio-de-la-administracion-de-justicia-de-galicia\/\" \/>\n<meta property=\"og:site_name\" content=\"Noticas de oposiciones por Academia Emplea-te\" \/>\n<meta property=\"article:publisher\" content=\"https:\/\/www.facebook.com\/AcademiaEmpleate\/\" \/>\n<meta property=\"article:published_time\" content=\"2022-03-01T09:27:37+00:00\" \/>\n<meta name=\"author\" content=\"Empleate\" \/>\n<meta name=\"twitter:card\" content=\"summary_large_image\" \/>\n<meta name=\"twitter:creator\" content=\"@Emplea_Te\" \/>\n<meta name=\"twitter:site\" content=\"@Emplea_Te\" \/>\n<meta name=\"twitter:label1\" content=\"Escrito por\" \/>\n\t<meta name=\"twitter:data1\" content=\"Empleate\" \/>\n\t<meta name=\"twitter:label2\" content=\"Tiempo de lectura\" \/>\n\t<meta name=\"twitter:data2\" content=\"3 minutos\" \/>\n<script type=\"application\/ld+json\" class=\"yoast-schema-graph\">{\"@context\":\"https:\\\/\\\/schema.org\",\"@graph\":[{\"@type\":\"Article\",\"@id\":\"https:\\\/\\\/www.emplea-te.com\\\/noticias-oposiciones\\\/egap-resolucion-de-21-de-febrero-de-2022-por-la-que-se-convocan-las-actividades-formativas-para-el-personal-al-servicio-de-la-administracion-de-justicia-de-galicia\\\/#article\",\"isPartOf\":{\"@id\":\"https:\\\/\\\/www.emplea-te.com\\\/noticias-oposiciones\\\/egap-resolucion-de-21-de-febrero-de-2022-por-la-que-se-convocan-las-actividades-formativas-para-el-personal-al-servicio-de-la-administracion-de-justicia-de-galicia\\\/\"},\"author\":{\"name\":\"Empleate\",\"@id\":\"https:\\\/\\\/www.emplea-te.com\\\/noticias-oposiciones\\\/#\\\/schema\\\/person\\\/d1bc587e1af2b95e9c32aba1795509a6\"},\"headline\":\"EGAP: RESOLUCI\u00d3N de 21 de febrero de 2022 por la que se convocan las actividades formativas para el personal al servicio de la Administraci\u00f3n de Justicia de Galicia.\",\"datePublished\":\"2022-03-01T09:27:37+00:00\",\"mainEntityOfPage\":{\"@id\":\"https:\\\/\\\/www.emplea-te.com\\\/noticias-oposiciones\\\/egap-resolucion-de-21-de-febrero-de-2022-por-la-que-se-convocan-las-actividades-formativas-para-el-personal-al-servicio-de-la-administracion-de-justicia-de-galicia\\\/\"},\"wordCount\":571,\"publisher\":{\"@id\":\"https:\\\/\\\/www.emplea-te.com\\\/noticias-oposiciones\\\/#organization\"},\"articleSection\":[\"Oposiciones Xunta\"],\"inLanguage\":\"es\"},{\"@type\":\"WebPage\",\"@id\":\"https:\\\/\\\/www.emplea-te.com\\\/noticias-oposiciones\\\/egap-resolucion-de-21-de-febrero-de-2022-por-la-que-se-convocan-las-actividades-formativas-para-el-personal-al-servicio-de-la-administracion-de-justicia-de-galicia\\\/\",\"url\":\"https:\\\/\\\/www.emplea-te.com\\\/noticias-oposiciones\\\/egap-resolucion-de-21-de-febrero-de-2022-por-la-que-se-convocan-las-actividades-formativas-para-el-personal-al-servicio-de-la-administracion-de-justicia-de-galicia\\\/\",\"name\":\"EGAP: Convocatoria cursos Administraci\u00f3n de justicia de Galicia.\",\"isPartOf\":{\"@id\":\"https:\\\/\\\/www.emplea-te.com\\\/noticias-oposiciones\\\/#website\"},\"datePublished\":\"2022-03-01T09:27:37+00:00\",\"description\":\"EGAP: RESOLUCI\u00d3N de 21 de febrero de 2022 por la que se convocan las actividades formativas para el personal al servicio de la Administraci\u00f3n de Justicia de Galicia.\",\"breadcrumb\":{\"@id\":\"https:\\\/\\\/www.emplea-te.com\\\/noticias-oposiciones\\\/egap-resolucion-de-21-de-febrero-de-2022-por-la-que-se-convocan-las-actividades-formativas-para-el-personal-al-servicio-de-la-administracion-de-justicia-de-galicia\\\/#breadcrumb\"},\"inLanguage\":\"es\",\"potentialAction\":[{\"@type\":\"ReadAction\",\"target\":[\"https:\\\/\\\/www.emplea-te.com\\\/noticias-oposiciones\\\/egap-resolucion-de-21-de-febrero-de-2022-por-la-que-se-convocan-las-actividades-formativas-para-el-personal-al-servicio-de-la-administracion-de-justicia-de-galicia\\\/\"]}]},{\"@type\":\"BreadcrumbList\",\"@id\":\"https:\\\/\\\/www.emplea-te.com\\\/noticias-oposiciones\\\/egap-resolucion-de-21-de-febrero-de-2022-por-la-que-se-convocan-las-actividades-formativas-para-el-personal-al-servicio-de-la-administracion-de-justicia-de-galicia\\\/#breadcrumb\",\"itemListElement\":[{\"@type\":\"ListItem\",\"position\":1,\"name\":\"Noticias Oposiciones\",\"item\":\"https:\\\/\\\/www.emplea-te.com\\\/noticias-oposiciones\\\/\"},{\"@type\":\"ListItem\",\"position\":2,\"name\":\"Oposiciones Xunta\",\"item\":\"https:\\\/\\\/www.emplea-te.com\\\/noticias-oposiciones\\\/categoria\\\/oposiciones-xunta\\\/\"},{\"@type\":\"ListItem\",\"position\":3,\"name\":\"EGAP: RESOLUCI\u00d3N de 21 de febrero de 2022 por la que se convocan las actividades formativas para el personal al servicio de la Administraci\u00f3n de Justicia de Galicia.\"}]},{\"@type\":\"WebSite\",\"@id\":\"https:\\\/\\\/www.emplea-te.com\\\/noticias-oposiciones\\\/#website\",\"url\":\"https:\\\/\\\/www.emplea-te.com\\\/noticias-oposiciones\\\/\",\"name\":\"Noticas de oposiciones por Academia Emplea-te\",\"description\":\"Toda la actualidad de las ofertas y convocatorias.\",\"publisher\":{\"@id\":\"https:\\\/\\\/www.emplea-te.com\\\/noticias-oposiciones\\\/#organization\"},\"potentialAction\":[{\"@type\":\"SearchAction\",\"target\":{\"@type\":\"EntryPoint\",\"urlTemplate\":\"https:\\\/\\\/www.emplea-te.com\\\/noticias-oposiciones\\\/?s={search_term_string}\"},\"query-input\":{\"@type\":\"PropertyValueSpecification\",\"valueRequired\":true,\"valueName\":\"search_term_string\"}}],\"inLanguage\":\"es\"},{\"@type\":\"Organization\",\"@id\":\"https:\\\/\\\/www.emplea-te.com\\\/noticias-oposiciones\\\/#organization\",\"name\":\"Academia de oposiciones Empl\u00e9ate\",\"url\":\"https:\\\/\\\/www.emplea-te.com\\\/noticias-oposiciones\\\/\",\"logo\":{\"@type\":\"ImageObject\",\"inLanguage\":\"es\",\"@id\":\"https:\\\/\\\/www.emplea-te.com\\\/noticias-oposiciones\\\/#\\\/schema\\\/logo\\\/image\\\/\",\"url\":\"https:\\\/\\\/www.emplea-te.com\\\/noticias-oposiciones\\\/wp-content\\\/uploads\\\/2019\\\/04\\\/empleate.jpg\",\"contentUrl\":\"https:\\\/\\\/www.emplea-te.com\\\/noticias-oposiciones\\\/wp-content\\\/uploads\\\/2019\\\/04\\\/empleate.jpg\",\"width\":250,\"height\":150,\"caption\":\"Academia de oposiciones Empl\u00e9ate\"},\"image\":{\"@id\":\"https:\\\/\\\/www.emplea-te.com\\\/noticias-oposiciones\\\/#\\\/schema\\\/logo\\\/image\\\/\"},\"sameAs\":[\"https:\\\/\\\/www.facebook.com\\\/AcademiaEmpleate\\\/\",\"https:\\\/\\\/x.com\\\/Emplea_Te\",\"https:\\\/\\\/www.instagram.com\\\/academia_empleate\\\/\"]},{\"@type\":\"Person\",\"@id\":\"https:\\\/\\\/www.emplea-te.com\\\/noticias-oposiciones\\\/#\\\/schema\\\/person\\\/d1bc587e1af2b95e9c32aba1795509a6\",\"name\":\"Empleate\"}]}<\/script>\n<!-- \/ Yoast SEO plugin. -->","yoast_head_json":{"title":"EGAP: Convocatoria cursos Administraci\u00f3n de justicia de Galicia.","description":"EGAP: RESOLUCI\u00d3N de 21 de febrero de 2022 por la que se convocan las actividades formativas para el personal al servicio de la Administraci\u00f3n de Justicia de Galicia.","robots":{"index":"index","follow":"follow","max-snippet":"max-snippet:-1","max-image-preview":"max-image-preview:large","max-video-preview":"max-video-preview:-1"},"canonical":"https:\/\/www.emplea-te.com\/noticias-oposiciones\/egap-resolucion-de-21-de-febrero-de-2022-por-la-que-se-convocan-las-actividades-formativas-para-el-personal-al-servicio-de-la-administracion-de-justicia-de-galicia\/","og_locale":"es_ES","og_type":"article","og_title":"EGAP: Convocatoria cursos Administraci\u00f3n de justicia de Galicia.","og_description":"EGAP: RESOLUCI\u00d3N de 21 de febrero de 2022 por la que se convocan las actividades formativas para el personal al servicio de la Administraci\u00f3n de Justicia de Galicia.","og_url":"https:\/\/www.emplea-te.com\/noticias-oposiciones\/egap-resolucion-de-21-de-febrero-de-2022-por-la-que-se-convocan-las-actividades-formativas-para-el-personal-al-servicio-de-la-administracion-de-justicia-de-galicia\/","og_site_name":"Noticas de oposiciones por Academia Emplea-te","article_publisher":"https:\/\/www.facebook.com\/AcademiaEmpleate\/","article_published_time":"2022-03-01T09:27:37+00:00","author":"Empleate","twitter_card":"summary_large_image","twitter_creator":"@Emplea_Te","twitter_site":"@Emplea_Te","twitter_misc":{"Escrito por":"Empleate","Tiempo de lectura":"3 minutos"},"schema":{"@context":"https:\/\/schema.org","@graph":[{"@type":"Article","@id":"https:\/\/www.emplea-te.com\/noticias-oposiciones\/egap-resolucion-de-21-de-febrero-de-2022-por-la-que-se-convocan-las-actividades-formativas-para-el-personal-al-servicio-de-la-administracion-de-justicia-de-galicia\/#article","isPartOf":{"@id":"https:\/\/www.emplea-te.com\/noticias-oposiciones\/egap-resolucion-de-21-de-febrero-de-2022-por-la-que-se-convocan-las-actividades-formativas-para-el-personal-al-servicio-de-la-administracion-de-justicia-de-galicia\/"},"author":{"name":"Empleate","@id":"https:\/\/www.emplea-te.com\/noticias-oposiciones\/#\/schema\/person\/d1bc587e1af2b95e9c32aba1795509a6"},"headline":"EGAP: RESOLUCI\u00d3N de 21 de febrero de 2022 por la que se convocan las actividades formativas para el personal al servicio de la Administraci\u00f3n de Justicia de Galicia.","datePublished":"2022-03-01T09:27:37+00:00","mainEntityOfPage":{"@id":"https:\/\/www.emplea-te.com\/noticias-oposiciones\/egap-resolucion-de-21-de-febrero-de-2022-por-la-que-se-convocan-las-actividades-formativas-para-el-personal-al-servicio-de-la-administracion-de-justicia-de-galicia\/"},"wordCount":571,"publisher":{"@id":"https:\/\/www.emplea-te.com\/noticias-oposiciones\/#organization"},"articleSection":["Oposiciones Xunta"],"inLanguage":"es"},{"@type":"WebPage","@id":"https:\/\/www.emplea-te.com\/noticias-oposiciones\/egap-resolucion-de-21-de-febrero-de-2022-por-la-que-se-convocan-las-actividades-formativas-para-el-personal-al-servicio-de-la-administracion-de-justicia-de-galicia\/","url":"https:\/\/www.emplea-te.com\/noticias-oposiciones\/egap-resolucion-de-21-de-febrero-de-2022-por-la-que-se-convocan-las-actividades-formativas-para-el-personal-al-servicio-de-la-administracion-de-justicia-de-galicia\/","name":"EGAP: Convocatoria cursos Administraci\u00f3n de justicia de Galicia.","isPartOf":{"@id":"https:\/\/www.emplea-te.com\/noticias-oposiciones\/#website"},"datePublished":"2022-03-01T09:27:37+00:00","description":"EGAP: RESOLUCI\u00d3N de 21 de febrero de 2022 por la que se convocan las actividades formativas para el personal al servicio de la Administraci\u00f3n de Justicia de Galicia.","breadcrumb":{"@id":"https:\/\/www.emplea-te.com\/noticias-oposiciones\/egap-resolucion-de-21-de-febrero-de-2022-por-la-que-se-convocan-las-actividades-formativas-para-el-personal-al-servicio-de-la-administracion-de-justicia-de-galicia\/#breadcrumb"},"inLanguage":"es","potentialAction":[{"@type":"ReadAction","target":["https:\/\/www.emplea-te.com\/noticias-oposiciones\/egap-resolucion-de-21-de-febrero-de-2022-por-la-que-se-convocan-las-actividades-formativas-para-el-personal-al-servicio-de-la-administracion-de-justicia-de-galicia\/"]}]},{"@type":"BreadcrumbList","@id":"https:\/\/www.emplea-te.com\/noticias-oposiciones\/egap-resolucion-de-21-de-febrero-de-2022-por-la-que-se-convocan-las-actividades-formativas-para-el-personal-al-servicio-de-la-administracion-de-justicia-de-galicia\/#breadcrumb","itemListElement":[{"@type":"ListItem","position":1,"name":"Noticias Oposiciones","item":"https:\/\/www.emplea-te.com\/noticias-oposiciones\/"},{"@type":"ListItem","position":2,"name":"Oposiciones Xunta","item":"https:\/\/www.emplea-te.com\/noticias-oposiciones\/categoria\/oposiciones-xunta\/"},{"@type":"ListItem","position":3,"name":"EGAP: RESOLUCI\u00d3N de 21 de febrero de 2022 por la que se convocan las actividades formativas para el personal al servicio de la Administraci\u00f3n de Justicia de Galicia."}]},{"@type":"WebSite","@id":"https:\/\/www.emplea-te.com\/noticias-oposiciones\/#website","url":"https:\/\/www.emplea-te.com\/noticias-oposiciones\/","name":"Noticas de oposiciones por Academia Emplea-te","description":"Toda la actualidad de las ofertas y convocatorias.","publisher":{"@id":"https:\/\/www.emplea-te.com\/noticias-oposiciones\/#organization"},"potentialAction":[{"@type":"SearchAction","target":{"@type":"EntryPoint","urlTemplate":"https:\/\/www.emplea-te.com\/noticias-oposiciones\/?s={search_term_string}"},"query-input":{"@type":"PropertyValueSpecification","valueRequired":true,"valueName":"search_term_string"}}],"inLanguage":"es"},{"@type":"Organization","@id":"https:\/\/www.emplea-te.com\/noticias-oposiciones\/#organization","name":"Academia de oposiciones Empl\u00e9ate","url":"https:\/\/www.emplea-te.com\/noticias-oposiciones\/","logo":{"@type":"ImageObject","inLanguage":"es","@id":"https:\/\/www.emplea-te.com\/noticias-oposiciones\/#\/schema\/logo\/image\/","url":"https:\/\/www.emplea-te.com\/noticias-oposiciones\/wp-content\/uploads\/2019\/04\/empleate.jpg","contentUrl":"https:\/\/www.emplea-te.com\/noticias-oposiciones\/wp-content\/uploads\/2019\/04\/empleate.jpg","width":250,"height":150,"caption":"Academia de oposiciones Empl\u00e9ate"},"image":{"@id":"https:\/\/www.emplea-te.com\/noticias-oposiciones\/#\/schema\/logo\/image\/"},"sameAs":["https:\/\/www.facebook.com\/AcademiaEmpleate\/","https:\/\/x.com\/Emplea_Te","https:\/\/www.instagram.com\/academia_empleate\/"]},{"@type":"Person","@id":"https:\/\/www.emplea-te.com\/noticias-oposiciones\/#\/schema\/person\/d1bc587e1af2b95e9c32aba1795509a6","name":"Empleate"}]}},"_links":{"self":[{"href":"https:\/\/www.emplea-te.com\/noticias-oposiciones\/wp-json\/wp\/v2\/posts\/6227","targetHints":{"allow":["GET"]}}],"collection":[{"href":"https:\/\/www.emplea-te.com\/noticias-oposiciones\/wp-json\/wp\/v2\/posts"}],"about":[{"href":"https:\/\/www.emplea-te.com\/noticias-oposiciones\/wp-json\/wp\/v2\/types\/post"}],"author":[{"embeddable":true,"href":"https:\/\/www.emplea-te.com\/noticias-oposiciones\/wp-json\/wp\/v2\/users\/1"}],"replies":[{"embeddable":true,"href":"https:\/\/www.emplea-te.com\/noticias-oposiciones\/wp-json\/wp\/v2\/comments?post=6227"}],"version-history":[{"count":1,"href":"https:\/\/www.emplea-te.com\/noticias-oposiciones\/wp-json\/wp\/v2\/posts\/6227\/revisions"}],"predecessor-version":[{"id":6228,"href":"https:\/\/www.emplea-te.com\/noticias-oposiciones\/wp-json\/wp\/v2\/posts\/6227\/revisions\/6228"}],"wp:attachment":[{"href":"https:\/\/www.emplea-te.com\/noticias-oposiciones\/wp-json\/wp\/v2\/media?parent=6227"}],"wp:term":[{"taxonomy":"category","embeddable":true,"href":"https:\/\/www.emplea-te.com\/noticias-oposiciones\/wp-json\/wp\/v2\/categories?post=6227"},{"taxonomy":"post_tag","embeddable":true,"href":"https:\/\/www.emplea-te.com\/noticias-oposiciones\/wp-json\/wp\/v2\/tags?post=6227"}],"curies":[{"name":"wp","href":"https:\/\/api.w.org\/{rel}","templated":true}]}}