{"id":6232,"date":"2022-03-02T09:37:06","date_gmt":"2022-03-02T08:37:06","guid":{"rendered":"https:\/\/www.emplea-te.com\/noticias-oposiciones\/?p=6232"},"modified":"2022-03-02T09:37:06","modified_gmt":"2022-03-02T08:37:06","slug":"ayuntamiento-de-moana-anuncio-de-la-aprobacion-de-la-oep-2021","status":"publish","type":"post","link":"https:\/\/www.emplea-te.com\/noticias-oposiciones\/ayuntamiento-de-moana-anuncio-de-la-aprobacion-de-la-oep-2021\/","title":{"rendered":"Ayuntamiento de Moa\u00f1a. Anuncio de la aprobaci\u00f3n de la OEP 2021."},"content":{"rendered":"<p>Se publica en el DOG de hoy, d\u00eda 2 de marzo de 2022, el Anuncio de Aprobaci\u00f3n de la OEP 2021 del Ayuntamiento de Moa\u00f1a.<\/p>\n<p><a href=\"https:\/\/www.xunta.gal\/dog\/Publicados\/2022\/20220302\/AnuncioL229-080222-0001_gl.html\" target=\"_blank\" rel=\"noopener\">Accede al Anuncio \u00edntegro publicado en el DOG de hoy con la OEP 2021 del Ayuntamiento de Moa\u00f1a.\u00a0<\/a><\/p>\n<p><a href=\"http:\/\/www.emplea-te.com\" target=\"_blank\" rel=\"noopener\"><strong>Inf\u00f3rmate de c\u00f3mo puedes preparar las plazas de Administraci\u00f3n de esta OEP en nuestros Grupos Presenciales con n\u00famero reducido de alumn@s.<\/strong><\/a><\/p>\n<p><strong>Las plazas que conforman la OEP son las siguientes:\u00a0<\/strong><\/p>\n<p class=\"dog-base-sangria\"><strong>A. Oferta de empleo p\u00fablico 2021 para la tasa de sustituci\u00f3n:<\/strong><\/p>\n<p class=\"dog-base-sangria\"><strong>Funcionarios de carrera.<\/strong><\/p>\n<table id=\"table-1\">\n<tbody>\n<tr>\n<td>\n<p class=\"x-ning-n-estilo-de-p-rrafo-\"><span>NO<\/span><\/p>\n<\/td>\n<td>\n<p class=\"x-ning-n-estilo-de-p-rrafo-\"><span>Denominaci\u00f3n<\/span><\/p>\n<\/td>\n<td>\n<p class=\"x-ning-n-estilo-de-p-rrafo-\"><span>Grupo<\/span><\/p>\n<\/td>\n<td>\n<p class=\"x-ning-n-estilo-de-p-rrafo-\"><span>Subgrupo<\/span><\/p>\n<\/td>\n<td>\n<p class=\"x-ning-n-estilo-de-p-rrafo-\"><span>Escala<\/span><\/p>\n<\/td>\n<td>\n<p class=\"x-ning-n-estilo-de-p-rrafo-\"><span>subescala<\/span><\/p>\n<\/td>\n<td>\n<p class=\"x-ning-n-estilo-de-p-rrafo-\"><span>Provisi\u00f3n<\/span><\/p>\n<\/td>\n<\/tr>\n<tr>\n<td>\n<p class=\"x-ning-n-estilo-de-p-rrafo-\"><span>1<\/span><\/p>\n<\/td>\n<td>\n<p class=\"x-ning-n-estilo-de-p-rrafo-\"><span>Polic\u00eda Local<\/span><\/p>\n<\/td>\n<td>\n<p class=\"x-ning-n-estilo-de-p-rrafo-\"><span>C<\/span><\/p>\n<\/td>\n<td>\n<p class=\"x-ning-n-estilo-de-p-rrafo-\"><span>C1<\/span><\/p>\n<\/td>\n<td>\n<p class=\"x-ning-n-estilo-de-p-rrafo-\"><span>Amonestar.\u00a0especial<\/span><\/p>\n<\/td>\n<td>\n<p class=\"x-ning-n-estilo-de-p-rrafo-\"><span>Servicios especiales<\/span><\/p>\n<\/td>\n<td>\n<p class=\"x-ning-n-estilo-de-p-rrafo-\"><span>turno libre<\/span><\/p>\n<\/td>\n<\/tr>\n<tr>\n<td>\n<p class=\"x-ning-n-estilo-de-p-rrafo-\"><span>1<\/span><\/p>\n<\/td>\n<td>\n<p class=\"x-ning-n-estilo-de-p-rrafo-\"><span>Administrativo<\/span><\/p>\n<\/td>\n<td>\n<p class=\"x-ning-n-estilo-de-p-rrafo-\"><span>C<\/span><\/p>\n<\/td>\n<td>\n<p class=\"x-ning-n-estilo-de-p-rrafo-\"><span>C1<\/span><\/p>\n<\/td>\n<td>\n<p class=\"x-ning-n-estilo-de-p-rrafo-\"><span>Amonestar.\u00a0general<\/span><\/p>\n<\/td>\n<td>\n<p class=\"x-ning-n-estilo-de-p-rrafo-\"><span>Administrativo<\/span><\/p>\n<\/td>\n<td>\n<p class=\"x-ning-n-estilo-de-p-rrafo-\"><span>turno libre<\/span><\/p>\n<\/td>\n<\/tr>\n<\/tbody>\n<\/table>\n<p class=\"dog-base-sangria\"><strong>Personal laboral fijo.<\/strong><\/p>\n<table id=\"table-2\">\n<tbody>\n<tr>\n<td>\n<p class=\"x-ning-n-estilo-de-p-rrafo-\"><span>NO<\/span><\/p>\n<\/td>\n<td>\n<p class=\"x-ning-n-estilo-de-p-rrafo-\"><span>Denominaci\u00f3n<\/span><\/p>\n<\/td>\n<td>\n<p class=\"x-ning-n-estilo-de-p-rrafo-\"><span>Grupo<\/span><\/p>\n<\/td>\n<td>\n<p class=\"x-ning-n-estilo-de-p-rrafo-\"><span>Subgrupo<\/span><\/p>\n<\/td>\n<td>\n<p class=\"x-ning-n-estilo-de-p-rrafo-\"><span>Provisi\u00f3n<\/span><\/p>\n<\/td>\n<\/tr>\n<tr>\n<td>\n<p class=\"x-ning-n-estilo-de-p-rrafo-\"><span>1<\/span><\/p>\n<\/td>\n<td>\n<p class=\"x-ning-n-estilo-de-p-rrafo-\"><span>Limpiador<\/span><\/p>\n<\/td>\n<td>\n<p class=\"x-ning-n-estilo-de-p-rrafo-\"><span>5<\/span><\/p>\n<\/td>\n<td>\n<p class=\"x-ning-n-estilo-de-p-rrafo-\"><span>5B<\/span><\/p>\n<\/td>\n<td>\n<p class=\"x-ning-n-estilo-de-p-rrafo-\"><span>turno libre<\/span><\/p>\n<\/td>\n<\/tr>\n<\/tbody>\n<\/table>\n<p class=\"dog-base-sangria\"><strong>B. Oferta de empleo p\u00fablico 2021 para la estabilizaci\u00f3n del empleo temporal:<\/strong><\/p>\n<p class=\"dog-base-sangria\"><strong>Personal:<\/strong><\/p>\n<table id=\"table-3\">\n<tbody>\n<tr>\n<td>\n<p class=\"x-ning-n-estilo-de-p-rrafo-\"><span>nombre de la plaza<\/span><\/p>\n<\/td>\n<td>\n<p class=\"x-ning-n-estilo-de-p-rrafo-\"><span>Grupo<\/span><\/p>\n<\/td>\n<td>\n<p class=\"x-ning-n-estilo-de-p-rrafo-\"><span>Subgrupo<\/span><\/p>\n<\/td>\n<td>\n<p class=\"x-ning-n-estilo-de-p-rrafo-\"><span>Escala<\/span><\/p>\n<\/td>\n<td>\n<p class=\"x-ning-n-estilo-de-p-rrafo-\"><span>subescala<\/span><\/p>\n<\/td>\n<td>\n<p class=\"x-ning-n-estilo-de-p-rrafo-\"><span>sin asientos<\/span><\/p>\n<\/td>\n<\/tr>\n<tr>\n<td>\n<p class=\"x-ning-n-estilo-de-p-rrafo-\"><span>Ayudante Administrativo<\/span><\/p>\n<\/td>\n<td>\n<p class=\"x-ning-n-estilo-de-p-rrafo-\"><span>C<\/span><\/p>\n<\/td>\n<td>\n<p class=\"x-ning-n-estilo-de-p-rrafo-\"><span>C2<\/span><\/p>\n<\/td>\n<td>\n<p class=\"x-ning-n-estilo-de-p-rrafo-\"><span>Amonestar.\u00a0general<\/span><\/p>\n<\/td>\n<td>\n<p class=\"x-ning-n-estilo-de-p-rrafo-\"><span>Auxiliar<\/span><\/p>\n<\/td>\n<td>\n<p class=\"x-ning-n-estilo-de-p-rrafo-\"><span>2<\/span><\/p>\n<\/td>\n<\/tr>\n<tr>\n<td>\n<p class=\"x-ning-n-estilo-de-p-rrafo-\"><span>T\u00e9cnico de Intervenci\u00f3n<\/span><\/p>\n<\/td>\n<td>\n<p class=\"x-ning-n-estilo-de-p-rrafo-\"><span>A<\/span><\/p>\n<\/td>\n<td>\n<p class=\"x-ning-n-estilo-de-p-rrafo-\"><span>A2<\/span><\/p>\n<\/td>\n<td>\n<p class=\"x-ning-n-estilo-de-p-rrafo-\"><span>Amonestar.\u00a0general<\/span><\/p>\n<\/td>\n<td>\n<p class=\"x-ning-n-estilo-de-p-rrafo-\"><span>Gesti\u00f3n<\/span><\/p>\n<\/td>\n<td>\n<p class=\"x-ning-n-estilo-de-p-rrafo-\"><span>1<\/span><\/p>\n<\/td>\n<\/tr>\n<tr>\n<td colspan=\"6\">\n<p class=\"x-ning-n-estilo-de-p-rrafo-\"><span>totales: 3<\/span><\/p>\n<\/td>\n<\/tr>\n<\/tbody>\n<\/table>\n<p class=\"dog-base-sangria\"><strong>Personal de trabajo:<\/strong><\/p>\n<p class=\"dog-base-sangria\"><span>Estabilizaci\u00f3n seg\u00fan Ley 3\/2017, de 27 de junio, de Presupuestos Generales del Estado para el ejercicio 2017.<\/span><\/p>\n<table id=\"table-4\">\n<tbody>\n<tr>\n<td>\n<p class=\"x-ning-n-estilo-de-p-rrafo-\"><span>nombre de la plaza<\/span><\/p>\n<\/td>\n<td>\n<p class=\"x-ning-n-estilo-de-p-rrafo-\"><span>Grupo<\/span><\/p>\n<\/td>\n<td>\n<p class=\"x-ning-n-estilo-de-p-rrafo-\"><span>Subgrupo<\/span><\/p>\n<\/td>\n<td>\n<p class=\"x-ning-n-estilo-de-p-rrafo-\"><span>sin asientos<\/span><\/p>\n<\/td>\n<\/tr>\n<tr>\n<td>\n<p class=\"x-ning-n-estilo-de-p-rrafo-\"><span>Limpiador<\/span><\/p>\n<\/td>\n<td>\n<p class=\"x-ning-n-estilo-de-p-rrafo-\"><span>5<\/span><\/p>\n<\/td>\n<td>\n<p class=\"x-ning-n-estilo-de-p-rrafo-\"><span>5B<\/span><\/p>\n<\/td>\n<td>\n<p class=\"x-ning-n-estilo-de-p-rrafo-\"><span>4<\/span><\/p>\n<\/td>\n<\/tr>\n<tr>\n<td>\n<p class=\"x-ning-n-estilo-de-p-rrafo-\"><span>Conserje<\/span><\/p>\n<\/td>\n<td>\n<p class=\"x-ning-n-estilo-de-p-rrafo-\"><span>5<\/span><\/p>\n<\/td>\n<td>\n<p class=\"x-ning-n-estilo-de-p-rrafo-\"><span>5A<\/span><\/p>\n<\/td>\n<td>\n<p class=\"x-ning-n-estilo-de-p-rrafo-\"><span>2<\/span><\/p>\n<\/td>\n<\/tr>\n<tr>\n<td colspan=\"4\">\n<p class=\"x-ning-n-estilo-de-p-rrafo-\"><span>totales: 6<\/span><\/p>\n<\/td>\n<\/tr>\n<\/tbody>\n<\/table>\n<p class=\"dog-base-sangria\"><strong>Estabilizaci\u00f3n del empleo temporal.<\/strong><\/p>\n<table id=\"table-5\">\n<tbody>\n<tr>\n<td>\n<p class=\"x-ning-n-estilo-de-p-rrafo-\"><span>nombre de la plaza<\/span><\/p>\n<\/td>\n<td>\n<p class=\"x-ning-n-estilo-de-p-rrafo-\"><span>Grupo<\/span><\/p>\n<\/td>\n<td>\n<p class=\"x-ning-n-estilo-de-p-rrafo-\"><span>Subgrupo<\/span><\/p>\n<\/td>\n<td>\n<p class=\"x-ning-n-estilo-de-p-rrafo-\"><span>sin asientos<\/span><\/p>\n<\/td>\n<\/tr>\n<tr>\n<td>\n<p class=\"x-ning-n-estilo-de-p-rrafo-\"><span>Abogado<\/span><\/p>\n<\/td>\n<td>\n<p class=\"x-ning-n-estilo-de-p-rrafo-\"><span>1<\/span><\/p>\n<\/td>\n<td>\n<p class=\"x-ning-n-estilo-de-p-rrafo-\"><span>&#8212;<\/span><\/p>\n<\/td>\n<td>\n<p class=\"x-ning-n-estilo-de-p-rrafo-\"><span>1<\/span><\/p>\n<\/td>\n<\/tr>\n<tr>\n<td>\n<p class=\"x-ning-n-estilo-de-p-rrafo-\"><span>Psic\u00f3logo<\/span><\/p>\n<\/td>\n<td>\n<p class=\"x-ning-n-estilo-de-p-rrafo-\"><span>1<\/span><\/p>\n<\/td>\n<td>\n<p class=\"x-ning-n-estilo-de-p-rrafo-\"><span>&#8212;<\/span><\/p>\n<\/td>\n<td>\n<p class=\"x-ning-n-estilo-de-p-rrafo-\"><span>1<\/span><\/p>\n<\/td>\n<\/tr>\n<tr>\n<td>\n<p class=\"x-ning-n-estilo-de-p-rrafo-\"><span>T\u00e9cnico sociocultural<\/span><\/p>\n<\/td>\n<td>\n<p class=\"x-ning-n-estilo-de-p-rrafo-\"><span>2<\/span><\/p>\n<\/td>\n<td>\n<p class=\"x-ning-n-estilo-de-p-rrafo-\"><span>&#8212;<\/span><\/p>\n<\/td>\n<td>\n<p class=\"x-ning-n-estilo-de-p-rrafo-\"><span>1<\/span><\/p>\n<\/td>\n<\/tr>\n<tr>\n<td>\n<p class=\"x-ning-n-estilo-de-p-rrafo-\"><span>educador familiar<\/span><\/p>\n<\/td>\n<td>\n<p class=\"x-ning-n-estilo-de-p-rrafo-\"><span>2<\/span><\/p>\n<\/td>\n<td>\n<p class=\"x-ning-n-estilo-de-p-rrafo-\"><span>&#8212;<\/span><\/p>\n<\/td>\n<td>\n<p class=\"x-ning-n-estilo-de-p-rrafo-\"><span>1<\/span><\/p>\n<\/td>\n<\/tr>\n<tr>\n<td>\n<p class=\"x-ning-n-estilo-de-p-rrafo-\"><span>Coordinadora de ludoteca<\/span><\/p>\n<\/td>\n<td>\n<p class=\"x-ning-n-estilo-de-p-rrafo-\"><span>2<\/span><\/p>\n<\/td>\n<td>\n<p class=\"x-ning-n-estilo-de-p-rrafo-\"><span>&#8212;<\/span><\/p>\n<\/td>\n<td>\n<p class=\"x-ning-n-estilo-de-p-rrafo-\"><span>1<\/span><\/p>\n<\/td>\n<\/tr>\n<tr>\n<td>\n<p class=\"x-ning-n-estilo-de-p-rrafo-\"><span>Monitor de ludoteca<\/span><\/p>\n<\/td>\n<td>\n<p class=\"x-ning-n-estilo-de-p-rrafo-\"><span>3<\/span><\/p>\n<\/td>\n<td>\n<p class=\"x-ning-n-estilo-de-p-rrafo-\"><span>&#8212;<\/span><\/p>\n<\/td>\n<td>\n<p class=\"x-ning-n-estilo-de-p-rrafo-\"><span>1<\/span><\/p>\n<\/td>\n<\/tr>\n<tr>\n<td>\n<p class=\"x-ning-n-estilo-de-p-rrafo-\"><span>agente de desarrollo local<\/span><\/p>\n<\/td>\n<td>\n<p class=\"x-ning-n-estilo-de-p-rrafo-\"><span>2<\/span><\/p>\n<\/td>\n<td>\n<p class=\"x-ning-n-estilo-de-p-rrafo-\"><span>&#8212;<\/span><\/p>\n<\/td>\n<td>\n<p class=\"x-ning-n-estilo-de-p-rrafo-\"><span>1<\/span><\/p>\n<\/td>\n<\/tr>\n<tr>\n<td>\n<p class=\"x-ning-n-estilo-de-p-rrafo-\"><span>consejero profesional<\/span><\/p>\n<\/td>\n<td>\n<p class=\"x-ning-n-estilo-de-p-rrafo-\"><span>2<\/span><\/p>\n<\/td>\n<td>\n<p class=\"x-ning-n-estilo-de-p-rrafo-\"><span>&#8212;<\/span><\/p>\n<\/td>\n<td>\n<p class=\"x-ning-n-estilo-de-p-rrafo-\"><span>1<\/span><\/p>\n<\/td>\n<\/tr>\n<tr>\n<td>\n<p class=\"x-ning-n-estilo-de-p-rrafo-\"><span>Empe\u00f1ar<\/span><\/p>\n<\/td>\n<td>\n<p class=\"x-ning-n-estilo-de-p-rrafo-\"><span>5<\/span><\/p>\n<\/td>\n<td>\n<p class=\"x-ning-n-estilo-de-p-rrafo-\"><span>5B<\/span><\/p>\n<\/td>\n<td>\n<p class=\"x-ning-n-estilo-de-p-rrafo-\"><span>1<\/span><\/p>\n<\/td>\n<\/tr>\n<tr>\n<td>\n<p class=\"x-ning-n-estilo-de-p-rrafo-\"><span>Profesor de m\u00fasica<\/span><\/p>\n<\/td>\n<td>\n<p class=\"x-ning-n-estilo-de-p-rrafo-\"><span>3<\/span><\/p>\n<\/td>\n<td>\n<p class=\"x-ning-n-estilo-de-p-rrafo-\"><span>&#8212;<\/span><\/p>\n<\/td>\n<td>\n<p class=\"x-ning-n-estilo-de-p-rrafo-\"><span>4<\/span><\/p>\n<\/td>\n<\/tr>\n<tr>\n<td>\n<p class=\"x-ning-n-estilo-de-p-rrafo-\"><span>Conserje<\/span><\/p>\n<\/td>\n<td>\n<p class=\"x-ning-n-estilo-de-p-rrafo-\"><span>5<\/span><\/p>\n<\/td>\n<td>\n<p class=\"x-ning-n-estilo-de-p-rrafo-\"><span>5A<\/span><\/p>\n<\/td>\n<td>\n<p class=\"x-ning-n-estilo-de-p-rrafo-\"><span>1<\/span><\/p>\n<\/td>\n<\/tr>\n<tr>\n<td>\n<p class=\"x-ning-n-estilo-de-p-rrafo-\"><span>Limpiador<\/span><\/p>\n<\/td>\n<td>\n<p class=\"x-ning-n-estilo-de-p-rrafo-\"><span>5<\/span><\/p>\n<\/td>\n<td>\n<p class=\"x-ning-n-estilo-de-p-rrafo-\"><span>5B<\/span><\/p>\n<\/td>\n<td>\n<p class=\"x-ning-n-estilo-de-p-rrafo-\"><span>5<\/span><\/p>\n<\/td>\n<\/tr>\n<tr>\n<td>\n<p class=\"x-ning-n-estilo-de-p-rrafo-\"><span>T\u00e9cnico en Cultura y Deporte<\/span><\/p>\n<\/td>\n<td>\n<p class=\"x-ning-n-estilo-de-p-rrafo-\"><span>3<\/span><\/p>\n<\/td>\n<td>\n<p class=\"x-ning-n-estilo-de-p-rrafo-\"><span>&#8212;<\/span><\/p>\n<\/td>\n<td>\n<p class=\"x-ning-n-estilo-de-p-rrafo-\"><span>1<\/span><\/p>\n<\/td>\n<\/tr>\n<tr>\n<td>\n<p class=\"x-ning-n-estilo-de-p-rrafo-\"><span>Oficial 1\u00aa electricista<\/span><\/p>\n<\/td>\n<td>\n<p class=\"x-ning-n-estilo-de-p-rrafo-\"><span>4<\/span><\/p>\n<\/td>\n<td>\n<p class=\"x-ning-n-estilo-de-p-rrafo-\"><span>4B<\/span><\/p>\n<\/td>\n<td>\n<p class=\"x-ning-n-estilo-de-p-rrafo-\"><span>1<\/span><\/p>\n<\/td>\n<\/tr>\n<tr>\n<td colspan=\"4\">\n<p class=\"x-ning-n-estilo-de-p-rrafo-\"><span>totales: 21<\/span><\/p>\n<\/td>\n<\/tr>\n<\/tbody>\n<\/table>\n","protected":false},"excerpt":{"rendered":"<p>Se publica en el DOG de hoy, d\u00eda 2 de marzo de 2022, el Anuncio de Aprobaci\u00f3n de la OEP 2021 del Ayuntamiento de Moa\u00f1a. Accede al Anuncio \u00edntegro publicado en el DOG de hoy con la OEP 2021 del Ayuntamiento de Moa\u00f1a.\u00a0 Inf\u00f3rmate de c\u00f3mo puedes preparar las plazas de Administraci\u00f3n de esta OEP &hellip; <a href=\"https:\/\/www.emplea-te.com\/noticias-oposiciones\/ayuntamiento-de-moana-anuncio-de-la-aprobacion-de-la-oep-2021\/\" class=\"more-link\">Continuar leyendo<span class=\"screen-reader-text\"> \u00abAyuntamiento de Moa\u00f1a. Anuncio de la aprobaci\u00f3n de la OEP 2021.\u00bb<\/span><\/a><\/p>\n","protected":false},"author":1,"featured_media":0,"comment_status":"closed","ping_status":"closed","sticky":false,"template":"","format":"standard","meta":{"footnotes":""},"categories":[56],"tags":[84],"class_list":["post-6232","post","type-post","status-publish","format-standard","hentry","category-oposiciones-autonomicas-galicia","tag-oferta-de-empleo-publico"],"yoast_head":"<!-- This site is optimized with the Yoast SEO plugin v27.5 - https:\/\/yoast.com\/product\/yoast-seo-wordpress\/ -->\n<title>Ayuntamiento de Moa\u00f1a. Anuncio de Aprobaci\u00f3n de la OEP 2021.<\/title>\n<meta name=\"description\" content=\"Ayuntamiento de Moa\u00f1a. Anuncio de Aprobaci\u00f3n de la OEP 2021. Entra en el enlace y consulta la OEP completa.\" \/>\n<meta name=\"robots\" content=\"index, follow, max-snippet:-1, max-image-preview:large, max-video-preview:-1\" \/>\n<link rel=\"canonical\" href=\"https:\/\/www.emplea-te.com\/noticias-oposiciones\/ayuntamiento-de-moana-anuncio-de-la-aprobacion-de-la-oep-2021\/\" \/>\n<meta property=\"og:locale\" content=\"es_ES\" \/>\n<meta property=\"og:type\" content=\"article\" \/>\n<meta property=\"og:title\" content=\"Ayuntamiento de Moa\u00f1a. Anuncio de Aprobaci\u00f3n de la OEP 2021.\" \/>\n<meta property=\"og:description\" content=\"Ayuntamiento de Moa\u00f1a. Anuncio de Aprobaci\u00f3n de la OEP 2021. Entra en el enlace y consulta la OEP completa.\" \/>\n<meta property=\"og:url\" content=\"https:\/\/www.emplea-te.com\/noticias-oposiciones\/ayuntamiento-de-moana-anuncio-de-la-aprobacion-de-la-oep-2021\/\" \/>\n<meta property=\"og:site_name\" content=\"Noticas de oposiciones por Academia Emplea-te\" \/>\n<meta property=\"article:publisher\" content=\"https:\/\/www.facebook.com\/AcademiaEmpleate\/\" \/>\n<meta property=\"article:published_time\" content=\"2022-03-02T08:37:06+00:00\" \/>\n<meta name=\"author\" content=\"Empleate\" \/>\n<meta name=\"twitter:card\" content=\"summary_large_image\" \/>\n<meta name=\"twitter:creator\" content=\"@Emplea_Te\" \/>\n<meta name=\"twitter:site\" content=\"@Emplea_Te\" \/>\n<meta name=\"twitter:label1\" content=\"Escrito por\" \/>\n\t<meta name=\"twitter:data1\" content=\"Empleate\" \/>\n\t<meta name=\"twitter:label2\" content=\"Tiempo de lectura\" \/>\n\t<meta name=\"twitter:data2\" content=\"1 minuto\" \/>\n<script type=\"application\/ld+json\" class=\"yoast-schema-graph\">{\"@context\":\"https:\\\/\\\/schema.org\",\"@graph\":[{\"@type\":\"Article\",\"@id\":\"https:\\\/\\\/www.emplea-te.com\\\/noticias-oposiciones\\\/ayuntamiento-de-moana-anuncio-de-la-aprobacion-de-la-oep-2021\\\/#article\",\"isPartOf\":{\"@id\":\"https:\\\/\\\/www.emplea-te.com\\\/noticias-oposiciones\\\/ayuntamiento-de-moana-anuncio-de-la-aprobacion-de-la-oep-2021\\\/\"},\"author\":{\"name\":\"Empleate\",\"@id\":\"https:\\\/\\\/www.emplea-te.com\\\/noticias-oposiciones\\\/#\\\/schema\\\/person\\\/d1bc587e1af2b95e9c32aba1795509a6\"},\"headline\":\"Ayuntamiento de Moa\u00f1a. Anuncio de la aprobaci\u00f3n de la OEP 2021.\",\"datePublished\":\"2022-03-02T08:37:06+00:00\",\"mainEntityOfPage\":{\"@id\":\"https:\\\/\\\/www.emplea-te.com\\\/noticias-oposiciones\\\/ayuntamiento-de-moana-anuncio-de-la-aprobacion-de-la-oep-2021\\\/\"},\"wordCount\":286,\"publisher\":{\"@id\":\"https:\\\/\\\/www.emplea-te.com\\\/noticias-oposiciones\\\/#organization\"},\"keywords\":[\"Oferta de Empleo P\u00fablico\"],\"articleSection\":[\"Oposiciones Auton\u00f3micas Galicia\"],\"inLanguage\":\"es\"},{\"@type\":\"WebPage\",\"@id\":\"https:\\\/\\\/www.emplea-te.com\\\/noticias-oposiciones\\\/ayuntamiento-de-moana-anuncio-de-la-aprobacion-de-la-oep-2021\\\/\",\"url\":\"https:\\\/\\\/www.emplea-te.com\\\/noticias-oposiciones\\\/ayuntamiento-de-moana-anuncio-de-la-aprobacion-de-la-oep-2021\\\/\",\"name\":\"Ayuntamiento de Moa\u00f1a. Anuncio de Aprobaci\u00f3n de la OEP 2021.\",\"isPartOf\":{\"@id\":\"https:\\\/\\\/www.emplea-te.com\\\/noticias-oposiciones\\\/#website\"},\"datePublished\":\"2022-03-02T08:37:06+00:00\",\"description\":\"Ayuntamiento de Moa\u00f1a. Anuncio de Aprobaci\u00f3n de la OEP 2021. Entra en el enlace y consulta la OEP completa.\",\"breadcrumb\":{\"@id\":\"https:\\\/\\\/www.emplea-te.com\\\/noticias-oposiciones\\\/ayuntamiento-de-moana-anuncio-de-la-aprobacion-de-la-oep-2021\\\/#breadcrumb\"},\"inLanguage\":\"es\",\"potentialAction\":[{\"@type\":\"ReadAction\",\"target\":[\"https:\\\/\\\/www.emplea-te.com\\\/noticias-oposiciones\\\/ayuntamiento-de-moana-anuncio-de-la-aprobacion-de-la-oep-2021\\\/\"]}]},{\"@type\":\"BreadcrumbList\",\"@id\":\"https:\\\/\\\/www.emplea-te.com\\\/noticias-oposiciones\\\/ayuntamiento-de-moana-anuncio-de-la-aprobacion-de-la-oep-2021\\\/#breadcrumb\",\"itemListElement\":[{\"@type\":\"ListItem\",\"position\":1,\"name\":\"Noticias Oposiciones\",\"item\":\"https:\\\/\\\/www.emplea-te.com\\\/noticias-oposiciones\\\/\"},{\"@type\":\"ListItem\",\"position\":2,\"name\":\"Oposiciones Auton\u00f3micas Galicia\",\"item\":\"https:\\\/\\\/www.emplea-te.com\\\/noticias-oposiciones\\\/categoria\\\/oposiciones-autonomicas-galicia\\\/\"},{\"@type\":\"ListItem\",\"position\":3,\"name\":\"Ayuntamiento de Moa\u00f1a. Anuncio de la aprobaci\u00f3n de la OEP 2021.\"}]},{\"@type\":\"WebSite\",\"@id\":\"https:\\\/\\\/www.emplea-te.com\\\/noticias-oposiciones\\\/#website\",\"url\":\"https:\\\/\\\/www.emplea-te.com\\\/noticias-oposiciones\\\/\",\"name\":\"Noticas de oposiciones por Academia Emplea-te\",\"description\":\"Toda la actualidad de las ofertas y convocatorias.\",\"publisher\":{\"@id\":\"https:\\\/\\\/www.emplea-te.com\\\/noticias-oposiciones\\\/#organization\"},\"potentialAction\":[{\"@type\":\"SearchAction\",\"target\":{\"@type\":\"EntryPoint\",\"urlTemplate\":\"https:\\\/\\\/www.emplea-te.com\\\/noticias-oposiciones\\\/?s={search_term_string}\"},\"query-input\":{\"@type\":\"PropertyValueSpecification\",\"valueRequired\":true,\"valueName\":\"search_term_string\"}}],\"inLanguage\":\"es\"},{\"@type\":\"Organization\",\"@id\":\"https:\\\/\\\/www.emplea-te.com\\\/noticias-oposiciones\\\/#organization\",\"name\":\"Academia de oposiciones Empl\u00e9ate\",\"url\":\"https:\\\/\\\/www.emplea-te.com\\\/noticias-oposiciones\\\/\",\"logo\":{\"@type\":\"ImageObject\",\"inLanguage\":\"es\",\"@id\":\"https:\\\/\\\/www.emplea-te.com\\\/noticias-oposiciones\\\/#\\\/schema\\\/logo\\\/image\\\/\",\"url\":\"https:\\\/\\\/www.emplea-te.com\\\/noticias-oposiciones\\\/wp-content\\\/uploads\\\/2019\\\/04\\\/empleate.jpg\",\"contentUrl\":\"https:\\\/\\\/www.emplea-te.com\\\/noticias-oposiciones\\\/wp-content\\\/uploads\\\/2019\\\/04\\\/empleate.jpg\",\"width\":250,\"height\":150,\"caption\":\"Academia de oposiciones Empl\u00e9ate\"},\"image\":{\"@id\":\"https:\\\/\\\/www.emplea-te.com\\\/noticias-oposiciones\\\/#\\\/schema\\\/logo\\\/image\\\/\"},\"sameAs\":[\"https:\\\/\\\/www.facebook.com\\\/AcademiaEmpleate\\\/\",\"https:\\\/\\\/x.com\\\/Emplea_Te\",\"https:\\\/\\\/www.instagram.com\\\/academia_empleate\\\/\"]},{\"@type\":\"Person\",\"@id\":\"https:\\\/\\\/www.emplea-te.com\\\/noticias-oposiciones\\\/#\\\/schema\\\/person\\\/d1bc587e1af2b95e9c32aba1795509a6\",\"name\":\"Empleate\"}]}<\/script>\n<!-- \/ Yoast SEO plugin. -->","yoast_head_json":{"title":"Ayuntamiento de Moa\u00f1a. Anuncio de Aprobaci\u00f3n de la OEP 2021.","description":"Ayuntamiento de Moa\u00f1a. Anuncio de Aprobaci\u00f3n de la OEP 2021. Entra en el enlace y consulta la OEP completa.","robots":{"index":"index","follow":"follow","max-snippet":"max-snippet:-1","max-image-preview":"max-image-preview:large","max-video-preview":"max-video-preview:-1"},"canonical":"https:\/\/www.emplea-te.com\/noticias-oposiciones\/ayuntamiento-de-moana-anuncio-de-la-aprobacion-de-la-oep-2021\/","og_locale":"es_ES","og_type":"article","og_title":"Ayuntamiento de Moa\u00f1a. Anuncio de Aprobaci\u00f3n de la OEP 2021.","og_description":"Ayuntamiento de Moa\u00f1a. Anuncio de Aprobaci\u00f3n de la OEP 2021. Entra en el enlace y consulta la OEP completa.","og_url":"https:\/\/www.emplea-te.com\/noticias-oposiciones\/ayuntamiento-de-moana-anuncio-de-la-aprobacion-de-la-oep-2021\/","og_site_name":"Noticas de oposiciones por Academia Emplea-te","article_publisher":"https:\/\/www.facebook.com\/AcademiaEmpleate\/","article_published_time":"2022-03-02T08:37:06+00:00","author":"Empleate","twitter_card":"summary_large_image","twitter_creator":"@Emplea_Te","twitter_site":"@Emplea_Te","twitter_misc":{"Escrito por":"Empleate","Tiempo de lectura":"1 minuto"},"schema":{"@context":"https:\/\/schema.org","@graph":[{"@type":"Article","@id":"https:\/\/www.emplea-te.com\/noticias-oposiciones\/ayuntamiento-de-moana-anuncio-de-la-aprobacion-de-la-oep-2021\/#article","isPartOf":{"@id":"https:\/\/www.emplea-te.com\/noticias-oposiciones\/ayuntamiento-de-moana-anuncio-de-la-aprobacion-de-la-oep-2021\/"},"author":{"name":"Empleate","@id":"https:\/\/www.emplea-te.com\/noticias-oposiciones\/#\/schema\/person\/d1bc587e1af2b95e9c32aba1795509a6"},"headline":"Ayuntamiento de Moa\u00f1a. Anuncio de la aprobaci\u00f3n de la OEP 2021.","datePublished":"2022-03-02T08:37:06+00:00","mainEntityOfPage":{"@id":"https:\/\/www.emplea-te.com\/noticias-oposiciones\/ayuntamiento-de-moana-anuncio-de-la-aprobacion-de-la-oep-2021\/"},"wordCount":286,"publisher":{"@id":"https:\/\/www.emplea-te.com\/noticias-oposiciones\/#organization"},"keywords":["Oferta de Empleo P\u00fablico"],"articleSection":["Oposiciones Auton\u00f3micas Galicia"],"inLanguage":"es"},{"@type":"WebPage","@id":"https:\/\/www.emplea-te.com\/noticias-oposiciones\/ayuntamiento-de-moana-anuncio-de-la-aprobacion-de-la-oep-2021\/","url":"https:\/\/www.emplea-te.com\/noticias-oposiciones\/ayuntamiento-de-moana-anuncio-de-la-aprobacion-de-la-oep-2021\/","name":"Ayuntamiento de Moa\u00f1a. Anuncio de Aprobaci\u00f3n de la OEP 2021.","isPartOf":{"@id":"https:\/\/www.emplea-te.com\/noticias-oposiciones\/#website"},"datePublished":"2022-03-02T08:37:06+00:00","description":"Ayuntamiento de Moa\u00f1a. Anuncio de Aprobaci\u00f3n de la OEP 2021. Entra en el enlace y consulta la OEP completa.","breadcrumb":{"@id":"https:\/\/www.emplea-te.com\/noticias-oposiciones\/ayuntamiento-de-moana-anuncio-de-la-aprobacion-de-la-oep-2021\/#breadcrumb"},"inLanguage":"es","potentialAction":[{"@type":"ReadAction","target":["https:\/\/www.emplea-te.com\/noticias-oposiciones\/ayuntamiento-de-moana-anuncio-de-la-aprobacion-de-la-oep-2021\/"]}]},{"@type":"BreadcrumbList","@id":"https:\/\/www.emplea-te.com\/noticias-oposiciones\/ayuntamiento-de-moana-anuncio-de-la-aprobacion-de-la-oep-2021\/#breadcrumb","itemListElement":[{"@type":"ListItem","position":1,"name":"Noticias Oposiciones","item":"https:\/\/www.emplea-te.com\/noticias-oposiciones\/"},{"@type":"ListItem","position":2,"name":"Oposiciones Auton\u00f3micas Galicia","item":"https:\/\/www.emplea-te.com\/noticias-oposiciones\/categoria\/oposiciones-autonomicas-galicia\/"},{"@type":"ListItem","position":3,"name":"Ayuntamiento de Moa\u00f1a. Anuncio de la aprobaci\u00f3n de la OEP 2021."}]},{"@type":"WebSite","@id":"https:\/\/www.emplea-te.com\/noticias-oposiciones\/#website","url":"https:\/\/www.emplea-te.com\/noticias-oposiciones\/","name":"Noticas de oposiciones por Academia Emplea-te","description":"Toda la actualidad de las ofertas y convocatorias.","publisher":{"@id":"https:\/\/www.emplea-te.com\/noticias-oposiciones\/#organization"},"potentialAction":[{"@type":"SearchAction","target":{"@type":"EntryPoint","urlTemplate":"https:\/\/www.emplea-te.com\/noticias-oposiciones\/?s={search_term_string}"},"query-input":{"@type":"PropertyValueSpecification","valueRequired":true,"valueName":"search_term_string"}}],"inLanguage":"es"},{"@type":"Organization","@id":"https:\/\/www.emplea-te.com\/noticias-oposiciones\/#organization","name":"Academia de oposiciones Empl\u00e9ate","url":"https:\/\/www.emplea-te.com\/noticias-oposiciones\/","logo":{"@type":"ImageObject","inLanguage":"es","@id":"https:\/\/www.emplea-te.com\/noticias-oposiciones\/#\/schema\/logo\/image\/","url":"https:\/\/www.emplea-te.com\/noticias-oposiciones\/wp-content\/uploads\/2019\/04\/empleate.jpg","contentUrl":"https:\/\/www.emplea-te.com\/noticias-oposiciones\/wp-content\/uploads\/2019\/04\/empleate.jpg","width":250,"height":150,"caption":"Academia de oposiciones Empl\u00e9ate"},"image":{"@id":"https:\/\/www.emplea-te.com\/noticias-oposiciones\/#\/schema\/logo\/image\/"},"sameAs":["https:\/\/www.facebook.com\/AcademiaEmpleate\/","https:\/\/x.com\/Emplea_Te","https:\/\/www.instagram.com\/academia_empleate\/"]},{"@type":"Person","@id":"https:\/\/www.emplea-te.com\/noticias-oposiciones\/#\/schema\/person\/d1bc587e1af2b95e9c32aba1795509a6","name":"Empleate"}]}},"_links":{"self":[{"href":"https:\/\/www.emplea-te.com\/noticias-oposiciones\/wp-json\/wp\/v2\/posts\/6232","targetHints":{"allow":["GET"]}}],"collection":[{"href":"https:\/\/www.emplea-te.com\/noticias-oposiciones\/wp-json\/wp\/v2\/posts"}],"about":[{"href":"https:\/\/www.emplea-te.com\/noticias-oposiciones\/wp-json\/wp\/v2\/types\/post"}],"author":[{"embeddable":true,"href":"https:\/\/www.emplea-te.com\/noticias-oposiciones\/wp-json\/wp\/v2\/users\/1"}],"replies":[{"embeddable":true,"href":"https:\/\/www.emplea-te.com\/noticias-oposiciones\/wp-json\/wp\/v2\/comments?post=6232"}],"version-history":[{"count":1,"href":"https:\/\/www.emplea-te.com\/noticias-oposiciones\/wp-json\/wp\/v2\/posts\/6232\/revisions"}],"predecessor-version":[{"id":6233,"href":"https:\/\/www.emplea-te.com\/noticias-oposiciones\/wp-json\/wp\/v2\/posts\/6232\/revisions\/6233"}],"wp:attachment":[{"href":"https:\/\/www.emplea-te.com\/noticias-oposiciones\/wp-json\/wp\/v2\/media?parent=6232"}],"wp:term":[{"taxonomy":"category","embeddable":true,"href":"https:\/\/www.emplea-te.com\/noticias-oposiciones\/wp-json\/wp\/v2\/categories?post=6232"},{"taxonomy":"post_tag","embeddable":true,"href":"https:\/\/www.emplea-te.com\/noticias-oposiciones\/wp-json\/wp\/v2\/tags?post=6232"}],"curies":[{"name":"wp","href":"https:\/\/api.w.org\/{rel}","templated":true}]}}