{"id":6234,"date":"2022-03-02T09:46:25","date_gmt":"2022-03-02T08:46:25","guid":{"rendered":"https:\/\/www.emplea-te.com\/noticias-oposiciones\/?p=6234"},"modified":"2022-03-02T09:46:25","modified_gmt":"2022-03-02T08:46:25","slug":"ayuntamiento-de-morana-pontevedra-anuncio-de-convocatoria-para-cubrir-una-plaza-de-administrativo-c1","status":"publish","type":"post","link":"https:\/\/www.emplea-te.com\/noticias-oposiciones\/ayuntamiento-de-morana-pontevedra-anuncio-de-convocatoria-para-cubrir-una-plaza-de-administrativo-c1\/","title":{"rendered":"Ayuntamiento de Mora\u00f1a (Pontevedra). Anuncio de convocatoria para cubrir una plaza de Administrativo C1."},"content":{"rendered":"<p>Se publica en el DOG de hoy, d\u00eda 2 de marzo de 2022, el Anuncio de Convocatoria para cubrir una plaza de Administrativo C1 por el sistema de oposici\u00f3n en turno libre en el Ayuntamiento de Mora\u00f1a.<\/p>\n<p><a href=\"https:\/\/boppo.depo.gal\/web\/boppo\/detalle\/-\/boppo\/2022\/02\/18\/2022006631\" target=\"_blank\" rel=\"noopener\">Las Bases que regir\u00e1n esta convocatoria se hab\u00edan publicado en el BOPPO n\u00famero 34 de 18 de febrero de 2022.<\/a><\/p>\n<p>La presentaci\u00f3n de solicitudes se realizar\u00e1 en el plazo de veinte (20) d\u00edas h\u00e1biles, contados a partir del d\u00eda siguiente al de la publicaci\u00f3n de la presente convocatoria en el Bolet\u00edn Oficial del Estado.<\/p>\n<p><a href=\"https:\/\/www.xunta.gal\/dog\/Publicados\/2022\/20220302\/AnuncioL232-240222-0001_gl.html\" target=\"_blank\" rel=\"noopener\">Desde este enlace puedes acceder al Anuncio de convocatoria referente a esta plaza publicado en el DOG de hoy.\u00a0<\/a><\/p>\n<p><a href=\"http:\/\/www.emplea-te.com\" target=\"_blank\" rel=\"noopener\"><strong>Inf\u00f3rmate desde este enlace de c\u00f3mo puedes preparar esta plaza de Administrativo en nuestros Grupos Presenciales de Administrativos de Ayuntamientos con n\u00famero reducido de alumn@s .<\/strong><\/a><\/p>\n<p>&nbsp;<\/p>\n","protected":false},"excerpt":{"rendered":"<p>Se publica en el DOG de hoy, d\u00eda 2 de marzo de 2022, el Anuncio de Convocatoria para cubrir una plaza de Administrativo C1 por el sistema de oposici\u00f3n en turno libre en el Ayuntamiento de Mora\u00f1a. Las Bases que regir\u00e1n esta convocatoria se hab\u00edan publicado en el BOPPO n\u00famero 34 de 18 de febrero &hellip; <a href=\"https:\/\/www.emplea-te.com\/noticias-oposiciones\/ayuntamiento-de-morana-pontevedra-anuncio-de-convocatoria-para-cubrir-una-plaza-de-administrativo-c1\/\" class=\"more-link\">Continuar leyendo<span class=\"screen-reader-text\"> \u00abAyuntamiento de Mora\u00f1a (Pontevedra). Anuncio de convocatoria para cubrir una plaza de Administrativo C1.\u00bb<\/span><\/a><\/p>\n","protected":false},"author":1,"featured_media":0,"comment_status":"closed","ping_status":"closed","sticky":false,"template":"","format":"standard","meta":{"footnotes":""},"categories":[37,56],"tags":[82,49],"class_list":["post-6234","post","type-post","status-publish","format-standard","hentry","category-convocatorias-ayuntamientos","category-oposiciones-autonomicas-galicia","tag-acceso-libre","tag-convocatorias-de-oposiciones"],"yoast_head":"<!-- This site is optimized with the Yoast SEO plugin v27.5 - https:\/\/yoast.com\/product\/yoast-seo-wordpress\/ -->\n<title>Ayuntamiento de Mora\u00f1a. Anuncio de convocatoria proceso selectivo.<\/title>\n<meta name=\"description\" content=\"Ayuntamiento de Mora\u00f1a. Anuncio de convocatoria para cubrir plaza de Administrativo C1.\" \/>\n<meta name=\"robots\" content=\"index, follow, max-snippet:-1, max-image-preview:large, max-video-preview:-1\" \/>\n<link rel=\"canonical\" href=\"https:\/\/www.emplea-te.com\/noticias-oposiciones\/ayuntamiento-de-morana-pontevedra-anuncio-de-convocatoria-para-cubrir-una-plaza-de-administrativo-c1\/\" \/>\n<meta property=\"og:locale\" content=\"es_ES\" \/>\n<meta property=\"og:type\" content=\"article\" \/>\n<meta property=\"og:title\" content=\"Ayuntamiento de Mora\u00f1a. Anuncio de convocatoria proceso selectivo.\" \/>\n<meta property=\"og:description\" content=\"Ayuntamiento de Mora\u00f1a. Anuncio de convocatoria para cubrir plaza de Administrativo C1.\" \/>\n<meta property=\"og:url\" content=\"https:\/\/www.emplea-te.com\/noticias-oposiciones\/ayuntamiento-de-morana-pontevedra-anuncio-de-convocatoria-para-cubrir-una-plaza-de-administrativo-c1\/\" \/>\n<meta property=\"og:site_name\" content=\"Noticas de oposiciones por Academia Emplea-te\" \/>\n<meta property=\"article:publisher\" content=\"https:\/\/www.facebook.com\/AcademiaEmpleate\/\" \/>\n<meta property=\"article:published_time\" content=\"2022-03-02T08:46:25+00:00\" \/>\n<meta name=\"author\" content=\"Empleate\" \/>\n<meta name=\"twitter:card\" content=\"summary_large_image\" \/>\n<meta name=\"twitter:creator\" content=\"@Emplea_Te\" \/>\n<meta name=\"twitter:site\" content=\"@Emplea_Te\" \/>\n<meta name=\"twitter:label1\" content=\"Escrito por\" \/>\n\t<meta name=\"twitter:data1\" content=\"Empleate\" \/>\n\t<meta name=\"twitter:label2\" content=\"Tiempo de lectura\" \/>\n\t<meta name=\"twitter:data2\" content=\"1 minuto\" \/>\n<script type=\"application\/ld+json\" class=\"yoast-schema-graph\">{\"@context\":\"https:\\\/\\\/schema.org\",\"@graph\":[{\"@type\":\"Article\",\"@id\":\"https:\\\/\\\/www.emplea-te.com\\\/noticias-oposiciones\\\/ayuntamiento-de-morana-pontevedra-anuncio-de-convocatoria-para-cubrir-una-plaza-de-administrativo-c1\\\/#article\",\"isPartOf\":{\"@id\":\"https:\\\/\\\/www.emplea-te.com\\\/noticias-oposiciones\\\/ayuntamiento-de-morana-pontevedra-anuncio-de-convocatoria-para-cubrir-una-plaza-de-administrativo-c1\\\/\"},\"author\":{\"name\":\"Empleate\",\"@id\":\"https:\\\/\\\/www.emplea-te.com\\\/noticias-oposiciones\\\/#\\\/schema\\\/person\\\/d1bc587e1af2b95e9c32aba1795509a6\"},\"headline\":\"Ayuntamiento de Mora\u00f1a (Pontevedra). Anuncio de convocatoria para cubrir una plaza de Administrativo C1.\",\"datePublished\":\"2022-03-02T08:46:25+00:00\",\"mainEntityOfPage\":{\"@id\":\"https:\\\/\\\/www.emplea-te.com\\\/noticias-oposiciones\\\/ayuntamiento-de-morana-pontevedra-anuncio-de-convocatoria-para-cubrir-una-plaza-de-administrativo-c1\\\/\"},\"wordCount\":161,\"publisher\":{\"@id\":\"https:\\\/\\\/www.emplea-te.com\\\/noticias-oposiciones\\\/#organization\"},\"keywords\":[\"Acceso libre\",\"Convocatoria\"],\"articleSection\":[\"Convocatorias Ayuntamientos\",\"Oposiciones Auton\u00f3micas Galicia\"],\"inLanguage\":\"es\"},{\"@type\":\"WebPage\",\"@id\":\"https:\\\/\\\/www.emplea-te.com\\\/noticias-oposiciones\\\/ayuntamiento-de-morana-pontevedra-anuncio-de-convocatoria-para-cubrir-una-plaza-de-administrativo-c1\\\/\",\"url\":\"https:\\\/\\\/www.emplea-te.com\\\/noticias-oposiciones\\\/ayuntamiento-de-morana-pontevedra-anuncio-de-convocatoria-para-cubrir-una-plaza-de-administrativo-c1\\\/\",\"name\":\"Ayuntamiento de Mora\u00f1a. Anuncio de convocatoria proceso selectivo.\",\"isPartOf\":{\"@id\":\"https:\\\/\\\/www.emplea-te.com\\\/noticias-oposiciones\\\/#website\"},\"datePublished\":\"2022-03-02T08:46:25+00:00\",\"description\":\"Ayuntamiento de Mora\u00f1a. Anuncio de convocatoria para cubrir plaza de Administrativo C1.\",\"breadcrumb\":{\"@id\":\"https:\\\/\\\/www.emplea-te.com\\\/noticias-oposiciones\\\/ayuntamiento-de-morana-pontevedra-anuncio-de-convocatoria-para-cubrir-una-plaza-de-administrativo-c1\\\/#breadcrumb\"},\"inLanguage\":\"es\",\"potentialAction\":[{\"@type\":\"ReadAction\",\"target\":[\"https:\\\/\\\/www.emplea-te.com\\\/noticias-oposiciones\\\/ayuntamiento-de-morana-pontevedra-anuncio-de-convocatoria-para-cubrir-una-plaza-de-administrativo-c1\\\/\"]}]},{\"@type\":\"BreadcrumbList\",\"@id\":\"https:\\\/\\\/www.emplea-te.com\\\/noticias-oposiciones\\\/ayuntamiento-de-morana-pontevedra-anuncio-de-convocatoria-para-cubrir-una-plaza-de-administrativo-c1\\\/#breadcrumb\",\"itemListElement\":[{\"@type\":\"ListItem\",\"position\":1,\"name\":\"Noticias Oposiciones\",\"item\":\"https:\\\/\\\/www.emplea-te.com\\\/noticias-oposiciones\\\/\"},{\"@type\":\"ListItem\",\"position\":2,\"name\":\"Oposiciones Auton\u00f3micas Galicia\",\"item\":\"https:\\\/\\\/www.emplea-te.com\\\/noticias-oposiciones\\\/categoria\\\/oposiciones-autonomicas-galicia\\\/\"},{\"@type\":\"ListItem\",\"position\":3,\"name\":\"Ayuntamiento de Mora\u00f1a (Pontevedra). Anuncio de convocatoria para cubrir una plaza de Administrativo C1.\"}]},{\"@type\":\"WebSite\",\"@id\":\"https:\\\/\\\/www.emplea-te.com\\\/noticias-oposiciones\\\/#website\",\"url\":\"https:\\\/\\\/www.emplea-te.com\\\/noticias-oposiciones\\\/\",\"name\":\"Noticas de oposiciones por Academia Emplea-te\",\"description\":\"Toda la actualidad de las ofertas y convocatorias.\",\"publisher\":{\"@id\":\"https:\\\/\\\/www.emplea-te.com\\\/noticias-oposiciones\\\/#organization\"},\"potentialAction\":[{\"@type\":\"SearchAction\",\"target\":{\"@type\":\"EntryPoint\",\"urlTemplate\":\"https:\\\/\\\/www.emplea-te.com\\\/noticias-oposiciones\\\/?s={search_term_string}\"},\"query-input\":{\"@type\":\"PropertyValueSpecification\",\"valueRequired\":true,\"valueName\":\"search_term_string\"}}],\"inLanguage\":\"es\"},{\"@type\":\"Organization\",\"@id\":\"https:\\\/\\\/www.emplea-te.com\\\/noticias-oposiciones\\\/#organization\",\"name\":\"Academia de oposiciones Empl\u00e9ate\",\"url\":\"https:\\\/\\\/www.emplea-te.com\\\/noticias-oposiciones\\\/\",\"logo\":{\"@type\":\"ImageObject\",\"inLanguage\":\"es\",\"@id\":\"https:\\\/\\\/www.emplea-te.com\\\/noticias-oposiciones\\\/#\\\/schema\\\/logo\\\/image\\\/\",\"url\":\"https:\\\/\\\/www.emplea-te.com\\\/noticias-oposiciones\\\/wp-content\\\/uploads\\\/2019\\\/04\\\/empleate.jpg\",\"contentUrl\":\"https:\\\/\\\/www.emplea-te.com\\\/noticias-oposiciones\\\/wp-content\\\/uploads\\\/2019\\\/04\\\/empleate.jpg\",\"width\":250,\"height\":150,\"caption\":\"Academia de oposiciones Empl\u00e9ate\"},\"image\":{\"@id\":\"https:\\\/\\\/www.emplea-te.com\\\/noticias-oposiciones\\\/#\\\/schema\\\/logo\\\/image\\\/\"},\"sameAs\":[\"https:\\\/\\\/www.facebook.com\\\/AcademiaEmpleate\\\/\",\"https:\\\/\\\/x.com\\\/Emplea_Te\",\"https:\\\/\\\/www.instagram.com\\\/academia_empleate\\\/\"]},{\"@type\":\"Person\",\"@id\":\"https:\\\/\\\/www.emplea-te.com\\\/noticias-oposiciones\\\/#\\\/schema\\\/person\\\/d1bc587e1af2b95e9c32aba1795509a6\",\"name\":\"Empleate\"}]}<\/script>\n<!-- \/ Yoast SEO plugin. -->","yoast_head_json":{"title":"Ayuntamiento de Mora\u00f1a. Anuncio de convocatoria proceso selectivo.","description":"Ayuntamiento de Mora\u00f1a. Anuncio de convocatoria para cubrir plaza de Administrativo C1.","robots":{"index":"index","follow":"follow","max-snippet":"max-snippet:-1","max-image-preview":"max-image-preview:large","max-video-preview":"max-video-preview:-1"},"canonical":"https:\/\/www.emplea-te.com\/noticias-oposiciones\/ayuntamiento-de-morana-pontevedra-anuncio-de-convocatoria-para-cubrir-una-plaza-de-administrativo-c1\/","og_locale":"es_ES","og_type":"article","og_title":"Ayuntamiento de Mora\u00f1a. Anuncio de convocatoria proceso selectivo.","og_description":"Ayuntamiento de Mora\u00f1a. Anuncio de convocatoria para cubrir plaza de Administrativo C1.","og_url":"https:\/\/www.emplea-te.com\/noticias-oposiciones\/ayuntamiento-de-morana-pontevedra-anuncio-de-convocatoria-para-cubrir-una-plaza-de-administrativo-c1\/","og_site_name":"Noticas de oposiciones por Academia Emplea-te","article_publisher":"https:\/\/www.facebook.com\/AcademiaEmpleate\/","article_published_time":"2022-03-02T08:46:25+00:00","author":"Empleate","twitter_card":"summary_large_image","twitter_creator":"@Emplea_Te","twitter_site":"@Emplea_Te","twitter_misc":{"Escrito por":"Empleate","Tiempo de lectura":"1 minuto"},"schema":{"@context":"https:\/\/schema.org","@graph":[{"@type":"Article","@id":"https:\/\/www.emplea-te.com\/noticias-oposiciones\/ayuntamiento-de-morana-pontevedra-anuncio-de-convocatoria-para-cubrir-una-plaza-de-administrativo-c1\/#article","isPartOf":{"@id":"https:\/\/www.emplea-te.com\/noticias-oposiciones\/ayuntamiento-de-morana-pontevedra-anuncio-de-convocatoria-para-cubrir-una-plaza-de-administrativo-c1\/"},"author":{"name":"Empleate","@id":"https:\/\/www.emplea-te.com\/noticias-oposiciones\/#\/schema\/person\/d1bc587e1af2b95e9c32aba1795509a6"},"headline":"Ayuntamiento de Mora\u00f1a (Pontevedra). Anuncio de convocatoria para cubrir una plaza de Administrativo C1.","datePublished":"2022-03-02T08:46:25+00:00","mainEntityOfPage":{"@id":"https:\/\/www.emplea-te.com\/noticias-oposiciones\/ayuntamiento-de-morana-pontevedra-anuncio-de-convocatoria-para-cubrir-una-plaza-de-administrativo-c1\/"},"wordCount":161,"publisher":{"@id":"https:\/\/www.emplea-te.com\/noticias-oposiciones\/#organization"},"keywords":["Acceso libre","Convocatoria"],"articleSection":["Convocatorias Ayuntamientos","Oposiciones Auton\u00f3micas Galicia"],"inLanguage":"es"},{"@type":"WebPage","@id":"https:\/\/www.emplea-te.com\/noticias-oposiciones\/ayuntamiento-de-morana-pontevedra-anuncio-de-convocatoria-para-cubrir-una-plaza-de-administrativo-c1\/","url":"https:\/\/www.emplea-te.com\/noticias-oposiciones\/ayuntamiento-de-morana-pontevedra-anuncio-de-convocatoria-para-cubrir-una-plaza-de-administrativo-c1\/","name":"Ayuntamiento de Mora\u00f1a. Anuncio de convocatoria proceso selectivo.","isPartOf":{"@id":"https:\/\/www.emplea-te.com\/noticias-oposiciones\/#website"},"datePublished":"2022-03-02T08:46:25+00:00","description":"Ayuntamiento de Mora\u00f1a. Anuncio de convocatoria para cubrir plaza de Administrativo C1.","breadcrumb":{"@id":"https:\/\/www.emplea-te.com\/noticias-oposiciones\/ayuntamiento-de-morana-pontevedra-anuncio-de-convocatoria-para-cubrir-una-plaza-de-administrativo-c1\/#breadcrumb"},"inLanguage":"es","potentialAction":[{"@type":"ReadAction","target":["https:\/\/www.emplea-te.com\/noticias-oposiciones\/ayuntamiento-de-morana-pontevedra-anuncio-de-convocatoria-para-cubrir-una-plaza-de-administrativo-c1\/"]}]},{"@type":"BreadcrumbList","@id":"https:\/\/www.emplea-te.com\/noticias-oposiciones\/ayuntamiento-de-morana-pontevedra-anuncio-de-convocatoria-para-cubrir-una-plaza-de-administrativo-c1\/#breadcrumb","itemListElement":[{"@type":"ListItem","position":1,"name":"Noticias Oposiciones","item":"https:\/\/www.emplea-te.com\/noticias-oposiciones\/"},{"@type":"ListItem","position":2,"name":"Oposiciones Auton\u00f3micas Galicia","item":"https:\/\/www.emplea-te.com\/noticias-oposiciones\/categoria\/oposiciones-autonomicas-galicia\/"},{"@type":"ListItem","position":3,"name":"Ayuntamiento de Mora\u00f1a (Pontevedra). Anuncio de convocatoria para cubrir una plaza de Administrativo C1."}]},{"@type":"WebSite","@id":"https:\/\/www.emplea-te.com\/noticias-oposiciones\/#website","url":"https:\/\/www.emplea-te.com\/noticias-oposiciones\/","name":"Noticas de oposiciones por Academia Emplea-te","description":"Toda la actualidad de las ofertas y convocatorias.","publisher":{"@id":"https:\/\/www.emplea-te.com\/noticias-oposiciones\/#organization"},"potentialAction":[{"@type":"SearchAction","target":{"@type":"EntryPoint","urlTemplate":"https:\/\/www.emplea-te.com\/noticias-oposiciones\/?s={search_term_string}"},"query-input":{"@type":"PropertyValueSpecification","valueRequired":true,"valueName":"search_term_string"}}],"inLanguage":"es"},{"@type":"Organization","@id":"https:\/\/www.emplea-te.com\/noticias-oposiciones\/#organization","name":"Academia de oposiciones Empl\u00e9ate","url":"https:\/\/www.emplea-te.com\/noticias-oposiciones\/","logo":{"@type":"ImageObject","inLanguage":"es","@id":"https:\/\/www.emplea-te.com\/noticias-oposiciones\/#\/schema\/logo\/image\/","url":"https:\/\/www.emplea-te.com\/noticias-oposiciones\/wp-content\/uploads\/2019\/04\/empleate.jpg","contentUrl":"https:\/\/www.emplea-te.com\/noticias-oposiciones\/wp-content\/uploads\/2019\/04\/empleate.jpg","width":250,"height":150,"caption":"Academia de oposiciones Empl\u00e9ate"},"image":{"@id":"https:\/\/www.emplea-te.com\/noticias-oposiciones\/#\/schema\/logo\/image\/"},"sameAs":["https:\/\/www.facebook.com\/AcademiaEmpleate\/","https:\/\/x.com\/Emplea_Te","https:\/\/www.instagram.com\/academia_empleate\/"]},{"@type":"Person","@id":"https:\/\/www.emplea-te.com\/noticias-oposiciones\/#\/schema\/person\/d1bc587e1af2b95e9c32aba1795509a6","name":"Empleate"}]}},"_links":{"self":[{"href":"https:\/\/www.emplea-te.com\/noticias-oposiciones\/wp-json\/wp\/v2\/posts\/6234","targetHints":{"allow":["GET"]}}],"collection":[{"href":"https:\/\/www.emplea-te.com\/noticias-oposiciones\/wp-json\/wp\/v2\/posts"}],"about":[{"href":"https:\/\/www.emplea-te.com\/noticias-oposiciones\/wp-json\/wp\/v2\/types\/post"}],"author":[{"embeddable":true,"href":"https:\/\/www.emplea-te.com\/noticias-oposiciones\/wp-json\/wp\/v2\/users\/1"}],"replies":[{"embeddable":true,"href":"https:\/\/www.emplea-te.com\/noticias-oposiciones\/wp-json\/wp\/v2\/comments?post=6234"}],"version-history":[{"count":1,"href":"https:\/\/www.emplea-te.com\/noticias-oposiciones\/wp-json\/wp\/v2\/posts\/6234\/revisions"}],"predecessor-version":[{"id":6235,"href":"https:\/\/www.emplea-te.com\/noticias-oposiciones\/wp-json\/wp\/v2\/posts\/6234\/revisions\/6235"}],"wp:attachment":[{"href":"https:\/\/www.emplea-te.com\/noticias-oposiciones\/wp-json\/wp\/v2\/media?parent=6234"}],"wp:term":[{"taxonomy":"category","embeddable":true,"href":"https:\/\/www.emplea-te.com\/noticias-oposiciones\/wp-json\/wp\/v2\/categories?post=6234"},{"taxonomy":"post_tag","embeddable":true,"href":"https:\/\/www.emplea-te.com\/noticias-oposiciones\/wp-json\/wp\/v2\/tags?post=6234"}],"curies":[{"name":"wp","href":"https:\/\/api.w.org\/{rel}","templated":true}]}}