{"id":6958,"date":"2022-05-26T12:26:07","date_gmt":"2022-05-26T10:26:07","guid":{"rendered":"https:\/\/www.emplea-te.com\/noticias-oposiciones\/?p=6958"},"modified":"2022-05-26T12:26:07","modified_gmt":"2022-05-26T10:26:07","slug":"xunta-de-galicia-se-publica-la-oep-de-estabilizacion-con-mas-de-10-000-plazas","status":"publish","type":"post","link":"https:\/\/www.emplea-te.com\/noticias-oposiciones\/xunta-de-galicia-se-publica-la-oep-de-estabilizacion-con-mas-de-10-000-plazas\/","title":{"rendered":"Xunta de Galicia. Se publica la OEP de Estabilizaci\u00f3n con m\u00e1s de 10.000 plazas."},"content":{"rendered":"<p>El Consello da Xunta aprob\u00f3 hoy, mi\u00e9rcoles, los decretos de Oferta de Empleo P\u00fablico (OEP) de la Administraci\u00f3n P\u00fablica para la oferta de m\u00e1s de 10.000 plazas en el proceso de estabilizaci\u00f3n de empleo establecido en la Ley 20\/21 de 28 de diciembre, de medidas urgentes para la reducci\u00f3n de la temporalidad en el empleo p\u00fablico.<br \/>\n<strong>La Ley distingue dos tipos de procesos:<\/strong><br \/>\n<strong>uno de estabilizaci\u00f3n mediante el sistema de concurso de m\u00e9ritos<\/strong> en el que se valorar\u00e1n exclusivamente los m\u00e9ritos <strong>y otro a trav\u00e9s del sistema de concurso-oposici\u00f3n que comporta la realizaci\u00f3n de ex\u00e1menes.<\/strong><\/p>\n<p><strong>Hace falta destacar que a las 10.022 iniciales, se suman otras 314 plazas<\/strong> de estabilizaci\u00f3n <strong>al incluir plazas del Consello Econ\u00f3mico e Social, de la AMTEGA y de otros entes instrumentales<\/strong> y las alegaciones presentadas por las Conseller\u00edas.<br \/>\nAs\u00ed, <strong>8.701 se seleccionar\u00e1n por el sistema de concurso de m\u00e9ritos<\/strong> y otras <strong>1.635 a trav\u00e9s de un concurso-oposici\u00f3n.<\/strong><br \/>\nEl primero de los procesos se emplear\u00e1 para seleccionar todas las plazas que estuvieran ocupadas de forma temporal y de manera ininterrumpida con anterioridad a 1 de enero de 2016, mientras que el segundo ser\u00e1 de aplicaci\u00f3n a las plazas ocupadas de forma temporal e ininterrumpidamente por lo menos los tres a\u00f1os anteriores a 31 de diciembre del a\u00f1o 2020.<\/p>\n<p><a href=\"https:\/\/www.xunta.gal\/notas-de-prensa\/-\/nova\/69241\/rueda-avanza-una-oferta-mas-10-000-plazas-proceso-estabilizacion-empleo\" target=\"_blank\" rel=\"noopener\"><strong>Accede desde este enlace a la publicaci\u00f3n \u00edntegra realizada en la Web de Funci\u00f3n P\u00fablica de la Xunta de Galicia.\u00a0<\/strong><\/a><\/p>\n","protected":false},"excerpt":{"rendered":"<p>El Consello da Xunta aprob\u00f3 hoy, mi\u00e9rcoles, los decretos de Oferta de Empleo P\u00fablico (OEP) de la Administraci\u00f3n P\u00fablica para la oferta de m\u00e1s de 10.000 plazas en el proceso de estabilizaci\u00f3n de empleo establecido en la Ley 20\/21 de 28 de diciembre, de medidas urgentes para la reducci\u00f3n de la temporalidad en el empleo &hellip; <a href=\"https:\/\/www.emplea-te.com\/noticias-oposiciones\/xunta-de-galicia-se-publica-la-oep-de-estabilizacion-con-mas-de-10-000-plazas\/\" class=\"more-link\">Continuar leyendo<span class=\"screen-reader-text\"> \u00abXunta de Galicia. Se publica la OEP de Estabilizaci\u00f3n con m\u00e1s de 10.000 plazas.\u00bb<\/span><\/a><\/p>\n","protected":false},"author":1,"featured_media":0,"comment_status":"closed","ping_status":"closed","sticky":false,"template":"","format":"standard","meta":{"footnotes":""},"categories":[4],"tags":[84],"class_list":["post-6958","post","type-post","status-publish","format-standard","hentry","category-oposiciones-xunta","tag-oferta-de-empleo-publico"],"yoast_head":"<!-- This site is optimized with the Yoast SEO plugin v27.5 - https:\/\/yoast.com\/product\/yoast-seo-wordpress\/ -->\n<title>Xunta de Galicia. OEP de Estabilizaci\u00f3n con m\u00e1s de 10.000 plazas<\/title>\n<meta name=\"description\" content=\"Xunta de Galicia. Se publica la OEP de Estabilizaci\u00f3n con m\u00e1s de 10.000 plazas\" \/>\n<meta name=\"robots\" content=\"index, follow, max-snippet:-1, max-image-preview:large, max-video-preview:-1\" \/>\n<link rel=\"canonical\" href=\"https:\/\/www.emplea-te.com\/noticias-oposiciones\/xunta-de-galicia-se-publica-la-oep-de-estabilizacion-con-mas-de-10-000-plazas\/\" \/>\n<meta property=\"og:locale\" content=\"es_ES\" \/>\n<meta property=\"og:type\" content=\"article\" \/>\n<meta property=\"og:title\" content=\"Xunta de Galicia. OEP de Estabilizaci\u00f3n con m\u00e1s de 10.000 plazas\" \/>\n<meta property=\"og:description\" content=\"Xunta de Galicia. Se publica la OEP de Estabilizaci\u00f3n con m\u00e1s de 10.000 plazas\" \/>\n<meta property=\"og:url\" content=\"https:\/\/www.emplea-te.com\/noticias-oposiciones\/xunta-de-galicia-se-publica-la-oep-de-estabilizacion-con-mas-de-10-000-plazas\/\" \/>\n<meta property=\"og:site_name\" content=\"Noticas de oposiciones por Academia Emplea-te\" \/>\n<meta property=\"article:publisher\" content=\"https:\/\/www.facebook.com\/AcademiaEmpleate\/\" \/>\n<meta property=\"article:published_time\" content=\"2022-05-26T10:26:07+00:00\" \/>\n<meta name=\"author\" content=\"Empleate\" \/>\n<meta name=\"twitter:card\" content=\"summary_large_image\" \/>\n<meta name=\"twitter:creator\" content=\"@Emplea_Te\" \/>\n<meta name=\"twitter:site\" content=\"@Emplea_Te\" \/>\n<meta name=\"twitter:label1\" content=\"Escrito por\" \/>\n\t<meta name=\"twitter:data1\" content=\"Empleate\" \/>\n\t<meta name=\"twitter:label2\" content=\"Tiempo de lectura\" \/>\n\t<meta name=\"twitter:data2\" content=\"2 minutos\" \/>\n<script type=\"application\/ld+json\" class=\"yoast-schema-graph\">{\"@context\":\"https:\\\/\\\/schema.org\",\"@graph\":[{\"@type\":\"Article\",\"@id\":\"https:\\\/\\\/www.emplea-te.com\\\/noticias-oposiciones\\\/xunta-de-galicia-se-publica-la-oep-de-estabilizacion-con-mas-de-10-000-plazas\\\/#article\",\"isPartOf\":{\"@id\":\"https:\\\/\\\/www.emplea-te.com\\\/noticias-oposiciones\\\/xunta-de-galicia-se-publica-la-oep-de-estabilizacion-con-mas-de-10-000-plazas\\\/\"},\"author\":{\"name\":\"Empleate\",\"@id\":\"https:\\\/\\\/www.emplea-te.com\\\/noticias-oposiciones\\\/#\\\/schema\\\/person\\\/d1bc587e1af2b95e9c32aba1795509a6\"},\"headline\":\"Xunta de Galicia. Se publica la OEP de Estabilizaci\u00f3n con m\u00e1s de 10.000 plazas.\",\"datePublished\":\"2022-05-26T10:26:07+00:00\",\"mainEntityOfPage\":{\"@id\":\"https:\\\/\\\/www.emplea-te.com\\\/noticias-oposiciones\\\/xunta-de-galicia-se-publica-la-oep-de-estabilizacion-con-mas-de-10-000-plazas\\\/\"},\"wordCount\":265,\"publisher\":{\"@id\":\"https:\\\/\\\/www.emplea-te.com\\\/noticias-oposiciones\\\/#organization\"},\"keywords\":[\"Oferta de Empleo P\u00fablico\"],\"articleSection\":[\"Oposiciones Xunta\"],\"inLanguage\":\"es\"},{\"@type\":\"WebPage\",\"@id\":\"https:\\\/\\\/www.emplea-te.com\\\/noticias-oposiciones\\\/xunta-de-galicia-se-publica-la-oep-de-estabilizacion-con-mas-de-10-000-plazas\\\/\",\"url\":\"https:\\\/\\\/www.emplea-te.com\\\/noticias-oposiciones\\\/xunta-de-galicia-se-publica-la-oep-de-estabilizacion-con-mas-de-10-000-plazas\\\/\",\"name\":\"Xunta de Galicia. OEP de Estabilizaci\u00f3n con m\u00e1s de 10.000 plazas\",\"isPartOf\":{\"@id\":\"https:\\\/\\\/www.emplea-te.com\\\/noticias-oposiciones\\\/#website\"},\"datePublished\":\"2022-05-26T10:26:07+00:00\",\"description\":\"Xunta de Galicia. Se publica la OEP de Estabilizaci\u00f3n con m\u00e1s de 10.000 plazas\",\"breadcrumb\":{\"@id\":\"https:\\\/\\\/www.emplea-te.com\\\/noticias-oposiciones\\\/xunta-de-galicia-se-publica-la-oep-de-estabilizacion-con-mas-de-10-000-plazas\\\/#breadcrumb\"},\"inLanguage\":\"es\",\"potentialAction\":[{\"@type\":\"ReadAction\",\"target\":[\"https:\\\/\\\/www.emplea-te.com\\\/noticias-oposiciones\\\/xunta-de-galicia-se-publica-la-oep-de-estabilizacion-con-mas-de-10-000-plazas\\\/\"]}]},{\"@type\":\"BreadcrumbList\",\"@id\":\"https:\\\/\\\/www.emplea-te.com\\\/noticias-oposiciones\\\/xunta-de-galicia-se-publica-la-oep-de-estabilizacion-con-mas-de-10-000-plazas\\\/#breadcrumb\",\"itemListElement\":[{\"@type\":\"ListItem\",\"position\":1,\"name\":\"Noticias Oposiciones\",\"item\":\"https:\\\/\\\/www.emplea-te.com\\\/noticias-oposiciones\\\/\"},{\"@type\":\"ListItem\",\"position\":2,\"name\":\"Oposiciones Xunta\",\"item\":\"https:\\\/\\\/www.emplea-te.com\\\/noticias-oposiciones\\\/categoria\\\/oposiciones-xunta\\\/\"},{\"@type\":\"ListItem\",\"position\":3,\"name\":\"Xunta de Galicia. Se publica la OEP de Estabilizaci\u00f3n con m\u00e1s de 10.000 plazas.\"}]},{\"@type\":\"WebSite\",\"@id\":\"https:\\\/\\\/www.emplea-te.com\\\/noticias-oposiciones\\\/#website\",\"url\":\"https:\\\/\\\/www.emplea-te.com\\\/noticias-oposiciones\\\/\",\"name\":\"Noticas de oposiciones por Academia Emplea-te\",\"description\":\"Toda la actualidad de las ofertas y convocatorias.\",\"publisher\":{\"@id\":\"https:\\\/\\\/www.emplea-te.com\\\/noticias-oposiciones\\\/#organization\"},\"potentialAction\":[{\"@type\":\"SearchAction\",\"target\":{\"@type\":\"EntryPoint\",\"urlTemplate\":\"https:\\\/\\\/www.emplea-te.com\\\/noticias-oposiciones\\\/?s={search_term_string}\"},\"query-input\":{\"@type\":\"PropertyValueSpecification\",\"valueRequired\":true,\"valueName\":\"search_term_string\"}}],\"inLanguage\":\"es\"},{\"@type\":\"Organization\",\"@id\":\"https:\\\/\\\/www.emplea-te.com\\\/noticias-oposiciones\\\/#organization\",\"name\":\"Academia de oposiciones Empl\u00e9ate\",\"url\":\"https:\\\/\\\/www.emplea-te.com\\\/noticias-oposiciones\\\/\",\"logo\":{\"@type\":\"ImageObject\",\"inLanguage\":\"es\",\"@id\":\"https:\\\/\\\/www.emplea-te.com\\\/noticias-oposiciones\\\/#\\\/schema\\\/logo\\\/image\\\/\",\"url\":\"https:\\\/\\\/www.emplea-te.com\\\/noticias-oposiciones\\\/wp-content\\\/uploads\\\/2019\\\/04\\\/empleate.jpg\",\"contentUrl\":\"https:\\\/\\\/www.emplea-te.com\\\/noticias-oposiciones\\\/wp-content\\\/uploads\\\/2019\\\/04\\\/empleate.jpg\",\"width\":250,\"height\":150,\"caption\":\"Academia de oposiciones Empl\u00e9ate\"},\"image\":{\"@id\":\"https:\\\/\\\/www.emplea-te.com\\\/noticias-oposiciones\\\/#\\\/schema\\\/logo\\\/image\\\/\"},\"sameAs\":[\"https:\\\/\\\/www.facebook.com\\\/AcademiaEmpleate\\\/\",\"https:\\\/\\\/x.com\\\/Emplea_Te\",\"https:\\\/\\\/www.instagram.com\\\/academia_empleate\\\/\"]},{\"@type\":\"Person\",\"@id\":\"https:\\\/\\\/www.emplea-te.com\\\/noticias-oposiciones\\\/#\\\/schema\\\/person\\\/d1bc587e1af2b95e9c32aba1795509a6\",\"name\":\"Empleate\"}]}<\/script>\n<!-- \/ Yoast SEO plugin. -->","yoast_head_json":{"title":"Xunta de Galicia. OEP de Estabilizaci\u00f3n con m\u00e1s de 10.000 plazas","description":"Xunta de Galicia. Se publica la OEP de Estabilizaci\u00f3n con m\u00e1s de 10.000 plazas","robots":{"index":"index","follow":"follow","max-snippet":"max-snippet:-1","max-image-preview":"max-image-preview:large","max-video-preview":"max-video-preview:-1"},"canonical":"https:\/\/www.emplea-te.com\/noticias-oposiciones\/xunta-de-galicia-se-publica-la-oep-de-estabilizacion-con-mas-de-10-000-plazas\/","og_locale":"es_ES","og_type":"article","og_title":"Xunta de Galicia. OEP de Estabilizaci\u00f3n con m\u00e1s de 10.000 plazas","og_description":"Xunta de Galicia. Se publica la OEP de Estabilizaci\u00f3n con m\u00e1s de 10.000 plazas","og_url":"https:\/\/www.emplea-te.com\/noticias-oposiciones\/xunta-de-galicia-se-publica-la-oep-de-estabilizacion-con-mas-de-10-000-plazas\/","og_site_name":"Noticas de oposiciones por Academia Emplea-te","article_publisher":"https:\/\/www.facebook.com\/AcademiaEmpleate\/","article_published_time":"2022-05-26T10:26:07+00:00","author":"Empleate","twitter_card":"summary_large_image","twitter_creator":"@Emplea_Te","twitter_site":"@Emplea_Te","twitter_misc":{"Escrito por":"Empleate","Tiempo de lectura":"2 minutos"},"schema":{"@context":"https:\/\/schema.org","@graph":[{"@type":"Article","@id":"https:\/\/www.emplea-te.com\/noticias-oposiciones\/xunta-de-galicia-se-publica-la-oep-de-estabilizacion-con-mas-de-10-000-plazas\/#article","isPartOf":{"@id":"https:\/\/www.emplea-te.com\/noticias-oposiciones\/xunta-de-galicia-se-publica-la-oep-de-estabilizacion-con-mas-de-10-000-plazas\/"},"author":{"name":"Empleate","@id":"https:\/\/www.emplea-te.com\/noticias-oposiciones\/#\/schema\/person\/d1bc587e1af2b95e9c32aba1795509a6"},"headline":"Xunta de Galicia. Se publica la OEP de Estabilizaci\u00f3n con m\u00e1s de 10.000 plazas.","datePublished":"2022-05-26T10:26:07+00:00","mainEntityOfPage":{"@id":"https:\/\/www.emplea-te.com\/noticias-oposiciones\/xunta-de-galicia-se-publica-la-oep-de-estabilizacion-con-mas-de-10-000-plazas\/"},"wordCount":265,"publisher":{"@id":"https:\/\/www.emplea-te.com\/noticias-oposiciones\/#organization"},"keywords":["Oferta de Empleo P\u00fablico"],"articleSection":["Oposiciones Xunta"],"inLanguage":"es"},{"@type":"WebPage","@id":"https:\/\/www.emplea-te.com\/noticias-oposiciones\/xunta-de-galicia-se-publica-la-oep-de-estabilizacion-con-mas-de-10-000-plazas\/","url":"https:\/\/www.emplea-te.com\/noticias-oposiciones\/xunta-de-galicia-se-publica-la-oep-de-estabilizacion-con-mas-de-10-000-plazas\/","name":"Xunta de Galicia. OEP de Estabilizaci\u00f3n con m\u00e1s de 10.000 plazas","isPartOf":{"@id":"https:\/\/www.emplea-te.com\/noticias-oposiciones\/#website"},"datePublished":"2022-05-26T10:26:07+00:00","description":"Xunta de Galicia. Se publica la OEP de Estabilizaci\u00f3n con m\u00e1s de 10.000 plazas","breadcrumb":{"@id":"https:\/\/www.emplea-te.com\/noticias-oposiciones\/xunta-de-galicia-se-publica-la-oep-de-estabilizacion-con-mas-de-10-000-plazas\/#breadcrumb"},"inLanguage":"es","potentialAction":[{"@type":"ReadAction","target":["https:\/\/www.emplea-te.com\/noticias-oposiciones\/xunta-de-galicia-se-publica-la-oep-de-estabilizacion-con-mas-de-10-000-plazas\/"]}]},{"@type":"BreadcrumbList","@id":"https:\/\/www.emplea-te.com\/noticias-oposiciones\/xunta-de-galicia-se-publica-la-oep-de-estabilizacion-con-mas-de-10-000-plazas\/#breadcrumb","itemListElement":[{"@type":"ListItem","position":1,"name":"Noticias Oposiciones","item":"https:\/\/www.emplea-te.com\/noticias-oposiciones\/"},{"@type":"ListItem","position":2,"name":"Oposiciones Xunta","item":"https:\/\/www.emplea-te.com\/noticias-oposiciones\/categoria\/oposiciones-xunta\/"},{"@type":"ListItem","position":3,"name":"Xunta de Galicia. Se publica la OEP de Estabilizaci\u00f3n con m\u00e1s de 10.000 plazas."}]},{"@type":"WebSite","@id":"https:\/\/www.emplea-te.com\/noticias-oposiciones\/#website","url":"https:\/\/www.emplea-te.com\/noticias-oposiciones\/","name":"Noticas de oposiciones por Academia Emplea-te","description":"Toda la actualidad de las ofertas y convocatorias.","publisher":{"@id":"https:\/\/www.emplea-te.com\/noticias-oposiciones\/#organization"},"potentialAction":[{"@type":"SearchAction","target":{"@type":"EntryPoint","urlTemplate":"https:\/\/www.emplea-te.com\/noticias-oposiciones\/?s={search_term_string}"},"query-input":{"@type":"PropertyValueSpecification","valueRequired":true,"valueName":"search_term_string"}}],"inLanguage":"es"},{"@type":"Organization","@id":"https:\/\/www.emplea-te.com\/noticias-oposiciones\/#organization","name":"Academia de oposiciones Empl\u00e9ate","url":"https:\/\/www.emplea-te.com\/noticias-oposiciones\/","logo":{"@type":"ImageObject","inLanguage":"es","@id":"https:\/\/www.emplea-te.com\/noticias-oposiciones\/#\/schema\/logo\/image\/","url":"https:\/\/www.emplea-te.com\/noticias-oposiciones\/wp-content\/uploads\/2019\/04\/empleate.jpg","contentUrl":"https:\/\/www.emplea-te.com\/noticias-oposiciones\/wp-content\/uploads\/2019\/04\/empleate.jpg","width":250,"height":150,"caption":"Academia de oposiciones Empl\u00e9ate"},"image":{"@id":"https:\/\/www.emplea-te.com\/noticias-oposiciones\/#\/schema\/logo\/image\/"},"sameAs":["https:\/\/www.facebook.com\/AcademiaEmpleate\/","https:\/\/x.com\/Emplea_Te","https:\/\/www.instagram.com\/academia_empleate\/"]},{"@type":"Person","@id":"https:\/\/www.emplea-te.com\/noticias-oposiciones\/#\/schema\/person\/d1bc587e1af2b95e9c32aba1795509a6","name":"Empleate"}]}},"_links":{"self":[{"href":"https:\/\/www.emplea-te.com\/noticias-oposiciones\/wp-json\/wp\/v2\/posts\/6958","targetHints":{"allow":["GET"]}}],"collection":[{"href":"https:\/\/www.emplea-te.com\/noticias-oposiciones\/wp-json\/wp\/v2\/posts"}],"about":[{"href":"https:\/\/www.emplea-te.com\/noticias-oposiciones\/wp-json\/wp\/v2\/types\/post"}],"author":[{"embeddable":true,"href":"https:\/\/www.emplea-te.com\/noticias-oposiciones\/wp-json\/wp\/v2\/users\/1"}],"replies":[{"embeddable":true,"href":"https:\/\/www.emplea-te.com\/noticias-oposiciones\/wp-json\/wp\/v2\/comments?post=6958"}],"version-history":[{"count":1,"href":"https:\/\/www.emplea-te.com\/noticias-oposiciones\/wp-json\/wp\/v2\/posts\/6958\/revisions"}],"predecessor-version":[{"id":6959,"href":"https:\/\/www.emplea-te.com\/noticias-oposiciones\/wp-json\/wp\/v2\/posts\/6958\/revisions\/6959"}],"wp:attachment":[{"href":"https:\/\/www.emplea-te.com\/noticias-oposiciones\/wp-json\/wp\/v2\/media?parent=6958"}],"wp:term":[{"taxonomy":"category","embeddable":true,"href":"https:\/\/www.emplea-te.com\/noticias-oposiciones\/wp-json\/wp\/v2\/categories?post=6958"},{"taxonomy":"post_tag","embeddable":true,"href":"https:\/\/www.emplea-te.com\/noticias-oposiciones\/wp-json\/wp\/v2\/tags?post=6958"}],"curies":[{"name":"wp","href":"https:\/\/api.w.org\/{rel}","templated":true}]}}