{"id":7179,"date":"2022-06-23T09:35:28","date_gmt":"2022-06-23T07:35:28","guid":{"rendered":"https:\/\/www.emplea-te.com\/noticias-oposiciones\/?p=7179"},"modified":"2022-06-23T09:35:28","modified_gmt":"2022-06-23T07:35:28","slug":"mancomunidad-servicios-sociales-pantuena-madrid-publicada-la-convocatoria-para-cubrir-2-plazas-de-auxiliar-administrativo-c2","status":"publish","type":"post","link":"https:\/\/www.emplea-te.com\/noticias-oposiciones\/mancomunidad-servicios-sociales-pantuena-madrid-publicada-la-convocatoria-para-cubrir-2-plazas-de-auxiliar-administrativo-c2\/","title":{"rendered":"Mancomunidad Servicios Sociales Pantue\u00f1a (Madrid). Publicada la convocatoria para cubrir 2 plazas de Auxiliar Administrativo C2."},"content":{"rendered":"<p>Se publica en el BOE de hoy, la Resoluci\u00f3n referente a la convocatoria para cubrir\u00a0 2 plazas de Auxiliar Administrativo C2 por el sistema selectivo de concurso en turno libre en la Mancomunidad de Servicios Sociales Pantue\u00f1a.<\/p>\n<p><a href=\"https:\/\/www.bocm.es\/boletin\/CM_Orden_BOCM\/2022\/06\/16\/BOCM-20220616-109.PDF\" target=\"_blank\" rel=\"noopener\">En el \u00abBolet\u00edn Oficial de la Comunidad de Madrid\u00bb n\u00famero 142, de 16 de junio de 2022, se han publicado \u00edntegramente las bases que han de regir esta convocatoria.<\/a><\/p>\n<p>El <strong>plazo de presentaci\u00f3n de solicitudes ser\u00e1 de veinte d\u00edas h\u00e1biles<\/strong> a contar desde el siguiente al de la publicaci\u00f3n de esta resoluci\u00f3n en el \u00abBolet\u00edn Oficial del Estado\u00bb.<br \/>\nPor tanto<strong> el plazo para presentar instancias finaliza el pr\u00f3ximo 21\/07\/2022.<\/strong><\/p>\n<p>Los <strong>sucesivos anuncios referentes a esta convocatoria<\/strong>, cuando procedan de<br \/>\nconformidad con las bases, se har\u00e1n p\u00fablicos en se publicar\u00e1n en el \u00abBolet\u00edn Oficial de la Comunidad de Madrid\u00bb, en la sede electr\u00f3nica de la Mancomunidad de Servicios Sociales (<a href=\"https:\/\/sspantuena.sedelectronica.es\" target=\"_blank\" rel=\"noopener\">https:\/\/sspantuena.sedelectronica.es<\/a>) y en su tabl\u00f3n de anuncios.<\/p>\n<p><a href=\"https:\/\/www.boe.es\/boe\/dias\/2022\/06\/23\/pdfs\/BOE-A-2022-10377.pdf\" target=\"_blank\" rel=\"noopener\">Accede desde este enlace a la publicaci\u00f3n \u00edntegra de esta Resoluci\u00f3n referente a esta convocatoria realizada en el d\u00eda de hoy.\u00a0<\/a><\/p>\n<p><a href=\"http:\/\/academiamadrid.emplea-te.com\" target=\"_blank\" rel=\"noopener\"><strong>Inf\u00f3rmate de c\u00f3mo prepararte en nuestros grupos presenciales y on line.\u00a0<\/strong><\/a><\/p>\n","protected":false},"excerpt":{"rendered":"<p>Se publica en el BOE de hoy, la Resoluci\u00f3n referente a la convocatoria para cubrir\u00a0 2 plazas de Auxiliar Administrativo C2 por el sistema selectivo de concurso en turno libre en la Mancomunidad de Servicios Sociales Pantue\u00f1a. En el \u00abBolet\u00edn Oficial de la Comunidad de Madrid\u00bb n\u00famero 142, de 16 de junio de 2022, se &hellip; <a href=\"https:\/\/www.emplea-te.com\/noticias-oposiciones\/mancomunidad-servicios-sociales-pantuena-madrid-publicada-la-convocatoria-para-cubrir-2-plazas-de-auxiliar-administrativo-c2\/\" class=\"more-link\">Continuar leyendo<span class=\"screen-reader-text\"> \u00abMancomunidad Servicios Sociales Pantue\u00f1a (Madrid). Publicada la convocatoria para cubrir 2 plazas de Auxiliar Administrativo C2.\u00bb<\/span><\/a><\/p>\n","protected":false},"author":1,"featured_media":0,"comment_status":"closed","ping_status":"closed","sticky":false,"template":"","format":"standard","meta":{"footnotes":""},"categories":[109],"tags":[49],"class_list":["post-7179","post","type-post","status-publish","format-standard","hentry","category-oposiciones-madrid","tag-convocatorias-de-oposiciones"],"yoast_head":"<!-- This site is optimized with the Yoast SEO plugin v27.3 - https:\/\/yoast.com\/product\/yoast-seo-wordpress\/ -->\n<title>Mancomunidad Servicios Sociales Pantue\u00f1a (Madrid). Proceso selectivo.<\/title>\n<meta name=\"description\" content=\"Mancomunidad Servicios Sociales Pantue\u00f1a (Madrid). Publicada la convocatoria para cubrir 2 plazas de Auxiliar Administrativo C2.\" \/>\n<meta name=\"robots\" content=\"index, follow, max-snippet:-1, max-image-preview:large, max-video-preview:-1\" \/>\n<link rel=\"canonical\" href=\"https:\/\/www.emplea-te.com\/noticias-oposiciones\/mancomunidad-servicios-sociales-pantuena-madrid-publicada-la-convocatoria-para-cubrir-2-plazas-de-auxiliar-administrativo-c2\/\" \/>\n<meta property=\"og:locale\" content=\"es_ES\" \/>\n<meta property=\"og:type\" content=\"article\" \/>\n<meta property=\"og:title\" content=\"Mancomunidad Servicios Sociales Pantue\u00f1a (Madrid). Proceso selectivo.\" \/>\n<meta property=\"og:description\" content=\"Mancomunidad Servicios Sociales Pantue\u00f1a (Madrid). Publicada la convocatoria para cubrir 2 plazas de Auxiliar Administrativo C2.\" \/>\n<meta property=\"og:url\" content=\"https:\/\/www.emplea-te.com\/noticias-oposiciones\/mancomunidad-servicios-sociales-pantuena-madrid-publicada-la-convocatoria-para-cubrir-2-plazas-de-auxiliar-administrativo-c2\/\" \/>\n<meta property=\"og:site_name\" content=\"Noticas de oposiciones por Academia Emplea-te\" \/>\n<meta property=\"article:publisher\" content=\"https:\/\/www.facebook.com\/AcademiaEmpleate\/\" \/>\n<meta property=\"article:published_time\" content=\"2022-06-23T07:35:28+00:00\" \/>\n<meta name=\"author\" content=\"Empleate\" \/>\n<meta name=\"twitter:card\" content=\"summary_large_image\" \/>\n<meta name=\"twitter:creator\" content=\"@Emplea_Te\" \/>\n<meta name=\"twitter:site\" content=\"@Emplea_Te\" \/>\n<meta name=\"twitter:label1\" content=\"Escrito por\" \/>\n\t<meta name=\"twitter:data1\" content=\"Empleate\" \/>\n\t<meta name=\"twitter:label2\" content=\"Tiempo de lectura\" \/>\n\t<meta name=\"twitter:data2\" content=\"1 minuto\" \/>\n<script type=\"application\/ld+json\" class=\"yoast-schema-graph\">{\"@context\":\"https:\\\/\\\/schema.org\",\"@graph\":[{\"@type\":\"Article\",\"@id\":\"https:\\\/\\\/www.emplea-te.com\\\/noticias-oposiciones\\\/mancomunidad-servicios-sociales-pantuena-madrid-publicada-la-convocatoria-para-cubrir-2-plazas-de-auxiliar-administrativo-c2\\\/#article\",\"isPartOf\":{\"@id\":\"https:\\\/\\\/www.emplea-te.com\\\/noticias-oposiciones\\\/mancomunidad-servicios-sociales-pantuena-madrid-publicada-la-convocatoria-para-cubrir-2-plazas-de-auxiliar-administrativo-c2\\\/\"},\"author\":{\"name\":\"Empleate\",\"@id\":\"https:\\\/\\\/www.emplea-te.com\\\/noticias-oposiciones\\\/#\\\/schema\\\/person\\\/d1bc587e1af2b95e9c32aba1795509a6\"},\"headline\":\"Mancomunidad Servicios Sociales Pantue\u00f1a (Madrid). Publicada la convocatoria para cubrir 2 plazas de Auxiliar Administrativo C2.\",\"datePublished\":\"2022-06-23T07:35:28+00:00\",\"mainEntityOfPage\":{\"@id\":\"https:\\\/\\\/www.emplea-te.com\\\/noticias-oposiciones\\\/mancomunidad-servicios-sociales-pantuena-madrid-publicada-la-convocatoria-para-cubrir-2-plazas-de-auxiliar-administrativo-c2\\\/\"},\"wordCount\":220,\"publisher\":{\"@id\":\"https:\\\/\\\/www.emplea-te.com\\\/noticias-oposiciones\\\/#organization\"},\"keywords\":[\"Convocatoria\"],\"articleSection\":[\"Oposiciones Madrid.\"],\"inLanguage\":\"es\"},{\"@type\":\"WebPage\",\"@id\":\"https:\\\/\\\/www.emplea-te.com\\\/noticias-oposiciones\\\/mancomunidad-servicios-sociales-pantuena-madrid-publicada-la-convocatoria-para-cubrir-2-plazas-de-auxiliar-administrativo-c2\\\/\",\"url\":\"https:\\\/\\\/www.emplea-te.com\\\/noticias-oposiciones\\\/mancomunidad-servicios-sociales-pantuena-madrid-publicada-la-convocatoria-para-cubrir-2-plazas-de-auxiliar-administrativo-c2\\\/\",\"name\":\"Mancomunidad Servicios Sociales Pantue\u00f1a (Madrid). Proceso selectivo.\",\"isPartOf\":{\"@id\":\"https:\\\/\\\/www.emplea-te.com\\\/noticias-oposiciones\\\/#website\"},\"datePublished\":\"2022-06-23T07:35:28+00:00\",\"description\":\"Mancomunidad Servicios Sociales Pantue\u00f1a (Madrid). Publicada la convocatoria para cubrir 2 plazas de Auxiliar Administrativo C2.\",\"breadcrumb\":{\"@id\":\"https:\\\/\\\/www.emplea-te.com\\\/noticias-oposiciones\\\/mancomunidad-servicios-sociales-pantuena-madrid-publicada-la-convocatoria-para-cubrir-2-plazas-de-auxiliar-administrativo-c2\\\/#breadcrumb\"},\"inLanguage\":\"es\",\"potentialAction\":[{\"@type\":\"ReadAction\",\"target\":[\"https:\\\/\\\/www.emplea-te.com\\\/noticias-oposiciones\\\/mancomunidad-servicios-sociales-pantuena-madrid-publicada-la-convocatoria-para-cubrir-2-plazas-de-auxiliar-administrativo-c2\\\/\"]}]},{\"@type\":\"BreadcrumbList\",\"@id\":\"https:\\\/\\\/www.emplea-te.com\\\/noticias-oposiciones\\\/mancomunidad-servicios-sociales-pantuena-madrid-publicada-la-convocatoria-para-cubrir-2-plazas-de-auxiliar-administrativo-c2\\\/#breadcrumb\",\"itemListElement\":[{\"@type\":\"ListItem\",\"position\":1,\"name\":\"Noticias Oposiciones\",\"item\":\"https:\\\/\\\/www.emplea-te.com\\\/noticias-oposiciones\\\/\"},{\"@type\":\"ListItem\",\"position\":2,\"name\":\"Oposiciones Madrid.\",\"item\":\"https:\\\/\\\/www.emplea-te.com\\\/noticias-oposiciones\\\/categoria\\\/oposiciones-madrid\\\/\"},{\"@type\":\"ListItem\",\"position\":3,\"name\":\"Mancomunidad Servicios Sociales Pantue\u00f1a (Madrid). Publicada la convocatoria para cubrir 2 plazas de Auxiliar Administrativo C2.\"}]},{\"@type\":\"WebSite\",\"@id\":\"https:\\\/\\\/www.emplea-te.com\\\/noticias-oposiciones\\\/#website\",\"url\":\"https:\\\/\\\/www.emplea-te.com\\\/noticias-oposiciones\\\/\",\"name\":\"Noticas de oposiciones por Academia Emplea-te\",\"description\":\"Toda la actualidad de las ofertas y convocatorias.\",\"publisher\":{\"@id\":\"https:\\\/\\\/www.emplea-te.com\\\/noticias-oposiciones\\\/#organization\"},\"potentialAction\":[{\"@type\":\"SearchAction\",\"target\":{\"@type\":\"EntryPoint\",\"urlTemplate\":\"https:\\\/\\\/www.emplea-te.com\\\/noticias-oposiciones\\\/?s={search_term_string}\"},\"query-input\":{\"@type\":\"PropertyValueSpecification\",\"valueRequired\":true,\"valueName\":\"search_term_string\"}}],\"inLanguage\":\"es\"},{\"@type\":\"Organization\",\"@id\":\"https:\\\/\\\/www.emplea-te.com\\\/noticias-oposiciones\\\/#organization\",\"name\":\"Academia de oposiciones Empl\u00e9ate\",\"url\":\"https:\\\/\\\/www.emplea-te.com\\\/noticias-oposiciones\\\/\",\"logo\":{\"@type\":\"ImageObject\",\"inLanguage\":\"es\",\"@id\":\"https:\\\/\\\/www.emplea-te.com\\\/noticias-oposiciones\\\/#\\\/schema\\\/logo\\\/image\\\/\",\"url\":\"https:\\\/\\\/www.emplea-te.com\\\/noticias-oposiciones\\\/wp-content\\\/uploads\\\/2019\\\/04\\\/empleate.jpg\",\"contentUrl\":\"https:\\\/\\\/www.emplea-te.com\\\/noticias-oposiciones\\\/wp-content\\\/uploads\\\/2019\\\/04\\\/empleate.jpg\",\"width\":250,\"height\":150,\"caption\":\"Academia de oposiciones Empl\u00e9ate\"},\"image\":{\"@id\":\"https:\\\/\\\/www.emplea-te.com\\\/noticias-oposiciones\\\/#\\\/schema\\\/logo\\\/image\\\/\"},\"sameAs\":[\"https:\\\/\\\/www.facebook.com\\\/AcademiaEmpleate\\\/\",\"https:\\\/\\\/x.com\\\/Emplea_Te\",\"https:\\\/\\\/www.instagram.com\\\/academia_empleate\\\/\"]},{\"@type\":\"Person\",\"@id\":\"https:\\\/\\\/www.emplea-te.com\\\/noticias-oposiciones\\\/#\\\/schema\\\/person\\\/d1bc587e1af2b95e9c32aba1795509a6\",\"name\":\"Empleate\"}]}<\/script>\n<!-- \/ Yoast SEO plugin. -->","yoast_head_json":{"title":"Mancomunidad Servicios Sociales Pantue\u00f1a (Madrid). Proceso selectivo.","description":"Mancomunidad Servicios Sociales Pantue\u00f1a (Madrid). Publicada la convocatoria para cubrir 2 plazas de Auxiliar Administrativo C2.","robots":{"index":"index","follow":"follow","max-snippet":"max-snippet:-1","max-image-preview":"max-image-preview:large","max-video-preview":"max-video-preview:-1"},"canonical":"https:\/\/www.emplea-te.com\/noticias-oposiciones\/mancomunidad-servicios-sociales-pantuena-madrid-publicada-la-convocatoria-para-cubrir-2-plazas-de-auxiliar-administrativo-c2\/","og_locale":"es_ES","og_type":"article","og_title":"Mancomunidad Servicios Sociales Pantue\u00f1a (Madrid). Proceso selectivo.","og_description":"Mancomunidad Servicios Sociales Pantue\u00f1a (Madrid). Publicada la convocatoria para cubrir 2 plazas de Auxiliar Administrativo C2.","og_url":"https:\/\/www.emplea-te.com\/noticias-oposiciones\/mancomunidad-servicios-sociales-pantuena-madrid-publicada-la-convocatoria-para-cubrir-2-plazas-de-auxiliar-administrativo-c2\/","og_site_name":"Noticas de oposiciones por Academia Emplea-te","article_publisher":"https:\/\/www.facebook.com\/AcademiaEmpleate\/","article_published_time":"2022-06-23T07:35:28+00:00","author":"Empleate","twitter_card":"summary_large_image","twitter_creator":"@Emplea_Te","twitter_site":"@Emplea_Te","twitter_misc":{"Escrito por":"Empleate","Tiempo de lectura":"1 minuto"},"schema":{"@context":"https:\/\/schema.org","@graph":[{"@type":"Article","@id":"https:\/\/www.emplea-te.com\/noticias-oposiciones\/mancomunidad-servicios-sociales-pantuena-madrid-publicada-la-convocatoria-para-cubrir-2-plazas-de-auxiliar-administrativo-c2\/#article","isPartOf":{"@id":"https:\/\/www.emplea-te.com\/noticias-oposiciones\/mancomunidad-servicios-sociales-pantuena-madrid-publicada-la-convocatoria-para-cubrir-2-plazas-de-auxiliar-administrativo-c2\/"},"author":{"name":"Empleate","@id":"https:\/\/www.emplea-te.com\/noticias-oposiciones\/#\/schema\/person\/d1bc587e1af2b95e9c32aba1795509a6"},"headline":"Mancomunidad Servicios Sociales Pantue\u00f1a (Madrid). Publicada la convocatoria para cubrir 2 plazas de Auxiliar Administrativo C2.","datePublished":"2022-06-23T07:35:28+00:00","mainEntityOfPage":{"@id":"https:\/\/www.emplea-te.com\/noticias-oposiciones\/mancomunidad-servicios-sociales-pantuena-madrid-publicada-la-convocatoria-para-cubrir-2-plazas-de-auxiliar-administrativo-c2\/"},"wordCount":220,"publisher":{"@id":"https:\/\/www.emplea-te.com\/noticias-oposiciones\/#organization"},"keywords":["Convocatoria"],"articleSection":["Oposiciones Madrid."],"inLanguage":"es"},{"@type":"WebPage","@id":"https:\/\/www.emplea-te.com\/noticias-oposiciones\/mancomunidad-servicios-sociales-pantuena-madrid-publicada-la-convocatoria-para-cubrir-2-plazas-de-auxiliar-administrativo-c2\/","url":"https:\/\/www.emplea-te.com\/noticias-oposiciones\/mancomunidad-servicios-sociales-pantuena-madrid-publicada-la-convocatoria-para-cubrir-2-plazas-de-auxiliar-administrativo-c2\/","name":"Mancomunidad Servicios Sociales Pantue\u00f1a (Madrid). Proceso selectivo.","isPartOf":{"@id":"https:\/\/www.emplea-te.com\/noticias-oposiciones\/#website"},"datePublished":"2022-06-23T07:35:28+00:00","description":"Mancomunidad Servicios Sociales Pantue\u00f1a (Madrid). Publicada la convocatoria para cubrir 2 plazas de Auxiliar Administrativo C2.","breadcrumb":{"@id":"https:\/\/www.emplea-te.com\/noticias-oposiciones\/mancomunidad-servicios-sociales-pantuena-madrid-publicada-la-convocatoria-para-cubrir-2-plazas-de-auxiliar-administrativo-c2\/#breadcrumb"},"inLanguage":"es","potentialAction":[{"@type":"ReadAction","target":["https:\/\/www.emplea-te.com\/noticias-oposiciones\/mancomunidad-servicios-sociales-pantuena-madrid-publicada-la-convocatoria-para-cubrir-2-plazas-de-auxiliar-administrativo-c2\/"]}]},{"@type":"BreadcrumbList","@id":"https:\/\/www.emplea-te.com\/noticias-oposiciones\/mancomunidad-servicios-sociales-pantuena-madrid-publicada-la-convocatoria-para-cubrir-2-plazas-de-auxiliar-administrativo-c2\/#breadcrumb","itemListElement":[{"@type":"ListItem","position":1,"name":"Noticias Oposiciones","item":"https:\/\/www.emplea-te.com\/noticias-oposiciones\/"},{"@type":"ListItem","position":2,"name":"Oposiciones Madrid.","item":"https:\/\/www.emplea-te.com\/noticias-oposiciones\/categoria\/oposiciones-madrid\/"},{"@type":"ListItem","position":3,"name":"Mancomunidad Servicios Sociales Pantue\u00f1a (Madrid). Publicada la convocatoria para cubrir 2 plazas de Auxiliar Administrativo C2."}]},{"@type":"WebSite","@id":"https:\/\/www.emplea-te.com\/noticias-oposiciones\/#website","url":"https:\/\/www.emplea-te.com\/noticias-oposiciones\/","name":"Noticas de oposiciones por Academia Emplea-te","description":"Toda la actualidad de las ofertas y convocatorias.","publisher":{"@id":"https:\/\/www.emplea-te.com\/noticias-oposiciones\/#organization"},"potentialAction":[{"@type":"SearchAction","target":{"@type":"EntryPoint","urlTemplate":"https:\/\/www.emplea-te.com\/noticias-oposiciones\/?s={search_term_string}"},"query-input":{"@type":"PropertyValueSpecification","valueRequired":true,"valueName":"search_term_string"}}],"inLanguage":"es"},{"@type":"Organization","@id":"https:\/\/www.emplea-te.com\/noticias-oposiciones\/#organization","name":"Academia de oposiciones Empl\u00e9ate","url":"https:\/\/www.emplea-te.com\/noticias-oposiciones\/","logo":{"@type":"ImageObject","inLanguage":"es","@id":"https:\/\/www.emplea-te.com\/noticias-oposiciones\/#\/schema\/logo\/image\/","url":"https:\/\/www.emplea-te.com\/noticias-oposiciones\/wp-content\/uploads\/2019\/04\/empleate.jpg","contentUrl":"https:\/\/www.emplea-te.com\/noticias-oposiciones\/wp-content\/uploads\/2019\/04\/empleate.jpg","width":250,"height":150,"caption":"Academia de oposiciones Empl\u00e9ate"},"image":{"@id":"https:\/\/www.emplea-te.com\/noticias-oposiciones\/#\/schema\/logo\/image\/"},"sameAs":["https:\/\/www.facebook.com\/AcademiaEmpleate\/","https:\/\/x.com\/Emplea_Te","https:\/\/www.instagram.com\/academia_empleate\/"]},{"@type":"Person","@id":"https:\/\/www.emplea-te.com\/noticias-oposiciones\/#\/schema\/person\/d1bc587e1af2b95e9c32aba1795509a6","name":"Empleate"}]}},"_links":{"self":[{"href":"https:\/\/www.emplea-te.com\/noticias-oposiciones\/wp-json\/wp\/v2\/posts\/7179","targetHints":{"allow":["GET"]}}],"collection":[{"href":"https:\/\/www.emplea-te.com\/noticias-oposiciones\/wp-json\/wp\/v2\/posts"}],"about":[{"href":"https:\/\/www.emplea-te.com\/noticias-oposiciones\/wp-json\/wp\/v2\/types\/post"}],"author":[{"embeddable":true,"href":"https:\/\/www.emplea-te.com\/noticias-oposiciones\/wp-json\/wp\/v2\/users\/1"}],"replies":[{"embeddable":true,"href":"https:\/\/www.emplea-te.com\/noticias-oposiciones\/wp-json\/wp\/v2\/comments?post=7179"}],"version-history":[{"count":1,"href":"https:\/\/www.emplea-te.com\/noticias-oposiciones\/wp-json\/wp\/v2\/posts\/7179\/revisions"}],"predecessor-version":[{"id":7180,"href":"https:\/\/www.emplea-te.com\/noticias-oposiciones\/wp-json\/wp\/v2\/posts\/7179\/revisions\/7180"}],"wp:attachment":[{"href":"https:\/\/www.emplea-te.com\/noticias-oposiciones\/wp-json\/wp\/v2\/media?parent=7179"}],"wp:term":[{"taxonomy":"category","embeddable":true,"href":"https:\/\/www.emplea-te.com\/noticias-oposiciones\/wp-json\/wp\/v2\/categories?post=7179"},{"taxonomy":"post_tag","embeddable":true,"href":"https:\/\/www.emplea-te.com\/noticias-oposiciones\/wp-json\/wp\/v2\/tags?post=7179"}],"curies":[{"name":"wp","href":"https:\/\/api.w.org\/{rel}","templated":true}]}}