{"id":7184,"date":"2022-06-27T09:16:50","date_gmt":"2022-06-27T07:16:50","guid":{"rendered":"https:\/\/www.emplea-te.com\/noticias-oposiciones\/?p=7184"},"modified":"2022-06-27T09:32:56","modified_gmt":"2022-06-27T07:32:56","slug":"xunta-de-galicia-convocadas-102-plazas-de-administrativo-c1-por-oposicion-en-turno-libre-plazo-de-instancias-abierto-hasta-el-dia-26-07-2022","status":"publish","type":"post","link":"https:\/\/www.emplea-te.com\/noticias-oposiciones\/xunta-de-galicia-convocadas-102-plazas-de-administrativo-c1-por-oposicion-en-turno-libre-plazo-de-instancias-abierto-hasta-el-dia-26-07-2022\/","title":{"rendered":"Xunta de Galicia. Convocadas 102 plazas de Administrativo C1 por oposici\u00f3n en turno libre. Plazo de instancias abierto hasta el d\u00eda 26\/07\/2022."},"content":{"rendered":"<h5><strong>Xunta de Galicia.<br \/>\nConvocadas 102 plazas de Administrativo C1 por oposici\u00f3n en turno libre.<br \/>\nPlazo de instancias abierto hasta el d\u00eda 26\/07\/2022.<\/strong><\/h5>\n<p>Se publica en el DOG de hoy, d\u00eda 27 de junio de 2022, la RESOLUCI\u00d3N de 22 de junio de 2022 por la que se convoca el proceso selectivo, por el turno de libre acceso, para el ingreso en el \u00f3rgano de administraci\u00f3n de la Administraci\u00f3n general de la Comunidad Aut\u00f3noma de Galicia, subgrupo C1.<\/p>\n<p><strong>El objeto del proceso de selecci\u00f3n ser\u00e1 cubrir ciento dos (102) plazas<\/strong> en el \u00f3rgano de administraci\u00f3n de la Administraci\u00f3n General de la Comunidad Aut\u00f3noma de Galicia, subgrupo C1, correspondiente a la oferta de empleo p\u00fablico para el a\u00f1o 2021, que acumula los de la oferta de 2020, tal y como se detalla:<\/p>\n<p>&#8211; Oferta de empleo p\u00fablico para el ejercicio 2020, aprobada por Decreto 225\/2020, de 23 de diciembre (DOG n\u00ba 260, de 29 de diciembre): sesenta y dos (62) plazas de libre acceso, de las que cinco (5) est\u00e1n reservadas para el turno de las personas con discapacidad.<\/p>\n<p>&#8211; Oferta de empleo p\u00fablico para el ejercicio 2021, aprobada por Decreto 62\/2021, de 8 de abril (DOG n\u00ba 73, de 20 de abril): cuarenta (40) plazas de libre acceso, de las que cinco (5) se reservan para turno de gente con discapacidades.<\/p>\n<p><strong>El sistema selectivo ser\u00e1 el de oposici\u00f3n.<\/strong><\/p>\n<p><strong>Presentaci\u00f3n solicitudes:\u00a0<\/strong><\/p>\n<p>Las solicitudes se presentar\u00e1n electr\u00f3nicamente mediante el formulario normalizado accesible en el portal web corporativo <a href=\"http:\/\/xunta.es\" target=\"_blank\" rel=\"noopener\">funcionpublica.xunta.gal<\/a>, siguiendo la ruta \u00abProcesos selectivos\u00bb &#8211; \u00abGeneraci\u00f3n y presentaci\u00f3n de solicitudes para procesos selectivos\u00bb.<br \/>\nPara <strong>la presentaci\u00f3n electr\u00f3nica de solicitudes podr\u00e1 utilizarse<\/strong> cualquiera de los<strong> mecanismos de identificaci\u00f3n y firma aceptados por la sede<\/strong> <strong>electr\u00f3nica de la Xunta de Galicia<\/strong>,<strong> incluido el sistema de usuario y<\/strong> <strong>contrase\u00f1a Chave365<\/strong> (<a href=\"https:\/\/sede.xunta.gal\/chave365\" target=\"_blank\" rel=\"noopener\">https:\/\/sede.xunta.gal\/chave365<\/a>) y deber\u00e1 abonar el que se encuentre en vigor en el momento de presentar los requerimientos de la Ley 6\/2003, de 9 de diciembre, de tasas, precios y tasas reguladoras de la Comunidad Aut\u00f3noma de Galicia, de acuerdo con el procedimiento indicado en los p\u00e1rrafos siguientes.<\/p>\n<p>Despu\u00e9s de hacer clic en el modo de solicitud elegido, los solicitantes deben registrar su identidad y los datos de contacto que se utilizar\u00e1n para sus solicitudes.<\/p>\n<p>Una vez completados los datos de los solicitantes, puede comenzar el proceso de registro.<\/p>\n<p>Los solicitantes deber\u00e1n indicar en su solicitud, bajo el ep\u00edgrafe \u00abIdioma del examen\u00bb, si el texto del ejercicio debe presentarse en gallego o en castellano. Una vez realizada la opci\u00f3n y presentada su solicitud, el solicitante no podr\u00e1 modificar la opci\u00f3n.<\/p>\n<p>El <strong>plazo de presentaci\u00f3n de solicitudes ser\u00e1 de veinte (20) d\u00edas h\u00e1biles<\/strong>, que se contar\u00e1n a partir del d\u00eda siguiente al de la publicaci\u00f3n de la presente convocatoria en el Diario Oficial de Galicia (DOG).<br \/>\nPor tanto <strong>el plazo finaliza el pr\u00f3ximo 26\/07\/2022<\/strong><\/p>\n<p><a href=\"https:\/\/www.xunta.gal\/dog\/Publicados\/2022\/20220627\/AnuncioG0597-170622-0003_gl.html\" target=\"_blank\" rel=\"noopener\">Accede al contenido \u00edntegro de esta Resoluci\u00f3n publicada en el DOG de hoy referente a esta convocatoria.<\/a><\/p>\n<p><a href=\"http:\/\/www.emplea-te.com\" target=\"_blank\" rel=\"noopener\"><strong>Inf\u00f3rmate de c\u00f3mo prepararte en nuestros grupos presenciales y on line.\u00a0<\/strong><\/a><\/p>\n","protected":false},"excerpt":{"rendered":"<p>Xunta de Galicia. Convocadas 102 plazas de Administrativo C1 por oposici\u00f3n en turno libre. Plazo de instancias abierto hasta el d\u00eda 26\/07\/2022. Se publica en el DOG de hoy, d\u00eda 27 de junio de 2022, la RESOLUCI\u00d3N de 22 de junio de 2022 por la que se convoca el proceso selectivo, por el turno de &hellip; <a href=\"https:\/\/www.emplea-te.com\/noticias-oposiciones\/xunta-de-galicia-convocadas-102-plazas-de-administrativo-c1-por-oposicion-en-turno-libre-plazo-de-instancias-abierto-hasta-el-dia-26-07-2022\/\" class=\"more-link\">Continuar leyendo<span class=\"screen-reader-text\"> \u00abXunta de Galicia. Convocadas 102 plazas de Administrativo C1 por oposici\u00f3n en turno libre. Plazo de instancias abierto hasta el d\u00eda 26\/07\/2022.\u00bb<\/span><\/a><\/p>\n","protected":false},"author":1,"featured_media":0,"comment_status":"closed","ping_status":"closed","sticky":false,"template":"","format":"standard","meta":{"footnotes":""},"categories":[60,56,4],"tags":[82,49],"class_list":["post-7184","post","type-post","status-publish","format-standard","hentry","category-administrativo-c1-xunta","category-oposiciones-autonomicas-galicia","category-oposiciones-xunta","tag-acceso-libre","tag-convocatorias-de-oposiciones"],"yoast_head":"<!-- This site is optimized with the Yoast SEO plugin v27.3 - https:\/\/yoast.com\/product\/yoast-seo-wordpress\/ -->\n<title>Xunta de Galicia. Convocadas 102 plazas de Administrativo C1.<\/title>\n<meta name=\"description\" content=\"Xunta de Galicia. Convocadas 102 plazas de Administrativo C1 por oposici\u00f3n en turno libre. Plazo de instancias abierto hasta el d\u00eda 26\/07\/2022.\" \/>\n<meta name=\"robots\" content=\"index, follow, max-snippet:-1, max-image-preview:large, max-video-preview:-1\" \/>\n<link rel=\"canonical\" href=\"https:\/\/www.emplea-te.com\/noticias-oposiciones\/xunta-de-galicia-convocadas-102-plazas-de-administrativo-c1-por-oposicion-en-turno-libre-plazo-de-instancias-abierto-hasta-el-dia-26-07-2022\/\" \/>\n<meta property=\"og:locale\" content=\"es_ES\" \/>\n<meta property=\"og:type\" content=\"article\" \/>\n<meta property=\"og:title\" content=\"Xunta de Galicia. Convocadas 102 plazas de Administrativo C1.\" \/>\n<meta property=\"og:description\" content=\"Xunta de Galicia. Convocadas 102 plazas de Administrativo C1 por oposici\u00f3n en turno libre. Plazo de instancias abierto hasta el d\u00eda 26\/07\/2022.\" \/>\n<meta property=\"og:url\" content=\"https:\/\/www.emplea-te.com\/noticias-oposiciones\/xunta-de-galicia-convocadas-102-plazas-de-administrativo-c1-por-oposicion-en-turno-libre-plazo-de-instancias-abierto-hasta-el-dia-26-07-2022\/\" \/>\n<meta property=\"og:site_name\" content=\"Noticas de oposiciones por Academia Emplea-te\" \/>\n<meta property=\"article:publisher\" content=\"https:\/\/www.facebook.com\/AcademiaEmpleate\/\" \/>\n<meta property=\"article:published_time\" content=\"2022-06-27T07:16:50+00:00\" \/>\n<meta property=\"article:modified_time\" content=\"2022-06-27T07:32:56+00:00\" \/>\n<meta name=\"author\" content=\"Empleate\" \/>\n<meta name=\"twitter:card\" content=\"summary_large_image\" \/>\n<meta name=\"twitter:creator\" content=\"@Emplea_Te\" \/>\n<meta name=\"twitter:site\" content=\"@Emplea_Te\" \/>\n<meta name=\"twitter:label1\" content=\"Escrito por\" \/>\n\t<meta name=\"twitter:data1\" content=\"Empleate\" \/>\n\t<meta name=\"twitter:label2\" content=\"Tiempo de lectura\" \/>\n\t<meta name=\"twitter:data2\" content=\"3 minutos\" \/>\n<script type=\"application\/ld+json\" class=\"yoast-schema-graph\">{\"@context\":\"https:\\\/\\\/schema.org\",\"@graph\":[{\"@type\":\"Article\",\"@id\":\"https:\\\/\\\/www.emplea-te.com\\\/noticias-oposiciones\\\/xunta-de-galicia-convocadas-102-plazas-de-administrativo-c1-por-oposicion-en-turno-libre-plazo-de-instancias-abierto-hasta-el-dia-26-07-2022\\\/#article\",\"isPartOf\":{\"@id\":\"https:\\\/\\\/www.emplea-te.com\\\/noticias-oposiciones\\\/xunta-de-galicia-convocadas-102-plazas-de-administrativo-c1-por-oposicion-en-turno-libre-plazo-de-instancias-abierto-hasta-el-dia-26-07-2022\\\/\"},\"author\":{\"name\":\"Empleate\",\"@id\":\"https:\\\/\\\/www.emplea-te.com\\\/noticias-oposiciones\\\/#\\\/schema\\\/person\\\/d1bc587e1af2b95e9c32aba1795509a6\"},\"headline\":\"Xunta de Galicia. Convocadas 102 plazas de Administrativo C1 por oposici\u00f3n en turno libre. Plazo de instancias abierto hasta el d\u00eda 26\\\/07\\\/2022.\",\"datePublished\":\"2022-06-27T07:16:50+00:00\",\"dateModified\":\"2022-06-27T07:32:56+00:00\",\"mainEntityOfPage\":{\"@id\":\"https:\\\/\\\/www.emplea-te.com\\\/noticias-oposiciones\\\/xunta-de-galicia-convocadas-102-plazas-de-administrativo-c1-por-oposicion-en-turno-libre-plazo-de-instancias-abierto-hasta-el-dia-26-07-2022\\\/\"},\"wordCount\":539,\"publisher\":{\"@id\":\"https:\\\/\\\/www.emplea-te.com\\\/noticias-oposiciones\\\/#organization\"},\"keywords\":[\"Acceso libre\",\"Convocatoria\"],\"articleSection\":[\"Administrativo C1 Xunta\",\"Oposiciones Auton\u00f3micas Galicia\",\"Oposiciones Xunta\"],\"inLanguage\":\"es\"},{\"@type\":\"WebPage\",\"@id\":\"https:\\\/\\\/www.emplea-te.com\\\/noticias-oposiciones\\\/xunta-de-galicia-convocadas-102-plazas-de-administrativo-c1-por-oposicion-en-turno-libre-plazo-de-instancias-abierto-hasta-el-dia-26-07-2022\\\/\",\"url\":\"https:\\\/\\\/www.emplea-te.com\\\/noticias-oposiciones\\\/xunta-de-galicia-convocadas-102-plazas-de-administrativo-c1-por-oposicion-en-turno-libre-plazo-de-instancias-abierto-hasta-el-dia-26-07-2022\\\/\",\"name\":\"Xunta de Galicia. Convocadas 102 plazas de Administrativo C1.\",\"isPartOf\":{\"@id\":\"https:\\\/\\\/www.emplea-te.com\\\/noticias-oposiciones\\\/#website\"},\"datePublished\":\"2022-06-27T07:16:50+00:00\",\"dateModified\":\"2022-06-27T07:32:56+00:00\",\"description\":\"Xunta de Galicia. Convocadas 102 plazas de Administrativo C1 por oposici\u00f3n en turno libre. Plazo de instancias abierto hasta el d\u00eda 26\\\/07\\\/2022.\",\"breadcrumb\":{\"@id\":\"https:\\\/\\\/www.emplea-te.com\\\/noticias-oposiciones\\\/xunta-de-galicia-convocadas-102-plazas-de-administrativo-c1-por-oposicion-en-turno-libre-plazo-de-instancias-abierto-hasta-el-dia-26-07-2022\\\/#breadcrumb\"},\"inLanguage\":\"es\",\"potentialAction\":[{\"@type\":\"ReadAction\",\"target\":[\"https:\\\/\\\/www.emplea-te.com\\\/noticias-oposiciones\\\/xunta-de-galicia-convocadas-102-plazas-de-administrativo-c1-por-oposicion-en-turno-libre-plazo-de-instancias-abierto-hasta-el-dia-26-07-2022\\\/\"]}]},{\"@type\":\"BreadcrumbList\",\"@id\":\"https:\\\/\\\/www.emplea-te.com\\\/noticias-oposiciones\\\/xunta-de-galicia-convocadas-102-plazas-de-administrativo-c1-por-oposicion-en-turno-libre-plazo-de-instancias-abierto-hasta-el-dia-26-07-2022\\\/#breadcrumb\",\"itemListElement\":[{\"@type\":\"ListItem\",\"position\":1,\"name\":\"Noticias Oposiciones\",\"item\":\"https:\\\/\\\/www.emplea-te.com\\\/noticias-oposiciones\\\/\"},{\"@type\":\"ListItem\",\"position\":2,\"name\":\"Oposiciones Auton\u00f3micas Galicia\",\"item\":\"https:\\\/\\\/www.emplea-te.com\\\/noticias-oposiciones\\\/categoria\\\/oposiciones-autonomicas-galicia\\\/\"},{\"@type\":\"ListItem\",\"position\":3,\"name\":\"Xunta de Galicia. Convocadas 102 plazas de Administrativo C1 por oposici\u00f3n en turno libre. Plazo de instancias abierto hasta el d\u00eda 26\\\/07\\\/2022.\"}]},{\"@type\":\"WebSite\",\"@id\":\"https:\\\/\\\/www.emplea-te.com\\\/noticias-oposiciones\\\/#website\",\"url\":\"https:\\\/\\\/www.emplea-te.com\\\/noticias-oposiciones\\\/\",\"name\":\"Noticas de oposiciones por Academia Emplea-te\",\"description\":\"Toda la actualidad de las ofertas y convocatorias.\",\"publisher\":{\"@id\":\"https:\\\/\\\/www.emplea-te.com\\\/noticias-oposiciones\\\/#organization\"},\"potentialAction\":[{\"@type\":\"SearchAction\",\"target\":{\"@type\":\"EntryPoint\",\"urlTemplate\":\"https:\\\/\\\/www.emplea-te.com\\\/noticias-oposiciones\\\/?s={search_term_string}\"},\"query-input\":{\"@type\":\"PropertyValueSpecification\",\"valueRequired\":true,\"valueName\":\"search_term_string\"}}],\"inLanguage\":\"es\"},{\"@type\":\"Organization\",\"@id\":\"https:\\\/\\\/www.emplea-te.com\\\/noticias-oposiciones\\\/#organization\",\"name\":\"Academia de oposiciones Empl\u00e9ate\",\"url\":\"https:\\\/\\\/www.emplea-te.com\\\/noticias-oposiciones\\\/\",\"logo\":{\"@type\":\"ImageObject\",\"inLanguage\":\"es\",\"@id\":\"https:\\\/\\\/www.emplea-te.com\\\/noticias-oposiciones\\\/#\\\/schema\\\/logo\\\/image\\\/\",\"url\":\"https:\\\/\\\/www.emplea-te.com\\\/noticias-oposiciones\\\/wp-content\\\/uploads\\\/2019\\\/04\\\/empleate.jpg\",\"contentUrl\":\"https:\\\/\\\/www.emplea-te.com\\\/noticias-oposiciones\\\/wp-content\\\/uploads\\\/2019\\\/04\\\/empleate.jpg\",\"width\":250,\"height\":150,\"caption\":\"Academia de oposiciones Empl\u00e9ate\"},\"image\":{\"@id\":\"https:\\\/\\\/www.emplea-te.com\\\/noticias-oposiciones\\\/#\\\/schema\\\/logo\\\/image\\\/\"},\"sameAs\":[\"https:\\\/\\\/www.facebook.com\\\/AcademiaEmpleate\\\/\",\"https:\\\/\\\/x.com\\\/Emplea_Te\",\"https:\\\/\\\/www.instagram.com\\\/academia_empleate\\\/\"]},{\"@type\":\"Person\",\"@id\":\"https:\\\/\\\/www.emplea-te.com\\\/noticias-oposiciones\\\/#\\\/schema\\\/person\\\/d1bc587e1af2b95e9c32aba1795509a6\",\"name\":\"Empleate\"}]}<\/script>\n<!-- \/ Yoast SEO plugin. -->","yoast_head_json":{"title":"Xunta de Galicia. Convocadas 102 plazas de Administrativo C1.","description":"Xunta de Galicia. Convocadas 102 plazas de Administrativo C1 por oposici\u00f3n en turno libre. Plazo de instancias abierto hasta el d\u00eda 26\/07\/2022.","robots":{"index":"index","follow":"follow","max-snippet":"max-snippet:-1","max-image-preview":"max-image-preview:large","max-video-preview":"max-video-preview:-1"},"canonical":"https:\/\/www.emplea-te.com\/noticias-oposiciones\/xunta-de-galicia-convocadas-102-plazas-de-administrativo-c1-por-oposicion-en-turno-libre-plazo-de-instancias-abierto-hasta-el-dia-26-07-2022\/","og_locale":"es_ES","og_type":"article","og_title":"Xunta de Galicia. Convocadas 102 plazas de Administrativo C1.","og_description":"Xunta de Galicia. Convocadas 102 plazas de Administrativo C1 por oposici\u00f3n en turno libre. Plazo de instancias abierto hasta el d\u00eda 26\/07\/2022.","og_url":"https:\/\/www.emplea-te.com\/noticias-oposiciones\/xunta-de-galicia-convocadas-102-plazas-de-administrativo-c1-por-oposicion-en-turno-libre-plazo-de-instancias-abierto-hasta-el-dia-26-07-2022\/","og_site_name":"Noticas de oposiciones por Academia Emplea-te","article_publisher":"https:\/\/www.facebook.com\/AcademiaEmpleate\/","article_published_time":"2022-06-27T07:16:50+00:00","article_modified_time":"2022-06-27T07:32:56+00:00","author":"Empleate","twitter_card":"summary_large_image","twitter_creator":"@Emplea_Te","twitter_site":"@Emplea_Te","twitter_misc":{"Escrito por":"Empleate","Tiempo de lectura":"3 minutos"},"schema":{"@context":"https:\/\/schema.org","@graph":[{"@type":"Article","@id":"https:\/\/www.emplea-te.com\/noticias-oposiciones\/xunta-de-galicia-convocadas-102-plazas-de-administrativo-c1-por-oposicion-en-turno-libre-plazo-de-instancias-abierto-hasta-el-dia-26-07-2022\/#article","isPartOf":{"@id":"https:\/\/www.emplea-te.com\/noticias-oposiciones\/xunta-de-galicia-convocadas-102-plazas-de-administrativo-c1-por-oposicion-en-turno-libre-plazo-de-instancias-abierto-hasta-el-dia-26-07-2022\/"},"author":{"name":"Empleate","@id":"https:\/\/www.emplea-te.com\/noticias-oposiciones\/#\/schema\/person\/d1bc587e1af2b95e9c32aba1795509a6"},"headline":"Xunta de Galicia. Convocadas 102 plazas de Administrativo C1 por oposici\u00f3n en turno libre. Plazo de instancias abierto hasta el d\u00eda 26\/07\/2022.","datePublished":"2022-06-27T07:16:50+00:00","dateModified":"2022-06-27T07:32:56+00:00","mainEntityOfPage":{"@id":"https:\/\/www.emplea-te.com\/noticias-oposiciones\/xunta-de-galicia-convocadas-102-plazas-de-administrativo-c1-por-oposicion-en-turno-libre-plazo-de-instancias-abierto-hasta-el-dia-26-07-2022\/"},"wordCount":539,"publisher":{"@id":"https:\/\/www.emplea-te.com\/noticias-oposiciones\/#organization"},"keywords":["Acceso libre","Convocatoria"],"articleSection":["Administrativo C1 Xunta","Oposiciones Auton\u00f3micas Galicia","Oposiciones Xunta"],"inLanguage":"es"},{"@type":"WebPage","@id":"https:\/\/www.emplea-te.com\/noticias-oposiciones\/xunta-de-galicia-convocadas-102-plazas-de-administrativo-c1-por-oposicion-en-turno-libre-plazo-de-instancias-abierto-hasta-el-dia-26-07-2022\/","url":"https:\/\/www.emplea-te.com\/noticias-oposiciones\/xunta-de-galicia-convocadas-102-plazas-de-administrativo-c1-por-oposicion-en-turno-libre-plazo-de-instancias-abierto-hasta-el-dia-26-07-2022\/","name":"Xunta de Galicia. Convocadas 102 plazas de Administrativo C1.","isPartOf":{"@id":"https:\/\/www.emplea-te.com\/noticias-oposiciones\/#website"},"datePublished":"2022-06-27T07:16:50+00:00","dateModified":"2022-06-27T07:32:56+00:00","description":"Xunta de Galicia. Convocadas 102 plazas de Administrativo C1 por oposici\u00f3n en turno libre. Plazo de instancias abierto hasta el d\u00eda 26\/07\/2022.","breadcrumb":{"@id":"https:\/\/www.emplea-te.com\/noticias-oposiciones\/xunta-de-galicia-convocadas-102-plazas-de-administrativo-c1-por-oposicion-en-turno-libre-plazo-de-instancias-abierto-hasta-el-dia-26-07-2022\/#breadcrumb"},"inLanguage":"es","potentialAction":[{"@type":"ReadAction","target":["https:\/\/www.emplea-te.com\/noticias-oposiciones\/xunta-de-galicia-convocadas-102-plazas-de-administrativo-c1-por-oposicion-en-turno-libre-plazo-de-instancias-abierto-hasta-el-dia-26-07-2022\/"]}]},{"@type":"BreadcrumbList","@id":"https:\/\/www.emplea-te.com\/noticias-oposiciones\/xunta-de-galicia-convocadas-102-plazas-de-administrativo-c1-por-oposicion-en-turno-libre-plazo-de-instancias-abierto-hasta-el-dia-26-07-2022\/#breadcrumb","itemListElement":[{"@type":"ListItem","position":1,"name":"Noticias Oposiciones","item":"https:\/\/www.emplea-te.com\/noticias-oposiciones\/"},{"@type":"ListItem","position":2,"name":"Oposiciones Auton\u00f3micas Galicia","item":"https:\/\/www.emplea-te.com\/noticias-oposiciones\/categoria\/oposiciones-autonomicas-galicia\/"},{"@type":"ListItem","position":3,"name":"Xunta de Galicia. Convocadas 102 plazas de Administrativo C1 por oposici\u00f3n en turno libre. Plazo de instancias abierto hasta el d\u00eda 26\/07\/2022."}]},{"@type":"WebSite","@id":"https:\/\/www.emplea-te.com\/noticias-oposiciones\/#website","url":"https:\/\/www.emplea-te.com\/noticias-oposiciones\/","name":"Noticas de oposiciones por Academia Emplea-te","description":"Toda la actualidad de las ofertas y convocatorias.","publisher":{"@id":"https:\/\/www.emplea-te.com\/noticias-oposiciones\/#organization"},"potentialAction":[{"@type":"SearchAction","target":{"@type":"EntryPoint","urlTemplate":"https:\/\/www.emplea-te.com\/noticias-oposiciones\/?s={search_term_string}"},"query-input":{"@type":"PropertyValueSpecification","valueRequired":true,"valueName":"search_term_string"}}],"inLanguage":"es"},{"@type":"Organization","@id":"https:\/\/www.emplea-te.com\/noticias-oposiciones\/#organization","name":"Academia de oposiciones Empl\u00e9ate","url":"https:\/\/www.emplea-te.com\/noticias-oposiciones\/","logo":{"@type":"ImageObject","inLanguage":"es","@id":"https:\/\/www.emplea-te.com\/noticias-oposiciones\/#\/schema\/logo\/image\/","url":"https:\/\/www.emplea-te.com\/noticias-oposiciones\/wp-content\/uploads\/2019\/04\/empleate.jpg","contentUrl":"https:\/\/www.emplea-te.com\/noticias-oposiciones\/wp-content\/uploads\/2019\/04\/empleate.jpg","width":250,"height":150,"caption":"Academia de oposiciones Empl\u00e9ate"},"image":{"@id":"https:\/\/www.emplea-te.com\/noticias-oposiciones\/#\/schema\/logo\/image\/"},"sameAs":["https:\/\/www.facebook.com\/AcademiaEmpleate\/","https:\/\/x.com\/Emplea_Te","https:\/\/www.instagram.com\/academia_empleate\/"]},{"@type":"Person","@id":"https:\/\/www.emplea-te.com\/noticias-oposiciones\/#\/schema\/person\/d1bc587e1af2b95e9c32aba1795509a6","name":"Empleate"}]}},"_links":{"self":[{"href":"https:\/\/www.emplea-te.com\/noticias-oposiciones\/wp-json\/wp\/v2\/posts\/7184","targetHints":{"allow":["GET"]}}],"collection":[{"href":"https:\/\/www.emplea-te.com\/noticias-oposiciones\/wp-json\/wp\/v2\/posts"}],"about":[{"href":"https:\/\/www.emplea-te.com\/noticias-oposiciones\/wp-json\/wp\/v2\/types\/post"}],"author":[{"embeddable":true,"href":"https:\/\/www.emplea-te.com\/noticias-oposiciones\/wp-json\/wp\/v2\/users\/1"}],"replies":[{"embeddable":true,"href":"https:\/\/www.emplea-te.com\/noticias-oposiciones\/wp-json\/wp\/v2\/comments?post=7184"}],"version-history":[{"count":2,"href":"https:\/\/www.emplea-te.com\/noticias-oposiciones\/wp-json\/wp\/v2\/posts\/7184\/revisions"}],"predecessor-version":[{"id":7188,"href":"https:\/\/www.emplea-te.com\/noticias-oposiciones\/wp-json\/wp\/v2\/posts\/7184\/revisions\/7188"}],"wp:attachment":[{"href":"https:\/\/www.emplea-te.com\/noticias-oposiciones\/wp-json\/wp\/v2\/media?parent=7184"}],"wp:term":[{"taxonomy":"category","embeddable":true,"href":"https:\/\/www.emplea-te.com\/noticias-oposiciones\/wp-json\/wp\/v2\/categories?post=7184"},{"taxonomy":"post_tag","embeddable":true,"href":"https:\/\/www.emplea-te.com\/noticias-oposiciones\/wp-json\/wp\/v2\/tags?post=7184"}],"curies":[{"name":"wp","href":"https:\/\/api.w.org\/{rel}","templated":true}]}}