{"id":7277,"date":"2022-07-06T09:13:26","date_gmt":"2022-07-06T07:13:26","guid":{"rendered":"https:\/\/www.emplea-te.com\/noticias-oposiciones\/?p=7277"},"modified":"2022-07-06T09:13:37","modified_gmt":"2022-07-06T07:13:37","slug":"usc-escala-auxiliar-c2-turno-libre-relacion-aprobados-segundo-ejercicio-y-fecha-de-convocatoria-para-la-realizacion-del-tercero-24-de-septiembre","status":"publish","type":"post","link":"https:\/\/www.emplea-te.com\/noticias-oposiciones\/usc-escala-auxiliar-c2-turno-libre-relacion-aprobados-segundo-ejercicio-y-fecha-de-convocatoria-para-la-realizacion-del-tercero-24-de-septiembre\/","title":{"rendered":"USC. ESCALA AUXILIAR C2 TURNO LIBRE. Relaci\u00f3n aprobados segundo ejercicio y fecha de convocatoria para la realizaci\u00f3n del tercero (24 de septiembre)"},"content":{"rendered":"<p>USC. ESCALA AUXILIAR C2 TURNO LIBRE.<\/p>\n<p>Se publica hoy, d\u00eda 6 de julio de 2022, en la Sede Electr\u00f3nica de la Web de la USC el Acuerdo del Tribunal Calificador de ese proceso selectivo por el que se hace p\u00fablica la relaci\u00f3n de aspirantes que han superado el segundo ejercicio y se fija fecha de convocatoria para la realizaci\u00f3n del tercero fijado para el pr\u00f3ximo 24 de septiembre de 2022.<\/p>\n<p><a href=\"https:\/\/sede.usc.es\/sede\/publica\/documentos\/arquivo.htm?pseId=d87c086efae4fa2d0c64b27a1f0b7487&amp;idioma=gl&amp;idIdioma=1\" target=\"_blank\" rel=\"noopener\"><strong>Accede desde este enlace a la publicaci\u00f3n \u00edntegra de este Acuerdo publicado en la Web de la USC<\/strong><\/a><\/p>\n<p>PREP\u00c1RATE<\/p>\n<p><a href=\"http:\/\/WWW.EMPLEA-TE.COM\" target=\"_blank\" rel=\"noopener\"><strong>INF\u00d3RMATE DE NUESTROS GRUPOS PRESENCIALES Y ON LINE PARA PREPARAR ESTAS PLAZAS DE AUXILIARES DE UNIVERSIDADES GALLEGAS.<\/strong><\/a><\/p>\n","protected":false},"excerpt":{"rendered":"<p>USC. ESCALA AUXILIAR C2 TURNO LIBRE. Se publica hoy, d\u00eda 6 de julio de 2022, en la Sede Electr\u00f3nica de la Web de la USC el Acuerdo del Tribunal Calificador de ese proceso selectivo por el que se hace p\u00fablica la relaci\u00f3n de aspirantes que han superado el segundo ejercicio y se fija fecha de &hellip; <a href=\"https:\/\/www.emplea-te.com\/noticias-oposiciones\/usc-escala-auxiliar-c2-turno-libre-relacion-aprobados-segundo-ejercicio-y-fecha-de-convocatoria-para-la-realizacion-del-tercero-24-de-septiembre\/\" class=\"more-link\">Continuar leyendo<span class=\"screen-reader-text\"> \u00abUSC. ESCALA AUXILIAR C2 TURNO LIBRE. Relaci\u00f3n aprobados segundo ejercicio y fecha de convocatoria para la realizaci\u00f3n del tercero (24 de septiembre)\u00bb<\/span><\/a><\/p>\n","protected":false},"author":1,"featured_media":0,"comment_status":"closed","ping_status":"closed","sticky":false,"template":"","format":"standard","meta":{"footnotes":""},"categories":[56,40],"tags":[82,49,71,103],"class_list":["post-7277","post","type-post","status-publish","format-standard","hentry","category-oposiciones-autonomicas-galicia","category-universidad-santiago-de-compostela-usc","tag-acceso-libre","tag-convocatorias-de-oposiciones","tag-fecha-examenes","tag-informacion-procesos-selectivos"],"yoast_head":"<!-- This site is optimized with the Yoast SEO plugin v27.3 - https:\/\/yoast.com\/product\/yoast-seo-wordpress\/ -->\n<title>USC. ESCALA AUXILIAR C2 TURNO LIBRE.<\/title>\n<meta name=\"description\" content=\"USC. ESCALA AUXILIAR C2 TURNO LIBRE. Relaci\u00f3n aprobados segundo ejercicio y fecha de convocatoria para la realizaci\u00f3n del tercero (24 de septiembre)\" \/>\n<meta name=\"robots\" content=\"index, follow, max-snippet:-1, max-image-preview:large, max-video-preview:-1\" \/>\n<link rel=\"canonical\" href=\"https:\/\/www.emplea-te.com\/noticias-oposiciones\/usc-escala-auxiliar-c2-turno-libre-relacion-aprobados-segundo-ejercicio-y-fecha-de-convocatoria-para-la-realizacion-del-tercero-24-de-septiembre\/\" \/>\n<meta property=\"og:locale\" content=\"es_ES\" \/>\n<meta property=\"og:type\" content=\"article\" \/>\n<meta property=\"og:title\" content=\"USC. ESCALA AUXILIAR C2 TURNO LIBRE.\" \/>\n<meta property=\"og:description\" content=\"USC. ESCALA AUXILIAR C2 TURNO LIBRE. Relaci\u00f3n aprobados segundo ejercicio y fecha de convocatoria para la realizaci\u00f3n del tercero (24 de septiembre)\" \/>\n<meta property=\"og:url\" content=\"https:\/\/www.emplea-te.com\/noticias-oposiciones\/usc-escala-auxiliar-c2-turno-libre-relacion-aprobados-segundo-ejercicio-y-fecha-de-convocatoria-para-la-realizacion-del-tercero-24-de-septiembre\/\" \/>\n<meta property=\"og:site_name\" content=\"Noticas de oposiciones por Academia Emplea-te\" \/>\n<meta property=\"article:publisher\" content=\"https:\/\/www.facebook.com\/AcademiaEmpleate\/\" \/>\n<meta property=\"article:published_time\" content=\"2022-07-06T07:13:26+00:00\" \/>\n<meta property=\"article:modified_time\" content=\"2022-07-06T07:13:37+00:00\" \/>\n<meta name=\"author\" content=\"Empleate\" \/>\n<meta name=\"twitter:card\" content=\"summary_large_image\" \/>\n<meta name=\"twitter:creator\" content=\"@Emplea_Te\" \/>\n<meta name=\"twitter:site\" content=\"@Emplea_Te\" \/>\n<meta name=\"twitter:label1\" content=\"Escrito por\" \/>\n\t<meta name=\"twitter:data1\" content=\"Empleate\" \/>\n\t<meta name=\"twitter:label2\" content=\"Tiempo de lectura\" \/>\n\t<meta name=\"twitter:data2\" content=\"1 minuto\" \/>\n<script type=\"application\/ld+json\" class=\"yoast-schema-graph\">{\"@context\":\"https:\\\/\\\/schema.org\",\"@graph\":[{\"@type\":\"Article\",\"@id\":\"https:\\\/\\\/www.emplea-te.com\\\/noticias-oposiciones\\\/usc-escala-auxiliar-c2-turno-libre-relacion-aprobados-segundo-ejercicio-y-fecha-de-convocatoria-para-la-realizacion-del-tercero-24-de-septiembre\\\/#article\",\"isPartOf\":{\"@id\":\"https:\\\/\\\/www.emplea-te.com\\\/noticias-oposiciones\\\/usc-escala-auxiliar-c2-turno-libre-relacion-aprobados-segundo-ejercicio-y-fecha-de-convocatoria-para-la-realizacion-del-tercero-24-de-septiembre\\\/\"},\"author\":{\"name\":\"Empleate\",\"@id\":\"https:\\\/\\\/www.emplea-te.com\\\/noticias-oposiciones\\\/#\\\/schema\\\/person\\\/d1bc587e1af2b95e9c32aba1795509a6\"},\"headline\":\"USC. ESCALA AUXILIAR C2 TURNO LIBRE. Relaci\u00f3n aprobados segundo ejercicio y fecha de convocatoria para la realizaci\u00f3n del tercero (24 de septiembre)\",\"datePublished\":\"2022-07-06T07:13:26+00:00\",\"dateModified\":\"2022-07-06T07:13:37+00:00\",\"mainEntityOfPage\":{\"@id\":\"https:\\\/\\\/www.emplea-te.com\\\/noticias-oposiciones\\\/usc-escala-auxiliar-c2-turno-libre-relacion-aprobados-segundo-ejercicio-y-fecha-de-convocatoria-para-la-realizacion-del-tercero-24-de-septiembre\\\/\"},\"wordCount\":134,\"publisher\":{\"@id\":\"https:\\\/\\\/www.emplea-te.com\\\/noticias-oposiciones\\\/#organization\"},\"keywords\":[\"Acceso libre\",\"Convocatoria\",\"Fecha ex\u00e1menes\",\"Informaci\u00f3n procesos selectivos\"],\"articleSection\":[\"Oposiciones Auton\u00f3micas Galicia\",\"Universidad Santiago de Compostela USC\"],\"inLanguage\":\"es\"},{\"@type\":\"WebPage\",\"@id\":\"https:\\\/\\\/www.emplea-te.com\\\/noticias-oposiciones\\\/usc-escala-auxiliar-c2-turno-libre-relacion-aprobados-segundo-ejercicio-y-fecha-de-convocatoria-para-la-realizacion-del-tercero-24-de-septiembre\\\/\",\"url\":\"https:\\\/\\\/www.emplea-te.com\\\/noticias-oposiciones\\\/usc-escala-auxiliar-c2-turno-libre-relacion-aprobados-segundo-ejercicio-y-fecha-de-convocatoria-para-la-realizacion-del-tercero-24-de-septiembre\\\/\",\"name\":\"USC. ESCALA AUXILIAR C2 TURNO LIBRE.\",\"isPartOf\":{\"@id\":\"https:\\\/\\\/www.emplea-te.com\\\/noticias-oposiciones\\\/#website\"},\"datePublished\":\"2022-07-06T07:13:26+00:00\",\"dateModified\":\"2022-07-06T07:13:37+00:00\",\"description\":\"USC. ESCALA AUXILIAR C2 TURNO LIBRE. Relaci\u00f3n aprobados segundo ejercicio y fecha de convocatoria para la realizaci\u00f3n del tercero (24 de septiembre)\",\"breadcrumb\":{\"@id\":\"https:\\\/\\\/www.emplea-te.com\\\/noticias-oposiciones\\\/usc-escala-auxiliar-c2-turno-libre-relacion-aprobados-segundo-ejercicio-y-fecha-de-convocatoria-para-la-realizacion-del-tercero-24-de-septiembre\\\/#breadcrumb\"},\"inLanguage\":\"es\",\"potentialAction\":[{\"@type\":\"ReadAction\",\"target\":[\"https:\\\/\\\/www.emplea-te.com\\\/noticias-oposiciones\\\/usc-escala-auxiliar-c2-turno-libre-relacion-aprobados-segundo-ejercicio-y-fecha-de-convocatoria-para-la-realizacion-del-tercero-24-de-septiembre\\\/\"]}]},{\"@type\":\"BreadcrumbList\",\"@id\":\"https:\\\/\\\/www.emplea-te.com\\\/noticias-oposiciones\\\/usc-escala-auxiliar-c2-turno-libre-relacion-aprobados-segundo-ejercicio-y-fecha-de-convocatoria-para-la-realizacion-del-tercero-24-de-septiembre\\\/#breadcrumb\",\"itemListElement\":[{\"@type\":\"ListItem\",\"position\":1,\"name\":\"Noticias Oposiciones\",\"item\":\"https:\\\/\\\/www.emplea-te.com\\\/noticias-oposiciones\\\/\"},{\"@type\":\"ListItem\",\"position\":2,\"name\":\"Oposiciones Auton\u00f3micas Galicia\",\"item\":\"https:\\\/\\\/www.emplea-te.com\\\/noticias-oposiciones\\\/categoria\\\/oposiciones-autonomicas-galicia\\\/\"},{\"@type\":\"ListItem\",\"position\":3,\"name\":\"USC. ESCALA AUXILIAR C2 TURNO LIBRE. Relaci\u00f3n aprobados segundo ejercicio y fecha de convocatoria para la realizaci\u00f3n del tercero (24 de septiembre)\"}]},{\"@type\":\"WebSite\",\"@id\":\"https:\\\/\\\/www.emplea-te.com\\\/noticias-oposiciones\\\/#website\",\"url\":\"https:\\\/\\\/www.emplea-te.com\\\/noticias-oposiciones\\\/\",\"name\":\"Noticas de oposiciones por Academia Emplea-te\",\"description\":\"Toda la actualidad de las ofertas y convocatorias.\",\"publisher\":{\"@id\":\"https:\\\/\\\/www.emplea-te.com\\\/noticias-oposiciones\\\/#organization\"},\"potentialAction\":[{\"@type\":\"SearchAction\",\"target\":{\"@type\":\"EntryPoint\",\"urlTemplate\":\"https:\\\/\\\/www.emplea-te.com\\\/noticias-oposiciones\\\/?s={search_term_string}\"},\"query-input\":{\"@type\":\"PropertyValueSpecification\",\"valueRequired\":true,\"valueName\":\"search_term_string\"}}],\"inLanguage\":\"es\"},{\"@type\":\"Organization\",\"@id\":\"https:\\\/\\\/www.emplea-te.com\\\/noticias-oposiciones\\\/#organization\",\"name\":\"Academia de oposiciones Empl\u00e9ate\",\"url\":\"https:\\\/\\\/www.emplea-te.com\\\/noticias-oposiciones\\\/\",\"logo\":{\"@type\":\"ImageObject\",\"inLanguage\":\"es\",\"@id\":\"https:\\\/\\\/www.emplea-te.com\\\/noticias-oposiciones\\\/#\\\/schema\\\/logo\\\/image\\\/\",\"url\":\"https:\\\/\\\/www.emplea-te.com\\\/noticias-oposiciones\\\/wp-content\\\/uploads\\\/2019\\\/04\\\/empleate.jpg\",\"contentUrl\":\"https:\\\/\\\/www.emplea-te.com\\\/noticias-oposiciones\\\/wp-content\\\/uploads\\\/2019\\\/04\\\/empleate.jpg\",\"width\":250,\"height\":150,\"caption\":\"Academia de oposiciones Empl\u00e9ate\"},\"image\":{\"@id\":\"https:\\\/\\\/www.emplea-te.com\\\/noticias-oposiciones\\\/#\\\/schema\\\/logo\\\/image\\\/\"},\"sameAs\":[\"https:\\\/\\\/www.facebook.com\\\/AcademiaEmpleate\\\/\",\"https:\\\/\\\/x.com\\\/Emplea_Te\",\"https:\\\/\\\/www.instagram.com\\\/academia_empleate\\\/\"]},{\"@type\":\"Person\",\"@id\":\"https:\\\/\\\/www.emplea-te.com\\\/noticias-oposiciones\\\/#\\\/schema\\\/person\\\/d1bc587e1af2b95e9c32aba1795509a6\",\"name\":\"Empleate\"}]}<\/script>\n<!-- \/ Yoast SEO plugin. -->","yoast_head_json":{"title":"USC. ESCALA AUXILIAR C2 TURNO LIBRE.","description":"USC. ESCALA AUXILIAR C2 TURNO LIBRE. Relaci\u00f3n aprobados segundo ejercicio y fecha de convocatoria para la realizaci\u00f3n del tercero (24 de septiembre)","robots":{"index":"index","follow":"follow","max-snippet":"max-snippet:-1","max-image-preview":"max-image-preview:large","max-video-preview":"max-video-preview:-1"},"canonical":"https:\/\/www.emplea-te.com\/noticias-oposiciones\/usc-escala-auxiliar-c2-turno-libre-relacion-aprobados-segundo-ejercicio-y-fecha-de-convocatoria-para-la-realizacion-del-tercero-24-de-septiembre\/","og_locale":"es_ES","og_type":"article","og_title":"USC. ESCALA AUXILIAR C2 TURNO LIBRE.","og_description":"USC. ESCALA AUXILIAR C2 TURNO LIBRE. Relaci\u00f3n aprobados segundo ejercicio y fecha de convocatoria para la realizaci\u00f3n del tercero (24 de septiembre)","og_url":"https:\/\/www.emplea-te.com\/noticias-oposiciones\/usc-escala-auxiliar-c2-turno-libre-relacion-aprobados-segundo-ejercicio-y-fecha-de-convocatoria-para-la-realizacion-del-tercero-24-de-septiembre\/","og_site_name":"Noticas de oposiciones por Academia Emplea-te","article_publisher":"https:\/\/www.facebook.com\/AcademiaEmpleate\/","article_published_time":"2022-07-06T07:13:26+00:00","article_modified_time":"2022-07-06T07:13:37+00:00","author":"Empleate","twitter_card":"summary_large_image","twitter_creator":"@Emplea_Te","twitter_site":"@Emplea_Te","twitter_misc":{"Escrito por":"Empleate","Tiempo de lectura":"1 minuto"},"schema":{"@context":"https:\/\/schema.org","@graph":[{"@type":"Article","@id":"https:\/\/www.emplea-te.com\/noticias-oposiciones\/usc-escala-auxiliar-c2-turno-libre-relacion-aprobados-segundo-ejercicio-y-fecha-de-convocatoria-para-la-realizacion-del-tercero-24-de-septiembre\/#article","isPartOf":{"@id":"https:\/\/www.emplea-te.com\/noticias-oposiciones\/usc-escala-auxiliar-c2-turno-libre-relacion-aprobados-segundo-ejercicio-y-fecha-de-convocatoria-para-la-realizacion-del-tercero-24-de-septiembre\/"},"author":{"name":"Empleate","@id":"https:\/\/www.emplea-te.com\/noticias-oposiciones\/#\/schema\/person\/d1bc587e1af2b95e9c32aba1795509a6"},"headline":"USC. ESCALA AUXILIAR C2 TURNO LIBRE. Relaci\u00f3n aprobados segundo ejercicio y fecha de convocatoria para la realizaci\u00f3n del tercero (24 de septiembre)","datePublished":"2022-07-06T07:13:26+00:00","dateModified":"2022-07-06T07:13:37+00:00","mainEntityOfPage":{"@id":"https:\/\/www.emplea-te.com\/noticias-oposiciones\/usc-escala-auxiliar-c2-turno-libre-relacion-aprobados-segundo-ejercicio-y-fecha-de-convocatoria-para-la-realizacion-del-tercero-24-de-septiembre\/"},"wordCount":134,"publisher":{"@id":"https:\/\/www.emplea-te.com\/noticias-oposiciones\/#organization"},"keywords":["Acceso libre","Convocatoria","Fecha ex\u00e1menes","Informaci\u00f3n procesos selectivos"],"articleSection":["Oposiciones Auton\u00f3micas Galicia","Universidad Santiago de Compostela USC"],"inLanguage":"es"},{"@type":"WebPage","@id":"https:\/\/www.emplea-te.com\/noticias-oposiciones\/usc-escala-auxiliar-c2-turno-libre-relacion-aprobados-segundo-ejercicio-y-fecha-de-convocatoria-para-la-realizacion-del-tercero-24-de-septiembre\/","url":"https:\/\/www.emplea-te.com\/noticias-oposiciones\/usc-escala-auxiliar-c2-turno-libre-relacion-aprobados-segundo-ejercicio-y-fecha-de-convocatoria-para-la-realizacion-del-tercero-24-de-septiembre\/","name":"USC. ESCALA AUXILIAR C2 TURNO LIBRE.","isPartOf":{"@id":"https:\/\/www.emplea-te.com\/noticias-oposiciones\/#website"},"datePublished":"2022-07-06T07:13:26+00:00","dateModified":"2022-07-06T07:13:37+00:00","description":"USC. ESCALA AUXILIAR C2 TURNO LIBRE. Relaci\u00f3n aprobados segundo ejercicio y fecha de convocatoria para la realizaci\u00f3n del tercero (24 de septiembre)","breadcrumb":{"@id":"https:\/\/www.emplea-te.com\/noticias-oposiciones\/usc-escala-auxiliar-c2-turno-libre-relacion-aprobados-segundo-ejercicio-y-fecha-de-convocatoria-para-la-realizacion-del-tercero-24-de-septiembre\/#breadcrumb"},"inLanguage":"es","potentialAction":[{"@type":"ReadAction","target":["https:\/\/www.emplea-te.com\/noticias-oposiciones\/usc-escala-auxiliar-c2-turno-libre-relacion-aprobados-segundo-ejercicio-y-fecha-de-convocatoria-para-la-realizacion-del-tercero-24-de-septiembre\/"]}]},{"@type":"BreadcrumbList","@id":"https:\/\/www.emplea-te.com\/noticias-oposiciones\/usc-escala-auxiliar-c2-turno-libre-relacion-aprobados-segundo-ejercicio-y-fecha-de-convocatoria-para-la-realizacion-del-tercero-24-de-septiembre\/#breadcrumb","itemListElement":[{"@type":"ListItem","position":1,"name":"Noticias Oposiciones","item":"https:\/\/www.emplea-te.com\/noticias-oposiciones\/"},{"@type":"ListItem","position":2,"name":"Oposiciones Auton\u00f3micas Galicia","item":"https:\/\/www.emplea-te.com\/noticias-oposiciones\/categoria\/oposiciones-autonomicas-galicia\/"},{"@type":"ListItem","position":3,"name":"USC. ESCALA AUXILIAR C2 TURNO LIBRE. Relaci\u00f3n aprobados segundo ejercicio y fecha de convocatoria para la realizaci\u00f3n del tercero (24 de septiembre)"}]},{"@type":"WebSite","@id":"https:\/\/www.emplea-te.com\/noticias-oposiciones\/#website","url":"https:\/\/www.emplea-te.com\/noticias-oposiciones\/","name":"Noticas de oposiciones por Academia Emplea-te","description":"Toda la actualidad de las ofertas y convocatorias.","publisher":{"@id":"https:\/\/www.emplea-te.com\/noticias-oposiciones\/#organization"},"potentialAction":[{"@type":"SearchAction","target":{"@type":"EntryPoint","urlTemplate":"https:\/\/www.emplea-te.com\/noticias-oposiciones\/?s={search_term_string}"},"query-input":{"@type":"PropertyValueSpecification","valueRequired":true,"valueName":"search_term_string"}}],"inLanguage":"es"},{"@type":"Organization","@id":"https:\/\/www.emplea-te.com\/noticias-oposiciones\/#organization","name":"Academia de oposiciones Empl\u00e9ate","url":"https:\/\/www.emplea-te.com\/noticias-oposiciones\/","logo":{"@type":"ImageObject","inLanguage":"es","@id":"https:\/\/www.emplea-te.com\/noticias-oposiciones\/#\/schema\/logo\/image\/","url":"https:\/\/www.emplea-te.com\/noticias-oposiciones\/wp-content\/uploads\/2019\/04\/empleate.jpg","contentUrl":"https:\/\/www.emplea-te.com\/noticias-oposiciones\/wp-content\/uploads\/2019\/04\/empleate.jpg","width":250,"height":150,"caption":"Academia de oposiciones Empl\u00e9ate"},"image":{"@id":"https:\/\/www.emplea-te.com\/noticias-oposiciones\/#\/schema\/logo\/image\/"},"sameAs":["https:\/\/www.facebook.com\/AcademiaEmpleate\/","https:\/\/x.com\/Emplea_Te","https:\/\/www.instagram.com\/academia_empleate\/"]},{"@type":"Person","@id":"https:\/\/www.emplea-te.com\/noticias-oposiciones\/#\/schema\/person\/d1bc587e1af2b95e9c32aba1795509a6","name":"Empleate"}]}},"_links":{"self":[{"href":"https:\/\/www.emplea-te.com\/noticias-oposiciones\/wp-json\/wp\/v2\/posts\/7277","targetHints":{"allow":["GET"]}}],"collection":[{"href":"https:\/\/www.emplea-te.com\/noticias-oposiciones\/wp-json\/wp\/v2\/posts"}],"about":[{"href":"https:\/\/www.emplea-te.com\/noticias-oposiciones\/wp-json\/wp\/v2\/types\/post"}],"author":[{"embeddable":true,"href":"https:\/\/www.emplea-te.com\/noticias-oposiciones\/wp-json\/wp\/v2\/users\/1"}],"replies":[{"embeddable":true,"href":"https:\/\/www.emplea-te.com\/noticias-oposiciones\/wp-json\/wp\/v2\/comments?post=7277"}],"version-history":[{"count":1,"href":"https:\/\/www.emplea-te.com\/noticias-oposiciones\/wp-json\/wp\/v2\/posts\/7277\/revisions"}],"predecessor-version":[{"id":7278,"href":"https:\/\/www.emplea-te.com\/noticias-oposiciones\/wp-json\/wp\/v2\/posts\/7277\/revisions\/7278"}],"wp:attachment":[{"href":"https:\/\/www.emplea-te.com\/noticias-oposiciones\/wp-json\/wp\/v2\/media?parent=7277"}],"wp:term":[{"taxonomy":"category","embeddable":true,"href":"https:\/\/www.emplea-te.com\/noticias-oposiciones\/wp-json\/wp\/v2\/categories?post=7277"},{"taxonomy":"post_tag","embeddable":true,"href":"https:\/\/www.emplea-te.com\/noticias-oposiciones\/wp-json\/wp\/v2\/tags?post=7277"}],"curies":[{"name":"wp","href":"https:\/\/api.w.org\/{rel}","templated":true}]}}