{"id":7410,"date":"2022-08-01T10:11:11","date_gmt":"2022-08-01T08:11:11","guid":{"rendered":"https:\/\/www.emplea-te.com\/noticias-oposiciones\/?p=7410"},"modified":"2022-08-01T10:11:11","modified_gmt":"2022-08-01T08:11:11","slug":"usc-escala-auxiliar-proceso-selectivo-de-100-plazas-convocadas-se-publica-una-nota-aclaratoria-respecto-al-tercer-ejercicio","status":"publish","type":"post","link":"https:\/\/www.emplea-te.com\/noticias-oposiciones\/usc-escala-auxiliar-proceso-selectivo-de-100-plazas-convocadas-se-publica-una-nota-aclaratoria-respecto-al-tercer-ejercicio\/","title":{"rendered":"USC. Escala Auxiliar (proceso selectivo de 100 plazas convocadas). Se publica una nota aclaratoria respecto al tercer ejercicio."},"content":{"rendered":"<p>Se publica en la Web de la USC, una nota aclaratoria respecto a la realizaci\u00f3n del tercer ejercicio del proceso selectivo convocado para cubrir 100 plazas de la Escala Auxiliar.<\/p>\n<p><a href=\"https:\/\/sede.usc.es\/sede\/publica\/documentos\/arquivo.htm?pseId=3e26bfbb911d74652b0fcadc22329319&amp;idioma=gl&amp;idIdioma=1\" target=\"_blank\" rel=\"noopener\">Desde este enlace puedes acceder a la misma<\/a><\/p>\n<p>En la nota informativa y aclaratoria se dice que:<\/p>\n<p>Cada supuesto pr\u00e1ctico tendr\u00e1 un contenido predominantemente de una de las \u00e1reas indicadas en la convocatoria, uno por \u00e1rea, pero no exclusivo.<br \/>\nLos supuestos podr\u00e1n contener preguntas sobre el resto de los temas del programa que son de car\u00e1cter transversal, por tener incidencia en la gesti\u00f3n de las tres \u00e1reas que se citan.<\/p>\n<p>Las dem\u00e1s cuestiones relacionadas con los criterios de correcci\u00f3n y la organizaci\u00f3n de la prueba se har\u00e1n p\u00fablicas en los primeros d\u00edas del mes de septiembre.<\/p>\n","protected":false},"excerpt":{"rendered":"<p>Se publica en la Web de la USC, una nota aclaratoria respecto a la realizaci\u00f3n del tercer ejercicio del proceso selectivo convocado para cubrir 100 plazas de la Escala Auxiliar. Desde este enlace puedes acceder a la misma En la nota informativa y aclaratoria se dice que: Cada supuesto pr\u00e1ctico tendr\u00e1 un contenido predominantemente de &hellip; <a href=\"https:\/\/www.emplea-te.com\/noticias-oposiciones\/usc-escala-auxiliar-proceso-selectivo-de-100-plazas-convocadas-se-publica-una-nota-aclaratoria-respecto-al-tercer-ejercicio\/\" class=\"more-link\">Continuar leyendo<span class=\"screen-reader-text\"> \u00abUSC. Escala Auxiliar (proceso selectivo de 100 plazas convocadas). Se publica una nota aclaratoria respecto al tercer ejercicio.\u00bb<\/span><\/a><\/p>\n","protected":false},"author":1,"featured_media":0,"comment_status":"closed","ping_status":"closed","sticky":false,"template":"","format":"standard","meta":{"footnotes":""},"categories":[56,40],"tags":[82,49,103],"class_list":["post-7410","post","type-post","status-publish","format-standard","hentry","category-oposiciones-autonomicas-galicia","category-universidad-santiago-de-compostela-usc","tag-acceso-libre","tag-convocatorias-de-oposiciones","tag-informacion-procesos-selectivos"],"yoast_head":"<!-- This site is optimized with the Yoast SEO plugin v27.3 - https:\/\/yoast.com\/product\/yoast-seo-wordpress\/ -->\n<title>USC. Escala Auxiliar (proceso selectivo de 100 plazas convocadas).<\/title>\n<meta name=\"description\" content=\"USC. Escala Auxiliar (proceso selectivo de 100 plazas convocadas). Se publica una nota aclaratoria respecto al tercer ejercicio.\" \/>\n<meta name=\"robots\" content=\"index, follow, max-snippet:-1, max-image-preview:large, max-video-preview:-1\" \/>\n<link rel=\"canonical\" href=\"https:\/\/www.emplea-te.com\/noticias-oposiciones\/usc-escala-auxiliar-proceso-selectivo-de-100-plazas-convocadas-se-publica-una-nota-aclaratoria-respecto-al-tercer-ejercicio\/\" \/>\n<meta property=\"og:locale\" content=\"es_ES\" \/>\n<meta property=\"og:type\" content=\"article\" \/>\n<meta property=\"og:title\" content=\"USC. Escala Auxiliar (proceso selectivo de 100 plazas convocadas).\" \/>\n<meta property=\"og:description\" content=\"USC. Escala Auxiliar (proceso selectivo de 100 plazas convocadas). Se publica una nota aclaratoria respecto al tercer ejercicio.\" \/>\n<meta property=\"og:url\" content=\"https:\/\/www.emplea-te.com\/noticias-oposiciones\/usc-escala-auxiliar-proceso-selectivo-de-100-plazas-convocadas-se-publica-una-nota-aclaratoria-respecto-al-tercer-ejercicio\/\" \/>\n<meta property=\"og:site_name\" content=\"Noticas de oposiciones por Academia Emplea-te\" \/>\n<meta property=\"article:publisher\" content=\"https:\/\/www.facebook.com\/AcademiaEmpleate\/\" \/>\n<meta property=\"article:published_time\" content=\"2022-08-01T08:11:11+00:00\" \/>\n<meta name=\"author\" content=\"Empleate\" \/>\n<meta name=\"twitter:card\" content=\"summary_large_image\" \/>\n<meta name=\"twitter:creator\" content=\"@Emplea_Te\" \/>\n<meta name=\"twitter:site\" content=\"@Emplea_Te\" \/>\n<meta name=\"twitter:label1\" content=\"Escrito por\" \/>\n\t<meta name=\"twitter:data1\" content=\"Empleate\" \/>\n\t<meta name=\"twitter:label2\" content=\"Tiempo de lectura\" \/>\n\t<meta name=\"twitter:data2\" content=\"1 minuto\" \/>\n<script type=\"application\/ld+json\" class=\"yoast-schema-graph\">{\"@context\":\"https:\\\/\\\/schema.org\",\"@graph\":[{\"@type\":\"Article\",\"@id\":\"https:\\\/\\\/www.emplea-te.com\\\/noticias-oposiciones\\\/usc-escala-auxiliar-proceso-selectivo-de-100-plazas-convocadas-se-publica-una-nota-aclaratoria-respecto-al-tercer-ejercicio\\\/#article\",\"isPartOf\":{\"@id\":\"https:\\\/\\\/www.emplea-te.com\\\/noticias-oposiciones\\\/usc-escala-auxiliar-proceso-selectivo-de-100-plazas-convocadas-se-publica-una-nota-aclaratoria-respecto-al-tercer-ejercicio\\\/\"},\"author\":{\"name\":\"Empleate\",\"@id\":\"https:\\\/\\\/www.emplea-te.com\\\/noticias-oposiciones\\\/#\\\/schema\\\/person\\\/d1bc587e1af2b95e9c32aba1795509a6\"},\"headline\":\"USC. Escala Auxiliar (proceso selectivo de 100 plazas convocadas). Se publica una nota aclaratoria respecto al tercer ejercicio.\",\"datePublished\":\"2022-08-01T08:11:11+00:00\",\"mainEntityOfPage\":{\"@id\":\"https:\\\/\\\/www.emplea-te.com\\\/noticias-oposiciones\\\/usc-escala-auxiliar-proceso-selectivo-de-100-plazas-convocadas-se-publica-una-nota-aclaratoria-respecto-al-tercer-ejercicio\\\/\"},\"wordCount\":153,\"publisher\":{\"@id\":\"https:\\\/\\\/www.emplea-te.com\\\/noticias-oposiciones\\\/#organization\"},\"keywords\":[\"Acceso libre\",\"Convocatoria\",\"Informaci\u00f3n procesos selectivos\"],\"articleSection\":[\"Oposiciones Auton\u00f3micas Galicia\",\"Universidad Santiago de Compostela USC\"],\"inLanguage\":\"es\"},{\"@type\":\"WebPage\",\"@id\":\"https:\\\/\\\/www.emplea-te.com\\\/noticias-oposiciones\\\/usc-escala-auxiliar-proceso-selectivo-de-100-plazas-convocadas-se-publica-una-nota-aclaratoria-respecto-al-tercer-ejercicio\\\/\",\"url\":\"https:\\\/\\\/www.emplea-te.com\\\/noticias-oposiciones\\\/usc-escala-auxiliar-proceso-selectivo-de-100-plazas-convocadas-se-publica-una-nota-aclaratoria-respecto-al-tercer-ejercicio\\\/\",\"name\":\"USC. Escala Auxiliar (proceso selectivo de 100 plazas convocadas).\",\"isPartOf\":{\"@id\":\"https:\\\/\\\/www.emplea-te.com\\\/noticias-oposiciones\\\/#website\"},\"datePublished\":\"2022-08-01T08:11:11+00:00\",\"description\":\"USC. Escala Auxiliar (proceso selectivo de 100 plazas convocadas). Se publica una nota aclaratoria respecto al tercer ejercicio.\",\"breadcrumb\":{\"@id\":\"https:\\\/\\\/www.emplea-te.com\\\/noticias-oposiciones\\\/usc-escala-auxiliar-proceso-selectivo-de-100-plazas-convocadas-se-publica-una-nota-aclaratoria-respecto-al-tercer-ejercicio\\\/#breadcrumb\"},\"inLanguage\":\"es\",\"potentialAction\":[{\"@type\":\"ReadAction\",\"target\":[\"https:\\\/\\\/www.emplea-te.com\\\/noticias-oposiciones\\\/usc-escala-auxiliar-proceso-selectivo-de-100-plazas-convocadas-se-publica-una-nota-aclaratoria-respecto-al-tercer-ejercicio\\\/\"]}]},{\"@type\":\"BreadcrumbList\",\"@id\":\"https:\\\/\\\/www.emplea-te.com\\\/noticias-oposiciones\\\/usc-escala-auxiliar-proceso-selectivo-de-100-plazas-convocadas-se-publica-una-nota-aclaratoria-respecto-al-tercer-ejercicio\\\/#breadcrumb\",\"itemListElement\":[{\"@type\":\"ListItem\",\"position\":1,\"name\":\"Noticias Oposiciones\",\"item\":\"https:\\\/\\\/www.emplea-te.com\\\/noticias-oposiciones\\\/\"},{\"@type\":\"ListItem\",\"position\":2,\"name\":\"Oposiciones Auton\u00f3micas Galicia\",\"item\":\"https:\\\/\\\/www.emplea-te.com\\\/noticias-oposiciones\\\/categoria\\\/oposiciones-autonomicas-galicia\\\/\"},{\"@type\":\"ListItem\",\"position\":3,\"name\":\"USC. Escala Auxiliar (proceso selectivo de 100 plazas convocadas). Se publica una nota aclaratoria respecto al tercer ejercicio.\"}]},{\"@type\":\"WebSite\",\"@id\":\"https:\\\/\\\/www.emplea-te.com\\\/noticias-oposiciones\\\/#website\",\"url\":\"https:\\\/\\\/www.emplea-te.com\\\/noticias-oposiciones\\\/\",\"name\":\"Noticas de oposiciones por Academia Emplea-te\",\"description\":\"Toda la actualidad de las ofertas y convocatorias.\",\"publisher\":{\"@id\":\"https:\\\/\\\/www.emplea-te.com\\\/noticias-oposiciones\\\/#organization\"},\"potentialAction\":[{\"@type\":\"SearchAction\",\"target\":{\"@type\":\"EntryPoint\",\"urlTemplate\":\"https:\\\/\\\/www.emplea-te.com\\\/noticias-oposiciones\\\/?s={search_term_string}\"},\"query-input\":{\"@type\":\"PropertyValueSpecification\",\"valueRequired\":true,\"valueName\":\"search_term_string\"}}],\"inLanguage\":\"es\"},{\"@type\":\"Organization\",\"@id\":\"https:\\\/\\\/www.emplea-te.com\\\/noticias-oposiciones\\\/#organization\",\"name\":\"Academia de oposiciones Empl\u00e9ate\",\"url\":\"https:\\\/\\\/www.emplea-te.com\\\/noticias-oposiciones\\\/\",\"logo\":{\"@type\":\"ImageObject\",\"inLanguage\":\"es\",\"@id\":\"https:\\\/\\\/www.emplea-te.com\\\/noticias-oposiciones\\\/#\\\/schema\\\/logo\\\/image\\\/\",\"url\":\"https:\\\/\\\/www.emplea-te.com\\\/noticias-oposiciones\\\/wp-content\\\/uploads\\\/2019\\\/04\\\/empleate.jpg\",\"contentUrl\":\"https:\\\/\\\/www.emplea-te.com\\\/noticias-oposiciones\\\/wp-content\\\/uploads\\\/2019\\\/04\\\/empleate.jpg\",\"width\":250,\"height\":150,\"caption\":\"Academia de oposiciones Empl\u00e9ate\"},\"image\":{\"@id\":\"https:\\\/\\\/www.emplea-te.com\\\/noticias-oposiciones\\\/#\\\/schema\\\/logo\\\/image\\\/\"},\"sameAs\":[\"https:\\\/\\\/www.facebook.com\\\/AcademiaEmpleate\\\/\",\"https:\\\/\\\/x.com\\\/Emplea_Te\",\"https:\\\/\\\/www.instagram.com\\\/academia_empleate\\\/\"]},{\"@type\":\"Person\",\"@id\":\"https:\\\/\\\/www.emplea-te.com\\\/noticias-oposiciones\\\/#\\\/schema\\\/person\\\/d1bc587e1af2b95e9c32aba1795509a6\",\"name\":\"Empleate\"}]}<\/script>\n<!-- \/ Yoast SEO plugin. -->","yoast_head_json":{"title":"USC. Escala Auxiliar (proceso selectivo de 100 plazas convocadas).","description":"USC. Escala Auxiliar (proceso selectivo de 100 plazas convocadas). Se publica una nota aclaratoria respecto al tercer ejercicio.","robots":{"index":"index","follow":"follow","max-snippet":"max-snippet:-1","max-image-preview":"max-image-preview:large","max-video-preview":"max-video-preview:-1"},"canonical":"https:\/\/www.emplea-te.com\/noticias-oposiciones\/usc-escala-auxiliar-proceso-selectivo-de-100-plazas-convocadas-se-publica-una-nota-aclaratoria-respecto-al-tercer-ejercicio\/","og_locale":"es_ES","og_type":"article","og_title":"USC. Escala Auxiliar (proceso selectivo de 100 plazas convocadas).","og_description":"USC. Escala Auxiliar (proceso selectivo de 100 plazas convocadas). Se publica una nota aclaratoria respecto al tercer ejercicio.","og_url":"https:\/\/www.emplea-te.com\/noticias-oposiciones\/usc-escala-auxiliar-proceso-selectivo-de-100-plazas-convocadas-se-publica-una-nota-aclaratoria-respecto-al-tercer-ejercicio\/","og_site_name":"Noticas de oposiciones por Academia Emplea-te","article_publisher":"https:\/\/www.facebook.com\/AcademiaEmpleate\/","article_published_time":"2022-08-01T08:11:11+00:00","author":"Empleate","twitter_card":"summary_large_image","twitter_creator":"@Emplea_Te","twitter_site":"@Emplea_Te","twitter_misc":{"Escrito por":"Empleate","Tiempo de lectura":"1 minuto"},"schema":{"@context":"https:\/\/schema.org","@graph":[{"@type":"Article","@id":"https:\/\/www.emplea-te.com\/noticias-oposiciones\/usc-escala-auxiliar-proceso-selectivo-de-100-plazas-convocadas-se-publica-una-nota-aclaratoria-respecto-al-tercer-ejercicio\/#article","isPartOf":{"@id":"https:\/\/www.emplea-te.com\/noticias-oposiciones\/usc-escala-auxiliar-proceso-selectivo-de-100-plazas-convocadas-se-publica-una-nota-aclaratoria-respecto-al-tercer-ejercicio\/"},"author":{"name":"Empleate","@id":"https:\/\/www.emplea-te.com\/noticias-oposiciones\/#\/schema\/person\/d1bc587e1af2b95e9c32aba1795509a6"},"headline":"USC. Escala Auxiliar (proceso selectivo de 100 plazas convocadas). Se publica una nota aclaratoria respecto al tercer ejercicio.","datePublished":"2022-08-01T08:11:11+00:00","mainEntityOfPage":{"@id":"https:\/\/www.emplea-te.com\/noticias-oposiciones\/usc-escala-auxiliar-proceso-selectivo-de-100-plazas-convocadas-se-publica-una-nota-aclaratoria-respecto-al-tercer-ejercicio\/"},"wordCount":153,"publisher":{"@id":"https:\/\/www.emplea-te.com\/noticias-oposiciones\/#organization"},"keywords":["Acceso libre","Convocatoria","Informaci\u00f3n procesos selectivos"],"articleSection":["Oposiciones Auton\u00f3micas Galicia","Universidad Santiago de Compostela USC"],"inLanguage":"es"},{"@type":"WebPage","@id":"https:\/\/www.emplea-te.com\/noticias-oposiciones\/usc-escala-auxiliar-proceso-selectivo-de-100-plazas-convocadas-se-publica-una-nota-aclaratoria-respecto-al-tercer-ejercicio\/","url":"https:\/\/www.emplea-te.com\/noticias-oposiciones\/usc-escala-auxiliar-proceso-selectivo-de-100-plazas-convocadas-se-publica-una-nota-aclaratoria-respecto-al-tercer-ejercicio\/","name":"USC. Escala Auxiliar (proceso selectivo de 100 plazas convocadas).","isPartOf":{"@id":"https:\/\/www.emplea-te.com\/noticias-oposiciones\/#website"},"datePublished":"2022-08-01T08:11:11+00:00","description":"USC. Escala Auxiliar (proceso selectivo de 100 plazas convocadas). Se publica una nota aclaratoria respecto al tercer ejercicio.","breadcrumb":{"@id":"https:\/\/www.emplea-te.com\/noticias-oposiciones\/usc-escala-auxiliar-proceso-selectivo-de-100-plazas-convocadas-se-publica-una-nota-aclaratoria-respecto-al-tercer-ejercicio\/#breadcrumb"},"inLanguage":"es","potentialAction":[{"@type":"ReadAction","target":["https:\/\/www.emplea-te.com\/noticias-oposiciones\/usc-escala-auxiliar-proceso-selectivo-de-100-plazas-convocadas-se-publica-una-nota-aclaratoria-respecto-al-tercer-ejercicio\/"]}]},{"@type":"BreadcrumbList","@id":"https:\/\/www.emplea-te.com\/noticias-oposiciones\/usc-escala-auxiliar-proceso-selectivo-de-100-plazas-convocadas-se-publica-una-nota-aclaratoria-respecto-al-tercer-ejercicio\/#breadcrumb","itemListElement":[{"@type":"ListItem","position":1,"name":"Noticias Oposiciones","item":"https:\/\/www.emplea-te.com\/noticias-oposiciones\/"},{"@type":"ListItem","position":2,"name":"Oposiciones Auton\u00f3micas Galicia","item":"https:\/\/www.emplea-te.com\/noticias-oposiciones\/categoria\/oposiciones-autonomicas-galicia\/"},{"@type":"ListItem","position":3,"name":"USC. Escala Auxiliar (proceso selectivo de 100 plazas convocadas). Se publica una nota aclaratoria respecto al tercer ejercicio."}]},{"@type":"WebSite","@id":"https:\/\/www.emplea-te.com\/noticias-oposiciones\/#website","url":"https:\/\/www.emplea-te.com\/noticias-oposiciones\/","name":"Noticas de oposiciones por Academia Emplea-te","description":"Toda la actualidad de las ofertas y convocatorias.","publisher":{"@id":"https:\/\/www.emplea-te.com\/noticias-oposiciones\/#organization"},"potentialAction":[{"@type":"SearchAction","target":{"@type":"EntryPoint","urlTemplate":"https:\/\/www.emplea-te.com\/noticias-oposiciones\/?s={search_term_string}"},"query-input":{"@type":"PropertyValueSpecification","valueRequired":true,"valueName":"search_term_string"}}],"inLanguage":"es"},{"@type":"Organization","@id":"https:\/\/www.emplea-te.com\/noticias-oposiciones\/#organization","name":"Academia de oposiciones Empl\u00e9ate","url":"https:\/\/www.emplea-te.com\/noticias-oposiciones\/","logo":{"@type":"ImageObject","inLanguage":"es","@id":"https:\/\/www.emplea-te.com\/noticias-oposiciones\/#\/schema\/logo\/image\/","url":"https:\/\/www.emplea-te.com\/noticias-oposiciones\/wp-content\/uploads\/2019\/04\/empleate.jpg","contentUrl":"https:\/\/www.emplea-te.com\/noticias-oposiciones\/wp-content\/uploads\/2019\/04\/empleate.jpg","width":250,"height":150,"caption":"Academia de oposiciones Empl\u00e9ate"},"image":{"@id":"https:\/\/www.emplea-te.com\/noticias-oposiciones\/#\/schema\/logo\/image\/"},"sameAs":["https:\/\/www.facebook.com\/AcademiaEmpleate\/","https:\/\/x.com\/Emplea_Te","https:\/\/www.instagram.com\/academia_empleate\/"]},{"@type":"Person","@id":"https:\/\/www.emplea-te.com\/noticias-oposiciones\/#\/schema\/person\/d1bc587e1af2b95e9c32aba1795509a6","name":"Empleate"}]}},"_links":{"self":[{"href":"https:\/\/www.emplea-te.com\/noticias-oposiciones\/wp-json\/wp\/v2\/posts\/7410","targetHints":{"allow":["GET"]}}],"collection":[{"href":"https:\/\/www.emplea-te.com\/noticias-oposiciones\/wp-json\/wp\/v2\/posts"}],"about":[{"href":"https:\/\/www.emplea-te.com\/noticias-oposiciones\/wp-json\/wp\/v2\/types\/post"}],"author":[{"embeddable":true,"href":"https:\/\/www.emplea-te.com\/noticias-oposiciones\/wp-json\/wp\/v2\/users\/1"}],"replies":[{"embeddable":true,"href":"https:\/\/www.emplea-te.com\/noticias-oposiciones\/wp-json\/wp\/v2\/comments?post=7410"}],"version-history":[{"count":1,"href":"https:\/\/www.emplea-te.com\/noticias-oposiciones\/wp-json\/wp\/v2\/posts\/7410\/revisions"}],"predecessor-version":[{"id":7411,"href":"https:\/\/www.emplea-te.com\/noticias-oposiciones\/wp-json\/wp\/v2\/posts\/7410\/revisions\/7411"}],"wp:attachment":[{"href":"https:\/\/www.emplea-te.com\/noticias-oposiciones\/wp-json\/wp\/v2\/media?parent=7410"}],"wp:term":[{"taxonomy":"category","embeddable":true,"href":"https:\/\/www.emplea-te.com\/noticias-oposiciones\/wp-json\/wp\/v2\/categories?post=7410"},{"taxonomy":"post_tag","embeddable":true,"href":"https:\/\/www.emplea-te.com\/noticias-oposiciones\/wp-json\/wp\/v2\/tags?post=7410"}],"curies":[{"name":"wp","href":"https:\/\/api.w.org\/{rel}","templated":true}]}}