{"id":7414,"date":"2022-08-01T10:24:08","date_gmt":"2022-08-01T08:24:08","guid":{"rendered":"https:\/\/www.emplea-te.com\/noticias-oposiciones\/?p=7414"},"modified":"2022-08-01T10:24:08","modified_gmt":"2022-08-01T08:24:08","slug":"administracion-de-justicia-galicia-publicada-la-lista-definitiva-de-aspirantes-admitidos-y-excluidos-en-la-nueva-bolsa-de-interinos","status":"publish","type":"post","link":"https:\/\/www.emplea-te.com\/noticias-oposiciones\/administracion-de-justicia-galicia-publicada-la-lista-definitiva-de-aspirantes-admitidos-y-excluidos-en-la-nueva-bolsa-de-interinos\/","title":{"rendered":"Administraci\u00f3n de Justicia. Galicia. Publicada la lista definitiva de aspirantes admitidos y excluidos en la nueva bolsa de interinos."},"content":{"rendered":"<p>Administraci\u00f3n de Justicia. Galicia.<br \/>\nPublicada la lista definitiva de aspirantes admitidos y excluidos en la nueva bolsa de interinos.<\/p>\n<p><strong>CSIF GALICIA INFORMA DE LO SIGUIENTE:<\/strong><\/p>\n<p>Publicaci\u00f3n listaxes resultantes da nova bolsa de interinos de Xustiza de Galicia.<\/p>\n<p>Podes acceder as listaxes resultantes\u00a0<a href=\"https:\/\/conselleriadepresidencia.xunta.gal\/xustiza\/persoal\/interinos\">aqu\u00ed<\/a><\/p>\n<ul>\n<li><u>Prazo para elixir bolsa: 10 d\u00edas h\u00e1biles ( 29 de agosto a 9 de setembro)\n<p><\/u><\/li>\n<li>A elecci\u00f3n deber\u00e1 realizarse telematicamente, cubrindo necesariamente o formulario electr\u00f3nico dispo\u00f1ible na aplicaci\u00f3n inform\u00e1tica. Unha vez cuberto o formulario, deberase presentar de xeito electr\u00f3nico a trav\u00e9s da OPAX.<\/li>\n<\/ul>\n<p class=\"rteindent1\"><u>Se non o fixeran, entenderase que desisten de todas as s\u00faas solicitudes.<\/u><\/p>\n<p class=\"rteindent1\">As persoas que unicamente solicitasen formar parte dunha \u00fanica bolsa, corpo e provincia non ter\u00e1n que efectuar a dita elecci\u00f3n.<\/p>\n<p><a href=\"https:\/\/www.csif.es\/galicia\/justicia\">Acceso web CSIF Galicia<\/a><\/p>\n","protected":false},"excerpt":{"rendered":"<p>Administraci\u00f3n de Justicia. Galicia. Publicada la lista definitiva de aspirantes admitidos y excluidos en la nueva bolsa de interinos. CSIF GALICIA INFORMA DE LO SIGUIENTE: Publicaci\u00f3n listaxes resultantes da nova bolsa de interinos de Xustiza de Galicia. Podes acceder as listaxes resultantes\u00a0aqu\u00ed Prazo para elixir bolsa: 10 d\u00edas h\u00e1biles ( 29 de agosto a 9 &hellip; <a href=\"https:\/\/www.emplea-te.com\/noticias-oposiciones\/administracion-de-justicia-galicia-publicada-la-lista-definitiva-de-aspirantes-admitidos-y-excluidos-en-la-nueva-bolsa-de-interinos\/\" class=\"more-link\">Continuar leyendo<span class=\"screen-reader-text\"> \u00abAdministraci\u00f3n de Justicia. Galicia. Publicada la lista definitiva de aspirantes admitidos y excluidos en la nueva bolsa de interinos.\u00bb<\/span><\/a><\/p>\n","protected":false},"author":1,"featured_media":0,"comment_status":"closed","ping_status":"closed","sticky":false,"template":"","format":"standard","meta":{"footnotes":""},"categories":[56],"tags":[103],"class_list":["post-7414","post","type-post","status-publish","format-standard","hentry","category-oposiciones-autonomicas-galicia","tag-informacion-procesos-selectivos"],"yoast_head":"<!-- This site is optimized with the Yoast SEO plugin v27.5 - https:\/\/yoast.com\/product\/yoast-seo-wordpress\/ -->\n<title>Administraci\u00f3n de Justicia. Galicia. Interinos.<\/title>\n<meta name=\"description\" content=\"Administraci\u00f3n de Justicia. Galicia. Publicada la lista definitiva de aspirantes admitidos y excluidos en la nueva bolsa de interinos.\" \/>\n<meta name=\"robots\" content=\"index, follow, max-snippet:-1, max-image-preview:large, max-video-preview:-1\" \/>\n<link rel=\"canonical\" href=\"https:\/\/www.emplea-te.com\/noticias-oposiciones\/administracion-de-justicia-galicia-publicada-la-lista-definitiva-de-aspirantes-admitidos-y-excluidos-en-la-nueva-bolsa-de-interinos\/\" \/>\n<meta property=\"og:locale\" content=\"es_ES\" \/>\n<meta property=\"og:type\" content=\"article\" \/>\n<meta property=\"og:title\" content=\"Administraci\u00f3n de Justicia. Galicia. Interinos.\" \/>\n<meta property=\"og:description\" content=\"Administraci\u00f3n de Justicia. Galicia. Publicada la lista definitiva de aspirantes admitidos y excluidos en la nueva bolsa de interinos.\" \/>\n<meta property=\"og:url\" content=\"https:\/\/www.emplea-te.com\/noticias-oposiciones\/administracion-de-justicia-galicia-publicada-la-lista-definitiva-de-aspirantes-admitidos-y-excluidos-en-la-nueva-bolsa-de-interinos\/\" \/>\n<meta property=\"og:site_name\" content=\"Noticas de oposiciones por Academia Emplea-te\" \/>\n<meta property=\"article:publisher\" content=\"https:\/\/www.facebook.com\/AcademiaEmpleate\/\" \/>\n<meta property=\"article:published_time\" content=\"2022-08-01T08:24:08+00:00\" \/>\n<meta name=\"author\" content=\"Empleate\" \/>\n<meta name=\"twitter:card\" content=\"summary_large_image\" \/>\n<meta name=\"twitter:creator\" content=\"@Emplea_Te\" \/>\n<meta name=\"twitter:site\" content=\"@Emplea_Te\" \/>\n<meta name=\"twitter:label1\" content=\"Escrito por\" \/>\n\t<meta name=\"twitter:data1\" content=\"Empleate\" \/>\n\t<meta name=\"twitter:label2\" content=\"Tiempo de lectura\" \/>\n\t<meta name=\"twitter:data2\" content=\"1 minuto\" \/>\n<script type=\"application\/ld+json\" class=\"yoast-schema-graph\">{\"@context\":\"https:\\\/\\\/schema.org\",\"@graph\":[{\"@type\":\"Article\",\"@id\":\"https:\\\/\\\/www.emplea-te.com\\\/noticias-oposiciones\\\/administracion-de-justicia-galicia-publicada-la-lista-definitiva-de-aspirantes-admitidos-y-excluidos-en-la-nueva-bolsa-de-interinos\\\/#article\",\"isPartOf\":{\"@id\":\"https:\\\/\\\/www.emplea-te.com\\\/noticias-oposiciones\\\/administracion-de-justicia-galicia-publicada-la-lista-definitiva-de-aspirantes-admitidos-y-excluidos-en-la-nueva-bolsa-de-interinos\\\/\"},\"author\":{\"name\":\"Empleate\",\"@id\":\"https:\\\/\\\/www.emplea-te.com\\\/noticias-oposiciones\\\/#\\\/schema\\\/person\\\/d1bc587e1af2b95e9c32aba1795509a6\"},\"headline\":\"Administraci\u00f3n de Justicia. Galicia. Publicada la lista definitiva de aspirantes admitidos y excluidos en la nueva bolsa de interinos.\",\"datePublished\":\"2022-08-01T08:24:08+00:00\",\"mainEntityOfPage\":{\"@id\":\"https:\\\/\\\/www.emplea-te.com\\\/noticias-oposiciones\\\/administracion-de-justicia-galicia-publicada-la-lista-definitiva-de-aspirantes-admitidos-y-excluidos-en-la-nueva-bolsa-de-interinos\\\/\"},\"wordCount\":152,\"publisher\":{\"@id\":\"https:\\\/\\\/www.emplea-te.com\\\/noticias-oposiciones\\\/#organization\"},\"keywords\":[\"Informaci\u00f3n procesos selectivos\"],\"articleSection\":[\"Oposiciones Auton\u00f3micas Galicia\"],\"inLanguage\":\"es\"},{\"@type\":\"WebPage\",\"@id\":\"https:\\\/\\\/www.emplea-te.com\\\/noticias-oposiciones\\\/administracion-de-justicia-galicia-publicada-la-lista-definitiva-de-aspirantes-admitidos-y-excluidos-en-la-nueva-bolsa-de-interinos\\\/\",\"url\":\"https:\\\/\\\/www.emplea-te.com\\\/noticias-oposiciones\\\/administracion-de-justicia-galicia-publicada-la-lista-definitiva-de-aspirantes-admitidos-y-excluidos-en-la-nueva-bolsa-de-interinos\\\/\",\"name\":\"Administraci\u00f3n de Justicia. Galicia. Interinos.\",\"isPartOf\":{\"@id\":\"https:\\\/\\\/www.emplea-te.com\\\/noticias-oposiciones\\\/#website\"},\"datePublished\":\"2022-08-01T08:24:08+00:00\",\"description\":\"Administraci\u00f3n de Justicia. Galicia. Publicada la lista definitiva de aspirantes admitidos y excluidos en la nueva bolsa de interinos.\",\"breadcrumb\":{\"@id\":\"https:\\\/\\\/www.emplea-te.com\\\/noticias-oposiciones\\\/administracion-de-justicia-galicia-publicada-la-lista-definitiva-de-aspirantes-admitidos-y-excluidos-en-la-nueva-bolsa-de-interinos\\\/#breadcrumb\"},\"inLanguage\":\"es\",\"potentialAction\":[{\"@type\":\"ReadAction\",\"target\":[\"https:\\\/\\\/www.emplea-te.com\\\/noticias-oposiciones\\\/administracion-de-justicia-galicia-publicada-la-lista-definitiva-de-aspirantes-admitidos-y-excluidos-en-la-nueva-bolsa-de-interinos\\\/\"]}]},{\"@type\":\"BreadcrumbList\",\"@id\":\"https:\\\/\\\/www.emplea-te.com\\\/noticias-oposiciones\\\/administracion-de-justicia-galicia-publicada-la-lista-definitiva-de-aspirantes-admitidos-y-excluidos-en-la-nueva-bolsa-de-interinos\\\/#breadcrumb\",\"itemListElement\":[{\"@type\":\"ListItem\",\"position\":1,\"name\":\"Noticias Oposiciones\",\"item\":\"https:\\\/\\\/www.emplea-te.com\\\/noticias-oposiciones\\\/\"},{\"@type\":\"ListItem\",\"position\":2,\"name\":\"Oposiciones Auton\u00f3micas Galicia\",\"item\":\"https:\\\/\\\/www.emplea-te.com\\\/noticias-oposiciones\\\/categoria\\\/oposiciones-autonomicas-galicia\\\/\"},{\"@type\":\"ListItem\",\"position\":3,\"name\":\"Administraci\u00f3n de Justicia. Galicia. Publicada la lista definitiva de aspirantes admitidos y excluidos en la nueva bolsa de interinos.\"}]},{\"@type\":\"WebSite\",\"@id\":\"https:\\\/\\\/www.emplea-te.com\\\/noticias-oposiciones\\\/#website\",\"url\":\"https:\\\/\\\/www.emplea-te.com\\\/noticias-oposiciones\\\/\",\"name\":\"Noticas de oposiciones por Academia Emplea-te\",\"description\":\"Toda la actualidad de las ofertas y convocatorias.\",\"publisher\":{\"@id\":\"https:\\\/\\\/www.emplea-te.com\\\/noticias-oposiciones\\\/#organization\"},\"potentialAction\":[{\"@type\":\"SearchAction\",\"target\":{\"@type\":\"EntryPoint\",\"urlTemplate\":\"https:\\\/\\\/www.emplea-te.com\\\/noticias-oposiciones\\\/?s={search_term_string}\"},\"query-input\":{\"@type\":\"PropertyValueSpecification\",\"valueRequired\":true,\"valueName\":\"search_term_string\"}}],\"inLanguage\":\"es\"},{\"@type\":\"Organization\",\"@id\":\"https:\\\/\\\/www.emplea-te.com\\\/noticias-oposiciones\\\/#organization\",\"name\":\"Academia de oposiciones Empl\u00e9ate\",\"url\":\"https:\\\/\\\/www.emplea-te.com\\\/noticias-oposiciones\\\/\",\"logo\":{\"@type\":\"ImageObject\",\"inLanguage\":\"es\",\"@id\":\"https:\\\/\\\/www.emplea-te.com\\\/noticias-oposiciones\\\/#\\\/schema\\\/logo\\\/image\\\/\",\"url\":\"https:\\\/\\\/www.emplea-te.com\\\/noticias-oposiciones\\\/wp-content\\\/uploads\\\/2019\\\/04\\\/empleate.jpg\",\"contentUrl\":\"https:\\\/\\\/www.emplea-te.com\\\/noticias-oposiciones\\\/wp-content\\\/uploads\\\/2019\\\/04\\\/empleate.jpg\",\"width\":250,\"height\":150,\"caption\":\"Academia de oposiciones Empl\u00e9ate\"},\"image\":{\"@id\":\"https:\\\/\\\/www.emplea-te.com\\\/noticias-oposiciones\\\/#\\\/schema\\\/logo\\\/image\\\/\"},\"sameAs\":[\"https:\\\/\\\/www.facebook.com\\\/AcademiaEmpleate\\\/\",\"https:\\\/\\\/x.com\\\/Emplea_Te\",\"https:\\\/\\\/www.instagram.com\\\/academia_empleate\\\/\"]},{\"@type\":\"Person\",\"@id\":\"https:\\\/\\\/www.emplea-te.com\\\/noticias-oposiciones\\\/#\\\/schema\\\/person\\\/d1bc587e1af2b95e9c32aba1795509a6\",\"name\":\"Empleate\"}]}<\/script>\n<!-- \/ Yoast SEO plugin. -->","yoast_head_json":{"title":"Administraci\u00f3n de Justicia. Galicia. Interinos.","description":"Administraci\u00f3n de Justicia. Galicia. Publicada la lista definitiva de aspirantes admitidos y excluidos en la nueva bolsa de interinos.","robots":{"index":"index","follow":"follow","max-snippet":"max-snippet:-1","max-image-preview":"max-image-preview:large","max-video-preview":"max-video-preview:-1"},"canonical":"https:\/\/www.emplea-te.com\/noticias-oposiciones\/administracion-de-justicia-galicia-publicada-la-lista-definitiva-de-aspirantes-admitidos-y-excluidos-en-la-nueva-bolsa-de-interinos\/","og_locale":"es_ES","og_type":"article","og_title":"Administraci\u00f3n de Justicia. Galicia. Interinos.","og_description":"Administraci\u00f3n de Justicia. Galicia. Publicada la lista definitiva de aspirantes admitidos y excluidos en la nueva bolsa de interinos.","og_url":"https:\/\/www.emplea-te.com\/noticias-oposiciones\/administracion-de-justicia-galicia-publicada-la-lista-definitiva-de-aspirantes-admitidos-y-excluidos-en-la-nueva-bolsa-de-interinos\/","og_site_name":"Noticas de oposiciones por Academia Emplea-te","article_publisher":"https:\/\/www.facebook.com\/AcademiaEmpleate\/","article_published_time":"2022-08-01T08:24:08+00:00","author":"Empleate","twitter_card":"summary_large_image","twitter_creator":"@Emplea_Te","twitter_site":"@Emplea_Te","twitter_misc":{"Escrito por":"Empleate","Tiempo de lectura":"1 minuto"},"schema":{"@context":"https:\/\/schema.org","@graph":[{"@type":"Article","@id":"https:\/\/www.emplea-te.com\/noticias-oposiciones\/administracion-de-justicia-galicia-publicada-la-lista-definitiva-de-aspirantes-admitidos-y-excluidos-en-la-nueva-bolsa-de-interinos\/#article","isPartOf":{"@id":"https:\/\/www.emplea-te.com\/noticias-oposiciones\/administracion-de-justicia-galicia-publicada-la-lista-definitiva-de-aspirantes-admitidos-y-excluidos-en-la-nueva-bolsa-de-interinos\/"},"author":{"name":"Empleate","@id":"https:\/\/www.emplea-te.com\/noticias-oposiciones\/#\/schema\/person\/d1bc587e1af2b95e9c32aba1795509a6"},"headline":"Administraci\u00f3n de Justicia. Galicia. Publicada la lista definitiva de aspirantes admitidos y excluidos en la nueva bolsa de interinos.","datePublished":"2022-08-01T08:24:08+00:00","mainEntityOfPage":{"@id":"https:\/\/www.emplea-te.com\/noticias-oposiciones\/administracion-de-justicia-galicia-publicada-la-lista-definitiva-de-aspirantes-admitidos-y-excluidos-en-la-nueva-bolsa-de-interinos\/"},"wordCount":152,"publisher":{"@id":"https:\/\/www.emplea-te.com\/noticias-oposiciones\/#organization"},"keywords":["Informaci\u00f3n procesos selectivos"],"articleSection":["Oposiciones Auton\u00f3micas Galicia"],"inLanguage":"es"},{"@type":"WebPage","@id":"https:\/\/www.emplea-te.com\/noticias-oposiciones\/administracion-de-justicia-galicia-publicada-la-lista-definitiva-de-aspirantes-admitidos-y-excluidos-en-la-nueva-bolsa-de-interinos\/","url":"https:\/\/www.emplea-te.com\/noticias-oposiciones\/administracion-de-justicia-galicia-publicada-la-lista-definitiva-de-aspirantes-admitidos-y-excluidos-en-la-nueva-bolsa-de-interinos\/","name":"Administraci\u00f3n de Justicia. Galicia. Interinos.","isPartOf":{"@id":"https:\/\/www.emplea-te.com\/noticias-oposiciones\/#website"},"datePublished":"2022-08-01T08:24:08+00:00","description":"Administraci\u00f3n de Justicia. Galicia. Publicada la lista definitiva de aspirantes admitidos y excluidos en la nueva bolsa de interinos.","breadcrumb":{"@id":"https:\/\/www.emplea-te.com\/noticias-oposiciones\/administracion-de-justicia-galicia-publicada-la-lista-definitiva-de-aspirantes-admitidos-y-excluidos-en-la-nueva-bolsa-de-interinos\/#breadcrumb"},"inLanguage":"es","potentialAction":[{"@type":"ReadAction","target":["https:\/\/www.emplea-te.com\/noticias-oposiciones\/administracion-de-justicia-galicia-publicada-la-lista-definitiva-de-aspirantes-admitidos-y-excluidos-en-la-nueva-bolsa-de-interinos\/"]}]},{"@type":"BreadcrumbList","@id":"https:\/\/www.emplea-te.com\/noticias-oposiciones\/administracion-de-justicia-galicia-publicada-la-lista-definitiva-de-aspirantes-admitidos-y-excluidos-en-la-nueva-bolsa-de-interinos\/#breadcrumb","itemListElement":[{"@type":"ListItem","position":1,"name":"Noticias Oposiciones","item":"https:\/\/www.emplea-te.com\/noticias-oposiciones\/"},{"@type":"ListItem","position":2,"name":"Oposiciones Auton\u00f3micas Galicia","item":"https:\/\/www.emplea-te.com\/noticias-oposiciones\/categoria\/oposiciones-autonomicas-galicia\/"},{"@type":"ListItem","position":3,"name":"Administraci\u00f3n de Justicia. Galicia. Publicada la lista definitiva de aspirantes admitidos y excluidos en la nueva bolsa de interinos."}]},{"@type":"WebSite","@id":"https:\/\/www.emplea-te.com\/noticias-oposiciones\/#website","url":"https:\/\/www.emplea-te.com\/noticias-oposiciones\/","name":"Noticas de oposiciones por Academia Emplea-te","description":"Toda la actualidad de las ofertas y convocatorias.","publisher":{"@id":"https:\/\/www.emplea-te.com\/noticias-oposiciones\/#organization"},"potentialAction":[{"@type":"SearchAction","target":{"@type":"EntryPoint","urlTemplate":"https:\/\/www.emplea-te.com\/noticias-oposiciones\/?s={search_term_string}"},"query-input":{"@type":"PropertyValueSpecification","valueRequired":true,"valueName":"search_term_string"}}],"inLanguage":"es"},{"@type":"Organization","@id":"https:\/\/www.emplea-te.com\/noticias-oposiciones\/#organization","name":"Academia de oposiciones Empl\u00e9ate","url":"https:\/\/www.emplea-te.com\/noticias-oposiciones\/","logo":{"@type":"ImageObject","inLanguage":"es","@id":"https:\/\/www.emplea-te.com\/noticias-oposiciones\/#\/schema\/logo\/image\/","url":"https:\/\/www.emplea-te.com\/noticias-oposiciones\/wp-content\/uploads\/2019\/04\/empleate.jpg","contentUrl":"https:\/\/www.emplea-te.com\/noticias-oposiciones\/wp-content\/uploads\/2019\/04\/empleate.jpg","width":250,"height":150,"caption":"Academia de oposiciones Empl\u00e9ate"},"image":{"@id":"https:\/\/www.emplea-te.com\/noticias-oposiciones\/#\/schema\/logo\/image\/"},"sameAs":["https:\/\/www.facebook.com\/AcademiaEmpleate\/","https:\/\/x.com\/Emplea_Te","https:\/\/www.instagram.com\/academia_empleate\/"]},{"@type":"Person","@id":"https:\/\/www.emplea-te.com\/noticias-oposiciones\/#\/schema\/person\/d1bc587e1af2b95e9c32aba1795509a6","name":"Empleate"}]}},"_links":{"self":[{"href":"https:\/\/www.emplea-te.com\/noticias-oposiciones\/wp-json\/wp\/v2\/posts\/7414","targetHints":{"allow":["GET"]}}],"collection":[{"href":"https:\/\/www.emplea-te.com\/noticias-oposiciones\/wp-json\/wp\/v2\/posts"}],"about":[{"href":"https:\/\/www.emplea-te.com\/noticias-oposiciones\/wp-json\/wp\/v2\/types\/post"}],"author":[{"embeddable":true,"href":"https:\/\/www.emplea-te.com\/noticias-oposiciones\/wp-json\/wp\/v2\/users\/1"}],"replies":[{"embeddable":true,"href":"https:\/\/www.emplea-te.com\/noticias-oposiciones\/wp-json\/wp\/v2\/comments?post=7414"}],"version-history":[{"count":1,"href":"https:\/\/www.emplea-te.com\/noticias-oposiciones\/wp-json\/wp\/v2\/posts\/7414\/revisions"}],"predecessor-version":[{"id":7415,"href":"https:\/\/www.emplea-te.com\/noticias-oposiciones\/wp-json\/wp\/v2\/posts\/7414\/revisions\/7415"}],"wp:attachment":[{"href":"https:\/\/www.emplea-te.com\/noticias-oposiciones\/wp-json\/wp\/v2\/media?parent=7414"}],"wp:term":[{"taxonomy":"category","embeddable":true,"href":"https:\/\/www.emplea-te.com\/noticias-oposiciones\/wp-json\/wp\/v2\/categories?post=7414"},{"taxonomy":"post_tag","embeddable":true,"href":"https:\/\/www.emplea-te.com\/noticias-oposiciones\/wp-json\/wp\/v2\/tags?post=7414"}],"curies":[{"name":"wp","href":"https:\/\/api.w.org\/{rel}","templated":true}]}}