{"id":7450,"date":"2022-08-05T10:45:59","date_gmt":"2022-08-05T08:45:59","guid":{"rendered":"https:\/\/www.emplea-te.com\/noticias-oposiciones\/?p=7450"},"modified":"2022-08-05T11:04:18","modified_gmt":"2022-08-05T09:04:18","slug":"universidad-politecnica-de-madrid-publicada-la-oep-2022-de-personal-de-administracion-y-servicios","status":"publish","type":"post","link":"https:\/\/www.emplea-te.com\/noticias-oposiciones\/universidad-politecnica-de-madrid-publicada-la-oep-2022-de-personal-de-administracion-y-servicios\/","title":{"rendered":"Universidad Polit\u00e9cnica de Madrid. Publicada la OEP 2022 de Personal de Administraci\u00f3n y Servicios."},"content":{"rendered":"<p>&nbsp;<\/p>\n<p>Se publica en el BOCM de hoy, d\u00eda 5 de agosto de 2022, la RESOLUCI\u00d3N de28dejuliode2022,delaUniversidad Polit\u00e9cnica de Madrid, por la que se publica la Oferta de Empleo P\u00fablico para el ejercicio 2022.<\/p>\n<p><a href=\"https:\/\/www.bocm.es\/boletin\/CM_Orden_BOCM\/2022\/08\/05\/BOCM-20220805-6.PDF\" target=\"_blank\" rel=\"noopener\"><strong>Enlace a Resoluci\u00f3n con el contenido \u00edntegro referente a esta OEP.<\/strong><\/a><\/p>\n<p>De\u00a0 conformidad con el art\u00edculo 20 de la Ley 22\/2021, de 28 de diciembre, de Presupuestos Generales del Estado para el a\u00f1o 2022, y de conformidad con lo aprobado en Consejo de Gobierno de la Universidad Polit\u00e9cnica de Madrid, en sesi\u00f3n celebrada el 21 de julio de 2022, este Rectorado ha resuelto publicar la Oferta de Empleo P\u00fablico parar el ejercicio 2022 en los t\u00e9rminos siguientes:<\/p>\n<p>\u2014 Cuerpos Docentes Universitarios: Turno Libre: 40 plazas. Promoci\u00f3n al Cuerpo de Catedr\u00e1ticos de Universidad: 40 plazas.<\/p>\n<p>\u2014 Profesores Contratados Doctores: 135 plazas.<\/p>\n<p>\u2014 Plazas dirigidas a Investigadores con Certificado I3: Cuerpos Docentes Universitarios: 16 plazas. Profesores Contratados Doctores: 16 plazas.<\/p>\n<p>\u2014 Personal de Administraci\u00f3n y Servicios: Personal funcionario: 27 plazas. Personal laboral: 35 plazas.<\/p>\n<p><a href=\"http:\/\/ACADEMIAMADRID.EMPLEA-TE.COM\" target=\"_blank\" rel=\"noopener\"><strong>PREPARA EN NUESTROS GRUPOS PRESENCIALES Y ON LINE LAS PLAZAS DE PERSONAL DE ADMINISTRACI\u00d3N Y SERVICIOS .<\/strong><\/a><\/p>\n","protected":false},"excerpt":{"rendered":"<p>&nbsp; Se publica en el BOCM de hoy, d\u00eda 5 de agosto de 2022, la RESOLUCI\u00d3N de28dejuliode2022,delaUniversidad Polit\u00e9cnica de Madrid, por la que se publica la Oferta de Empleo P\u00fablico para el ejercicio 2022. Enlace a Resoluci\u00f3n con el contenido \u00edntegro referente a esta OEP. De\u00a0 conformidad con el art\u00edculo 20 de la Ley 22\/2021, &hellip; <a href=\"https:\/\/www.emplea-te.com\/noticias-oposiciones\/universidad-politecnica-de-madrid-publicada-la-oep-2022-de-personal-de-administracion-y-servicios\/\" class=\"more-link\">Continuar leyendo<span class=\"screen-reader-text\"> \u00abUniversidad Polit\u00e9cnica de Madrid. Publicada la OEP 2022 de Personal de Administraci\u00f3n y Servicios.\u00bb<\/span><\/a><\/p>\n","protected":false},"author":1,"featured_media":0,"comment_status":"closed","ping_status":"closed","sticky":false,"template":"","format":"standard","meta":{"footnotes":""},"categories":[109,110],"tags":[84],"class_list":["post-7450","post","type-post","status-publish","format-standard","hentry","category-oposiciones-madrid","category-p-a-s-universidades-madrid","tag-oferta-de-empleo-publico"],"yoast_head":"<!-- This site is optimized with the Yoast SEO plugin v27.5 - https:\/\/yoast.com\/product\/yoast-seo-wordpress\/ -->\n<title>Universidad Polit\u00e9cnica de Madrid. Oferta de Empleo P\u00fablico 2022.<\/title>\n<meta name=\"description\" content=\"Universidad Polit\u00e9cnica de Madrid. Publicada la OEP 2022 de Personal de Administraci\u00f3n y Servicios.\" \/>\n<meta name=\"robots\" content=\"index, follow, max-snippet:-1, max-image-preview:large, max-video-preview:-1\" \/>\n<link rel=\"canonical\" href=\"https:\/\/www.emplea-te.com\/noticias-oposiciones\/universidad-politecnica-de-madrid-publicada-la-oep-2022-de-personal-de-administracion-y-servicios\/\" \/>\n<meta property=\"og:locale\" content=\"es_ES\" \/>\n<meta property=\"og:type\" content=\"article\" \/>\n<meta property=\"og:title\" content=\"Universidad Polit\u00e9cnica de Madrid. Oferta de Empleo P\u00fablico 2022.\" \/>\n<meta property=\"og:description\" content=\"Universidad Polit\u00e9cnica de Madrid. Publicada la OEP 2022 de Personal de Administraci\u00f3n y Servicios.\" \/>\n<meta property=\"og:url\" content=\"https:\/\/www.emplea-te.com\/noticias-oposiciones\/universidad-politecnica-de-madrid-publicada-la-oep-2022-de-personal-de-administracion-y-servicios\/\" \/>\n<meta property=\"og:site_name\" content=\"Noticas de oposiciones por Academia Emplea-te\" \/>\n<meta property=\"article:publisher\" content=\"https:\/\/www.facebook.com\/AcademiaEmpleate\/\" \/>\n<meta property=\"article:published_time\" content=\"2022-08-05T08:45:59+00:00\" \/>\n<meta property=\"article:modified_time\" content=\"2022-08-05T09:04:18+00:00\" \/>\n<meta name=\"author\" content=\"Empleate\" \/>\n<meta name=\"twitter:card\" content=\"summary_large_image\" \/>\n<meta name=\"twitter:creator\" content=\"@Emplea_Te\" \/>\n<meta name=\"twitter:site\" content=\"@Emplea_Te\" \/>\n<meta name=\"twitter:label1\" content=\"Escrito por\" \/>\n\t<meta name=\"twitter:data1\" content=\"Empleate\" \/>\n\t<meta name=\"twitter:label2\" content=\"Tiempo de lectura\" \/>\n\t<meta name=\"twitter:data2\" content=\"1 minuto\" \/>\n<script type=\"application\/ld+json\" class=\"yoast-schema-graph\">{\"@context\":\"https:\\\/\\\/schema.org\",\"@graph\":[{\"@type\":\"Article\",\"@id\":\"https:\\\/\\\/www.emplea-te.com\\\/noticias-oposiciones\\\/universidad-politecnica-de-madrid-publicada-la-oep-2022-de-personal-de-administracion-y-servicios\\\/#article\",\"isPartOf\":{\"@id\":\"https:\\\/\\\/www.emplea-te.com\\\/noticias-oposiciones\\\/universidad-politecnica-de-madrid-publicada-la-oep-2022-de-personal-de-administracion-y-servicios\\\/\"},\"author\":{\"name\":\"Empleate\",\"@id\":\"https:\\\/\\\/www.emplea-te.com\\\/noticias-oposiciones\\\/#\\\/schema\\\/person\\\/d1bc587e1af2b95e9c32aba1795509a6\"},\"headline\":\"Universidad Polit\u00e9cnica de Madrid. Publicada la OEP 2022 de Personal de Administraci\u00f3n y Servicios.\",\"datePublished\":\"2022-08-05T08:45:59+00:00\",\"dateModified\":\"2022-08-05T09:04:18+00:00\",\"mainEntityOfPage\":{\"@id\":\"https:\\\/\\\/www.emplea-te.com\\\/noticias-oposiciones\\\/universidad-politecnica-de-madrid-publicada-la-oep-2022-de-personal-de-administracion-y-servicios\\\/\"},\"wordCount\":193,\"publisher\":{\"@id\":\"https:\\\/\\\/www.emplea-te.com\\\/noticias-oposiciones\\\/#organization\"},\"keywords\":[\"Oferta de Empleo P\u00fablico\"],\"articleSection\":[\"Oposiciones Madrid.\",\"P.A.S Universidades Madrid\"],\"inLanguage\":\"es\"},{\"@type\":\"WebPage\",\"@id\":\"https:\\\/\\\/www.emplea-te.com\\\/noticias-oposiciones\\\/universidad-politecnica-de-madrid-publicada-la-oep-2022-de-personal-de-administracion-y-servicios\\\/\",\"url\":\"https:\\\/\\\/www.emplea-te.com\\\/noticias-oposiciones\\\/universidad-politecnica-de-madrid-publicada-la-oep-2022-de-personal-de-administracion-y-servicios\\\/\",\"name\":\"Universidad Polit\u00e9cnica de Madrid. Oferta de Empleo P\u00fablico 2022.\",\"isPartOf\":{\"@id\":\"https:\\\/\\\/www.emplea-te.com\\\/noticias-oposiciones\\\/#website\"},\"datePublished\":\"2022-08-05T08:45:59+00:00\",\"dateModified\":\"2022-08-05T09:04:18+00:00\",\"description\":\"Universidad Polit\u00e9cnica de Madrid. Publicada la OEP 2022 de Personal de Administraci\u00f3n y Servicios.\",\"breadcrumb\":{\"@id\":\"https:\\\/\\\/www.emplea-te.com\\\/noticias-oposiciones\\\/universidad-politecnica-de-madrid-publicada-la-oep-2022-de-personal-de-administracion-y-servicios\\\/#breadcrumb\"},\"inLanguage\":\"es\",\"potentialAction\":[{\"@type\":\"ReadAction\",\"target\":[\"https:\\\/\\\/www.emplea-te.com\\\/noticias-oposiciones\\\/universidad-politecnica-de-madrid-publicada-la-oep-2022-de-personal-de-administracion-y-servicios\\\/\"]}]},{\"@type\":\"BreadcrumbList\",\"@id\":\"https:\\\/\\\/www.emplea-te.com\\\/noticias-oposiciones\\\/universidad-politecnica-de-madrid-publicada-la-oep-2022-de-personal-de-administracion-y-servicios\\\/#breadcrumb\",\"itemListElement\":[{\"@type\":\"ListItem\",\"position\":1,\"name\":\"Noticias Oposiciones\",\"item\":\"https:\\\/\\\/www.emplea-te.com\\\/noticias-oposiciones\\\/\"},{\"@type\":\"ListItem\",\"position\":2,\"name\":\"Oposiciones Madrid.\",\"item\":\"https:\\\/\\\/www.emplea-te.com\\\/noticias-oposiciones\\\/categoria\\\/oposiciones-madrid\\\/\"},{\"@type\":\"ListItem\",\"position\":3,\"name\":\"P.A.S Universidades Madrid\",\"item\":\"https:\\\/\\\/www.emplea-te.com\\\/noticias-oposiciones\\\/categoria\\\/oposiciones-madrid\\\/p-a-s-universidades-madrid\\\/\"},{\"@type\":\"ListItem\",\"position\":4,\"name\":\"Universidad Polit\u00e9cnica de Madrid. Publicada la OEP 2022 de Personal de Administraci\u00f3n y Servicios.\"}]},{\"@type\":\"WebSite\",\"@id\":\"https:\\\/\\\/www.emplea-te.com\\\/noticias-oposiciones\\\/#website\",\"url\":\"https:\\\/\\\/www.emplea-te.com\\\/noticias-oposiciones\\\/\",\"name\":\"Noticas de oposiciones por Academia Emplea-te\",\"description\":\"Toda la actualidad de las ofertas y convocatorias.\",\"publisher\":{\"@id\":\"https:\\\/\\\/www.emplea-te.com\\\/noticias-oposiciones\\\/#organization\"},\"potentialAction\":[{\"@type\":\"SearchAction\",\"target\":{\"@type\":\"EntryPoint\",\"urlTemplate\":\"https:\\\/\\\/www.emplea-te.com\\\/noticias-oposiciones\\\/?s={search_term_string}\"},\"query-input\":{\"@type\":\"PropertyValueSpecification\",\"valueRequired\":true,\"valueName\":\"search_term_string\"}}],\"inLanguage\":\"es\"},{\"@type\":\"Organization\",\"@id\":\"https:\\\/\\\/www.emplea-te.com\\\/noticias-oposiciones\\\/#organization\",\"name\":\"Academia de oposiciones Empl\u00e9ate\",\"url\":\"https:\\\/\\\/www.emplea-te.com\\\/noticias-oposiciones\\\/\",\"logo\":{\"@type\":\"ImageObject\",\"inLanguage\":\"es\",\"@id\":\"https:\\\/\\\/www.emplea-te.com\\\/noticias-oposiciones\\\/#\\\/schema\\\/logo\\\/image\\\/\",\"url\":\"https:\\\/\\\/www.emplea-te.com\\\/noticias-oposiciones\\\/wp-content\\\/uploads\\\/2019\\\/04\\\/empleate.jpg\",\"contentUrl\":\"https:\\\/\\\/www.emplea-te.com\\\/noticias-oposiciones\\\/wp-content\\\/uploads\\\/2019\\\/04\\\/empleate.jpg\",\"width\":250,\"height\":150,\"caption\":\"Academia de oposiciones Empl\u00e9ate\"},\"image\":{\"@id\":\"https:\\\/\\\/www.emplea-te.com\\\/noticias-oposiciones\\\/#\\\/schema\\\/logo\\\/image\\\/\"},\"sameAs\":[\"https:\\\/\\\/www.facebook.com\\\/AcademiaEmpleate\\\/\",\"https:\\\/\\\/x.com\\\/Emplea_Te\",\"https:\\\/\\\/www.instagram.com\\\/academia_empleate\\\/\"]},{\"@type\":\"Person\",\"@id\":\"https:\\\/\\\/www.emplea-te.com\\\/noticias-oposiciones\\\/#\\\/schema\\\/person\\\/d1bc587e1af2b95e9c32aba1795509a6\",\"name\":\"Empleate\"}]}<\/script>\n<!-- \/ Yoast SEO plugin. -->","yoast_head_json":{"title":"Universidad Polit\u00e9cnica de Madrid. Oferta de Empleo P\u00fablico 2022.","description":"Universidad Polit\u00e9cnica de Madrid. Publicada la OEP 2022 de Personal de Administraci\u00f3n y Servicios.","robots":{"index":"index","follow":"follow","max-snippet":"max-snippet:-1","max-image-preview":"max-image-preview:large","max-video-preview":"max-video-preview:-1"},"canonical":"https:\/\/www.emplea-te.com\/noticias-oposiciones\/universidad-politecnica-de-madrid-publicada-la-oep-2022-de-personal-de-administracion-y-servicios\/","og_locale":"es_ES","og_type":"article","og_title":"Universidad Polit\u00e9cnica de Madrid. Oferta de Empleo P\u00fablico 2022.","og_description":"Universidad Polit\u00e9cnica de Madrid. Publicada la OEP 2022 de Personal de Administraci\u00f3n y Servicios.","og_url":"https:\/\/www.emplea-te.com\/noticias-oposiciones\/universidad-politecnica-de-madrid-publicada-la-oep-2022-de-personal-de-administracion-y-servicios\/","og_site_name":"Noticas de oposiciones por Academia Emplea-te","article_publisher":"https:\/\/www.facebook.com\/AcademiaEmpleate\/","article_published_time":"2022-08-05T08:45:59+00:00","article_modified_time":"2022-08-05T09:04:18+00:00","author":"Empleate","twitter_card":"summary_large_image","twitter_creator":"@Emplea_Te","twitter_site":"@Emplea_Te","twitter_misc":{"Escrito por":"Empleate","Tiempo de lectura":"1 minuto"},"schema":{"@context":"https:\/\/schema.org","@graph":[{"@type":"Article","@id":"https:\/\/www.emplea-te.com\/noticias-oposiciones\/universidad-politecnica-de-madrid-publicada-la-oep-2022-de-personal-de-administracion-y-servicios\/#article","isPartOf":{"@id":"https:\/\/www.emplea-te.com\/noticias-oposiciones\/universidad-politecnica-de-madrid-publicada-la-oep-2022-de-personal-de-administracion-y-servicios\/"},"author":{"name":"Empleate","@id":"https:\/\/www.emplea-te.com\/noticias-oposiciones\/#\/schema\/person\/d1bc587e1af2b95e9c32aba1795509a6"},"headline":"Universidad Polit\u00e9cnica de Madrid. Publicada la OEP 2022 de Personal de Administraci\u00f3n y Servicios.","datePublished":"2022-08-05T08:45:59+00:00","dateModified":"2022-08-05T09:04:18+00:00","mainEntityOfPage":{"@id":"https:\/\/www.emplea-te.com\/noticias-oposiciones\/universidad-politecnica-de-madrid-publicada-la-oep-2022-de-personal-de-administracion-y-servicios\/"},"wordCount":193,"publisher":{"@id":"https:\/\/www.emplea-te.com\/noticias-oposiciones\/#organization"},"keywords":["Oferta de Empleo P\u00fablico"],"articleSection":["Oposiciones Madrid.","P.A.S Universidades Madrid"],"inLanguage":"es"},{"@type":"WebPage","@id":"https:\/\/www.emplea-te.com\/noticias-oposiciones\/universidad-politecnica-de-madrid-publicada-la-oep-2022-de-personal-de-administracion-y-servicios\/","url":"https:\/\/www.emplea-te.com\/noticias-oposiciones\/universidad-politecnica-de-madrid-publicada-la-oep-2022-de-personal-de-administracion-y-servicios\/","name":"Universidad Polit\u00e9cnica de Madrid. Oferta de Empleo P\u00fablico 2022.","isPartOf":{"@id":"https:\/\/www.emplea-te.com\/noticias-oposiciones\/#website"},"datePublished":"2022-08-05T08:45:59+00:00","dateModified":"2022-08-05T09:04:18+00:00","description":"Universidad Polit\u00e9cnica de Madrid. Publicada la OEP 2022 de Personal de Administraci\u00f3n y Servicios.","breadcrumb":{"@id":"https:\/\/www.emplea-te.com\/noticias-oposiciones\/universidad-politecnica-de-madrid-publicada-la-oep-2022-de-personal-de-administracion-y-servicios\/#breadcrumb"},"inLanguage":"es","potentialAction":[{"@type":"ReadAction","target":["https:\/\/www.emplea-te.com\/noticias-oposiciones\/universidad-politecnica-de-madrid-publicada-la-oep-2022-de-personal-de-administracion-y-servicios\/"]}]},{"@type":"BreadcrumbList","@id":"https:\/\/www.emplea-te.com\/noticias-oposiciones\/universidad-politecnica-de-madrid-publicada-la-oep-2022-de-personal-de-administracion-y-servicios\/#breadcrumb","itemListElement":[{"@type":"ListItem","position":1,"name":"Noticias Oposiciones","item":"https:\/\/www.emplea-te.com\/noticias-oposiciones\/"},{"@type":"ListItem","position":2,"name":"Oposiciones Madrid.","item":"https:\/\/www.emplea-te.com\/noticias-oposiciones\/categoria\/oposiciones-madrid\/"},{"@type":"ListItem","position":3,"name":"P.A.S Universidades Madrid","item":"https:\/\/www.emplea-te.com\/noticias-oposiciones\/categoria\/oposiciones-madrid\/p-a-s-universidades-madrid\/"},{"@type":"ListItem","position":4,"name":"Universidad Polit\u00e9cnica de Madrid. Publicada la OEP 2022 de Personal de Administraci\u00f3n y Servicios."}]},{"@type":"WebSite","@id":"https:\/\/www.emplea-te.com\/noticias-oposiciones\/#website","url":"https:\/\/www.emplea-te.com\/noticias-oposiciones\/","name":"Noticas de oposiciones por Academia Emplea-te","description":"Toda la actualidad de las ofertas y convocatorias.","publisher":{"@id":"https:\/\/www.emplea-te.com\/noticias-oposiciones\/#organization"},"potentialAction":[{"@type":"SearchAction","target":{"@type":"EntryPoint","urlTemplate":"https:\/\/www.emplea-te.com\/noticias-oposiciones\/?s={search_term_string}"},"query-input":{"@type":"PropertyValueSpecification","valueRequired":true,"valueName":"search_term_string"}}],"inLanguage":"es"},{"@type":"Organization","@id":"https:\/\/www.emplea-te.com\/noticias-oposiciones\/#organization","name":"Academia de oposiciones Empl\u00e9ate","url":"https:\/\/www.emplea-te.com\/noticias-oposiciones\/","logo":{"@type":"ImageObject","inLanguage":"es","@id":"https:\/\/www.emplea-te.com\/noticias-oposiciones\/#\/schema\/logo\/image\/","url":"https:\/\/www.emplea-te.com\/noticias-oposiciones\/wp-content\/uploads\/2019\/04\/empleate.jpg","contentUrl":"https:\/\/www.emplea-te.com\/noticias-oposiciones\/wp-content\/uploads\/2019\/04\/empleate.jpg","width":250,"height":150,"caption":"Academia de oposiciones Empl\u00e9ate"},"image":{"@id":"https:\/\/www.emplea-te.com\/noticias-oposiciones\/#\/schema\/logo\/image\/"},"sameAs":["https:\/\/www.facebook.com\/AcademiaEmpleate\/","https:\/\/x.com\/Emplea_Te","https:\/\/www.instagram.com\/academia_empleate\/"]},{"@type":"Person","@id":"https:\/\/www.emplea-te.com\/noticias-oposiciones\/#\/schema\/person\/d1bc587e1af2b95e9c32aba1795509a6","name":"Empleate"}]}},"_links":{"self":[{"href":"https:\/\/www.emplea-te.com\/noticias-oposiciones\/wp-json\/wp\/v2\/posts\/7450","targetHints":{"allow":["GET"]}}],"collection":[{"href":"https:\/\/www.emplea-te.com\/noticias-oposiciones\/wp-json\/wp\/v2\/posts"}],"about":[{"href":"https:\/\/www.emplea-te.com\/noticias-oposiciones\/wp-json\/wp\/v2\/types\/post"}],"author":[{"embeddable":true,"href":"https:\/\/www.emplea-te.com\/noticias-oposiciones\/wp-json\/wp\/v2\/users\/1"}],"replies":[{"embeddable":true,"href":"https:\/\/www.emplea-te.com\/noticias-oposiciones\/wp-json\/wp\/v2\/comments?post=7450"}],"version-history":[{"count":1,"href":"https:\/\/www.emplea-te.com\/noticias-oposiciones\/wp-json\/wp\/v2\/posts\/7450\/revisions"}],"predecessor-version":[{"id":7451,"href":"https:\/\/www.emplea-te.com\/noticias-oposiciones\/wp-json\/wp\/v2\/posts\/7450\/revisions\/7451"}],"wp:attachment":[{"href":"https:\/\/www.emplea-te.com\/noticias-oposiciones\/wp-json\/wp\/v2\/media?parent=7450"}],"wp:term":[{"taxonomy":"category","embeddable":true,"href":"https:\/\/www.emplea-te.com\/noticias-oposiciones\/wp-json\/wp\/v2\/categories?post=7450"},{"taxonomy":"post_tag","embeddable":true,"href":"https:\/\/www.emplea-te.com\/noticias-oposiciones\/wp-json\/wp\/v2\/tags?post=7450"}],"curies":[{"name":"wp","href":"https:\/\/api.w.org\/{rel}","templated":true}]}}