{"id":7455,"date":"2022-08-08T10:25:49","date_gmt":"2022-08-08T08:25:49","guid":{"rendered":"https:\/\/www.emplea-te.com\/noticias-oposiciones\/?p=7455"},"modified":"2022-08-08T10:25:49","modified_gmt":"2022-08-08T08:25:49","slug":"escala-auxiliar-de-archivos-bibliotecas-y-museos-de-organismos-autonomos-del-ministerio-de-cultura-convocado-por-resolucion-de-6-de-julio-de-2021-relacion-de-aprobados-proceso-selectivo","status":"publish","type":"post","link":"https:\/\/www.emplea-te.com\/noticias-oposiciones\/escala-auxiliar-de-archivos-bibliotecas-y-museos-de-organismos-autonomos-del-ministerio-de-cultura-convocado-por-resolucion-de-6-de-julio-de-2021-relacion-de-aprobados-proceso-selectivo\/","title":{"rendered":"Escala Auxiliar de Archivos , Bibliotecas y Museos de Organismos Aut\u00f3nomos del Ministerio de Cultura (convocado por Resoluci\u00f3n de 6 de julio de 2021) . Relaci\u00f3n de aprobados proceso selectivo."},"content":{"rendered":"<p>Se publica en el BOE de hoy, d\u00eda 8 de agosto de 2022, la Resoluci\u00f3n por la que se publica la relaci\u00f3n de aprobados\/as en el proceso selectivo para ingreso, por el sistema general de acceso libre y promoci\u00f3n interna, en la Escala de Auxiliares de Archivos, Bibliotecas y Museos de Organismos Aut\u00f3nomos del Ministerio de Cultura, convocado por Resoluci\u00f3n de 6 de julio de 2021.<\/p>\n<p>En los Anexos de dicha Resoluci\u00f3n puedes consultar la relaci\u00f3n de aprobados y sus puntuaciones correspondientes tanto por el turno de promoci\u00f3n interna como de acceso libre.<\/p>\n<p><a href=\"https:\/\/www.boe.es\/boe\/dias\/2022\/08\/08\/pdfs\/BOE-A-2022-13310.pdf\" target=\"_blank\" rel=\"noopener\"><strong>Accede desde este enlace a la Resoluci\u00f3n con su contenido \u00edntegro publicada en el BOE de hoy.<\/strong><\/a><\/p>\n","protected":false},"excerpt":{"rendered":"<p>Se publica en el BOE de hoy, d\u00eda 8 de agosto de 2022, la Resoluci\u00f3n por la que se publica la relaci\u00f3n de aprobados\/as en el proceso selectivo para ingreso, por el sistema general de acceso libre y promoci\u00f3n interna, en la Escala de Auxiliares de Archivos, Bibliotecas y Museos de Organismos Aut\u00f3nomos del Ministerio &hellip; <a href=\"https:\/\/www.emplea-te.com\/noticias-oposiciones\/escala-auxiliar-de-archivos-bibliotecas-y-museos-de-organismos-autonomos-del-ministerio-de-cultura-convocado-por-resolucion-de-6-de-julio-de-2021-relacion-de-aprobados-proceso-selectivo\/\" class=\"more-link\">Continuar leyendo<span class=\"screen-reader-text\"> \u00abEscala Auxiliar de Archivos , Bibliotecas y Museos de Organismos Aut\u00f3nomos del Ministerio de Cultura (convocado por Resoluci\u00f3n de 6 de julio de 2021) . Relaci\u00f3n de aprobados proceso selectivo.\u00bb<\/span><\/a><\/p>\n","protected":false},"author":1,"featured_media":0,"comment_status":"closed","ping_status":"closed","sticky":false,"template":"","format":"standard","meta":{"footnotes":""},"categories":[102],"tags":[88],"class_list":["post-7455","post","type-post","status-publish","format-standard","hentry","category-ayudante-de-bibliotecas","tag-aprobados-proceso-selectivo"],"yoast_head":"<!-- This site is optimized with the Yoast SEO plugin v27.5 - https:\/\/yoast.com\/product\/yoast-seo-wordpress\/ -->\n<title>Escala Auxiliar de Archivos y Bibliotecas. Ministerio de Cultura. Arpobados.<\/title>\n<meta name=\"description\" content=\"Escala Auxiliar de Archivos , Bibliotecas y Museos de Organismos Aut\u00f3nomos del Ministerio de Cultura (convocado por Resoluci\u00f3n de 6 de julio de 2021) . Relaci\u00f3n de aprobados proceso selectivo.\" \/>\n<meta name=\"robots\" content=\"index, follow, max-snippet:-1, max-image-preview:large, max-video-preview:-1\" \/>\n<link rel=\"canonical\" href=\"https:\/\/www.emplea-te.com\/noticias-oposiciones\/escala-auxiliar-de-archivos-bibliotecas-y-museos-de-organismos-autonomos-del-ministerio-de-cultura-convocado-por-resolucion-de-6-de-julio-de-2021-relacion-de-aprobados-proceso-selectivo\/\" \/>\n<meta property=\"og:locale\" content=\"es_ES\" \/>\n<meta property=\"og:type\" content=\"article\" \/>\n<meta property=\"og:title\" content=\"Escala Auxiliar de Archivos y Bibliotecas. Ministerio de Cultura. Arpobados.\" \/>\n<meta property=\"og:description\" content=\"Escala Auxiliar de Archivos , Bibliotecas y Museos de Organismos Aut\u00f3nomos del Ministerio de Cultura (convocado por Resoluci\u00f3n de 6 de julio de 2021) . Relaci\u00f3n de aprobados proceso selectivo.\" \/>\n<meta property=\"og:url\" content=\"https:\/\/www.emplea-te.com\/noticias-oposiciones\/escala-auxiliar-de-archivos-bibliotecas-y-museos-de-organismos-autonomos-del-ministerio-de-cultura-convocado-por-resolucion-de-6-de-julio-de-2021-relacion-de-aprobados-proceso-selectivo\/\" \/>\n<meta property=\"og:site_name\" content=\"Noticas de oposiciones por Academia Emplea-te\" \/>\n<meta property=\"article:publisher\" content=\"https:\/\/www.facebook.com\/AcademiaEmpleate\/\" \/>\n<meta property=\"article:published_time\" content=\"2022-08-08T08:25:49+00:00\" \/>\n<meta name=\"author\" content=\"Empleate\" \/>\n<meta name=\"twitter:card\" content=\"summary_large_image\" \/>\n<meta name=\"twitter:creator\" content=\"@Emplea_Te\" \/>\n<meta name=\"twitter:site\" content=\"@Emplea_Te\" \/>\n<meta name=\"twitter:label1\" content=\"Escrito por\" \/>\n\t<meta name=\"twitter:data1\" content=\"Empleate\" \/>\n\t<meta name=\"twitter:label2\" content=\"Tiempo de lectura\" \/>\n\t<meta name=\"twitter:data2\" content=\"1 minuto\" \/>\n<script type=\"application\/ld+json\" class=\"yoast-schema-graph\">{\"@context\":\"https:\\\/\\\/schema.org\",\"@graph\":[{\"@type\":\"Article\",\"@id\":\"https:\\\/\\\/www.emplea-te.com\\\/noticias-oposiciones\\\/escala-auxiliar-de-archivos-bibliotecas-y-museos-de-organismos-autonomos-del-ministerio-de-cultura-convocado-por-resolucion-de-6-de-julio-de-2021-relacion-de-aprobados-proceso-selectivo\\\/#article\",\"isPartOf\":{\"@id\":\"https:\\\/\\\/www.emplea-te.com\\\/noticias-oposiciones\\\/escala-auxiliar-de-archivos-bibliotecas-y-museos-de-organismos-autonomos-del-ministerio-de-cultura-convocado-por-resolucion-de-6-de-julio-de-2021-relacion-de-aprobados-proceso-selectivo\\\/\"},\"author\":{\"name\":\"Empleate\",\"@id\":\"https:\\\/\\\/www.emplea-te.com\\\/noticias-oposiciones\\\/#\\\/schema\\\/person\\\/d1bc587e1af2b95e9c32aba1795509a6\"},\"headline\":\"Escala Auxiliar de Archivos , Bibliotecas y Museos de Organismos Aut\u00f3nomos del Ministerio de Cultura (convocado por Resoluci\u00f3n de 6 de julio de 2021) . Relaci\u00f3n de aprobados proceso selectivo.\",\"datePublished\":\"2022-08-08T08:25:49+00:00\",\"mainEntityOfPage\":{\"@id\":\"https:\\\/\\\/www.emplea-te.com\\\/noticias-oposiciones\\\/escala-auxiliar-de-archivos-bibliotecas-y-museos-de-organismos-autonomos-del-ministerio-de-cultura-convocado-por-resolucion-de-6-de-julio-de-2021-relacion-de-aprobados-proceso-selectivo\\\/\"},\"wordCount\":146,\"publisher\":{\"@id\":\"https:\\\/\\\/www.emplea-te.com\\\/noticias-oposiciones\\\/#organization\"},\"keywords\":[\"Aprobados proceso selectivo\"],\"articleSection\":[\"Ayudante de Bibliotecas\"],\"inLanguage\":\"es\"},{\"@type\":\"WebPage\",\"@id\":\"https:\\\/\\\/www.emplea-te.com\\\/noticias-oposiciones\\\/escala-auxiliar-de-archivos-bibliotecas-y-museos-de-organismos-autonomos-del-ministerio-de-cultura-convocado-por-resolucion-de-6-de-julio-de-2021-relacion-de-aprobados-proceso-selectivo\\\/\",\"url\":\"https:\\\/\\\/www.emplea-te.com\\\/noticias-oposiciones\\\/escala-auxiliar-de-archivos-bibliotecas-y-museos-de-organismos-autonomos-del-ministerio-de-cultura-convocado-por-resolucion-de-6-de-julio-de-2021-relacion-de-aprobados-proceso-selectivo\\\/\",\"name\":\"Escala Auxiliar de Archivos y Bibliotecas. Ministerio de Cultura. Arpobados.\",\"isPartOf\":{\"@id\":\"https:\\\/\\\/www.emplea-te.com\\\/noticias-oposiciones\\\/#website\"},\"datePublished\":\"2022-08-08T08:25:49+00:00\",\"description\":\"Escala Auxiliar de Archivos , Bibliotecas y Museos de Organismos Aut\u00f3nomos del Ministerio de Cultura (convocado por Resoluci\u00f3n de 6 de julio de 2021) . Relaci\u00f3n de aprobados proceso selectivo.\",\"breadcrumb\":{\"@id\":\"https:\\\/\\\/www.emplea-te.com\\\/noticias-oposiciones\\\/escala-auxiliar-de-archivos-bibliotecas-y-museos-de-organismos-autonomos-del-ministerio-de-cultura-convocado-por-resolucion-de-6-de-julio-de-2021-relacion-de-aprobados-proceso-selectivo\\\/#breadcrumb\"},\"inLanguage\":\"es\",\"potentialAction\":[{\"@type\":\"ReadAction\",\"target\":[\"https:\\\/\\\/www.emplea-te.com\\\/noticias-oposiciones\\\/escala-auxiliar-de-archivos-bibliotecas-y-museos-de-organismos-autonomos-del-ministerio-de-cultura-convocado-por-resolucion-de-6-de-julio-de-2021-relacion-de-aprobados-proceso-selectivo\\\/\"]}]},{\"@type\":\"BreadcrumbList\",\"@id\":\"https:\\\/\\\/www.emplea-te.com\\\/noticias-oposiciones\\\/escala-auxiliar-de-archivos-bibliotecas-y-museos-de-organismos-autonomos-del-ministerio-de-cultura-convocado-por-resolucion-de-6-de-julio-de-2021-relacion-de-aprobados-proceso-selectivo\\\/#breadcrumb\",\"itemListElement\":[{\"@type\":\"ListItem\",\"position\":1,\"name\":\"Noticias Oposiciones\",\"item\":\"https:\\\/\\\/www.emplea-te.com\\\/noticias-oposiciones\\\/\"},{\"@type\":\"ListItem\",\"position\":2,\"name\":\"Ayudante de Bibliotecas\",\"item\":\"https:\\\/\\\/www.emplea-te.com\\\/noticias-oposiciones\\\/categoria\\\/ayudante-de-bibliotecas\\\/\"},{\"@type\":\"ListItem\",\"position\":3,\"name\":\"Escala Auxiliar de Archivos , Bibliotecas y Museos de Organismos Aut\u00f3nomos del Ministerio de Cultura (convocado por Resoluci\u00f3n de 6 de julio de 2021) . Relaci\u00f3n de aprobados proceso selectivo.\"}]},{\"@type\":\"WebSite\",\"@id\":\"https:\\\/\\\/www.emplea-te.com\\\/noticias-oposiciones\\\/#website\",\"url\":\"https:\\\/\\\/www.emplea-te.com\\\/noticias-oposiciones\\\/\",\"name\":\"Noticas de oposiciones por Academia Emplea-te\",\"description\":\"Toda la actualidad de las ofertas y convocatorias.\",\"publisher\":{\"@id\":\"https:\\\/\\\/www.emplea-te.com\\\/noticias-oposiciones\\\/#organization\"},\"potentialAction\":[{\"@type\":\"SearchAction\",\"target\":{\"@type\":\"EntryPoint\",\"urlTemplate\":\"https:\\\/\\\/www.emplea-te.com\\\/noticias-oposiciones\\\/?s={search_term_string}\"},\"query-input\":{\"@type\":\"PropertyValueSpecification\",\"valueRequired\":true,\"valueName\":\"search_term_string\"}}],\"inLanguage\":\"es\"},{\"@type\":\"Organization\",\"@id\":\"https:\\\/\\\/www.emplea-te.com\\\/noticias-oposiciones\\\/#organization\",\"name\":\"Academia de oposiciones Empl\u00e9ate\",\"url\":\"https:\\\/\\\/www.emplea-te.com\\\/noticias-oposiciones\\\/\",\"logo\":{\"@type\":\"ImageObject\",\"inLanguage\":\"es\",\"@id\":\"https:\\\/\\\/www.emplea-te.com\\\/noticias-oposiciones\\\/#\\\/schema\\\/logo\\\/image\\\/\",\"url\":\"https:\\\/\\\/www.emplea-te.com\\\/noticias-oposiciones\\\/wp-content\\\/uploads\\\/2019\\\/04\\\/empleate.jpg\",\"contentUrl\":\"https:\\\/\\\/www.emplea-te.com\\\/noticias-oposiciones\\\/wp-content\\\/uploads\\\/2019\\\/04\\\/empleate.jpg\",\"width\":250,\"height\":150,\"caption\":\"Academia de oposiciones Empl\u00e9ate\"},\"image\":{\"@id\":\"https:\\\/\\\/www.emplea-te.com\\\/noticias-oposiciones\\\/#\\\/schema\\\/logo\\\/image\\\/\"},\"sameAs\":[\"https:\\\/\\\/www.facebook.com\\\/AcademiaEmpleate\\\/\",\"https:\\\/\\\/x.com\\\/Emplea_Te\",\"https:\\\/\\\/www.instagram.com\\\/academia_empleate\\\/\"]},{\"@type\":\"Person\",\"@id\":\"https:\\\/\\\/www.emplea-te.com\\\/noticias-oposiciones\\\/#\\\/schema\\\/person\\\/d1bc587e1af2b95e9c32aba1795509a6\",\"name\":\"Empleate\"}]}<\/script>\n<!-- \/ Yoast SEO plugin. -->","yoast_head_json":{"title":"Escala Auxiliar de Archivos y Bibliotecas. Ministerio de Cultura. Arpobados.","description":"Escala Auxiliar de Archivos , Bibliotecas y Museos de Organismos Aut\u00f3nomos del Ministerio de Cultura (convocado por Resoluci\u00f3n de 6 de julio de 2021) . Relaci\u00f3n de aprobados proceso selectivo.","robots":{"index":"index","follow":"follow","max-snippet":"max-snippet:-1","max-image-preview":"max-image-preview:large","max-video-preview":"max-video-preview:-1"},"canonical":"https:\/\/www.emplea-te.com\/noticias-oposiciones\/escala-auxiliar-de-archivos-bibliotecas-y-museos-de-organismos-autonomos-del-ministerio-de-cultura-convocado-por-resolucion-de-6-de-julio-de-2021-relacion-de-aprobados-proceso-selectivo\/","og_locale":"es_ES","og_type":"article","og_title":"Escala Auxiliar de Archivos y Bibliotecas. Ministerio de Cultura. Arpobados.","og_description":"Escala Auxiliar de Archivos , Bibliotecas y Museos de Organismos Aut\u00f3nomos del Ministerio de Cultura (convocado por Resoluci\u00f3n de 6 de julio de 2021) . Relaci\u00f3n de aprobados proceso selectivo.","og_url":"https:\/\/www.emplea-te.com\/noticias-oposiciones\/escala-auxiliar-de-archivos-bibliotecas-y-museos-de-organismos-autonomos-del-ministerio-de-cultura-convocado-por-resolucion-de-6-de-julio-de-2021-relacion-de-aprobados-proceso-selectivo\/","og_site_name":"Noticas de oposiciones por Academia Emplea-te","article_publisher":"https:\/\/www.facebook.com\/AcademiaEmpleate\/","article_published_time":"2022-08-08T08:25:49+00:00","author":"Empleate","twitter_card":"summary_large_image","twitter_creator":"@Emplea_Te","twitter_site":"@Emplea_Te","twitter_misc":{"Escrito por":"Empleate","Tiempo de lectura":"1 minuto"},"schema":{"@context":"https:\/\/schema.org","@graph":[{"@type":"Article","@id":"https:\/\/www.emplea-te.com\/noticias-oposiciones\/escala-auxiliar-de-archivos-bibliotecas-y-museos-de-organismos-autonomos-del-ministerio-de-cultura-convocado-por-resolucion-de-6-de-julio-de-2021-relacion-de-aprobados-proceso-selectivo\/#article","isPartOf":{"@id":"https:\/\/www.emplea-te.com\/noticias-oposiciones\/escala-auxiliar-de-archivos-bibliotecas-y-museos-de-organismos-autonomos-del-ministerio-de-cultura-convocado-por-resolucion-de-6-de-julio-de-2021-relacion-de-aprobados-proceso-selectivo\/"},"author":{"name":"Empleate","@id":"https:\/\/www.emplea-te.com\/noticias-oposiciones\/#\/schema\/person\/d1bc587e1af2b95e9c32aba1795509a6"},"headline":"Escala Auxiliar de Archivos , Bibliotecas y Museos de Organismos Aut\u00f3nomos del Ministerio de Cultura (convocado por Resoluci\u00f3n de 6 de julio de 2021) . Relaci\u00f3n de aprobados proceso selectivo.","datePublished":"2022-08-08T08:25:49+00:00","mainEntityOfPage":{"@id":"https:\/\/www.emplea-te.com\/noticias-oposiciones\/escala-auxiliar-de-archivos-bibliotecas-y-museos-de-organismos-autonomos-del-ministerio-de-cultura-convocado-por-resolucion-de-6-de-julio-de-2021-relacion-de-aprobados-proceso-selectivo\/"},"wordCount":146,"publisher":{"@id":"https:\/\/www.emplea-te.com\/noticias-oposiciones\/#organization"},"keywords":["Aprobados proceso selectivo"],"articleSection":["Ayudante de Bibliotecas"],"inLanguage":"es"},{"@type":"WebPage","@id":"https:\/\/www.emplea-te.com\/noticias-oposiciones\/escala-auxiliar-de-archivos-bibliotecas-y-museos-de-organismos-autonomos-del-ministerio-de-cultura-convocado-por-resolucion-de-6-de-julio-de-2021-relacion-de-aprobados-proceso-selectivo\/","url":"https:\/\/www.emplea-te.com\/noticias-oposiciones\/escala-auxiliar-de-archivos-bibliotecas-y-museos-de-organismos-autonomos-del-ministerio-de-cultura-convocado-por-resolucion-de-6-de-julio-de-2021-relacion-de-aprobados-proceso-selectivo\/","name":"Escala Auxiliar de Archivos y Bibliotecas. Ministerio de Cultura. Arpobados.","isPartOf":{"@id":"https:\/\/www.emplea-te.com\/noticias-oposiciones\/#website"},"datePublished":"2022-08-08T08:25:49+00:00","description":"Escala Auxiliar de Archivos , Bibliotecas y Museos de Organismos Aut\u00f3nomos del Ministerio de Cultura (convocado por Resoluci\u00f3n de 6 de julio de 2021) . Relaci\u00f3n de aprobados proceso selectivo.","breadcrumb":{"@id":"https:\/\/www.emplea-te.com\/noticias-oposiciones\/escala-auxiliar-de-archivos-bibliotecas-y-museos-de-organismos-autonomos-del-ministerio-de-cultura-convocado-por-resolucion-de-6-de-julio-de-2021-relacion-de-aprobados-proceso-selectivo\/#breadcrumb"},"inLanguage":"es","potentialAction":[{"@type":"ReadAction","target":["https:\/\/www.emplea-te.com\/noticias-oposiciones\/escala-auxiliar-de-archivos-bibliotecas-y-museos-de-organismos-autonomos-del-ministerio-de-cultura-convocado-por-resolucion-de-6-de-julio-de-2021-relacion-de-aprobados-proceso-selectivo\/"]}]},{"@type":"BreadcrumbList","@id":"https:\/\/www.emplea-te.com\/noticias-oposiciones\/escala-auxiliar-de-archivos-bibliotecas-y-museos-de-organismos-autonomos-del-ministerio-de-cultura-convocado-por-resolucion-de-6-de-julio-de-2021-relacion-de-aprobados-proceso-selectivo\/#breadcrumb","itemListElement":[{"@type":"ListItem","position":1,"name":"Noticias Oposiciones","item":"https:\/\/www.emplea-te.com\/noticias-oposiciones\/"},{"@type":"ListItem","position":2,"name":"Ayudante de Bibliotecas","item":"https:\/\/www.emplea-te.com\/noticias-oposiciones\/categoria\/ayudante-de-bibliotecas\/"},{"@type":"ListItem","position":3,"name":"Escala Auxiliar de Archivos , Bibliotecas y Museos de Organismos Aut\u00f3nomos del Ministerio de Cultura (convocado por Resoluci\u00f3n de 6 de julio de 2021) . Relaci\u00f3n de aprobados proceso selectivo."}]},{"@type":"WebSite","@id":"https:\/\/www.emplea-te.com\/noticias-oposiciones\/#website","url":"https:\/\/www.emplea-te.com\/noticias-oposiciones\/","name":"Noticas de oposiciones por Academia Emplea-te","description":"Toda la actualidad de las ofertas y convocatorias.","publisher":{"@id":"https:\/\/www.emplea-te.com\/noticias-oposiciones\/#organization"},"potentialAction":[{"@type":"SearchAction","target":{"@type":"EntryPoint","urlTemplate":"https:\/\/www.emplea-te.com\/noticias-oposiciones\/?s={search_term_string}"},"query-input":{"@type":"PropertyValueSpecification","valueRequired":true,"valueName":"search_term_string"}}],"inLanguage":"es"},{"@type":"Organization","@id":"https:\/\/www.emplea-te.com\/noticias-oposiciones\/#organization","name":"Academia de oposiciones Empl\u00e9ate","url":"https:\/\/www.emplea-te.com\/noticias-oposiciones\/","logo":{"@type":"ImageObject","inLanguage":"es","@id":"https:\/\/www.emplea-te.com\/noticias-oposiciones\/#\/schema\/logo\/image\/","url":"https:\/\/www.emplea-te.com\/noticias-oposiciones\/wp-content\/uploads\/2019\/04\/empleate.jpg","contentUrl":"https:\/\/www.emplea-te.com\/noticias-oposiciones\/wp-content\/uploads\/2019\/04\/empleate.jpg","width":250,"height":150,"caption":"Academia de oposiciones Empl\u00e9ate"},"image":{"@id":"https:\/\/www.emplea-te.com\/noticias-oposiciones\/#\/schema\/logo\/image\/"},"sameAs":["https:\/\/www.facebook.com\/AcademiaEmpleate\/","https:\/\/x.com\/Emplea_Te","https:\/\/www.instagram.com\/academia_empleate\/"]},{"@type":"Person","@id":"https:\/\/www.emplea-te.com\/noticias-oposiciones\/#\/schema\/person\/d1bc587e1af2b95e9c32aba1795509a6","name":"Empleate"}]}},"_links":{"self":[{"href":"https:\/\/www.emplea-te.com\/noticias-oposiciones\/wp-json\/wp\/v2\/posts\/7455","targetHints":{"allow":["GET"]}}],"collection":[{"href":"https:\/\/www.emplea-te.com\/noticias-oposiciones\/wp-json\/wp\/v2\/posts"}],"about":[{"href":"https:\/\/www.emplea-te.com\/noticias-oposiciones\/wp-json\/wp\/v2\/types\/post"}],"author":[{"embeddable":true,"href":"https:\/\/www.emplea-te.com\/noticias-oposiciones\/wp-json\/wp\/v2\/users\/1"}],"replies":[{"embeddable":true,"href":"https:\/\/www.emplea-te.com\/noticias-oposiciones\/wp-json\/wp\/v2\/comments?post=7455"}],"version-history":[{"count":1,"href":"https:\/\/www.emplea-te.com\/noticias-oposiciones\/wp-json\/wp\/v2\/posts\/7455\/revisions"}],"predecessor-version":[{"id":7456,"href":"https:\/\/www.emplea-te.com\/noticias-oposiciones\/wp-json\/wp\/v2\/posts\/7455\/revisions\/7456"}],"wp:attachment":[{"href":"https:\/\/www.emplea-te.com\/noticias-oposiciones\/wp-json\/wp\/v2\/media?parent=7455"}],"wp:term":[{"taxonomy":"category","embeddable":true,"href":"https:\/\/www.emplea-te.com\/noticias-oposiciones\/wp-json\/wp\/v2\/categories?post=7455"},{"taxonomy":"post_tag","embeddable":true,"href":"https:\/\/www.emplea-te.com\/noticias-oposiciones\/wp-json\/wp\/v2\/tags?post=7455"}],"curies":[{"name":"wp","href":"https:\/\/api.w.org\/{rel}","templated":true}]}}