{"id":7464,"date":"2022-08-10T09:53:50","date_gmt":"2022-08-10T07:53:50","guid":{"rendered":"https:\/\/www.emplea-te.com\/noticias-oposiciones\/?p=7464"},"modified":"2022-08-10T09:53:50","modified_gmt":"2022-08-10T07:53:50","slug":"informacion-del-ministerio-de-justicia-sobre-las-plazas-de-estabilizacion","status":"publish","type":"post","link":"https:\/\/www.emplea-te.com\/noticias-oposiciones\/informacion-del-ministerio-de-justicia-sobre-las-plazas-de-estabilizacion\/","title":{"rendered":"Informaci\u00f3n del Ministerio de Justicia sobre las plazas de estabilizaci\u00f3n."},"content":{"rendered":"<p>Informaci\u00f3n del Ministerio de Justicia sobre las plazas de estabilizaci\u00f3n.<\/p>\n<p>Ante una denuncia de CCOO, el Consejo de Transparencia y Buen Gobierno requiri\u00f3 al Ministerio de Justicia para que facilitase a este sindicato datos m\u00e1s completos de los que ahora nos ha dado traslado lo que supone una burla a los requerimientos de este organismo p\u00fablico.<\/p>\n<p>El Consejo de Transparencia inst\u00f3 al Ministerio de Justicia a que facilitara a CCOO la siguiente informaci\u00f3n:<\/p>\n<p>&#8211; Listado de los puestos de trabajo desempe\u00f1ados en su \u00e1mbito competencial por el personal funcionario de carrera o interino de los Cuerpos de Letrados de la Administraci\u00f3n de Justicia, Facultativos del INT y CF, T\u00e9cnicos Especialistas de Laboratorio del INTyCF, Ayudantes de Laboratorio del INTyCF, Gesti\u00f3n Procesal y Administrativa de la Administraci\u00f3n de Justicia, Tramitaci\u00f3n Procesal y Administrativa de la Administraci\u00f3n de Justicia, Auxilio Judicial y M\u00e9dicos Forenses<\/p>\n<p>Esta informaci\u00f3n facilitada por el Ministerio de Justicia contiene unos cuadros con el n\u00famero de plazas de cada cuerpo que est\u00e1n ocupadas por personal interino (informaci\u00f3n que se sigue ocultando para M\u00e9dicos Forenses y Cuerpos Especiales del INTyCF) y unos anexos con las plazas concretas que ha contabilizado para las OEP de estabilizaci\u00f3n advirtiendo, eso s\u00ed, \u201cque las plazas que han servido para esta cuantificaci\u00f3n de la OEP de estabilizaci\u00f3n de 2022 en el \u00e1mbito competencial del Ministerio de Justicia no implican que esas concretas plazas sean las que se oferten al finalizar el proceso selectivo, ya que pueden haberse ocupado en un proceso previo selectivo o de movilidad entre personal titular compatibles con el proceso de estabilizaci\u00f3n\u201d<\/p>\n<p>Ante una denuncia de CCOO, el Consejo de Transparencia y Buen Gobierno requiri\u00f3 al Ministerio de Justicia para que facilitase a este sindicato datos m\u00e1s completos de los que ahora nos ha dado traslado lo que supone una burla a los requerimientos de este organismo p\u00fablico.<\/p>\n<p>En\u00a0<span class=\"tiny_negrita\"><a href=\"https:\/\/drive.google.com\/file\/d\/1iq3fWjLtEicxGxzAbiRC6NRwtmDh64lv\/view?usp=sharing\" target=\"_blank\" rel=\"noopener\">este enlace<\/a><\/span> puede verse el documento que\u00a0 ha remitido el Ministerio de Justicia.<\/p>\n","protected":false},"excerpt":{"rendered":"<p>Informaci\u00f3n del Ministerio de Justicia sobre las plazas de estabilizaci\u00f3n. Ante una denuncia de CCOO, el Consejo de Transparencia y Buen Gobierno requiri\u00f3 al Ministerio de Justicia para que facilitase a este sindicato datos m\u00e1s completos de los que ahora nos ha dado traslado lo que supone una burla a los requerimientos de este organismo &hellip; <a href=\"https:\/\/www.emplea-te.com\/noticias-oposiciones\/informacion-del-ministerio-de-justicia-sobre-las-plazas-de-estabilizacion\/\" class=\"more-link\">Continuar leyendo<span class=\"screen-reader-text\"> \u00abInformaci\u00f3n del Ministerio de Justicia sobre las plazas de estabilizaci\u00f3n.\u00bb<\/span><\/a><\/p>\n","protected":false},"author":1,"featured_media":0,"comment_status":"closed","ping_status":"closed","sticky":false,"template":"","format":"standard","meta":{"footnotes":""},"categories":[14],"tags":[103],"class_list":["post-7464","post","type-post","status-publish","format-standard","hentry","category-oposiciones-justicia","tag-informacion-procesos-selectivos"],"yoast_head":"<!-- This site is optimized with the Yoast SEO plugin v27.5 - https:\/\/yoast.com\/product\/yoast-seo-wordpress\/ -->\n<title>Informaci\u00f3n del Ministerio de Justicia sobre las plazas de estabilizaci\u00f3n.<\/title>\n<meta name=\"description\" content=\"Informaci\u00f3n del Ministerio de Justicia sobre las plazas de estabilizaci\u00f3n.\" \/>\n<meta name=\"robots\" content=\"index, follow, max-snippet:-1, max-image-preview:large, max-video-preview:-1\" \/>\n<link rel=\"canonical\" href=\"https:\/\/www.emplea-te.com\/noticias-oposiciones\/informacion-del-ministerio-de-justicia-sobre-las-plazas-de-estabilizacion\/\" \/>\n<meta property=\"og:locale\" content=\"es_ES\" \/>\n<meta property=\"og:type\" content=\"article\" \/>\n<meta property=\"og:title\" content=\"Informaci\u00f3n del Ministerio de Justicia sobre las plazas de estabilizaci\u00f3n.\" \/>\n<meta property=\"og:description\" content=\"Informaci\u00f3n del Ministerio de Justicia sobre las plazas de estabilizaci\u00f3n.\" \/>\n<meta property=\"og:url\" content=\"https:\/\/www.emplea-te.com\/noticias-oposiciones\/informacion-del-ministerio-de-justicia-sobre-las-plazas-de-estabilizacion\/\" \/>\n<meta property=\"og:site_name\" content=\"Noticas de oposiciones por Academia Emplea-te\" \/>\n<meta property=\"article:publisher\" content=\"https:\/\/www.facebook.com\/AcademiaEmpleate\/\" \/>\n<meta property=\"article:published_time\" content=\"2022-08-10T07:53:50+00:00\" \/>\n<meta name=\"author\" content=\"Empleate\" \/>\n<meta name=\"twitter:card\" content=\"summary_large_image\" \/>\n<meta name=\"twitter:creator\" content=\"@Emplea_Te\" \/>\n<meta name=\"twitter:site\" content=\"@Emplea_Te\" \/>\n<meta name=\"twitter:label1\" content=\"Escrito por\" \/>\n\t<meta name=\"twitter:data1\" content=\"Empleate\" \/>\n\t<meta name=\"twitter:label2\" content=\"Tiempo de lectura\" \/>\n\t<meta name=\"twitter:data2\" content=\"2 minutos\" \/>\n<script type=\"application\/ld+json\" class=\"yoast-schema-graph\">{\"@context\":\"https:\\\/\\\/schema.org\",\"@graph\":[{\"@type\":\"Article\",\"@id\":\"https:\\\/\\\/www.emplea-te.com\\\/noticias-oposiciones\\\/informacion-del-ministerio-de-justicia-sobre-las-plazas-de-estabilizacion\\\/#article\",\"isPartOf\":{\"@id\":\"https:\\\/\\\/www.emplea-te.com\\\/noticias-oposiciones\\\/informacion-del-ministerio-de-justicia-sobre-las-plazas-de-estabilizacion\\\/\"},\"author\":{\"name\":\"Empleate\",\"@id\":\"https:\\\/\\\/www.emplea-te.com\\\/noticias-oposiciones\\\/#\\\/schema\\\/person\\\/d1bc587e1af2b95e9c32aba1795509a6\"},\"headline\":\"Informaci\u00f3n del Ministerio de Justicia sobre las plazas de estabilizaci\u00f3n.\",\"datePublished\":\"2022-08-10T07:53:50+00:00\",\"mainEntityOfPage\":{\"@id\":\"https:\\\/\\\/www.emplea-te.com\\\/noticias-oposiciones\\\/informacion-del-ministerio-de-justicia-sobre-las-plazas-de-estabilizacion\\\/\"},\"wordCount\":355,\"publisher\":{\"@id\":\"https:\\\/\\\/www.emplea-te.com\\\/noticias-oposiciones\\\/#organization\"},\"keywords\":[\"Informaci\u00f3n procesos selectivos\"],\"articleSection\":[\"Oposiciones Justicia\"],\"inLanguage\":\"es\"},{\"@type\":\"WebPage\",\"@id\":\"https:\\\/\\\/www.emplea-te.com\\\/noticias-oposiciones\\\/informacion-del-ministerio-de-justicia-sobre-las-plazas-de-estabilizacion\\\/\",\"url\":\"https:\\\/\\\/www.emplea-te.com\\\/noticias-oposiciones\\\/informacion-del-ministerio-de-justicia-sobre-las-plazas-de-estabilizacion\\\/\",\"name\":\"Informaci\u00f3n del Ministerio de Justicia sobre las plazas de estabilizaci\u00f3n.\",\"isPartOf\":{\"@id\":\"https:\\\/\\\/www.emplea-te.com\\\/noticias-oposiciones\\\/#website\"},\"datePublished\":\"2022-08-10T07:53:50+00:00\",\"description\":\"Informaci\u00f3n del Ministerio de Justicia sobre las plazas de estabilizaci\u00f3n.\",\"breadcrumb\":{\"@id\":\"https:\\\/\\\/www.emplea-te.com\\\/noticias-oposiciones\\\/informacion-del-ministerio-de-justicia-sobre-las-plazas-de-estabilizacion\\\/#breadcrumb\"},\"inLanguage\":\"es\",\"potentialAction\":[{\"@type\":\"ReadAction\",\"target\":[\"https:\\\/\\\/www.emplea-te.com\\\/noticias-oposiciones\\\/informacion-del-ministerio-de-justicia-sobre-las-plazas-de-estabilizacion\\\/\"]}]},{\"@type\":\"BreadcrumbList\",\"@id\":\"https:\\\/\\\/www.emplea-te.com\\\/noticias-oposiciones\\\/informacion-del-ministerio-de-justicia-sobre-las-plazas-de-estabilizacion\\\/#breadcrumb\",\"itemListElement\":[{\"@type\":\"ListItem\",\"position\":1,\"name\":\"Noticias Oposiciones\",\"item\":\"https:\\\/\\\/www.emplea-te.com\\\/noticias-oposiciones\\\/\"},{\"@type\":\"ListItem\",\"position\":2,\"name\":\"Oposiciones Justicia\",\"item\":\"https:\\\/\\\/www.emplea-te.com\\\/noticias-oposiciones\\\/categoria\\\/oposiciones-justicia\\\/\"},{\"@type\":\"ListItem\",\"position\":3,\"name\":\"Informaci\u00f3n del Ministerio de Justicia sobre las plazas de estabilizaci\u00f3n.\"}]},{\"@type\":\"WebSite\",\"@id\":\"https:\\\/\\\/www.emplea-te.com\\\/noticias-oposiciones\\\/#website\",\"url\":\"https:\\\/\\\/www.emplea-te.com\\\/noticias-oposiciones\\\/\",\"name\":\"Noticas de oposiciones por Academia Emplea-te\",\"description\":\"Toda la actualidad de las ofertas y convocatorias.\",\"publisher\":{\"@id\":\"https:\\\/\\\/www.emplea-te.com\\\/noticias-oposiciones\\\/#organization\"},\"potentialAction\":[{\"@type\":\"SearchAction\",\"target\":{\"@type\":\"EntryPoint\",\"urlTemplate\":\"https:\\\/\\\/www.emplea-te.com\\\/noticias-oposiciones\\\/?s={search_term_string}\"},\"query-input\":{\"@type\":\"PropertyValueSpecification\",\"valueRequired\":true,\"valueName\":\"search_term_string\"}}],\"inLanguage\":\"es\"},{\"@type\":\"Organization\",\"@id\":\"https:\\\/\\\/www.emplea-te.com\\\/noticias-oposiciones\\\/#organization\",\"name\":\"Academia de oposiciones Empl\u00e9ate\",\"url\":\"https:\\\/\\\/www.emplea-te.com\\\/noticias-oposiciones\\\/\",\"logo\":{\"@type\":\"ImageObject\",\"inLanguage\":\"es\",\"@id\":\"https:\\\/\\\/www.emplea-te.com\\\/noticias-oposiciones\\\/#\\\/schema\\\/logo\\\/image\\\/\",\"url\":\"https:\\\/\\\/www.emplea-te.com\\\/noticias-oposiciones\\\/wp-content\\\/uploads\\\/2019\\\/04\\\/empleate.jpg\",\"contentUrl\":\"https:\\\/\\\/www.emplea-te.com\\\/noticias-oposiciones\\\/wp-content\\\/uploads\\\/2019\\\/04\\\/empleate.jpg\",\"width\":250,\"height\":150,\"caption\":\"Academia de oposiciones Empl\u00e9ate\"},\"image\":{\"@id\":\"https:\\\/\\\/www.emplea-te.com\\\/noticias-oposiciones\\\/#\\\/schema\\\/logo\\\/image\\\/\"},\"sameAs\":[\"https:\\\/\\\/www.facebook.com\\\/AcademiaEmpleate\\\/\",\"https:\\\/\\\/x.com\\\/Emplea_Te\",\"https:\\\/\\\/www.instagram.com\\\/academia_empleate\\\/\"]},{\"@type\":\"Person\",\"@id\":\"https:\\\/\\\/www.emplea-te.com\\\/noticias-oposiciones\\\/#\\\/schema\\\/person\\\/d1bc587e1af2b95e9c32aba1795509a6\",\"name\":\"Empleate\"}]}<\/script>\n<!-- \/ Yoast SEO plugin. -->","yoast_head_json":{"title":"Informaci\u00f3n del Ministerio de Justicia sobre las plazas de estabilizaci\u00f3n.","description":"Informaci\u00f3n del Ministerio de Justicia sobre las plazas de estabilizaci\u00f3n.","robots":{"index":"index","follow":"follow","max-snippet":"max-snippet:-1","max-image-preview":"max-image-preview:large","max-video-preview":"max-video-preview:-1"},"canonical":"https:\/\/www.emplea-te.com\/noticias-oposiciones\/informacion-del-ministerio-de-justicia-sobre-las-plazas-de-estabilizacion\/","og_locale":"es_ES","og_type":"article","og_title":"Informaci\u00f3n del Ministerio de Justicia sobre las plazas de estabilizaci\u00f3n.","og_description":"Informaci\u00f3n del Ministerio de Justicia sobre las plazas de estabilizaci\u00f3n.","og_url":"https:\/\/www.emplea-te.com\/noticias-oposiciones\/informacion-del-ministerio-de-justicia-sobre-las-plazas-de-estabilizacion\/","og_site_name":"Noticas de oposiciones por Academia Emplea-te","article_publisher":"https:\/\/www.facebook.com\/AcademiaEmpleate\/","article_published_time":"2022-08-10T07:53:50+00:00","author":"Empleate","twitter_card":"summary_large_image","twitter_creator":"@Emplea_Te","twitter_site":"@Emplea_Te","twitter_misc":{"Escrito por":"Empleate","Tiempo de lectura":"2 minutos"},"schema":{"@context":"https:\/\/schema.org","@graph":[{"@type":"Article","@id":"https:\/\/www.emplea-te.com\/noticias-oposiciones\/informacion-del-ministerio-de-justicia-sobre-las-plazas-de-estabilizacion\/#article","isPartOf":{"@id":"https:\/\/www.emplea-te.com\/noticias-oposiciones\/informacion-del-ministerio-de-justicia-sobre-las-plazas-de-estabilizacion\/"},"author":{"name":"Empleate","@id":"https:\/\/www.emplea-te.com\/noticias-oposiciones\/#\/schema\/person\/d1bc587e1af2b95e9c32aba1795509a6"},"headline":"Informaci\u00f3n del Ministerio de Justicia sobre las plazas de estabilizaci\u00f3n.","datePublished":"2022-08-10T07:53:50+00:00","mainEntityOfPage":{"@id":"https:\/\/www.emplea-te.com\/noticias-oposiciones\/informacion-del-ministerio-de-justicia-sobre-las-plazas-de-estabilizacion\/"},"wordCount":355,"publisher":{"@id":"https:\/\/www.emplea-te.com\/noticias-oposiciones\/#organization"},"keywords":["Informaci\u00f3n procesos selectivos"],"articleSection":["Oposiciones Justicia"],"inLanguage":"es"},{"@type":"WebPage","@id":"https:\/\/www.emplea-te.com\/noticias-oposiciones\/informacion-del-ministerio-de-justicia-sobre-las-plazas-de-estabilizacion\/","url":"https:\/\/www.emplea-te.com\/noticias-oposiciones\/informacion-del-ministerio-de-justicia-sobre-las-plazas-de-estabilizacion\/","name":"Informaci\u00f3n del Ministerio de Justicia sobre las plazas de estabilizaci\u00f3n.","isPartOf":{"@id":"https:\/\/www.emplea-te.com\/noticias-oposiciones\/#website"},"datePublished":"2022-08-10T07:53:50+00:00","description":"Informaci\u00f3n del Ministerio de Justicia sobre las plazas de estabilizaci\u00f3n.","breadcrumb":{"@id":"https:\/\/www.emplea-te.com\/noticias-oposiciones\/informacion-del-ministerio-de-justicia-sobre-las-plazas-de-estabilizacion\/#breadcrumb"},"inLanguage":"es","potentialAction":[{"@type":"ReadAction","target":["https:\/\/www.emplea-te.com\/noticias-oposiciones\/informacion-del-ministerio-de-justicia-sobre-las-plazas-de-estabilizacion\/"]}]},{"@type":"BreadcrumbList","@id":"https:\/\/www.emplea-te.com\/noticias-oposiciones\/informacion-del-ministerio-de-justicia-sobre-las-plazas-de-estabilizacion\/#breadcrumb","itemListElement":[{"@type":"ListItem","position":1,"name":"Noticias Oposiciones","item":"https:\/\/www.emplea-te.com\/noticias-oposiciones\/"},{"@type":"ListItem","position":2,"name":"Oposiciones Justicia","item":"https:\/\/www.emplea-te.com\/noticias-oposiciones\/categoria\/oposiciones-justicia\/"},{"@type":"ListItem","position":3,"name":"Informaci\u00f3n del Ministerio de Justicia sobre las plazas de estabilizaci\u00f3n."}]},{"@type":"WebSite","@id":"https:\/\/www.emplea-te.com\/noticias-oposiciones\/#website","url":"https:\/\/www.emplea-te.com\/noticias-oposiciones\/","name":"Noticas de oposiciones por Academia Emplea-te","description":"Toda la actualidad de las ofertas y convocatorias.","publisher":{"@id":"https:\/\/www.emplea-te.com\/noticias-oposiciones\/#organization"},"potentialAction":[{"@type":"SearchAction","target":{"@type":"EntryPoint","urlTemplate":"https:\/\/www.emplea-te.com\/noticias-oposiciones\/?s={search_term_string}"},"query-input":{"@type":"PropertyValueSpecification","valueRequired":true,"valueName":"search_term_string"}}],"inLanguage":"es"},{"@type":"Organization","@id":"https:\/\/www.emplea-te.com\/noticias-oposiciones\/#organization","name":"Academia de oposiciones Empl\u00e9ate","url":"https:\/\/www.emplea-te.com\/noticias-oposiciones\/","logo":{"@type":"ImageObject","inLanguage":"es","@id":"https:\/\/www.emplea-te.com\/noticias-oposiciones\/#\/schema\/logo\/image\/","url":"https:\/\/www.emplea-te.com\/noticias-oposiciones\/wp-content\/uploads\/2019\/04\/empleate.jpg","contentUrl":"https:\/\/www.emplea-te.com\/noticias-oposiciones\/wp-content\/uploads\/2019\/04\/empleate.jpg","width":250,"height":150,"caption":"Academia de oposiciones Empl\u00e9ate"},"image":{"@id":"https:\/\/www.emplea-te.com\/noticias-oposiciones\/#\/schema\/logo\/image\/"},"sameAs":["https:\/\/www.facebook.com\/AcademiaEmpleate\/","https:\/\/x.com\/Emplea_Te","https:\/\/www.instagram.com\/academia_empleate\/"]},{"@type":"Person","@id":"https:\/\/www.emplea-te.com\/noticias-oposiciones\/#\/schema\/person\/d1bc587e1af2b95e9c32aba1795509a6","name":"Empleate"}]}},"_links":{"self":[{"href":"https:\/\/www.emplea-te.com\/noticias-oposiciones\/wp-json\/wp\/v2\/posts\/7464","targetHints":{"allow":["GET"]}}],"collection":[{"href":"https:\/\/www.emplea-te.com\/noticias-oposiciones\/wp-json\/wp\/v2\/posts"}],"about":[{"href":"https:\/\/www.emplea-te.com\/noticias-oposiciones\/wp-json\/wp\/v2\/types\/post"}],"author":[{"embeddable":true,"href":"https:\/\/www.emplea-te.com\/noticias-oposiciones\/wp-json\/wp\/v2\/users\/1"}],"replies":[{"embeddable":true,"href":"https:\/\/www.emplea-te.com\/noticias-oposiciones\/wp-json\/wp\/v2\/comments?post=7464"}],"version-history":[{"count":1,"href":"https:\/\/www.emplea-te.com\/noticias-oposiciones\/wp-json\/wp\/v2\/posts\/7464\/revisions"}],"predecessor-version":[{"id":7465,"href":"https:\/\/www.emplea-te.com\/noticias-oposiciones\/wp-json\/wp\/v2\/posts\/7464\/revisions\/7465"}],"wp:attachment":[{"href":"https:\/\/www.emplea-te.com\/noticias-oposiciones\/wp-json\/wp\/v2\/media?parent=7464"}],"wp:term":[{"taxonomy":"category","embeddable":true,"href":"https:\/\/www.emplea-te.com\/noticias-oposiciones\/wp-json\/wp\/v2\/categories?post=7464"},{"taxonomy":"post_tag","embeddable":true,"href":"https:\/\/www.emplea-te.com\/noticias-oposiciones\/wp-json\/wp\/v2\/tags?post=7464"}],"curies":[{"name":"wp","href":"https:\/\/api.w.org\/{rel}","templated":true}]}}